{"id":65202,"date":"2024-10-25T04:28:49","date_gmt":"2024-10-25T02:28:49","guid":{"rendered":"http:\/\/www.radiopiu.net\/wordpress\/?p=65202"},"modified":"2024-10-25T05:55:24","modified_gmt":"2024-10-25T03:55:24","slug":"speciale-incendio-di-mirko-mezzacasa-e-gianni-santomaso","status":"publish","type":"post","link":"https:\/\/www.radiopiu.net\/wordpress\/speciale-incendio-di-mirko-mezzacasa-e-gianni-santomaso\/","title":{"rendered":"Incendio di Taibon Agordino: sei anni fa devastazione&#8230; e resilienza"},"content":{"rendered":"<h1>\u00a7<\/h1>\n<p>&nbsp;<\/p>\n<p><strong>di GIANPAOLO BOTTACIN<\/strong><br \/>\n<strong>ASSESSORE PROTEZIONE CIVILE_REGIONE VENETO<\/strong><\/p>\n<p><img loading=\"lazy\" decoding=\"async\" class=\"alignleft\" src=\"https:\/\/www.radiopiu.net\/wordpress\/wp-content\/uploads\/2018\/10\/2318091b-21d3-4c56-b13b-57473c00f8e0.jpg\" width=\"244\" height=\"161\" \/>Esattamente 6 anni fa, nel pomeriggio del 24 ottobre del 2018 si sviluppava uno dei pi\u00f9 devastanti incendi boschivi degli ultimi 50 anni in Veneto. Si tratta dell&#8217;incendio di Taibon Agordino che ha interessato territori dei comuni di Taibon e Cencenighe per un&#8217;estensione di 632 ettari di cui 431 di bosco, distruggendo 42.435 metricubi di legname. Lo spegnimento fu gestito dalla Regione Veneto come da legge 353\/2000 con il supporto dei Vigili del Fuoco. Il coordinamento delle operazioni di spegnimento fu affidato ai funzionari dei servizi forestali della Regione nel ruolo di direttori delle operazioni di spegnimento (DOS). Oltre ai servizi forestali regionali sono stati come sempre determinanti i volontari della Protezione Civile specializzati nell&#8217;antincendio boschivo che in Veneto sono 1065. Sono stati impiegati 3 elicotteri della protezione civile regionale oltre a un elicottero e 5 canadair della flotta nazionale. I danni ambientali complessivi stimati ammontavano a 6 milioni di euro circa.<\/p>\n<h1><\/h1>\n<p>&nbsp;<\/p>\n<hr \/>\n<h1><\/h1>\n<h1><span style=\"color: #ff0000;\">archivio radiopiu 2018<\/span><\/h1>\n<h1>SPECIALE INCENDIO, DI MIRKO MEZZACASA E GIANNI SANTOMASO<\/h1>\n<h1>L&#8217;INCENDIO SULLE PALE DI SAN LUCANO<\/h1>\n<p><strong>IERI A FORNO VAL DI TAIBON AGORDINO, AL PUNTO DI BLOCCO VERSO LA VALLE DI SAN LUCANO<\/strong><\/p>\n<p>&nbsp;<\/p>\n<h1>PROSEGUONO LE OPERAZIONI DI SPEGNIMENTO DELL\u2019INCENDIO NELL\u2019AGORDINO<\/h1>\n<h1><\/h1>\n<p><strong><a class=\"dt-pswp-item\" href=\"http:\/\/www.radiopiu.net\/wordpress\/wp-content\/uploads\/2018\/10\/INCENDIO-VERTICE.jpg\" data-dt-img-description=\"\" data-large_image_width=\"1336\" data-large_image_height=\"1004\"><img loading=\"lazy\" decoding=\"async\" class=\"alignnone wp-image-65189\" src=\"http:\/\/www.radiopiu.net\/wordpress\/wp-content\/uploads\/2018\/10\/INCENDIO-VERTICE-300x225.jpg\" alt=\"\" width=\"180\" height=\"135\" srcset=\"https:\/\/www.radiopiu.net\/wordpress\/wp-content\/uploads\/2018\/10\/INCENDIO-VERTICE-300x225.jpg 300w, https:\/\/www.radiopiu.net\/wordpress\/wp-content\/uploads\/2018\/10\/INCENDIO-VERTICE-768x577.jpg 768w, https:\/\/www.radiopiu.net\/wordpress\/wp-content\/uploads\/2018\/10\/INCENDIO-VERTICE-1024x770.jpg 1024w, https:\/\/www.radiopiu.net\/wordpress\/wp-content\/uploads\/2018\/10\/INCENDIO-VERTICE.jpg 1336w\" sizes=\"auto, (max-width: 180px) 100vw, 180px\" \/><\/a>DI GIANNI SANTOMASO<\/strong><\/p>\n<audio class=\"wp-audio-shortcode\" id=\"audio-65202-1\" preload=\"none\" style=\"width: 100%;\" controls=\"controls\"><source type=\"audio\/ogg\" src=\"http:\/\/www.radiopiu.net\/wordpress\/wp-content\/uploads\/2018\/10\/gianni1.ogg?_=1\" \/><a href=\"http:\/\/www.radiopiu.net\/wordpress\/wp-content\/uploads\/2018\/10\/gianni1.ogg\">http:\/\/www.radiopiu.net\/wordpress\/wp-content\/uploads\/2018\/10\/gianni1.ogg<\/a><\/audio>\n<p><strong><a class=\"dt-pswp-item\" href=\"http:\/\/www.radiopiu.net\/wordpress\/wp-content\/uploads\/2018\/10\/WhatsApp-Image-2018-10-26-at-04.58.34.jpeg\" data-dt-img-description=\"\" data-large_image_width=\"1599\" data-large_image_height=\"1200\"><img loading=\"lazy\" decoding=\"async\" class=\"size-medium wp-image-65193 alignleft\" src=\"http:\/\/www.radiopiu.net\/wordpress\/wp-content\/uploads\/2018\/10\/WhatsApp-Image-2018-10-26-at-04.58.34-300x225.jpeg\" alt=\"\" width=\"300\" height=\"225\" srcset=\"https:\/\/www.radiopiu.net\/wordpress\/wp-content\/uploads\/2018\/10\/WhatsApp-Image-2018-10-26-at-04.58.34-300x225.jpeg 300w, https:\/\/www.radiopiu.net\/wordpress\/wp-content\/uploads\/2018\/10\/WhatsApp-Image-2018-10-26-at-04.58.34-768x576.jpeg 768w, https:\/\/www.radiopiu.net\/wordpress\/wp-content\/uploads\/2018\/10\/WhatsApp-Image-2018-10-26-at-04.58.34-1024x768.jpeg 1024w, https:\/\/www.radiopiu.net\/wordpress\/wp-content\/uploads\/2018\/10\/WhatsApp-Image-2018-10-26-at-04.58.34.jpeg 1599w\" sizes=\"auto, (max-width: 300px) 100vw, 300px\" \/><\/a><\/strong><\/p>\n<p>&nbsp;<\/p>\n<p><strong>TAIBON<\/strong> Nel pomeriggio di oggi si \u00e8 tenuta, presso il municipio di Taibon Agordino, una riunione operativa, convocata d\u2019intesa tra il Prefetto di Belluno, Francesco Esposito, e l\u2019Assessore Regionale alla Protezione Civile, Gianpaolo Bottacin, per fare il punto della situazione sul vasto incendio che, da ieri, interessa l\u2019area dei Comuni di Taibon e Cencenighe Agordino. Nonostante non vi siano, al momento, situazioni di immediato pericolo per la popolazione, si \u00e8 deciso di procedere all\u2019evacuazione degli abitanti della frazione di Col di Pra\u2019, sia per il fumo intenso presente nell\u2019area che per le criticit\u00e0 registratesi lungo la strada che conduce alla frazione, della quale \u00e8 gi\u00e0 stata disposta, nella serata di ieri, la chiusura. Il Comando Provinciale dei Carabinieri assicurer\u00e0, nella zona evacuata, un apposito servizio antisciacallaggio. Le operazioni di spegnimento, coordinate dai Servizi Forestali Regionali, sono proseguite per tutta la giornata, con il supporto di elicotteri del Servizio Forestale Regionale e dei Canadair messi a disposizione dal Dipartimento della Protezione Civile della Presidenza del Consiglio dei Ministri. Tali attivit\u00e0 proseguiranno nei prossimi giorni, durante i quali, peraltro, \u00e8 previsto un peggioramento delle condizioni meteorologiche in tutta la provincia con precipitazioni intense che \u2013 pur agevolando lo spegnimento dei roghi \u2013 potrebbero creare criticit\u00e0 di carattere idrogeologico. Per questo motivo \u00e8 stata convocata domani, alle 14.30, in Prefettura, una riunione, alla quale prenderanno parte tutte le componenti del sistema provinciale di protezione civile, per la valutazione degli scenari previsionali e delle eventuali misure di prevenzione da assumere a tutela della pubblica incolumit\u00e0.<\/p>\n<p><strong>IL PREFETTO FRANCESCO ESPOSITO AI MICROFONI DI RADIO PIU<\/strong><\/p>\n<audio class=\"wp-audio-shortcode\" id=\"audio-65202-2\" preload=\"none\" style=\"width: 100%;\" controls=\"controls\"><source type=\"audio\/mpeg\" src=\"http:\/\/www.radiopiu.net\/wordpress\/wp-content\/uploads\/2018\/10\/esposito.mp3?_=2\" \/><a href=\"http:\/\/www.radiopiu.net\/wordpress\/wp-content\/uploads\/2018\/10\/esposito.mp3\">http:\/\/www.radiopiu.net\/wordpress\/wp-content\/uploads\/2018\/10\/esposito.mp3<\/a><\/audio>\n<h1>IL SINDACO SILVIA TORMEN<\/h1>\n<audio class=\"wp-audio-shortcode\" id=\"audio-65202-3\" preload=\"none\" style=\"width: 100%;\" controls=\"controls\"><source type=\"audio\/mpeg\" src=\"http:\/\/www.radiopiu.net\/wordpress\/wp-content\/uploads\/2018\/10\/SILVIA-TORMEN-1.mp3?_=3\" \/><a href=\"http:\/\/www.radiopiu.net\/wordpress\/wp-content\/uploads\/2018\/10\/SILVIA-TORMEN-1.mp3\">http:\/\/www.radiopiu.net\/wordpress\/wp-content\/uploads\/2018\/10\/SILVIA-TORMEN-1.mp3<\/a><\/audio>\n<p>&nbsp;<\/p>\n<p>&nbsp;<\/p>\n<h1>I 9 ABITANTI DI COL DI PRA LASCIANO LE LORO ABITAZIONI<\/h1>\n<blockquote><p><strong>L&#8217;INTERVENTO DEL SINDACO SILVIA TORMEN, GIORNALE RADIO DI IERI<\/strong><\/p>\n<audio class=\"wp-audio-shortcode\" id=\"audio-65202-4\" preload=\"none\" style=\"width: 100%;\" controls=\"controls\"><source type=\"audio\/mpeg\" src=\"http:\/\/www.radiopiu.net\/wordpress\/wp-content\/uploads\/2018\/10\/COL-DI-PRA.mp3?_=4\" \/><a href=\"http:\/\/www.radiopiu.net\/wordpress\/wp-content\/uploads\/2018\/10\/COL-DI-PRA.mp3\">http:\/\/www.radiopiu.net\/wordpress\/wp-content\/uploads\/2018\/10\/COL-DI-PRA.mp3<\/a><\/audio><\/blockquote>\n<p><strong><a class=\"dt-pswp-item\" href=\"http:\/\/www.radiopiu.net\/wordpress\/wp-content\/uploads\/2018\/10\/WhatsApp-Image-2018-10-26-at-04.57.59.jpeg\" data-dt-img-description=\"\" data-large_image_width=\"1599\" data-large_image_height=\"1200\"><img loading=\"lazy\" decoding=\"async\" class=\"size-medium wp-image-65192 alignleft\" src=\"http:\/\/www.radiopiu.net\/wordpress\/wp-content\/uploads\/2018\/10\/WhatsApp-Image-2018-10-26-at-04.57.59-300x225.jpeg\" alt=\"\" width=\"300\" height=\"225\" srcset=\"https:\/\/www.radiopiu.net\/wordpress\/wp-content\/uploads\/2018\/10\/WhatsApp-Image-2018-10-26-at-04.57.59-300x225.jpeg 300w, https:\/\/www.radiopiu.net\/wordpress\/wp-content\/uploads\/2018\/10\/WhatsApp-Image-2018-10-26-at-04.57.59-768x576.jpeg 768w, https:\/\/www.radiopiu.net\/wordpress\/wp-content\/uploads\/2018\/10\/WhatsApp-Image-2018-10-26-at-04.57.59-1024x768.jpeg 1024w, https:\/\/www.radiopiu.net\/wordpress\/wp-content\/uploads\/2018\/10\/WhatsApp-Image-2018-10-26-at-04.57.59.jpeg 1599w\" sizes=\"auto, (max-width: 300px) 100vw, 300px\" \/><\/a><\/strong><\/p>\n<p>&nbsp;<\/p>\n<p>&nbsp;<\/p>\n<p>&nbsp;<\/p>\n<p>&nbsp;<\/p>\n<p>&nbsp;<\/p>\n<p>&nbsp;<\/p>\n<p><strong>DI GIANNI SANTOMASO<\/strong><\/p>\n<audio class=\"wp-audio-shortcode\" id=\"audio-65202-5\" preload=\"none\" style=\"width: 100%;\" controls=\"controls\"><source type=\"audio\/ogg\" src=\"http:\/\/www.radiopiu.net\/wordpress\/wp-content\/uploads\/2018\/10\/gianni3.ogg?_=5\" \/><a href=\"http:\/\/www.radiopiu.net\/wordpress\/wp-content\/uploads\/2018\/10\/gianni3.ogg\">http:\/\/www.radiopiu.net\/wordpress\/wp-content\/uploads\/2018\/10\/gianni3.ogg<\/a><\/audio>\n<h2><\/h2>\n<p>&nbsp;<\/p>\n<h2>IN VALLE RIMANGONO GLI ANIMALI<\/h2>\n<audio class=\"wp-audio-shortcode\" id=\"audio-65202-6\" preload=\"none\" style=\"width: 100%;\" controls=\"controls\"><source type=\"audio\/ogg\" src=\"http:\/\/www.radiopiu.net\/wordpress\/wp-content\/uploads\/2018\/10\/gianni4.ogg?_=6\" \/><a href=\"http:\/\/www.radiopiu.net\/wordpress\/wp-content\/uploads\/2018\/10\/gianni4.ogg\">http:\/\/www.radiopiu.net\/wordpress\/wp-content\/uploads\/2018\/10\/gianni4.ogg<\/a><\/audio>\n<p>&nbsp;<\/p>\n<p>&nbsp;<\/p>\n<p><span style=\"color: #ff0000;\"><strong>FOTO SANDRO VERARDO<\/strong><\/span><\/p>\n\n\t\t\t<style type='text\/css'>\n\t\t\t\t#gallery-1 {\n\t\t\t\t\tmargin: auto;\n\t\t\t\t}\n\t\t\t\t#gallery-1 .gallery-item {\n\t\t\t\t\tfloat: left;\n\t\t\t\t\tmargin-top: 10px;\n\t\t\t\t\ttext-align: center;\n\t\t\t\t\twidth: 33%;\n\t\t\t\t}\n\t\t\t\t#gallery-1 img {\n\t\t\t\t\tborder: 2px solid #cfcfcf;\n\t\t\t\t}\n\t\t\t\t#gallery-1 .gallery-caption {\n\t\t\t\t\tmargin-left: 0;\n\t\t\t\t}\n\t\t\t\t\/* see gallery_shortcode() in wp-includes\/media.php *\/\n\t\t\t<\/style>\n\t\t<div id='gallery-1' class='dt-gallery-container gallery galleryid-65202 gallery-columns-3 gallery-size-thumbnail'><dl class='gallery-item'>\n\t\t\t\t<dt class='gallery-icon landscape'>\n\t\t\t\t\t<a class=\"rollover\" href='https:\/\/www.radiopiu.net\/wordpress\/giornale-radiopiu-26-ottobre-2018-direttore-mirko-mezzacasa\/rzhkjss\/'><img loading=\"lazy\" decoding=\"async\" width=\"150\" height=\"150\" src=\"https:\/\/www.radiopiu.net\/wordpress\/wp-content\/uploads\/2018\/10\/RZHKJSS-150x150.jpg\" class=\"attachment-thumbnail size-thumbnail\" alt=\"\" \/><\/a>\n\t\t\t\t<\/dt><\/dl><dl class='gallery-item'>\n\t\t\t\t<dt class='gallery-icon landscape'>\n\t\t\t\t\t<a class=\"rollover\" href='https:\/\/www.radiopiu.net\/wordpress\/giornale-radiopiu-26-ottobre-2018-direttore-mirko-mezzacasa\/rzcctpg\/'><img loading=\"lazy\" decoding=\"async\" width=\"150\" height=\"150\" src=\"https:\/\/www.radiopiu.net\/wordpress\/wp-content\/uploads\/2018\/10\/RZCCTPG-150x150.jpg\" class=\"attachment-thumbnail size-thumbnail\" alt=\"\" \/><\/a>\n\t\t\t\t<\/dt><\/dl><dl class='gallery-item'>\n\t\t\t\t<dt class='gallery-icon portrait'>\n\t\t\t\t\t<a class=\"rollover\" href='https:\/\/www.radiopiu.net\/wordpress\/giornale-radiopiu-26-ottobre-2018-direttore-mirko-mezzacasa\/rnotkur\/'><img loading=\"lazy\" decoding=\"async\" width=\"150\" height=\"150\" src=\"https:\/\/www.radiopiu.net\/wordpress\/wp-content\/uploads\/2018\/10\/RNOTKUR-150x150.jpg\" class=\"attachment-thumbnail size-thumbnail\" alt=\"\" \/><\/a>\n\t\t\t\t<\/dt><\/dl><br style=\"clear: both\" \/>\n\t\t\t<\/div>\n\n<blockquote><p><strong>TAIBON\u00a0\u00a0<\/strong>I nove abitanti di Col di Pra, la frazione in fondo alla Valle di San Lucano scendono in paese. La decisione presa dall&#8217;amministrazione comunale preoccupata per il fuoco in valle, ma anche per il denso fumo che tra Agner e Pale di San Lucano<\/p><\/blockquote>\n<h2><\/h2>\n<p>&nbsp;<\/p>\n<p>&nbsp;<\/p>\n<h1>AMBIENTE: SITUAZIONE CATASTROFICA, PAURA DELLA PIOGGIA<\/h1>\n\n\t\t\t<style type='text\/css'>\n\t\t\t\t#gallery-2 {\n\t\t\t\t\tmargin: auto;\n\t\t\t\t}\n\t\t\t\t#gallery-2 .gallery-item {\n\t\t\t\t\tfloat: left;\n\t\t\t\t\tmargin-top: 10px;\n\t\t\t\t\ttext-align: center;\n\t\t\t\t\twidth: 33%;\n\t\t\t\t}\n\t\t\t\t#gallery-2 img {\n\t\t\t\t\tborder: 2px solid #cfcfcf;\n\t\t\t\t}\n\t\t\t\t#gallery-2 .gallery-caption {\n\t\t\t\t\tmargin-left: 0;\n\t\t\t\t}\n\t\t\t\t\/* see gallery_shortcode() in wp-includes\/media.php *\/\n\t\t\t<\/style>\n\t\t<div id='gallery-2' class='dt-gallery-container gallery galleryid-65202 gallery-columns-3 gallery-size-thumbnail'><dl class='gallery-item'>\n\t\t\t\t<dt class='gallery-icon landscape'>\n\t\t\t\t\t<a class=\"rollover\" href='https:\/\/www.radiopiu.net\/wordpress\/giornale-radiopiu-26-ottobre-2018-direttore-mirko-mezzacasa\/whatsapp-image-2018-10-25-at-21-23-54\/'><img loading=\"lazy\" decoding=\"async\" width=\"150\" height=\"150\" src=\"https:\/\/www.radiopiu.net\/wordpress\/wp-content\/uploads\/2018\/10\/WhatsApp-Image-2018-10-25-at-21.23.54-150x150.jpeg\" class=\"attachment-thumbnail size-thumbnail\" alt=\"\" \/><\/a>\n\t\t\t\t<\/dt><\/dl><dl class='gallery-item'>\n\t\t\t\t<dt class='gallery-icon landscape'>\n\t\t\t\t\t<a class=\"rollover\" href='https:\/\/www.radiopiu.net\/wordpress\/giornale-radiopiu-26-ottobre-2018-direttore-mirko-mezzacasa\/whatsapp-image-2018-10-25-at-21-24-09\/'><img loading=\"lazy\" decoding=\"async\" width=\"150\" height=\"150\" src=\"https:\/\/www.radiopiu.net\/wordpress\/wp-content\/uploads\/2018\/10\/WhatsApp-Image-2018-10-25-at-21.24.09-150x150.jpeg\" class=\"attachment-thumbnail size-thumbnail\" alt=\"\" \/><\/a>\n\t\t\t\t<\/dt><\/dl><dl class='gallery-item'>\n\t\t\t\t<dt class='gallery-icon landscape'>\n\t\t\t\t\t<a class=\"rollover\" href='https:\/\/www.radiopiu.net\/wordpress\/giornale-radiopiu-26-ottobre-2018-direttore-mirko-mezzacasa\/incendio-fiamme\/'><img loading=\"lazy\" decoding=\"async\" width=\"150\" height=\"150\" src=\"https:\/\/www.radiopiu.net\/wordpress\/wp-content\/uploads\/2018\/10\/INCENDIO-FIAMME-150x150.jpg\" class=\"attachment-thumbnail size-thumbnail\" alt=\"\" \/><\/a>\n\t\t\t\t<\/dt><\/dl><br style=\"clear: both\" \/>\n\t\t\t<\/div>\n\n<p><strong>DI GIANNI SANTOMASO<\/strong><\/p>\n<audio class=\"wp-audio-shortcode\" id=\"audio-65202-7\" preload=\"none\" style=\"width: 100%;\" controls=\"controls\"><source type=\"audio\/ogg\" src=\"http:\/\/www.radiopiu.net\/wordpress\/wp-content\/uploads\/2018\/10\/gianni2-1.ogg?_=7\" \/><a href=\"http:\/\/www.radiopiu.net\/wordpress\/wp-content\/uploads\/2018\/10\/gianni2-1.ogg\">http:\/\/www.radiopiu.net\/wordpress\/wp-content\/uploads\/2018\/10\/gianni2-1.ogg<\/a><\/audio>\n<h1><\/h1>\n<h1><\/h1>\n<h1><\/h1>\n<h1><\/h1>\n<h1 class=\"western\"><b>FIRMATO DA ZAIA LO STATO DI CRISI<\/b><\/h1>\n<p class=\"western\">Il Presidente della Regione del Veneto, Luca Zaia, ha firmato ieri lo stato di crisi in relazione all\u2019esteso incendio.\u00a0I tecnici ARPAV sono sul posto per monitorare l\u2019evolversi della situazione.\u00a0Sulla pagina web del sito dell\u2019Agenzia dedicata ai dati in diretta delle polveri PM10, sono disponibili i valori registrati nelle stazioni di monitoraggio della qualit\u00e0 dell\u2019aria della provincia di Belluno negli ultimi giorni. (&#8230;)<\/p>\n<p class=\"gmail-Standard\"><span style=\"font-family: Liberation Serif, serif;\"><a href=\"http:\/\/www.arpa.veneto.it\/arpavinforma\/comunicati-stampa\/archivio\/comunicati-2018\/aggiornamento-incendio-boschivo-a-taibon-agordino\">http:\/\/www.arpa.veneto.it\/arpavinforma\/comunicati-stampa\/archivio\/comunicati-2018\/aggiornamento-incendio-boschivo-a-taibon-agordino<\/a><\/span><\/p>\n<h2><\/h2>\n<p>&nbsp;<\/p>\n<p>&nbsp;<\/p>\n<h2 class=\"western\"><b>INCENDIO NELL\u2019AGORDINO. BOTTACIN PRESIEDE VERTICE A TAIBON, \u201cSITUAZIONE MIGLIORA MA SIAMO ALL\u2019INIZIO DELL\u2019EMERGENZA. IN CAMPO 9 VELIVOLI. POTREBBE ESSERE L\u2019EVENTO PIU\u2019 ESTESO IN VENETO DA DECENNI\u201d. DICHIARATO DA ZAIA LO STATO DI CRISI<\/b><\/h2>\n<p class=\"western\"><strong><a class=\"dt-pswp-item\" href=\"http:\/\/www.radiopiu.net\/wordpress\/wp-content\/uploads\/2018\/10\/INCENDIO-BOTTACIN.jpg\" data-dt-img-description=\"\" data-large_image_width=\"1336\" data-large_image_height=\"1004\"><img loading=\"lazy\" decoding=\"async\" class=\" wp-image-65187 alignleft\" src=\"http:\/\/www.radiopiu.net\/wordpress\/wp-content\/uploads\/2018\/10\/INCENDIO-BOTTACIN-300x225.jpg\" alt=\"\" width=\"155\" height=\"116\" srcset=\"https:\/\/www.radiopiu.net\/wordpress\/wp-content\/uploads\/2018\/10\/INCENDIO-BOTTACIN-300x225.jpg 300w, https:\/\/www.radiopiu.net\/wordpress\/wp-content\/uploads\/2018\/10\/INCENDIO-BOTTACIN-768x577.jpg 768w, https:\/\/www.radiopiu.net\/wordpress\/wp-content\/uploads\/2018\/10\/INCENDIO-BOTTACIN-1024x770.jpg 1024w, https:\/\/www.radiopiu.net\/wordpress\/wp-content\/uploads\/2018\/10\/INCENDIO-BOTTACIN.jpg 1336w\" sizes=\"auto, (max-width: 155px) 100vw, 155px\" \/><\/a>VENEZIA<\/strong>\u00a0 \u201cLa situazione \u00e8 in miglioramento. Ma siamo all\u2019inizio dell\u2019emergenza e c\u2019\u00e8 ancora molto da lavorare. L\u2019intera macchina operativa \u00e8 attiva al 100% e lo rimarr\u00e0 fino a che sar\u00e0 necessario. Ringrazio enti, strutture tecniche regionali e non, uomini e donne, i volontari che stanno dando il massimo. Abbiamo in campo 4 Canadair, 4 elicotteri della Regione, uno dei Vigili del Fuoco e domani arriver\u00e0 dalla Protezione Civile Nazionale uno speciale elicottero Ericcson, capace di pescare acqua da fonti di captazione anche molto piccole e di volare anche nelle condizioni pi\u00f9 disagiate. L\u2019incendio ha un\u2019estensione stimabile in almeno 600-700 ettari, il che significa che siamo di fronte a uno dei pi\u00f9 importanti eventi degli ultimi 30-40 anni in Veneto\u201d. Lo ha detto l\u2019Assessore regionale alla Protezione Civile, Gianpaolo Bottacin, presiedendo nel pomeriggio, in Comune a Taibon Agordino, un vertice per fare il punto della situazione rispetto all\u2019evolversi dell\u2019incendio che da ieri interessa una vasta area dell\u2019Agordino, in provincia di Belluno. Con Bottacin, erano presenti il Prefetto di Belluno, il Direttore dell\u2019Area Ambiente e Territorio della Regione Nicola dell\u2019Acqua, i tecnici regionali della Protezione Civile, dei Servizi Forestali e dell\u2019Antincendio Boschivo, l\u2019Arpav, i Carabinieri, i Vigili del Fuoco, la Provincia di Belluno, il Comuni di Cencenighe e Taibon Agordino e i Volontari Antincendio Boschivo. L\u2019Assessore, ricordando che nelle prime ore del pomeriggio il Presidente della Regione Luca Zaia ha dichiarato lo stato di crisi, ha confermato l\u2019avvenuta evacuazione di una ventina di persone residenti nella frazione Col di Pra di Taibon. Si tratta di una misura precauzionale legata alla presenza di molto fumo e non dalla vicinanza del fuoco. Arpav sta monitorando la qualit\u00e0 dell\u2019aria nella zona e domani, risultati alla mano, si potr\u00e0 valutare i tempi del possibile rientro a casa di queste persone. La situazione, \u00e8 stato confermato, si \u00e8 rivelata estremamente complessa a causa del vento, delle temperature eccezionalmente elevate, e della secchezza del terreno interessato. Un aiuto potrebbe arrivare anche dal meteo che, a partire da domani, indica la possibilit\u00e0 di pioggia, anche nel corso del week end.<\/p>\n<p>&nbsp;<\/p>\n<p>&nbsp;<\/p>\n<h2><\/h2>\n<h2><\/h2>\n<h2><\/h2>\n<h2>IL SINDACO JACOPO MASSARO INTERVIENE SULL&#8217;INCENDIO E SUGLI ELETRODOTTI DA INTERRARE<\/h2>\n<p><strong>BELLUNO\u00a0 Il sindaco di Belluno si rif\u00e0 all&#8217;ipotesi che l&#8217;incendio sotto alle Pale di San Lucano sia stato scatenato dalla linea elettrica e da qui\u00a0ha inizio il suo intervento per ribadire come l&#8217;unica soluzione sicura sia l&#8217;interramento.\u00a0 Massaro riporta al centro della discussione la sicurezza legata alla razionalizzazione dell&#8217;elettrodotto. Il primo cittadino invita Terna a rivedere le sue intenzione e decidere di interrare. Ma sentiamo il sindaco che parler\u00e0 anche del monitoraggio sull&#8217;inquinamento atmosferico.\u00a0<\/strong><\/p>\n<audio class=\"wp-audio-shortcode\" id=\"audio-65202-8\" preload=\"none\" style=\"width: 100%;\" controls=\"controls\"><source type=\"audio\/mpeg\" src=\"http:\/\/www.radiopiu.net\/wordpress\/wp-content\/uploads\/2018\/10\/MASSARO-1.mp3?_=8\" \/><a href=\"http:\/\/www.radiopiu.net\/wordpress\/wp-content\/uploads\/2018\/10\/MASSARO-1.mp3\">http:\/\/www.radiopiu.net\/wordpress\/wp-content\/uploads\/2018\/10\/MASSARO-1.mp3<\/a><\/audio>\n<h1><\/h1>\n<h1><\/h1>\n<p>&nbsp;<\/p>\n<h1>INCENDIO DI TAIBON, BOND: &#8220;TERNA INTERRI LE LINEE\u201d<\/h1>\n<p><strong>ROMA<\/strong> \u201cQuanto accaduto a Taibon e Cencenighe \u00e8 gravissimo e preoccupante. Nel progetto di razionalizzazione dell&#8217;elettrodotto bellunese, Terna deve assolutamente interrare le linee aeree, come chiesto dai comitati\u201d: il deputato di Forza Italia, Dario Bond, torna all&#8217;attacco, dopo l&#8217;incendio che ieri ha devastato l&#8217;Agordino anche ricordando la\u00a0\u00a0nevicata di Santo Stefano 2013 e i giorni di blackout. \u201cIn un territorio ricco di vegetazione come quello bellunese, non \u00e8 ammissibile mantenere ancora cavi in linea aerea. Serve una manutenzione costante, bisogna pulire le tratte non solo al di sotto dei cavi, ma creando una larga fascia di sicurezza; insomma, costi e tempi di lavoro che con una linea interrata non ci sarebbero\u201d.<\/p>\n<audio class=\"wp-audio-shortcode\" id=\"audio-65202-9\" preload=\"none\" style=\"width: 100%;\" controls=\"controls\"><source type=\"audio\/mpeg\" src=\"http:\/\/www.radiopiu.net\/wordpress\/wp-content\/uploads\/2018\/10\/BOND-INCENDIO-INTERRAMENTO-TERNA.mp3?_=9\" \/><a href=\"http:\/\/www.radiopiu.net\/wordpress\/wp-content\/uploads\/2018\/10\/BOND-INCENDIO-INTERRAMENTO-TERNA.mp3\">http:\/\/www.radiopiu.net\/wordpress\/wp-content\/uploads\/2018\/10\/BOND-INCENDIO-INTERRAMENTO-TERNA.mp3<\/a><\/audio>\n<p>&nbsp;<\/p>\n<p>&nbsp;<\/p>\n<p>&nbsp;<\/p>\n<h1 class=\"gmail-documentFirstHeading\"><span id=\"gmail-parent-fieldname-title\" class=\"gmail-\">INCENDIO ANALISI METEOROLOGICA<\/span><\/h1>\n<div class=\"gmail-data\"><strong>VENEZIA\u00a0<i>\u00a0<\/i><\/strong>A partire da marted\u00ec 23 ottobre 2018, il Veneto si \u00e8 trovato in posizione intermedia tra un\u2019area anticiclonica sull\u2019Europa occidentale ed un\u2019area ciclonica a Est, tra le quali si \u00e8 generato un marcato gradiente di pressione; questo ha fatto s\u00ec che sul Veneto siano affluite correnti dai quadranti settentrionali di forte intensit\u00e0 in quota.<\/div>\n<div>LINK AL COMUNICATO COMPLETO<\/div>\n<div><a href=\"http:\/\/www.arpa.veneto.it\/arpavinforma\/comunicati-stampa\/archivio\/comunicati-2018\/incendio-valle-agordina.-analisi-meteorologica\">http:\/\/www.arpa.veneto.it\/arpavinforma\/comunicati-stampa\/archivio\/comunicati-2018\/incendio-valle-agordina.-analisi-meteorologica<\/a><\/div>\n<p>&nbsp;<\/p>\n<h1><\/h1>\n","protected":false},"excerpt":{"rendered":"<p>\u00a7 &nbsp; di GIANPAOLO BOTTACIN ASSESSORE PROTEZIONE CIVILE_REGIONE VENETO Esattamente 6 anni fa, nel pomeriggio del 24 ottobre del 2018 si sviluppava uno dei pi\u00f9 devastanti incendi boschivi degli ultimi 50 anni in Veneto. Si tratta dell&#8217;incendio di Taibon Agordino che ha interessato territori dei comuni di Taibon e Cencenighe per un&#8217;estensione di 632 ettari&hellip;<\/p>\n","protected":false},"author":1,"featured_media":416171,"comment_status":"closed","ping_status":"closed","sticky":false,"template":"","format":"standard","meta":{"_monsterinsights_skip_tracking":false,"_monsterinsights_sitenote_active":false,"_monsterinsights_sitenote_note":"","_monsterinsights_sitenote_category":0,"footnotes":""},"categories":[51,49],"tags":[],"class_list":["post-65202","post","type-post","status-publish","format-standard","has-post-thumbnail","hentry","category-evidenza-top","category-news-18","category-51","category-49","description-off"],"img_url":"https:\/\/www.radiopiu.net\/wordpress\/wp-content\/uploads\/2018\/10\/2318091b-21d3-4c56-b13b-57473c00f8e0.jpg","_links":{"self":[{"href":"https:\/\/www.radiopiu.net\/wordpress\/wp-json\/wp\/v2\/posts\/65202","targetHints":{"allow":["GET"]}}],"collection":[{"href":"https:\/\/www.radiopiu.net\/wordpress\/wp-json\/wp\/v2\/posts"}],"about":[{"href":"https:\/\/www.radiopiu.net\/wordpress\/wp-json\/wp\/v2\/types\/post"}],"author":[{"embeddable":true,"href":"https:\/\/www.radiopiu.net\/wordpress\/wp-json\/wp\/v2\/users\/1"}],"replies":[{"embeddable":true,"href":"https:\/\/www.radiopiu.net\/wordpress\/wp-json\/wp\/v2\/comments?post=65202"}],"version-history":[{"count":2,"href":"https:\/\/www.radiopiu.net\/wordpress\/wp-json\/wp\/v2\/posts\/65202\/revisions"}],"predecessor-version":[{"id":416172,"href":"https:\/\/www.radiopiu.net\/wordpress\/wp-json\/wp\/v2\/posts\/65202\/revisions\/416172"}],"wp:featuredmedia":[{"embeddable":true,"href":"https:\/\/www.radiopiu.net\/wordpress\/wp-json\/wp\/v2\/media\/416171"}],"wp:attachment":[{"href":"https:\/\/www.radiopiu.net\/wordpress\/wp-json\/wp\/v2\/media?parent=65202"}],"wp:term":[{"taxonomy":"category","embeddable":true,"href":"https:\/\/www.radiopiu.net\/wordpress\/wp-json\/wp\/v2\/categories?post=65202"},{"taxonomy":"post_tag","embeddable":true,"href":"https:\/\/www.radiopiu.net\/wordpress\/wp-json\/wp\/v2\/tags?post=65202"}],"curies":[{"name":"wp","href":"https:\/\/api.w.org\/{rel}","templated":true}]}}