{"id":65251,"date":"2018-10-27T05:41:08","date_gmt":"2018-10-27T03:41:08","guid":{"rendered":"http:\/\/www.radiopiu.net\/wordpress\/?p=65251"},"modified":"2018-10-27T09:19:35","modified_gmt":"2018-10-27T07:19:35","slug":"giornale-radiopiu-27-ottobre-2018-direttore-mirko-mezzacasa","status":"publish","type":"post","link":"https:\/\/www.radiopiu.net\/wordpress\/giornale-radiopiu-27-ottobre-2018-direttore-mirko-mezzacasa\/","title":{"rendered":"GIORNALE RADIOPIU 27 OTTOBRE 2018 DIRETTORE MIRKO MEZZACASA"},"content":{"rendered":"<h1><span style=\"font-size: medium;\"><a class=\"dt-pswp-item\" href=\"http:\/\/www.radiopiu.net\/wordpress\/wp-content\/uploads\/2015\/06\/Belluno_palazzo_rettori_prefettura.jpg\" data-dt-img-description=\"\" data-large_image_width=\"2560\" data-large_image_height=\"1920\"><img loading=\"lazy\" decoding=\"async\" class=\"size-medium wp-image-6463 alignleft\" src=\"http:\/\/www.radiopiu.net\/wordpress\/wp-content\/uploads\/2015\/06\/Belluno_palazzo_rettori_prefettura-300x225.jpg\" alt=\"\" width=\"300\" height=\"225\" \/><\/a>Riunita in Prefettura l\u2019Unit\u00e0 di crisi per attivare il sistema di protezione civile provinciale in vista del preannunciato peggioramento delle condizioni meteo che interesser\u00e0 tutto il Bellunese da oggi fino a luned\u00ec con precipitazioni molto abbondanti.\u00a0<\/span><span style=\"font-size: medium;\">Il Centro Funzionale Decentrato della Regione Veneto ha emanato un avviso di criticit\u00e0 per rischio idraulico e idrogeologico con il quale \u00e8 stato dichiarato per tutto il territorio bellunese, ad eccezione dei Comuni di Arsi\u00e8, Fonzaso, Sovramonte, Lamon (per i quali \u00e8 stato dichiarato lo stato di preallarme), lo stato di allarme per rischio idrogeologico, dalle ore 9 di sabato e fino alle 14 di luned\u00ec 29 ottobre.\u00a0<\/span><span style=\"font-size: medium;\">Alla luce di tali indicazioni il Prefetto, Francesco Esposito, ha richiesto a tutte le componenti del sistema provinciale di protezione civile nonch\u00e9 ai Sindaci, la massima attenzione e il costante monitoraggio della situazione, specie nei punti che, sulla base delle pianificazioni comunali di emergenza, sono maggiormente a rischio.\u00a0<\/span><span style=\"font-size: medium;\">Tenuto conto dello scenario previsto si consiglia alla popolazione di limitare, per quanto possibile, gli spostamenti, evitando quelli non strettamente necessari.\u00a0<\/span><span style=\"font-size: medium;\">Allo stesso tempo si sconsiglia di transitare o sostare in prossimit\u00e0 di corsi d\u2019acqua, specie se di minori dimensioni, e comunque di non effettuare escursioni in zone non antropizzate.\u00a0<\/span><span style=\"font-size: medium;\">Il Prefetto ha poi chiesto ai Sindaci di diramare ulteriori informazioni e indicazioni alle rispettive comunit\u00e0 sulla base di altri eventuali fattori di rischio specifici di ciascun singolo territorio comunale e degli sviluppi della situazione.\u00a0<\/span><span style=\"font-size: medium;\">Ha inoltre chiesto ai Sindaci di valutare il rinvio delle manifestazioni pubbliche programmate durante il fine settimana,\u00a0 in primis il rally bellunese.\u00a0<\/span><span style=\"font-size: medium;\">Per tenere costantemente monitorato l\u2019evolversi dell\u2019evento, e salvi eventuali ulteriori interventi che dovessero rendersi necessari, sono state convocate in Prefettura per sabato e domenica, alle ore 16, due riunioni di aggiornamento dell\u2019Unit\u00e0 di Crisi.<\/span><\/h1>\n<p><strong>IL PRESIDENTE DELL&#8217;UNIONE MONTANA AGORDINA FABIO LUCHETTA<\/strong><\/p>\n<audio class=\"wp-audio-shortcode\" id=\"audio-65251-1\" preload=\"none\" style=\"width: 100%;\" controls=\"controls\"><source type=\"audio\/mpeg\" src=\"http:\/\/www.radiopiu.net\/wordpress\/wp-content\/uploads\/2018\/10\/LUCHETTA.mp3?_=1\" \/><a href=\"http:\/\/www.radiopiu.net\/wordpress\/wp-content\/uploads\/2018\/10\/LUCHETTA.mp3\">http:\/\/www.radiopiu.net\/wordpress\/wp-content\/uploads\/2018\/10\/LUCHETTA.mp3<\/a><\/audio>\n<p align=\"CENTER\"><strong><span style=\"color: #000000;\"><span style=\"font-family: Arial, sans-serif;\"><span style=\"font-size: large;\"><b>Allerta meteo da sabato a luned\u00ec\u00a0<\/b><\/span><\/span><\/span><\/strong><strong><span style=\"color: #000000;\"><span style=\"font-family: Arial, sans-serif;\"><span style=\"font-size: large;\">\u00abEvitare garage sotterranei e scantinati e di avvicinarsi ai corsi d&#8217;acqua\u00bb .\u00a0<\/span><\/span><\/span><\/strong><strong><span style=\"color: #000000;\"><span style=\"font-family: Arial, sans-serif;\"><span style=\"font-size: large;\">Allerta rossa per la rete idraulica secondaria e per l&#8217;aspetto geologico e arancione per la rete idraulica principale: queste le criticit\u00e0 annunciate da Regione Veneto e Arpav per le giornate da sabato a luned\u00ec, a causa delle precipitazioni annunciate per le prossime ore.\u00a0<\/span><\/span><\/span><\/strong><strong><span style=\"color: #000000;\"><span style=\"font-family: Arial, sans-serif;\"><span style=\"font-size: large;\">Il Sindaco di Belluno, Jacopo Massaro, lancia cos\u00ec l&#8217;appello ai cittadini:<\/span><\/span><\/span><\/strong><\/p>\n<audio class=\"wp-audio-shortcode\" id=\"audio-65251-2\" preload=\"none\" style=\"width: 100%;\" controls=\"controls\"><source type=\"audio\/mpeg\" src=\"http:\/\/www.radiopiu.net\/wordpress\/wp-content\/uploads\/2018\/10\/Massaro-Allerta-meteo.mp3?_=2\" \/><a href=\"http:\/\/www.radiopiu.net\/wordpress\/wp-content\/uploads\/2018\/10\/Massaro-Allerta-meteo.mp3\">http:\/\/www.radiopiu.net\/wordpress\/wp-content\/uploads\/2018\/10\/Massaro-Allerta-meteo.mp3<\/a><\/audio>\n<p>&nbsp;<\/p>\n<p>&nbsp;<\/p>\n<p>&nbsp;<\/p>\n<p>&nbsp;<\/p>\n<h1>METEO: ALLERTA DELLA PROTEZIONE CIVILE PER POSSIBILI CRITICITA\u2019 IDROGEOLOGICHE<\/h1>\n<p><strong><a class=\"dt-pswp-item\" href=\"http:\/\/www.radiopiu.net\/wordpress\/wp-content\/uploads\/2018\/08\/instabilita.jpg\" data-dt-img-description=\"\" data-large_image_width=\"1280\" data-large_image_height=\"768\"><img loading=\"lazy\" decoding=\"async\" class=\"size-medium wp-image-57488 alignleft\" src=\"http:\/\/www.radiopiu.net\/wordpress\/wp-content\/uploads\/2018\/08\/instabilita-300x180.jpg\" alt=\"\" width=\"300\" height=\"180\" srcset=\"https:\/\/www.radiopiu.net\/wordpress\/wp-content\/uploads\/2018\/08\/instabilita-300x180.jpg 300w, https:\/\/www.radiopiu.net\/wordpress\/wp-content\/uploads\/2018\/08\/instabilita-768x461.jpg 768w, https:\/\/www.radiopiu.net\/wordpress\/wp-content\/uploads\/2018\/08\/instabilita-1024x614.jpg 1024w, https:\/\/www.radiopiu.net\/wordpress\/wp-content\/uploads\/2018\/08\/instabilita.jpg 1280w\" sizes=\"auto, (max-width: 300px) 100vw, 300px\" \/><\/a>VENEZIA<\/strong> Da oggi a marted\u00ec mattina sono previste precipitazioni estese sulle zone centro settentrionali del Veneto. In montagna e sulla pedemontana i quantitativi saranno in genere abbondanti o molto abbondanti nelle singole giornate e particolarmente elevati come dato complessivo (massimi anche di 250-350 mm, localmente oltre i 400 mm). Venti meridionali saranno forti\/molto forti in quota, tesi\/forti su pianura orientale e costa. Il limite della neve sar\u00e0 intorno a 2200-2400 m. per gran parte del periodo, a tratti un po\u2019 pi\u00f9 basso; si abbasser\u00e0 significativamente a fine evento nella mattinata di marted\u00ec. Sulla base delle condizioni meteo avverse attese, il Centro funzionale decentrato della Protezione Civile del Veneto ha dichiarato a partire dalle ore 9 di oggi\u00a0 lo stato di \u2018allarme\u2019 (rosso) per possibili criticit\u00e0 idrogeologiche sulla rete secondaria dei bacini idrografici VENE-A (Belluno) \u2013 Alto Piave e VENE-H (Belluno e Treviso) \u2013 Piave Pedemontano. Negli stessi bacini \u00e8 stato di \u2018preallarme\u2019 (arancione) per possibili criticit\u00e0 idrauliche sulla rete principale.<\/p>\n<p>&nbsp;<\/p>\n<p>&nbsp;<\/p>\n<h1><\/h1>\n<h1><\/h1>\n<h1><\/h1>\n<h1><\/h1>\n<h1 class=\"documentFirstHeading\"><span id=\"parent-fieldname-title\" class=\"\">IN ARRIVO UNA FORTE PERTURBAZIONE: TANTA PIOGGIA E RINFORZI DI SCIROCCO<\/span><\/h1>\n<div class=\"data\"><strong><a class=\"dt-pswp-item\" href=\"http:\/\/www.radiopiu.net\/wordpress\/wp-content\/uploads\/2018\/07\/Pioggia_ombrello-680x450.jpg\" data-dt-img-description=\"\" data-large_image_width=\"680\" data-large_image_height=\"450\"><img loading=\"lazy\" decoding=\"async\" class=\"size-medium wp-image-52920 alignleft\" src=\"http:\/\/www.radiopiu.net\/wordpress\/wp-content\/uploads\/2018\/07\/Pioggia_ombrello-680x450-300x199.jpg\" alt=\"\" width=\"300\" height=\"199\" srcset=\"https:\/\/www.radiopiu.net\/wordpress\/wp-content\/uploads\/2018\/07\/Pioggia_ombrello-680x450-300x199.jpg 300w, https:\/\/www.radiopiu.net\/wordpress\/wp-content\/uploads\/2018\/07\/Pioggia_ombrello-680x450.jpg 680w\" sizes=\"auto, (max-width: 300px) 100vw, 300px\" \/><\/a>PADOVA<i>\u00a0<\/i><\/strong>\u00a0Dopo un mese di settembre e quasi tutto ottobre con condizioni di tempo in prevalenza soleggiato, a tratti di stampo estivo, \u00e8 in arrivo una forte perturbazione. Si interrompe quindi la lunga fase di stabilit\u00e0, intervallata da brevi episodi di maltempo accompagnati da temporanei cali termici e apporti di precipitazione solo localmente abbondanti, ma con precipitazioni medie inferiori alla norma. Un sistema depressionario di origine atlantica si approfondir\u00e0 sull\u2019Europa occidentale e nel fine settimana richiamer\u00e0 sulla nostra regione un crescente flusso umido e mite dal Mediterraneo. Avremo precipitazioni particolarmente abbondanti, specie sulle zone montane e pedemontane. Anche per l\u2019inizio della settimana \u00e8 previsto tempo perturbato con ulteriori precipitazioni diffuse e abbondanti. Si tratter\u00e0 quindi di un prolungato episodio di maltempo che durer\u00e0 da sabato 27 fino presumibilmente alla mattinata di marted\u00ec 30. L\u2019episodio perturbato interesser\u00e0 maggiormente le zone montane e pedemontane, con apporti complessivi di precipitazione che a fine evento potrebbero raggiungere valori particolarmente elevati, indicativamente intorno ai 250-350 mm, localmente anche sopra i 400 mm. Il limite della neve risulter\u00e0 piuttosto elevato, oltre i 2000 m; solo marted\u00ec 30 tender\u00e0 a scendere. Da segnalare, infine, il significativo rinforzo dei venti sia in quota dai quadranti meridionali che al suolo di Scirocco: quest\u2019ultimo, in particolare, risulter\u00e0 particolarmente forte sulla costa luned\u00ec 29.<\/div>\n<div><\/div>\n<div><\/div>\n<h1>ANNULLATO IL RALLY DELLE DOLOMITI<\/h1>\n<div><a class=\"dt-pswp-item\" href=\"http:\/\/www.radiopiu.net\/wordpress\/wp-content\/uploads\/2018\/10\/eec259a8-9166-4869-b029-a7e3260e68fc.jpg\" data-dt-img-description=\"\" data-large_image_width=\"720\" data-large_image_height=\"720\"><img loading=\"lazy\" decoding=\"async\" class=\"alignnone size-medium wp-image-64678\" src=\"http:\/\/www.radiopiu.net\/wordpress\/wp-content\/uploads\/2018\/10\/eec259a8-9166-4869-b029-a7e3260e68fc-300x300.jpg\" alt=\"\" width=\"300\" height=\"300\" srcset=\"https:\/\/www.radiopiu.net\/wordpress\/wp-content\/uploads\/2018\/10\/eec259a8-9166-4869-b029-a7e3260e68fc-300x300.jpg 300w, https:\/\/www.radiopiu.net\/wordpress\/wp-content\/uploads\/2018\/10\/eec259a8-9166-4869-b029-a7e3260e68fc-150x150.jpg 150w, https:\/\/www.radiopiu.net\/wordpress\/wp-content\/uploads\/2018\/10\/eec259a8-9166-4869-b029-a7e3260e68fc.jpg 720w\" sizes=\"auto, (max-width: 300px) 100vw, 300px\" \/><\/a><a class=\"dt-pswp-item\" href=\"http:\/\/www.radiopiu.net\/wordpress\/wp-content\/uploads\/2018\/10\/WhatsApp-Image-2018-10-20-at-09.52.30.jpeg\" data-dt-img-description=\"\" data-large_image_width=\"960\" data-large_image_height=\"640\"><img loading=\"lazy\" decoding=\"async\" class=\"alignnone size-medium wp-image-64627\" src=\"http:\/\/www.radiopiu.net\/wordpress\/wp-content\/uploads\/2018\/10\/WhatsApp-Image-2018-10-20-at-09.52.30-300x200.jpeg\" alt=\"\" width=\"300\" height=\"200\" srcset=\"https:\/\/www.radiopiu.net\/wordpress\/wp-content\/uploads\/2018\/10\/WhatsApp-Image-2018-10-20-at-09.52.30-300x200.jpeg 300w, https:\/\/www.radiopiu.net\/wordpress\/wp-content\/uploads\/2018\/10\/WhatsApp-Image-2018-10-20-at-09.52.30-768x512.jpeg 768w, https:\/\/www.radiopiu.net\/wordpress\/wp-content\/uploads\/2018\/10\/WhatsApp-Image-2018-10-20-at-09.52.30.jpeg 960w\" sizes=\"auto, (max-width: 300px) 100vw, 300px\" \/><\/a><\/div>\n<div><strong>DI ROBERTO BONA<\/strong><\/div>\n<audio class=\"wp-audio-shortcode\" id=\"audio-65251-3\" preload=\"none\" style=\"width: 100%;\" controls=\"controls\"><source type=\"audio\/mpeg\" src=\"http:\/\/www.radiopiu.net\/wordpress\/wp-content\/uploads\/2018\/10\/roberto.mp3?_=3\" \/><a href=\"http:\/\/www.radiopiu.net\/wordpress\/wp-content\/uploads\/2018\/10\/roberto.mp3\">http:\/\/www.radiopiu.net\/wordpress\/wp-content\/uploads\/2018\/10\/roberto.mp3<\/a><\/audio>\n<p>&nbsp;<\/p>\n<p>&nbsp;<\/p>\n<p>&nbsp;<\/p>\n<h1>INCENDIO BOSCHIVO NELL\u2019AGORDINO. SOPRALLUOGO DI BOTTACIN CON IL SOTTOSEGRETARIO GAVA<\/h1>\n\n\t\t\t<style type='text\/css'>\n\t\t\t\t#gallery-1 {\n\t\t\t\t\tmargin: auto;\n\t\t\t\t}\n\t\t\t\t#gallery-1 .gallery-item {\n\t\t\t\t\tfloat: left;\n\t\t\t\t\tmargin-top: 10px;\n\t\t\t\t\ttext-align: center;\n\t\t\t\t\twidth: 33%;\n\t\t\t\t}\n\t\t\t\t#gallery-1 img {\n\t\t\t\t\tborder: 2px solid #cfcfcf;\n\t\t\t\t}\n\t\t\t\t#gallery-1 .gallery-caption {\n\t\t\t\t\tmargin-left: 0;\n\t\t\t\t}\n\t\t\t\t\/* see gallery_shortcode() in wp-includes\/media.php *\/\n\t\t\t<\/style>\n\t\t<div id='gallery-1' class='dt-gallery-container gallery galleryid-65251 gallery-columns-3 gallery-size-thumbnail'><dl class='gallery-item'>\n\t\t\t\t<dt class='gallery-icon landscape'>\n\t\t\t\t\t<a class=\"rollover\" href='https:\/\/www.radiopiu.net\/wordpress\/giornale-radiopiu-27-ottobre-2018-direttore-mirko-mezzacasa\/bottacin-gava-per-sopralluogo-in-agordino_7-elicottero\/'><img loading=\"lazy\" decoding=\"async\" width=\"150\" height=\"150\" src=\"https:\/\/www.radiopiu.net\/wordpress\/wp-content\/uploads\/2018\/10\/Bottacin-Gava-per-sopralluogo-in-Agordino_7-Elicottero-150x150.jpg\" class=\"attachment-thumbnail size-thumbnail\" alt=\"\" \/><\/a>\n\t\t\t\t<\/dt><\/dl><dl class='gallery-item'>\n\t\t\t\t<dt class='gallery-icon portrait'>\n\t\t\t\t\t<a class=\"rollover\" href='https:\/\/www.radiopiu.net\/wordpress\/giornale-radiopiu-27-ottobre-2018-direttore-mirko-mezzacasa\/bottacin-gava-per-sopralluogo-in-agordino_6-bosco-bruciato\/'><img loading=\"lazy\" decoding=\"async\" width=\"150\" height=\"150\" src=\"https:\/\/www.radiopiu.net\/wordpress\/wp-content\/uploads\/2018\/10\/Bottacin-Gava-per-sopralluogo-in-Agordino_6-bosco-bruciato-150x150.jpg\" class=\"attachment-thumbnail size-thumbnail\" alt=\"\" \/><\/a>\n\t\t\t\t<\/dt><\/dl><dl class='gallery-item'>\n\t\t\t\t<dt class='gallery-icon portrait'>\n\t\t\t\t\t<a class=\"rollover\" href='https:\/\/www.radiopiu.net\/wordpress\/giornale-radiopiu-27-ottobre-2018-direttore-mirko-mezzacasa\/bottacin-gava-per-sopralluogo-in-agordino_5-elicotteri\/'><img loading=\"lazy\" decoding=\"async\" width=\"150\" height=\"150\" src=\"https:\/\/www.radiopiu.net\/wordpress\/wp-content\/uploads\/2018\/10\/Bottacin-Gava-per-sopralluogo-in-Agordino_5-Elicotteri-150x150.jpg\" class=\"attachment-thumbnail size-thumbnail\" alt=\"\" \/><\/a>\n\t\t\t\t<\/dt><\/dl><br style=\"clear: both\" \/><dl class='gallery-item'>\n\t\t\t\t<dt class='gallery-icon portrait'>\n\t\t\t\t\t<a class=\"rollover\" href='https:\/\/www.radiopiu.net\/wordpress\/giornale-radiopiu-27-ottobre-2018-direttore-mirko-mezzacasa\/bottacin-gava-per-sopralluogo-in-agordino_2\/'><img loading=\"lazy\" decoding=\"async\" width=\"150\" height=\"150\" src=\"https:\/\/www.radiopiu.net\/wordpress\/wp-content\/uploads\/2018\/10\/Bottacin-Gava-per-sopralluogo-in-Agordino_2-150x150.jpg\" class=\"attachment-thumbnail size-thumbnail\" alt=\"\" \/><\/a>\n\t\t\t\t<\/dt><\/dl><dl class='gallery-item'>\n\t\t\t\t<dt class='gallery-icon landscape'>\n\t\t\t\t\t<a class=\"rollover\" href='https:\/\/www.radiopiu.net\/wordpress\/giornale-radiopiu-27-ottobre-2018-direttore-mirko-mezzacasa\/bottacin-gava-per-sopralluogo-in-agordino\/'><img loading=\"lazy\" decoding=\"async\" width=\"150\" height=\"150\" src=\"https:\/\/www.radiopiu.net\/wordpress\/wp-content\/uploads\/2018\/10\/Bottacin-Gava-per-sopralluogo-in-Agordino-150x150.jpg\" class=\"attachment-thumbnail size-thumbnail\" alt=\"\" \/><\/a>\n\t\t\t\t<\/dt><\/dl>\n\t\t\t\t<br style='clear: both' \/>\n\t\t\t<\/div>\n\n<p><strong>VENEZIA\u00a0\u00a0<\/strong>L\u2019assessore regionale alla protezione civile Gianpaolo Bottacin ha accolto a Taibon Agordino (Belluno) il sottosegretario al Ministero dell&#8217;Ambiente Vannia Gava, procedendo poi ad un sopralluogo sui luoghi del vasto incendio che ha colpito i boschi della Valle di San Lucano. L\u2019assessore, che gi\u00e0 in mattinata aveva compiuto una serie di verifiche in zona, ha illustrato la situazione particolarmente complessa che si \u00e8 venuta a creare. Per contrastare il fuoco, sono stati messi in campo 4 Canadair, 4 elicotteri della Regione, uno dei Vigili del Fuoco e oggi ha operato anche uno speciale elicottero Ericcson che era stato richiesto al Dipartimento della protezione civile nazionale e la situazione \u00e8 migliorata. L\u2019incendio ha un\u2019estensione stimabile in almeno 900 ettari, dimostrandosi uno dei pi\u00f9 importanti eventi degli ultimi 30-40 anni in Veneto. \u201cPer quanto riguarda il rischio idrogeologico \u2013 ha detto Bottacin &#8211; abbiamo gi\u00e0 iniziato ieri a verificare alternative alla viabilit\u00e0, che al momento \u00e8 preclusa, per raggiungere la frazione in destra orografica. Stamattina c\u2019\u00e8 stato un ulteriore sopralluogo per vedere se, con lavori di somma urgenza, si riesce a realizzare percorsi diversi, perch\u00e9 sia a causa dell\u2019incendio, sia con il previsto arrivo di forti piogge nelle prossime ore, potrebbero esserci problemi dovuti al rotolamento di materiale che scende a valle\u201d. Bottacin ha ringraziato l\u2019on. Gava che per aver seguito fin dall\u2019inizio l\u2019evoluzione della situazione e di essere venuta oggi a rendersi conto della gravit\u00e0 delle conseguenze dell\u2019incendio. \u201cCredo si sia dimostrata \u2013 ha aggiunto &#8211; una sinergia tra istituzioni assolutamente fondamentale, come \u00e8 giusto che sia quando si muove una macchina complessa come la protezione civile\u201d. \u201cSono venuta spesso per altre, belle attivit\u00e0 \u2013 ha detto l\u2019on. Gava \u2013 e oggi non ci sarei voluta tornare per questo evento. E\u2019 chiaro che ho voluto comunque dimostrare, con la mia presenza, la presenza del governo; una presenza forte che dimostreremo anche una volta che sar\u00e0 stata fatta la conta dei danni. Se ci sar\u00e0 necessit\u00e0, gli uffici del ministero si metteranno in contatto con quelli della Regione e si attiveranno tutti i canali per le eventuali bonifiche e per la messa in sicurezza dei luoghi dal rischio idrogeologico\u201d.<\/p>\n<p>&nbsp;<\/p>\n<p><strong>GIANPAOLO BOTTACIN AI MICROFONI DI RADIO PIU CON L&#8217;ONOREVOLE VANNIA GAVA E\u00a0\u00a0<\/strong><strong>FABIO JERMAN DIRETTORE DEL COMANDO DEI VIGILI DEL FUOCO DI BELLUNO (interviste di ieri sera)<\/strong><\/p>\n<audio class=\"wp-audio-shortcode\" id=\"audio-65251-4\" preload=\"none\" style=\"width: 100%;\" controls=\"controls\"><source type=\"audio\/mpeg\" src=\"http:\/\/www.radiopiu.net\/wordpress\/wp-content\/uploads\/2018\/10\/BOTTA-ONOREVOLE-JERMAN.mp3?_=4\" \/><a href=\"http:\/\/www.radiopiu.net\/wordpress\/wp-content\/uploads\/2018\/10\/BOTTA-ONOREVOLE-JERMAN.mp3\">http:\/\/www.radiopiu.net\/wordpress\/wp-content\/uploads\/2018\/10\/BOTTA-ONOREVOLE-JERMAN.mp3<\/a><\/audio>\n<p>&nbsp;<\/p>\n<p><strong>IL VIDEO <a href=\"https:\/\/www.facebook.com\/mirko.mezzacasa\/videos\/10218125736321749\/\">CLICCA QUI<\/a><\/strong><\/p>\n<p>&nbsp;<\/p>\n<p>&nbsp;<\/p>\n<p>Video del veivolo Erickson che carica acqua al lago Polane. Video realizzato da un componente dell&#8217;unit\u00e0 di protezione civile Sospirolo.<\/p>\n<div style=\"width: 640px;\" class=\"wp-video\"><video class=\"wp-video-shortcode\" id=\"video-65251-1\" width=\"640\" height=\"352\" preload=\"metadata\" controls=\"controls\"><source type=\"video\/mp4\" src=\"http:\/\/www.radiopiu.net\/wordpress\/wp-content\/uploads\/2018\/10\/WhatsApp-Video-2018-10-26-at-16.00.33.mp4?_=1\" \/><a href=\"http:\/\/www.radiopiu.net\/wordpress\/wp-content\/uploads\/2018\/10\/WhatsApp-Video-2018-10-26-at-16.00.33.mp4\">http:\/\/www.radiopiu.net\/wordpress\/wp-content\/uploads\/2018\/10\/WhatsApp-Video-2018-10-26-at-16.00.33.mp4<\/a><\/video><\/div>\n<h2><\/h2>\n<h2><\/h2>\n<h2><\/h2>\n<h2>A COL DI PRA IL RITORNO A CASA DUE VOLTE AL GIORNO. GLI EVACUATI DALLA VALLE DI SAN LUCANO<\/h2>\n<blockquote>\n<h4><em><a class=\"dt-pswp-item\" href=\"http:\/\/www.radiopiu.net\/wordpress\/wp-content\/uploads\/2018\/10\/WhatsApp-Image-2018-10-26-at-04.57.59.jpeg\" data-dt-img-description=\"\" data-large_image_width=\"1599\" data-large_image_height=\"1200\"><img loading=\"lazy\" decoding=\"async\" class=\" wp-image-65192 alignleft\" src=\"http:\/\/www.radiopiu.net\/wordpress\/wp-content\/uploads\/2018\/10\/WhatsApp-Image-2018-10-26-at-04.57.59-300x225.jpeg\" alt=\"\" width=\"252\" height=\"189\" srcset=\"https:\/\/www.radiopiu.net\/wordpress\/wp-content\/uploads\/2018\/10\/WhatsApp-Image-2018-10-26-at-04.57.59-300x225.jpeg 300w, https:\/\/www.radiopiu.net\/wordpress\/wp-content\/uploads\/2018\/10\/WhatsApp-Image-2018-10-26-at-04.57.59-768x576.jpeg 768w, https:\/\/www.radiopiu.net\/wordpress\/wp-content\/uploads\/2018\/10\/WhatsApp-Image-2018-10-26-at-04.57.59-1024x768.jpeg 1024w, https:\/\/www.radiopiu.net\/wordpress\/wp-content\/uploads\/2018\/10\/WhatsApp-Image-2018-10-26-at-04.57.59.jpeg 1599w\" sizes=\"auto, (max-width: 252px) 100vw, 252px\" \/><\/a>Intanto si pensa alla strada secondaria per la Valle di San Lucano, una pista da trasformare in strada<\/em><\/h4>\n<\/blockquote>\n<p><strong>DI GIANNI SANTOMASO<\/strong><\/p>\n<audio class=\"wp-audio-shortcode\" id=\"audio-65251-5\" preload=\"none\" style=\"width: 100%;\" controls=\"controls\"><source type=\"audio\/ogg\" src=\"http:\/\/www.radiopiu.net\/wordpress\/wp-content\/uploads\/2018\/10\/GIANNI-INCENDIO.ogg?_=5\" \/><a href=\"http:\/\/www.radiopiu.net\/wordpress\/wp-content\/uploads\/2018\/10\/GIANNI-INCENDIO.ogg\">http:\/\/www.radiopiu.net\/wordpress\/wp-content\/uploads\/2018\/10\/GIANNI-INCENDIO.ogg<\/a><\/audio>\n<p>&nbsp;<\/p>\n<p>&nbsp;<\/p>\n<p>&nbsp;<\/p>\n<h1 class=\"documentFirstHeading\"><span id=\"parent-fieldname-title\" class=\"\">ARPAV, AGGIORNAMENTI<\/span><\/h1>\n<div class=\"data\"><a class=\"dt-pswp-item\" href=\"http:\/\/www.radiopiu.net\/wordpress\/wp-content\/uploads\/2015\/08\/logo_arpav.gif\" data-dt-img-description=\"\" data-large_image_width=\"504\" data-large_image_height=\"53\"><img loading=\"lazy\" decoding=\"async\" class=\"alignnone size-medium wp-image-8797\" src=\"http:\/\/www.radiopiu.net\/wordpress\/wp-content\/uploads\/2015\/08\/logo_arpav-300x32.gif\" alt=\"\" width=\"300\" height=\"32\" \/><\/a>Prosegue l\u2019attivit\u00e0 di campionamento dell\u2019aria nel centro abitato di Taibon Agordino. Sono stati comunicati alla sala operativa della Protezione Civile Regionale e al Sindaco di Taibon i primi risultati analitici dei tre campionamenti eseguiti in mattinata all\u2019imbocco della Valle di San Lucano, a Taibon e ad Agordo; sono stati utilizzati sistemi denominati \u201ccanister\u201d che hanno prelevato aria in un tempo di mezz&#8217;ora e che forniscono una prima informazione sulle sostanze volatili presenti. Non sono state rilevate sostanze clorurate che segnalino possibile formazione di diossine. E&#8217; ancora in corso il campionamento con pompe ad alto volume per la ricerca di polveri, Idrocarburi Policiclici Aromatici e altri microinquinanti. I punti fissi di controllo in continuo della qualit\u00e0 dell\u2019aria della provincia, posizionati a Belluno, Feltre e Alpago, non rilevano criticit\u00e0. I dati in continuo sono disponibili alla\u00a0<a class=\"external-link\" title=\"il collegamento apre una nuova finestra\" href=\"http:\/\/www.arpa.veneto.it\/arpavinforma\/bollettini\/aria\/rete_pm10.php\" target=\"_blank\" rel=\"noopener\">pagina web<\/a>\u00a0dedicata.<\/div>\n<p>&nbsp;<\/p>\n<p>&nbsp;<\/p>\n<p>&nbsp;<\/p>\n<h1>DE MENECH CHIEDE FONDI SPECIALI<\/h1>\n<p>AUDIO<\/p>\n<audio class=\"wp-audio-shortcode\" id=\"audio-65251-6\" preload=\"none\" style=\"width: 100%;\" controls=\"controls\"><source type=\"audio\/mpeg\" src=\"http:\/\/www.radiopiu.net\/wordpress\/wp-content\/uploads\/2018\/10\/roger-1.mp3?_=6\" \/><a href=\"http:\/\/www.radiopiu.net\/wordpress\/wp-content\/uploads\/2018\/10\/roger-1.mp3\">http:\/\/www.radiopiu.net\/wordpress\/wp-content\/uploads\/2018\/10\/roger-1.mp3<\/a><\/audio>\n<p><a class=\"dt-pswp-item\" href=\"http:\/\/www.radiopiu.net\/wordpress\/wp-content\/uploads\/2018\/05\/Roger_De_Menech_daticamera.jpg\" data-dt-img-description=\"\" data-large_image_width=\"165\" data-large_image_height=\"228\"><img loading=\"lazy\" decoding=\"async\" class=\"size-full wp-image-49599 alignleft\" src=\"http:\/\/www.radiopiu.net\/wordpress\/wp-content\/uploads\/2018\/05\/Roger_De_Menech_daticamera.jpg\" alt=\"\" width=\"165\" height=\"228\" \/><\/a>ROMA\u00a0\u00a0Il governo italiano deve stanziare al pi\u00f9 presto le risorse per il ristoro dei danni causati dall\u2019incendio in Agordino. Mentre le fiamme divampano ancora nei dintorni di Taibon Agordino, il deputato bellunese Roger De Menech ha depositato oggi un\u2019interrogazione richiedendo l\u2019intervento immediato del governo. \u00abI vigili del fuoco, il soccorso alpino e i volontari stanno facendo un lavoro durissimo\u00bb, afferma De Menech. \u00abNonostante l\u2019impegno, i danni saranno ingenti, sia dal punto di vista ambientale sia quelli materiali. Servono subito strumenti che consentano alle amministrazioni locali di affrontare le conseguenze dell\u2019incendio non appena l\u2019emergenza sar\u00e0 terminata\u00bb. La richiesta di fondi speciali \u00e8 motivata anche dall\u2019esigenza di salvaguardare una delle zone d\u2019Italia pi\u00f9 preziose sotto il profilo ambientale, cuore delle Dolomiti riconosciute dall\u2019Unesco patrimonio mondiale dell\u2019umanit\u00e0. \u00abSpero che il governo si attivi immediatamente, anche raccordandosi con i sindaci per quantificare i danni e attuare un piano di lavori che scongiuri in futuro il ripetersi di simili catastrofi\u00bb, conclude il deputato.<\/p>\n<h1>De Menech \u00e8 inoltre intervenuto alla Camera dei Deputati, ecco il suo intervento<\/h1>\n<audio class=\"wp-audio-shortcode\" id=\"audio-65251-7\" preload=\"none\" style=\"width: 100%;\" controls=\"controls\"><source type=\"audio\/mpeg\" src=\"http:\/\/www.radiopiu.net\/wordpress\/wp-content\/uploads\/2018\/10\/de-menech.mp3?_=7\" \/><a href=\"http:\/\/www.radiopiu.net\/wordpress\/wp-content\/uploads\/2018\/10\/de-menech.mp3\">http:\/\/www.radiopiu.net\/wordpress\/wp-content\/uploads\/2018\/10\/de-menech.mp3<\/a><\/audio>\n<p>&nbsp;<\/p>\n<p>&nbsp;<\/p>\n<p>&nbsp;<\/p>\n<h1>TERZO INCENDIO IN DUE GIORNI A CATASTE DI LEGNA<\/h1>\n<p><strong><a class=\"dt-pswp-item\" href=\"http:\/\/www.radiopiu.net\/wordpress\/wp-content\/uploads\/2017\/05\/CANALE-AGOROD.jpg\" data-dt-img-description=\"\" data-large_image_width=\"275\" data-large_image_height=\"183\"><img loading=\"lazy\" decoding=\"async\" class=\" wp-image-32163 alignleft\" src=\"http:\/\/www.radiopiu.net\/wordpress\/wp-content\/uploads\/2017\/05\/CANALE-AGOROD.jpg\" alt=\"\" width=\"161\" height=\"107\" \/><\/a>CANALE D&#8217;AGORDO<\/strong> Non \u00e8 certo un caso e la preoccupazione in paese sale, in due giorni sono andate a fuoco tre cataste di legna, l&#8217;ultima ieri nel pomeriggio con i vigili del fuoco che hanno dovuto abbandonare le operazioni di spegnimento\u00a0 a Taibon per salire in tutta fretta in Valle del Biois.\u00a0 Verso le 17.30, sono intervenuti i vigili<br \/>\ndel fuoco volontari della Val Biois e quelli del distaccamento di Agordo allertati da delle persone che avevano visto, in localit\u00e0 Soia, uscire del fumo da una baracca di legno.\u00a0 Pare si sia trattato di un episodio di poco conto<\/p>\n<p>&nbsp;<\/p>\n<p>&nbsp;<\/p>\n<p>&nbsp;<\/p>\n<h1>INTERROGAZIONE PER MANTENERE L&#8217;ORA LEGALE TUTTO L&#8217;ANNO\u201d<\/h1>\n<p><strong><a class=\"dt-pswp-item\" href=\"http:\/\/www.radiopiu.net\/wordpress\/wp-content\/uploads\/2018\/10\/download-18.jpg\" data-dt-img-description=\"\" data-large_image_width=\"276\" data-large_image_height=\"182\"><img loading=\"lazy\" decoding=\"async\" class=\" wp-image-65296 alignleft\" src=\"http:\/\/www.radiopiu.net\/wordpress\/wp-content\/uploads\/2018\/10\/download-18.jpg\" alt=\"\" width=\"149\" height=\"98\" \/><\/a>ROMA<\/strong> Nuova iniziativa di Dario Bond,\u00a0\u00a0un&#8217;interrogazione per chiedere al Governo di mantenere l&#8217;ora legale per tutto l&#8217;arco dell&#8217;anno, per risparmiare energia soprattutto. Ecco il suo intervento\u00a0 a pochi giorni dal cambio dell&#8217;ora, con il ritorno all&#8217;ora solare.<\/p>\n<audio class=\"wp-audio-shortcode\" id=\"audio-65251-8\" preload=\"none\" style=\"width: 100%;\" controls=\"controls\"><source type=\"audio\/mpeg\" src=\"http:\/\/www.radiopiu.net\/wordpress\/wp-content\/uploads\/2018\/10\/BOND-ORA-LEGALE.mp3?_=8\" \/><a href=\"http:\/\/www.radiopiu.net\/wordpress\/wp-content\/uploads\/2018\/10\/BOND-ORA-LEGALE.mp3\">http:\/\/www.radiopiu.net\/wordpress\/wp-content\/uploads\/2018\/10\/BOND-ORA-LEGALE.mp3<\/a><\/audio>\n<p>&nbsp;<\/p>\n<h1><\/h1>\n<h1><\/h1>\n<h1>SCUOLA: ASSESSORE DONAZZAN, \u201cELIMINARE LA STORIA DAI TEMI DELLA MATURIT\u00c0? \u00c8 RECIDERE LE RADICI\u201d<\/h1>\n<p><strong><a class=\"dt-pswp-item\" href=\"http:\/\/www.radiopiu.net\/wordpress\/wp-content\/uploads\/2016\/05\/Filastrocche-sulla-scuola.jpg\" data-dt-img-description=\"\" data-large_image_width=\"628\" data-large_image_height=\"420\"><img loading=\"lazy\" decoding=\"async\" class=\"size-medium wp-image-19194 alignleft\" src=\"http:\/\/www.radiopiu.net\/wordpress\/wp-content\/uploads\/2016\/05\/Filastrocche-sulla-scuola-300x201.jpg\" alt=\"\" width=\"300\" height=\"201\" \/><\/a>VENEZIA\u00a0<\/strong> \u201cBene fa il presidente della sesta commissione consiliare ad aver sollevato questa incongruenza: abolire la prova di storia dall\u2019esame di maturit\u00e0 e ridurre lo studio della storia a scuola a materia secondaria, significa recidere le radici di una nazione e di un territorio, svilire le persone stesse nella loro capacit\u00e0 critica. Cancellare la prova scritta di storia appare peraltro incoerente con la scelta del ministero di condividere con la Regione Veneto un ulteriore approfondimento della storia locale, nelle scuole di ogni ordine e grado, cos\u00ec come sancito dal recente protocollo siglato tra il presidente Zaia e il ministro Bussetti\u201d. L\u2019assessore regionale all\u2019istruzione e formazione Elena Donazzan condivide lo sconcerto e la preoccupazione espressi da Alberto Villanova, consigliere regionale e presidente della commissione Scuola e cultura del Consiglio veneto, in merito alla decisione della commissione ministeriale di eliminare la traccia storica nella prima prova scritta dell\u2019esame di Stato. \u201cPi\u00f9 storia e pi\u00f9 conoscenza e rispetto della storia equivale a dare pi\u00f9 forza alla cultura e all\u2019identit\u00e0 \u2013 ribadisce l\u2019assessore &#8211; anche nei confronti di coloro che, attraverso l\u2019integrazione a scuola e lo studio della storia, possono conoscere il passato, la nazione e il territorio di chi li accoglie e riconoscersi quindi in una identit\u00e0 nuova\u201d. \u201cTrovo gravissimo \u2013 conclude Donazzan &#8211; che si derubrichi la storia proprio nei giorni in cui si dovrebbe celebrare, con il massimo della consapevolezza istituzionale, la fine della Grande Guerra, l\u2019affermazione dell\u2019unit\u00e0 d\u2019Italia e la conclusione di un centenario che ha visto la storia protagonista nelle scuole. Che il ministero torni indietro, per carit\u00e0 di patria e per rispetto della cultura!\u201d.<\/p>\n<p>&nbsp;<\/p>\n<p>&nbsp;<\/p>\n<p>&nbsp;<\/p>\n<p>&nbsp;<\/p>\n<p>&nbsp;<\/p>\n<p align=\"CENTER\"><span style=\"font-family: Arial, sans-serif;\"><span style=\"font-size: x-large;\"><b>MICHELE VIGNE A LISBONA PER LA GIORNATA INTERNAZIONALE DELLA PROPRIET\u00c1<\/b><\/span><\/span><\/p>\n<p align=\"JUSTIFY\"><span style=\"font-family: Arial, sans-serif;\"><a class=\"dt-pswp-item\" href=\"http:\/\/www.radiopiu.net\/wordpress\/wp-content\/uploads\/2018\/10\/PHOTO-2018-10-26-11-02-38.jpg\" data-dt-img-description=\"\" data-large_image_width=\"768\" data-large_image_height=\"1024\"><img loading=\"lazy\" decoding=\"async\" class=\"size-medium wp-image-65253 alignleft\" src=\"http:\/\/www.radiopiu.net\/wordpress\/wp-content\/uploads\/2018\/10\/PHOTO-2018-10-26-11-02-38-225x300.jpg\" alt=\"\" width=\"225\" height=\"300\" srcset=\"https:\/\/www.radiopiu.net\/wordpress\/wp-content\/uploads\/2018\/10\/PHOTO-2018-10-26-11-02-38-225x300.jpg 225w, https:\/\/www.radiopiu.net\/wordpress\/wp-content\/uploads\/2018\/10\/PHOTO-2018-10-26-11-02-38.jpg 768w\" sizes=\"auto, (max-width: 225px) 100vw, 225px\" \/><\/a>Ieri a Lisbona, si \u00e8 andata in scena la Giornata internazionale della propriet\u00e0, indetta dall\u2019Unione Internazionale della Propriet\u00e0 Immobiliare (UIPI), organismo in cui l\u2019Italia \u00e8 rappresentata da Confedilizia.\u00a0<\/span><span style=\"font-family: Arial, sans-serif;\">La giornata si \u00e8 ispirata ai principii stabiliti dall\u2019articolo 17 della Dichiarazione universale dei diritti dell\u2019uomo, ove si sancisce che ogni individuo ha il diritto ad avere una propriet\u00e0 e che nessuno pu\u00f2 esserne arbitrariamente privato.\u00a0<\/span><span style=\"font-family: Arial, sans-serif;\">La delegazione dell\u2019UIPI, in rappresentanza di 28 Paesi europei, \u00e8 stata\u00a0 ricevuta dal Presidente della Repubblica portoghese, Marcelo Rebelo de Sousa.\u00a0<\/span><span style=\"font-family: Arial, sans-serif;\">Il vicepresidente di Confedilizia e dell\u2019UIPI, Michele Vigne, ha dichiarato:\u00a0<\/span>\u201c<span style=\"font-family: Arial, sans-serif;\">Ottimismo, programmazione, fiducia nel futuro, propensione al risparmio, responsabilit\u00e0, sono peculiarit\u00e0 tutte che connotano\u00a0 un buon cittadino, una persona disposta a contribuire al progresso e allo sviluppo della societ\u00e0.\u00a0<\/span><span style=\"font-family: Arial, sans-serif;\">Queste stesse qualit\u00e0, sovente, si ritrovano in colui che investe nell\u2019immobiliare, che impegna i propri risparmi per acquistare un bene ed \u00e8 disposto ad erogare ulteriori risorse finanziarie per ristrutturare il fabbricato, per renderlo pi\u00f9 efficiente e sicuro, per migliorare e sviluppare il territorio nel quale esso si trova.\u00a0<\/span><span style=\"font-family: Arial, sans-serif;\">Da ci\u00f2 si evince il rilevante ruolo, economico e sociale, ricoperto dai proprietari, impegnati ad accrescere la societ\u00e0. Proprio per tale motivo l\u2019auspicio \u00e8 che non vi siano ostacoli a che ogni individuo possa acquisire una propriet\u00e0\u201d.<\/span><\/p>\n<p align=\"JUSTIFY\"><strong><em>foto\u00a0 Michele Vigne e Galliani Caputo con il presidente della associazione portoghese della propriet\u00e0 edilizia Luis Menezes Leitao<\/em><\/strong><\/p>\n<h1><\/h1>\n<h1><\/h1>\n<h1><\/h1>\n<blockquote>\n<h1><\/h1>\n<\/blockquote>\n<h1>LETTERA SULL&#8217;ATTUAZIONE DELLA LEGGE NAZIONALE SUI PICCOLI COMUNI<\/h1>\n<blockquote><p><em>Dall&#8217;Uncem un appello al presidente del Consiglio Giuseppe Conte ed ai Ministri Salvini e Toninelli per attuare i decreti di loro competenze che formano le legge.<\/em><\/p><\/blockquote>\n<p><em><a class=\"dt-pswp-item\" href=\"http:\/\/www.radiopiu.net\/wordpress\/wp-content\/uploads\/2018\/10\/download-17.jpg\" data-dt-img-description=\"\" data-large_image_width=\"225\" data-large_image_height=\"225\"><img loading=\"lazy\" decoding=\"async\" class=\"size-full wp-image-65283 alignleft\" src=\"http:\/\/www.radiopiu.net\/wordpress\/wp-content\/uploads\/2018\/10\/download-17.jpg\" alt=\"\" width=\"225\" height=\"225\" srcset=\"https:\/\/www.radiopiu.net\/wordpress\/wp-content\/uploads\/2018\/10\/download-17.jpg 225w, https:\/\/www.radiopiu.net\/wordpress\/wp-content\/uploads\/2018\/10\/download-17-150x150.jpg 150w\" sizes=\"auto, (max-width: 225px) 100vw, 225px\" \/><\/a>Rivolgiamo questo appello sottoscritto da Legambiente, Borghi Autentici d\u2019Italia e Uncem, insieme a centinaia di piccoli Comuni per chiedere a Lei effettiva attuazione della legge per la salvaguardia dei piccoli Comuni, che necessita ancora di due decreti attuativi, in capo alla competenza di due suoi Ministri, Salvini e Toninelli a cui estendiamo il presente appello. La legge 158\/2017 approvata sul finire della scorsa legislatura all\u2019unanimit\u00e0, che pone finalmente le condizioni per invertire la rotta e ridurre le maggiori disuguaglianze territoriali, ha oggi dunque bisogno di un\u2019urgente spinta politica, economica e sociale per determinare ricadute reali e inversioni di tendenza significative. Prima fra tutte il finanziamento rapido alla banda ultra larga: prima grande infrastruttura immateriale necessaria a questi territori per riportare il lavoro e ridurre le distanze digitali anche nelle zone bianche e a fallimento di mercato. Riteniamo che per questo sia immediatamente necessario non solo incardinare nella Legge di Bilancio le risorse non spese degli anni precedenti previste nel testo, ma prevedere risorse ulteriori che portino a 100 milioni di euro all\u2019anno, e non in un quinquennio come previsto dalla norma, le risorse a disposizione. E\u2019 oggi, inoltre, urgente che il Ministero dell\u2019Interno stili l\u2019elenco dei Comuni beneficiari in tempi rapidi, mettendo subito il Ministero delle Infrastrutture in condizione di stilare il Piano Nazionale per la riqualificazione dei piccoli Comuni, che avr\u00e0 il compito di definire modalit\u00e0 di presentazione e selezione dei progetti finanziabili dalle risorse previste. Riteniamo fondamentale che il Piano in questione debba indirizzare le risorse a disposizione non a pioggia su piccoli interventi sparsi, ma su validi progetti pilota che siano un modello di innovazione d\u2019area vasta, in grado di determinare un reale cambio di passo verso uno sviluppo sostenibile e indicare la direzione sul futuro anche ai successivi stanziamenti. Per questo, onorevole Presidente e onorevoli Ministri, Vi chiediamo insieme alle tante realt\u00e0 che si interessano di territorio e ai tanti sindaci che sottoscrivono questo appello, di indicarci i tempi di lavoro in atto, di prevedere un incontro con questa delegazione che apra un tavolo di confronto per dare un segnale importante alle comunit\u00e0 sparse che governano gran parte del territorio italiano e hanno urgenza di credere sia ancora possibile progettare e immaginare un futuro in questo terzo millennio anche per i centri fuori dalle citt\u00e0.<\/em><\/p>\n<h1><\/h1>\n<h1><\/h1>\n<h1><\/h1>\n<blockquote>\n<h1><\/h1>\n<\/blockquote>\n<h1>NUOVA VITA PER IL SOTTOPASSO FERROVIARIO<\/h1>\n<blockquote><p><em>\u201cIntanto qualcuno ruba\u201d il dissuasore di Tisoi&#8221;<\/em><\/p><\/blockquote>\n<p><strong><a class=\"dt-pswp-item\" href=\"http:\/\/www.radiopiu.net\/wordpress\/wp-content\/uploads\/2018\/10\/LvwC2fg.jpeg\" data-dt-img-description=\"\" data-large_image_width=\"1254\" data-large_image_height=\"960\"><img loading=\"lazy\" decoding=\"async\" class=\" wp-image-65256 alignleft\" src=\"http:\/\/www.radiopiu.net\/wordpress\/wp-content\/uploads\/2018\/10\/LvwC2fg-300x230.jpeg\" alt=\"\" width=\"254\" height=\"195\" srcset=\"https:\/\/www.radiopiu.net\/wordpress\/wp-content\/uploads\/2018\/10\/LvwC2fg-300x230.jpeg 300w, https:\/\/www.radiopiu.net\/wordpress\/wp-content\/uploads\/2018\/10\/LvwC2fg-768x588.jpeg 768w, https:\/\/www.radiopiu.net\/wordpress\/wp-content\/uploads\/2018\/10\/LvwC2fg-1024x784.jpeg 1024w, https:\/\/www.radiopiu.net\/wordpress\/wp-content\/uploads\/2018\/10\/LvwC2fg.jpeg 1254w\" sizes=\"auto, (max-width: 254px) 100vw, 254px\" \/><\/a><\/strong><\/p>\n<p>&nbsp;<\/p>\n<p><strong>BELLUNO\u00a0<\/strong> Continuano i piccoli lavori di manutenzione sul territorio comunale: mentre nei giorni scorsi \u00e8 stato ripulito il sottopasso della stazione ferroviaria, qualcuno ha pensato di \u201crubare\u201d il dissuasore posizionato a Tisoi su richiesta dei cittadini.<\/p>\n<p><strong>TISOI IL DISSUASORE SCOMPARSO<\/strong><\/p>\n<p>Il Comune installa un piccolo dissuasore davanti al cimitero di Tisoi, \u00a0scelta per\u00f2 non deve essere piaciuta ad alcuni automobilisti. il dissuasore \u00e8 stato installato sabato mattina, e nel pomeriggio era gi\u00e0 stato gettato nel cassonetto. Luned\u00ec gli operai sono tornati ed installarlo, ma marted\u00ec \u00e8 stato nuovamente rimosso, e questa volta \u00e8 sparito.<\/p>\n<h4>L&#8217;ASSESSORE AI LAVORI PUBBLICI BIAGIO GIANNONE<\/h4>\n<audio class=\"wp-audio-shortcode\" id=\"audio-65251-9\" preload=\"none\" style=\"width: 100%;\" controls=\"controls\"><source type=\"audio\/mpeg\" src=\"http:\/\/www.radiopiu.net\/wordpress\/wp-content\/uploads\/2018\/10\/Giannone-Dosso-Tisoi.mp3?_=9\" \/><a href=\"http:\/\/www.radiopiu.net\/wordpress\/wp-content\/uploads\/2018\/10\/Giannone-Dosso-Tisoi.mp3\">http:\/\/www.radiopiu.net\/wordpress\/wp-content\/uploads\/2018\/10\/Giannone-Dosso-Tisoi.mp3<\/a><\/audio>\n<p><a class=\"dt-pswp-item\" href=\"http:\/\/www.radiopiu.net\/wordpress\/wp-content\/uploads\/2018\/10\/XNvbnGMQ.jpeg\" data-dt-img-description=\"\" data-large_image_width=\"960\" data-large_image_height=\"1280\"><img loading=\"lazy\" decoding=\"async\" class=\"size-medium wp-image-65257 alignleft\" src=\"http:\/\/www.radiopiu.net\/wordpress\/wp-content\/uploads\/2018\/10\/XNvbnGMQ-225x300.jpeg\" alt=\"\" width=\"225\" height=\"300\" srcset=\"https:\/\/www.radiopiu.net\/wordpress\/wp-content\/uploads\/2018\/10\/XNvbnGMQ-225x300.jpeg 225w, https:\/\/www.radiopiu.net\/wordpress\/wp-content\/uploads\/2018\/10\/XNvbnGMQ-768x1024.jpeg 768w, https:\/\/www.radiopiu.net\/wordpress\/wp-content\/uploads\/2018\/10\/XNvbnGMQ.jpeg 960w\" sizes=\"auto, (max-width: 225px) 100vw, 225px\" \/><\/a><\/p>\n<p>&nbsp;<\/p>\n<p>&nbsp;<\/p>\n<p>&nbsp;<\/p>\n<p>&nbsp;<\/p>\n<p>&nbsp;<\/p>\n<p>Sempre in questi giorni, gli operai comunali della manutenzione fabbricati sono stati impegnati nella pulizia e nella pittura del sottopasso ferroviario. L&#8217;intervento \u00e8 nato da una segnalazione dello scorso 18 ottobre da parte di un consigliere comunale<\/p>\n<p>BIAGIO GIANNONE<\/p>\n<audio class=\"wp-audio-shortcode\" id=\"audio-65251-10\" preload=\"none\" style=\"width: 100%;\" controls=\"controls\"><source type=\"audio\/mpeg\" src=\"http:\/\/www.radiopiu.net\/wordpress\/wp-content\/uploads\/2018\/10\/Giannone-Pulizia-sottopasso.mp3?_=10\" \/><a href=\"http:\/\/www.radiopiu.net\/wordpress\/wp-content\/uploads\/2018\/10\/Giannone-Pulizia-sottopasso.mp3\">http:\/\/www.radiopiu.net\/wordpress\/wp-content\/uploads\/2018\/10\/Giannone-Pulizia-sottopasso.mp3<\/a><\/audio>\n<p>&nbsp;<\/p>\n\n\t\t\t<style type='text\/css'>\n\t\t\t\t#gallery-2 {\n\t\t\t\t\tmargin: auto;\n\t\t\t\t}\n\t\t\t\t#gallery-2 .gallery-item {\n\t\t\t\t\tfloat: left;\n\t\t\t\t\tmargin-top: 10px;\n\t\t\t\t\ttext-align: center;\n\t\t\t\t\twidth: 33%;\n\t\t\t\t}\n\t\t\t\t#gallery-2 img {\n\t\t\t\t\tborder: 2px solid #cfcfcf;\n\t\t\t\t}\n\t\t\t\t#gallery-2 .gallery-caption {\n\t\t\t\t\tmargin-left: 0;\n\t\t\t\t}\n\t\t\t\t\/* see gallery_shortcode() in wp-includes\/media.php *\/\n\t\t\t<\/style>\n\t\t<div id='gallery-2' class='dt-gallery-container gallery galleryid-65251 gallery-columns-3 gallery-size-thumbnail'><dl class='gallery-item'>\n\t\t\t\t<dt class='gallery-icon portrait'>\n\t\t\t\t\t<a class=\"rollover\" href='https:\/\/www.radiopiu.net\/wordpress\/giornale-radiopiu-27-ottobre-2018-direttore-mirko-mezzacasa\/mhll4p7q\/'><img loading=\"lazy\" decoding=\"async\" width=\"150\" height=\"150\" src=\"https:\/\/www.radiopiu.net\/wordpress\/wp-content\/uploads\/2018\/10\/MHlL4p7Q-150x150.jpeg\" class=\"attachment-thumbnail size-thumbnail\" alt=\"\" \/><\/a>\n\t\t\t\t<\/dt><\/dl><dl class='gallery-item'>\n\t\t\t\t<dt class='gallery-icon portrait'>\n\t\t\t\t\t<a class=\"rollover\" href='https:\/\/www.radiopiu.net\/wordpress\/giornale-radiopiu-27-ottobre-2018-direttore-mirko-mezzacasa\/fafyl2bg\/'><img loading=\"lazy\" decoding=\"async\" width=\"150\" height=\"150\" src=\"https:\/\/www.radiopiu.net\/wordpress\/wp-content\/uploads\/2018\/10\/fAFYL2bg-150x150.jpeg\" class=\"attachment-thumbnail size-thumbnail\" alt=\"\" \/><\/a>\n\t\t\t\t<\/dt><\/dl><dl class='gallery-item'>\n\t\t\t\t<dt class='gallery-icon portrait'>\n\t\t\t\t\t<a class=\"rollover\" href='https:\/\/www.radiopiu.net\/wordpress\/giornale-radiopiu-27-ottobre-2018-direttore-mirko-mezzacasa\/u_zh-qg\/'><img loading=\"lazy\" decoding=\"async\" width=\"150\" height=\"150\" src=\"https:\/\/www.radiopiu.net\/wordpress\/wp-content\/uploads\/2018\/10\/U_zH-qg-150x150.jpeg\" class=\"attachment-thumbnail size-thumbnail\" alt=\"\" \/><\/a>\n\t\t\t\t<\/dt><\/dl><br style=\"clear: both\" \/>\n\t\t\t<\/div>\n\n<h1><\/h1>\n<h1><\/h1>\n<blockquote>\n<h1><\/h1>\n<\/blockquote>\n<h1>LA TRASFORMAZIONE DELL&#8217;EX STAZIONE DEL GAS<\/h1>\n<blockquote><p><strong><em><a class=\"dt-pswp-item\" href=\"http:\/\/www.radiopiu.net\/wordpress\/wp-content\/uploads\/2016\/02\/Agordo_BL_Italy_village.jpg\" data-dt-img-description=\"\" data-large_image_width=\"2592\" data-large_image_height=\"1944\"><img loading=\"lazy\" decoding=\"async\" class=\" wp-image-16578 alignleft\" src=\"http:\/\/www.radiopiu.net\/wordpress\/wp-content\/uploads\/2016\/02\/Agordo_BL_Italy_village-300x225.jpg\" alt=\"\" width=\"207\" height=\"155\" \/><\/a>80 mila euro per il nuovo edificio comunale anche per i vigili del fuoco e le associazioni di volontariato. Futuro pi\u00f9 sereno per gli &#8220;sfrattati&#8221; da via Molin dei Cot.<\/em><\/strong><\/p><\/blockquote>\n<p><strong>AGORDO<\/strong><\/p>\n<p>di GIANNI SANTOMASO<\/p>\n<audio class=\"wp-audio-shortcode\" id=\"audio-65251-11\" preload=\"none\" style=\"width: 100%;\" controls=\"controls\"><source type=\"audio\/ogg\" src=\"http:\/\/www.radiopiu.net\/wordpress\/wp-content\/uploads\/2018\/10\/GIANNI-CARRO.ogg?_=11\" \/><a href=\"http:\/\/www.radiopiu.net\/wordpress\/wp-content\/uploads\/2018\/10\/GIANNI-CARRO.ogg\">http:\/\/www.radiopiu.net\/wordpress\/wp-content\/uploads\/2018\/10\/GIANNI-CARRO.ogg<\/a><\/audio>\n<p>&nbsp;<\/p>\n<p>&nbsp;<\/p>\n<p>&nbsp;<\/p>\n<blockquote><p>&nbsp;<\/p><\/blockquote>\n<h1>MARIO ZANETTI, RICONFERMA ALLA GUIDA DELLA SEZIONE INDUSTRIE CARTARIE E GRAFICHE IN CONFINDUSTRIA<\/h1>\n<p><strong>BELLUNO\u00a0<\/strong>Mario Zanetti \u00e8 stato riconfermato, per i prossimi sei mesi, alla presidenza\u00a0della Sezione Industrie cartarie e grafiche. Mario Zanetti \u00e8 il titolare della societ\u00e0 Panfilo Castaldi SAS di Agordo, una delle pi\u00f9 longeve e innovative aziende del settore stampa e grafica, con oltre sessant\u2019anni di attivit\u00e0 alle spalle. L\u2019azienda \u00e8 anche tra le prime ad aver aderito all\u2019associazione confindustriale e il padre di Mario Zanetti \u00e8 tra i fondatori di Confindustria Belluno Dolomiti.<\/p>\n<p><em><a class=\"dt-pswp-item\" href=\"http:\/\/www.radiopiu.net\/wordpress\/wp-content\/uploads\/2018\/10\/Mario-Zanetti1.jpg\" data-dt-img-description=\"\" data-large_image_width=\"512\" data-large_image_height=\"768\"><img loading=\"lazy\" decoding=\"async\" class=\"size-medium wp-image-65269 alignleft\" src=\"http:\/\/www.radiopiu.net\/wordpress\/wp-content\/uploads\/2018\/10\/Mario-Zanetti1-200x300.jpg\" alt=\"\" width=\"200\" height=\"300\" srcset=\"https:\/\/www.radiopiu.net\/wordpress\/wp-content\/uploads\/2018\/10\/Mario-Zanetti1-200x300.jpg 200w, https:\/\/www.radiopiu.net\/wordpress\/wp-content\/uploads\/2018\/10\/Mario-Zanetti1.jpg 512w\" sizes=\"auto, (max-width: 200px) 100vw, 200px\" \/><\/a>\u00abEcosostenibilit\u00e0 e qualit\u00e0, innovazione tecnologica con una vision moderna improntata alla trasformazione digitale e ampliamento della base associativa. Sono queste le priorit\u00e0 del nuovo consiglio di Sezione\u00a0 \u2013 afferma Mario Zanetti\u00a0 &#8211;\u00a0 abbiamo anche in programma la visita ad alcune eccellenze del settore tipografico e grafico che, spinto dalla forte concorrenza e dalla digitalizzazione dei processi, \u00e8 in grande evoluzione. Tra le realt\u00e0 che andremo a conoscere ci sono la Tipoteca Italiana di Cornuda (Grafiche Antiga), importante polo museale a livello internazionale, dedicato alla storia della stampa e del design tipografico,\u00a0 ed il Museo Nicolis \u2013 Gruppo Lamacart di Villafranca di Verona. Il consiglio della sezione si \u00e8 riunito per il rinnovo delle cariche alla cartiera Reno De Medici di Santa Giustina che ci ha offerto l\u2019opportunit\u00e0 di visitare lo stabilimento e i nuovi impianti realizzati. L\u2019azienda negli ultimi tre anni ha investito moltissimo per abbattere i consumi energetici e idrici,\u00a0oltre che per migliorare i gi\u00e0 alti standard ambientali e offrire prodotti eccellenti, destinati anche al comparto alimentare. Questa \u00e8 la dimostrazione che le nostre imprese stanno facendo molto per l\u2019ambiente confermando che la presenza industriale \u00e8 indispensabile sul territorio per garantire valore aggiunto sostenibile nel tempo e contribuire all\u2019innalzamento del livello del benessere di una comunit\u00e0\u00bb.<\/em><\/p>\n<p>Nella stessa sessione sono stati eletti\u00a0 come\u00a0 consiglieri Rinaldo Verardo \u2013 administration e hr manager di Reno De Medici Stabilimento di Santa Giustina,\u00a0 Vladimiro Reolon \u2013 Seribell srl, Rinaldo Pedrini \u2013 Modul 3 srl e Stefano Genova \u2013 Aquarello srl.<\/p>\n<h1><\/h1>\n<h1><\/h1>\n<h1><\/h1>\n<h1><\/h1>\n<blockquote>\n<h1><\/h1>\n<\/blockquote>\n<h1>A LONGARONE FIERE TUTTO PRONTO PER LA 41. EDIZIONE DI ARREDAMONT \u2013 IL VICEPRESIDENTE GIANLUCA FORCOLIN ALL\u2019INAUGURAZIONE<\/h1>\n<p><strong><a class=\"dt-pswp-item\" href=\"http:\/\/www.radiopiu.net\/wordpress\/wp-content\/uploads\/2018\/10\/Legno-protagonista-ad-Arredamont.jpg\" data-dt-img-description=\"\" data-large_image_width=\"1667\" data-large_image_height=\"1052\"><img loading=\"lazy\" decoding=\"async\" class=\"size-medium wp-image-65276 alignleft\" src=\"http:\/\/www.radiopiu.net\/wordpress\/wp-content\/uploads\/2018\/10\/Legno-protagonista-ad-Arredamont-300x189.jpg\" alt=\"\" width=\"300\" height=\"189\" srcset=\"https:\/\/www.radiopiu.net\/wordpress\/wp-content\/uploads\/2018\/10\/Legno-protagonista-ad-Arredamont-300x189.jpg 300w, https:\/\/www.radiopiu.net\/wordpress\/wp-content\/uploads\/2018\/10\/Legno-protagonista-ad-Arredamont-768x485.jpg 768w, https:\/\/www.radiopiu.net\/wordpress\/wp-content\/uploads\/2018\/10\/Legno-protagonista-ad-Arredamont-1024x646.jpg 1024w, https:\/\/www.radiopiu.net\/wordpress\/wp-content\/uploads\/2018\/10\/Legno-protagonista-ad-Arredamont.jpg 1667w\" sizes=\"auto, (max-width: 300px) 100vw, 300px\" \/><\/a>LONGARONE<\/strong> Sar\u00e0 il Vicepresidente della Regione Veneto, Gianluca Forcolin, ad inaugurare\u00a0 alle 11.30, nel Quartiere Espositivo di Longarone Fiere, la 41^ edizione di Arredamont, il Salone dell\u2019abitare e dell\u2019arredare in montagna che proseguir\u00e0 sino a domenica 4 novembre prossimo. La manifestazione si presenta anche quest\u2019anno con il tutto esaurito per quanto riguarda gli spazi occupati con la presenza di 212 espositori diretti e 249 marchi aziendali in rappresentanza di 13 regioni italiane, oltre a 9 Paesi esteri. Un\u2019esposizione completa in fatto di arredamento, complementi, tessuti, oggettistica, prodotti tipici degli ambienti delle aree alpine. E non solo per case di abitazione, ma anche per alberghi e ristoranti dove il legno la far\u00e0 ancora una volta da protagonista, senza dimenticare altri materiali naturali come la pietra, il ferro e la lana lavorata.\u00a0 Arredamont \u00e8 tradizionalmente la manifestazione fieristica nella quale \u00e8 la \u201cmateria prima legno\u201d ad essere protagonista assoluta. Lo si vede declinato in diverse filiere produttive: nei mobili soprattutto, \u00e8 logico; ma anche nell\u2019oggettistica, nei complementi d\u2019arredo, nei pavimenti, nelle boiserie. Il legno \u201cfa\u201d ambiente: nuovo o antico, di recupero o appena piallato, \u00e8 un materiale caldo che d\u00e0 grande soddisfazione. Girando tra gli stand espositivi, accanto ai tradizionali mobili e complementi d\u2019arredo, si potranno trovare anche oggetti particolari e spunti per caratterizzare le situazioni d\u2019arredo pi\u00f9 diverse: dall\u2019angolo del soggiorno di casa alla vetrina di negozio in citt\u00e0. Le ambientazioni di montagna sono molto spesso giocate su un equilibrato mix, originato da istinto genuino piuttosto che da meditata riflessione, tra gli elementi pi\u00f9 tipicamente naturali della natura montana, tra i quali il legno rimane sempre il \u201cdominus\u201d da tutti i punti di vista. Partendo da una base duttile come appunto \u00e8 il legno, vengono spesso creati oggetti di design e pezzi esclusivi, e di questi se ne trovano diversi ad Arredamont 2018. Inoltre saranno molte anche le iniziative e le dimostrazioni che animeranno le nove giornate di Arredamont, che vedranno gi\u00e0 da domani i mascherai alpini (Padiglione B) alternarsi nella realizzazione di un pannello in legno in altorilievo, mentre nello stand della Consociazione Italiana Tappezzieri Arredatori (Padiglione A2) ci saranno Pietro Virzi, Tappezziere di Milano e Maestro d\u2019Arte MAM 2018, e Gabriele Pizzulo, Tappezziere di Palazzolo sull\u2019Oglio, disponibili a condividere il loro sapere con noi, e sempre per l\u2019intera giornata nello stand dell\u2019Associazione Io Amo Castellavazzo (Padiglione D) si terranno dei laboratori aperti a tutti con la creazione di piccoli oggetti e la realizzazione di un dinosauro gigante, naturalmente tutto in legno. Infine nel pomeriggio, alle ore 15.00 presso Arredamont Arena (Padiglione C), si terr\u00e0 l\u2019incontro dal titolo \u201cUtilizzo del legno nelle sue forme\u201d a cura del Centro Consorzi.<\/p>\n<blockquote><p><strong><em>Arredamont \u00e8 aperta dalle 10 alle 19, tranne il 29 \u2013 30 \u2013 31 ottobre che la vede aperta dalle 14 alle 19.00, giornate in cui \u00e8 consentito l\u2019ingresso gratuito per gli ultrasessantacinquenni.<\/em><\/strong><br \/>\n<strong><em>Longarone, 26 ottobre 2018<\/em><\/strong><\/p><\/blockquote>\n<p>&nbsp;<\/p>\n<h1><\/h1>\n<p>&nbsp;<\/p>\n<h1>L&#8217;ALTERNANZA SCUOLA-LAVORO SI FA ANCHE ALL&#8217;ESTERO CON IL CSV-COMITATO<\/h1>\n\n\t\t\t<style type='text\/css'>\n\t\t\t\t#gallery-3 {\n\t\t\t\t\tmargin: auto;\n\t\t\t\t}\n\t\t\t\t#gallery-3 .gallery-item {\n\t\t\t\t\tfloat: left;\n\t\t\t\t\tmargin-top: 10px;\n\t\t\t\t\ttext-align: center;\n\t\t\t\t\twidth: 33%;\n\t\t\t\t}\n\t\t\t\t#gallery-3 img {\n\t\t\t\t\tborder: 2px solid #cfcfcf;\n\t\t\t\t}\n\t\t\t\t#gallery-3 .gallery-caption {\n\t\t\t\t\tmargin-left: 0;\n\t\t\t\t}\n\t\t\t\t\/* see gallery_shortcode() in wp-includes\/media.php *\/\n\t\t\t<\/style>\n\t\t<div id='gallery-3' class='dt-gallery-container gallery galleryid-65251 gallery-columns-3 gallery-size-thumbnail'><dl class='gallery-item'>\n\t\t\t\t<dt class='gallery-icon landscape'>\n\t\t\t\t\t<a class=\"rollover\" href='https:\/\/www.radiopiu.net\/wordpress\/giornale-radiopiu-27-ottobre-2018-direttore-mirko-mezzacasa\/asl-dal-piaz-2\/'><img loading=\"lazy\" decoding=\"async\" width=\"150\" height=\"150\" src=\"https:\/\/www.radiopiu.net\/wordpress\/wp-content\/uploads\/2018\/10\/ASL-Dal-Piaz-2-150x150.jpg\" class=\"attachment-thumbnail size-thumbnail\" alt=\"\" \/><\/a>\n\t\t\t\t<\/dt><\/dl><dl class='gallery-item'>\n\t\t\t\t<dt class='gallery-icon landscape'>\n\t\t\t\t\t<a class=\"rollover\" href='https:\/\/www.radiopiu.net\/wordpress\/giornale-radiopiu-27-ottobre-2018-direttore-mirko-mezzacasa\/asl-dal-piaz-3\/'><img loading=\"lazy\" decoding=\"async\" width=\"150\" height=\"150\" src=\"https:\/\/www.radiopiu.net\/wordpress\/wp-content\/uploads\/2018\/10\/ASL-Dal-Piaz-3-150x150.jpg\" class=\"attachment-thumbnail size-thumbnail\" alt=\"\" \/><\/a>\n\t\t\t\t<\/dt><\/dl><dl class='gallery-item'>\n\t\t\t\t<dt class='gallery-icon landscape'>\n\t\t\t\t\t<a class=\"rollover\" href='https:\/\/www.radiopiu.net\/wordpress\/giornale-radiopiu-27-ottobre-2018-direttore-mirko-mezzacasa\/asl-dal-piaz\/'><img loading=\"lazy\" decoding=\"async\" width=\"150\" height=\"150\" src=\"https:\/\/www.radiopiu.net\/wordpress\/wp-content\/uploads\/2018\/10\/ASL-Dal-Piaz-150x150.jpg\" class=\"attachment-thumbnail size-thumbnail\" alt=\"\" \/><\/a>\n\t\t\t\t<\/dt><\/dl><br style=\"clear: both\" \/>\n\t\t\t<\/div>\n\n<p><strong>BELLUNO<\/strong> Oltre 1200 ore di esperienza tra formazione in classe e scambi giovanili cos\u00ec gli studenti del liceo imparano cos&#8217;\u00e8 l&#8217;Europa e la condivisione Sono in totale pi\u00f9 di 1200 le ore di alternanza scuola lavoro maturate nel corso dell\u2019anno scolastico 2017-2018 da alcuni studenti del liceo Dal Piaz di Feltre nell\u2019ambito di progetti di scambio giovanile finanziati dal programma Erasmus+ e promossi dal Comitato D\u2019Intesa-Csv di Belluno. Un monte ore importrante, reso possibile dalla preziosa sinergia con l\u2019istituto superiore che fin dal principio ha riconosciuto nelle esperienze Erasmus+ un veicolo privilegiato per lo sviluppo e l\u2019acquisizione di competenze trasversali e di soft skills spendibili in un futuro mercato del lavoro. Milleduecento ore che si sono declinate in tre diversi momenti di apprendimento: uno pi\u00f9 formale in aula, dove i ragazzi hanno potuto discutere e analizzare il ruolo del volontariato nella societ\u00e0 contemporanea e soprattutto il contributo che possono dare nella costruzione di una societ\u00e0 pi\u00f9 inclusiva; una seconda parte pi\u00f9 esperienziale, che si \u00e8 svolta all\u2019estero nell\u2019ambito di tre diversi scambi giovanili in Repubblica Ceca, Germania e Norvegia, dove i ragazzi hanno avuto modo di confrontarsi con giovani provenienti da tutta Europa su tematiche quali inclusione e coesione sociale, cittadinanza attiva e promozione di stili di vita pi\u00f9 consapevoli. Al loro rientro \u00e8 seguita nuovamente una sessione in aula di rielaborazione dell\u2019esperienza e di validazione delle competenze acquisite. Nel corso dell\u2019intero iter progettuale i ragazzi sono stati costantemente supportati dallo staff dell\u2019Area Europa del Csv-Comitato e dalle quattro volontarie che stanno attualmente prestando attivit\u00e0 di Servizio volontario europeo (SVE) nell\u2019ente bellunese.<\/p>\n<p>&nbsp;<\/p>\n<p>&nbsp;<\/p>\n<p>&nbsp;<\/p>\n<h1>ROBOT TRA I BANCHI DEL COMPRENSIVO DI FELTRE ALLA MEDIA ROCCA<\/h1>\n\n\t\t\t<style type='text\/css'>\n\t\t\t\t#gallery-4 {\n\t\t\t\t\tmargin: auto;\n\t\t\t\t}\n\t\t\t\t#gallery-4 .gallery-item {\n\t\t\t\t\tfloat: left;\n\t\t\t\t\tmargin-top: 10px;\n\t\t\t\t\ttext-align: center;\n\t\t\t\t\twidth: 33%;\n\t\t\t\t}\n\t\t\t\t#gallery-4 img {\n\t\t\t\t\tborder: 2px solid #cfcfcf;\n\t\t\t\t}\n\t\t\t\t#gallery-4 .gallery-caption {\n\t\t\t\t\tmargin-left: 0;\n\t\t\t\t}\n\t\t\t\t\/* see gallery_shortcode() in wp-includes\/media.php *\/\n\t\t\t<\/style>\n\t\t<div id='gallery-4' class='dt-gallery-container gallery galleryid-65251 gallery-columns-3 gallery-size-thumbnail'><dl class='gallery-item'>\n\t\t\t\t<dt class='gallery-icon landscape'>\n\t\t\t\t\t<a class=\"rollover\" href='https:\/\/www.radiopiu.net\/wordpress\/giornale-radiopiu-27-ottobre-2018-direttore-mirko-mezzacasa\/ic-feltre-robotica-3\/'><img loading=\"lazy\" decoding=\"async\" width=\"150\" height=\"150\" src=\"https:\/\/www.radiopiu.net\/wordpress\/wp-content\/uploads\/2018\/10\/IC-FELTRE-Robotica-3-150x150.jpg\" class=\"attachment-thumbnail size-thumbnail\" alt=\"\" \/><\/a>\n\t\t\t\t<\/dt><\/dl><dl class='gallery-item'>\n\t\t\t\t<dt class='gallery-icon landscape'>\n\t\t\t\t\t<a class=\"rollover\" href='https:\/\/www.radiopiu.net\/wordpress\/giornale-radiopiu-27-ottobre-2018-direttore-mirko-mezzacasa\/ic-feltre-robotica-1\/'><img loading=\"lazy\" decoding=\"async\" width=\"150\" height=\"150\" src=\"https:\/\/www.radiopiu.net\/wordpress\/wp-content\/uploads\/2018\/10\/IC-FELTRE-Robotica-1-150x150.jpg\" class=\"attachment-thumbnail size-thumbnail\" alt=\"\" \/><\/a>\n\t\t\t\t<\/dt><\/dl><dl class='gallery-item'>\n\t\t\t\t<dt class='gallery-icon landscape'>\n\t\t\t\t\t<a class=\"rollover\" href='https:\/\/www.radiopiu.net\/wordpress\/giornale-radiopiu-27-ottobre-2018-direttore-mirko-mezzacasa\/ic-feltre-robotica-pon-4\/'><img loading=\"lazy\" decoding=\"async\" width=\"150\" height=\"150\" src=\"https:\/\/www.radiopiu.net\/wordpress\/wp-content\/uploads\/2018\/10\/IC-FELTRE-robotica-Pon-4-150x150.jpg\" class=\"attachment-thumbnail size-thumbnail\" alt=\"\" \/><\/a>\n\t\t\t\t<\/dt><\/dl><br style=\"clear: both\" \/><dl class='gallery-item'>\n\t\t\t\t<dt class='gallery-icon portrait'>\n\t\t\t\t\t<a class=\"rollover\" href='https:\/\/www.radiopiu.net\/wordpress\/giornale-radiopiu-27-ottobre-2018-direttore-mirko-mezzacasa\/ic-feltre-robotica-pon-3\/'><img loading=\"lazy\" decoding=\"async\" width=\"150\" height=\"150\" src=\"https:\/\/www.radiopiu.net\/wordpress\/wp-content\/uploads\/2018\/10\/IC-FELTRE-robotica-Pon-3-150x150.jpg\" class=\"attachment-thumbnail size-thumbnail\" alt=\"\" \/><\/a>\n\t\t\t\t<\/dt><\/dl><dl class='gallery-item'>\n\t\t\t\t<dt class='gallery-icon landscape'>\n\t\t\t\t\t<a class=\"rollover\" href='https:\/\/www.radiopiu.net\/wordpress\/giornale-radiopiu-27-ottobre-2018-direttore-mirko-mezzacasa\/ic-feltre-robotica-pon-1\/'><img loading=\"lazy\" decoding=\"async\" width=\"150\" height=\"150\" src=\"https:\/\/www.radiopiu.net\/wordpress\/wp-content\/uploads\/2018\/10\/IC-FELTRE-robotica-Pon-1-150x150.jpg\" class=\"attachment-thumbnail size-thumbnail\" alt=\"\" \/><\/a>\n\t\t\t\t<\/dt><\/dl><dl class='gallery-item'>\n\t\t\t\t<dt class='gallery-icon landscape'>\n\t\t\t\t\t<a class=\"rollover\" href='https:\/\/www.radiopiu.net\/wordpress\/giornale-radiopiu-27-ottobre-2018-direttore-mirko-mezzacasa\/ic-feltre-robotica-2\/'><img loading=\"lazy\" decoding=\"async\" width=\"150\" height=\"150\" src=\"https:\/\/www.radiopiu.net\/wordpress\/wp-content\/uploads\/2018\/10\/IC-FELTRE-Robotica-2-150x150.jpg\" class=\"attachment-thumbnail size-thumbnail\" alt=\"\" \/><\/a>\n\t\t\t\t<\/dt><\/dl><br style=\"clear: both\" \/>\n\t\t\t<\/div>\n\n<p><strong>FELTRE <\/strong>Quattro robot tra i banchi di scuola. Alla media \u201cRocca\u201d si \u00e8 concluso, alla presenza di genitori e insegnanti, il progetto di robotica realizzato nell\u2019ambito del progetto Pon \u201cCoding&amp;Robotics: laboratorio di creativit\u00e0 digitale\u201d. Godzilla, Nafta, Rag\u00f9 e Gigi: compagni di classe molto particolari degli alunni della scuola media \u201cRocca\u201d dell\u2019IC di Feltre. Particolari al punto da non essere neppure umani, perch\u00e9 si tratta effettivamente di quattro robot. Artefatti tecnologici costruiti direttamente dagli alunni che hanno seguito il corso di robotica inserito nell\u2019ambito del progetto Pon \u201cCoding e Robotica educativa\u201d seguiti dall\u2019esperto Luigino Calvi, docente di informatica dell\u2019ITI Negrelli. Un gruppo di quindici alunni di seconda e terza, quello della \u201cRocca\u201d, che conclude un percorso iniziato nella primavera scorsa. \u201cDopo aver affrontato i primi rudimenti di programmazione per istruire dei robot virtuali \u2013 spiega Renata Durighello, tutor del progetto \u2013 i ragazzi hanno potuto mettere in pratica quanto appreso con dei robottini veri dotati di ruote e sensori: le abilit\u00e0 messe in gioco non sono state solo di calcolo e di risoluzione di problemi di tipo logico matematico, ma anche la capacit\u00e0 di mettere in conto eventuali ostacoli o intoppi e progettarne le soluzioni prima ancora che essi si presentino\u201d. Ieri pomeriggio, nell\u2019aula magna della scuola, la conclusione del progetto con la dimostrazione, alla presenza dei genitori e di un gruppo di docenti, dei risultati raggiunti. Il corso ha avuto la durata di 30 ore. Le lezioni si sono tenute il gioved\u00ec pomeriggio. Nelle prime fasi, per addentrarsi maggiormente nel mondo del coding i ragazzi hanno usato Scratch un semplice ambiente di programmazione, gratuito, che utilizza un linguaggio di programmazione di tipo grafico e visuale, a blocchi. Nella fase finale, invece, hanno lavorato con un ambiente di programmazione simile ma specifico per la programmazione dei robot Mbot, che si chiama Mblock. In questa ambientazione si sono svolte le ultime, avvincenti gare che hanno richiesto di riuscir a far muovere il robot attraverso i percorsi previsti, abbattere o evitare birilli, e altre funzioni specifiche.<\/p>\n<p>&nbsp;<\/p>\n<p>&nbsp;<\/p>\n<p>&nbsp;<\/p>\n<blockquote>\n<h1>DIRETTIVO AL PARCO<\/h1>\n<p><strong>FELTRE<\/strong> Il consiglio direttivo del Parco Nazionale delle Dolomiti Bellunesi si riunir\u00e0 lunedi alle 17.30 presso la sede. Ordine del giorno: approvazione del programma triennale per le opere pubbliche del Parco Nazionale Dolomiti Bellunesi 2019\/2021. Predisposizione del bilancio di previsione per l\u2019esercizio 2019: esame, discussione e determinazioni. \u00a0Comunicazioni del Vice Presidente e del Direttore.<\/p><\/blockquote>\n<p>&nbsp;<\/p>\n<p>&nbsp;<\/p>\n<p>&nbsp;<\/p>\n<h1>CAMBIO DATA PASSEGGIATA DEI MISTERI<\/h1>\n<p><strong>SOSPIROLO\u00a0<\/strong> L<strong>a\u00a0passeggiata\u00a0guidata e animata\u00a0\u201cPrima se sgambetea, po\u2019 se polsa a far fil\u00f2\u201d\u00a0della Pro loco \u201cMonti del Sole\u201d di Sospirolo,\u00a0prevista per oggi a<\/strong>\u00a0causa del maltempo previsto, \u00e8 rinviata a sabato 3 novembre alle 14.30.\u00a0 Il tema \u00e8 ispirato al fil\u00f2 o veglia di stalla, fondamentale esperienza comunitaria del mondo contadino;\u00a0avr\u00e0 partenza da San Gottardo alle ore 14.30, presso il caratteristico borgo con la chiesa dedicata, e proseguir\u00e0 verso l\u2019oasi faunistica di Salet, attraverso i verdi sentieri sospirolesi; si raggiungeranno i pascoli dei cavalli del centro Carabinieri gi\u00e0 Forestale ai Salet; qui si terr\u00e0 una rievocazione storica di un antico fil\u00f2 tra favole, indovinelli e vecchi saperi. Strada facendo, sar\u00e0 probabile (chiss\u00e0!) incontrare un dispettoso Mazarol o degli abitanti dei boschi. Si tratta di una\u00a0passeggiata\u00a0non impegnativa di circa 1,30 ore, adatta a tutti, ma si richiedono scarpe da trekking. Si pu\u00f2 parcheggiare lungo la via di accesso a San Gottardo sul lato sinistro provenendo dal bivio Certosa; partecipazione libera e gratuita. L\u2019evento \u00e8 realizzato in collaborazione con l\u2019Anonima Lettori Srl, Gigi Bristot e Daniele Perot, parte di\u00a0\u201cSpettacoli di Mistero\u201d.<\/p>\n<p>&nbsp;<\/p>\n<p>&nbsp;<\/p>\n<p>&nbsp;<\/p>\n<h1>STASERA ALLA CASA DELLA GIOVENTU&#8217; DI CAVIOLA<\/h1>\n<p><strong><a class=\"dt-pswp-item\" href=\"http:\/\/www.radiopiu.net\/wordpress\/wp-content\/uploads\/2018\/10\/43388350_2495597760456688_7691087306626695168_n.jpg\" data-dt-img-description=\"\" data-large_image_width=\"810\" data-large_image_height=\"450\"><img loading=\"lazy\" decoding=\"async\" class=\"size-medium wp-image-65291 alignleft\" src=\"http:\/\/www.radiopiu.net\/wordpress\/wp-content\/uploads\/2018\/10\/43388350_2495597760456688_7691087306626695168_n-300x167.jpg\" alt=\"\" width=\"300\" height=\"167\" srcset=\"https:\/\/www.radiopiu.net\/wordpress\/wp-content\/uploads\/2018\/10\/43388350_2495597760456688_7691087306626695168_n-300x167.jpg 300w, https:\/\/www.radiopiu.net\/wordpress\/wp-content\/uploads\/2018\/10\/43388350_2495597760456688_7691087306626695168_n-768x427.jpg 768w, https:\/\/www.radiopiu.net\/wordpress\/wp-content\/uploads\/2018\/10\/43388350_2495597760456688_7691087306626695168_n.jpg 810w\" sizes=\"auto, (max-width: 300px) 100vw, 300px\" \/><\/a><\/strong><\/p>\n<p>&nbsp;<\/p>\n<p>&nbsp;<\/p>\n<p>&nbsp;<\/p>\n<p><strong>Un viaggio di nozze attorno al mondo dal quale \u00e8 nato un film di Stefano Battain e Daniela Biocca. Questa sera secondo appuntamento con &#8220;Alterrative&#8221; a Caviola Casa della Giovent\u00f9 alle 20.45<\/strong><\/p>\n<p><strong>STEFANO A DANIELA A RADIO PIU<\/strong><\/p>\n<audio class=\"wp-audio-shortcode\" id=\"audio-65251-12\" preload=\"none\" style=\"width: 100%;\" controls=\"controls\"><source type=\"audio\/mpeg\" src=\"http:\/\/www.radiopiu.net\/wordpress\/wp-content\/uploads\/2018\/10\/STEFANO-DANIELA.mp3?_=12\" \/><a href=\"http:\/\/www.radiopiu.net\/wordpress\/wp-content\/uploads\/2018\/10\/STEFANO-DANIELA.mp3\">http:\/\/www.radiopiu.net\/wordpress\/wp-content\/uploads\/2018\/10\/STEFANO-DANIELA.mp3<\/a><\/audio>\n<p>&nbsp;<\/p>\n<p>&nbsp;<\/p>\n<p>&nbsp;<\/p>\n<p>&nbsp;<\/p>\n<p><a class=\"dt-pswp-item\" href=\"http:\/\/www.radiopiu.net\/wordpress\/wp-content\/uploads\/2018\/09\/sport.jpg\" data-dt-img-description=\"\" data-large_image_width=\"800\" data-large_image_height=\"100\"><img loading=\"lazy\" decoding=\"async\" class=\"alignnone wp-image-60761 size-full\" src=\"http:\/\/www.radiopiu.net\/wordpress\/wp-content\/uploads\/2018\/09\/sport.jpg\" alt=\"\" width=\"800\" height=\"100\" srcset=\"https:\/\/www.radiopiu.net\/wordpress\/wp-content\/uploads\/2018\/09\/sport.jpg 800w, https:\/\/www.radiopiu.net\/wordpress\/wp-content\/uploads\/2018\/09\/sport-300x38.jpg 300w, https:\/\/www.radiopiu.net\/wordpress\/wp-content\/uploads\/2018\/09\/sport-768x96.jpg 768w\" sizes=\"auto, (max-width: 800px) 100vw, 800px\" \/><\/a><\/p>\n<h1><\/h1>\n<h1>GLI APPUNTAMENTI SPORTIVI DEL FINE SETTIMANA<\/h1>\n<p><em><strong>di Marco Gaz<\/strong><\/em><\/p>\n<h3>HOCKEY: STASERA ALLEGHE A BRESSANONE<\/h3>\n<p>Alleghe in trasferta stasera alle ore 20 contro il Bressanone, match valido per l&#8217;ottava giornata della IHL che Radio Pi\u00f9 seguir\u00e0 in diretta all&#8217;interno di \u201cHockey Al Punto Giusto\u201d. Settore giovanile dell&#8217;Alleghe impegnato nel fine settimana con la under 19 che domani giocher\u00e0 in trasferta contro l&#8217;Egna alle ore 17:30. Under 17 che rispetter\u00e0 il turno di riposo. L&#8217;under 15 giocher\u00e0 a Bolzano domani alle 16:30 mentre la under 13 non gioca questa settimana. In campo anche le ragazze dell&#8217;Alleghe Girls che oggi pomeriggio al De Toni si scontreranno con il Como alle 17:30<\/p>\n<h3>VOLLEY: UNDER 16 AGORDINO VOLLEY CLUB IN TRASFERTA<\/h3>\n<p>Trasferta per le ragazze del Volley Club Agordino che oggi giocheranno contro il Comelico<\/p>\n<h3>CALCIO: AGORDINA IN TRASFERTA CONTRO IL SAN VITTORE, FIORI BARP IN TERRA TREVIGIANA E LE VILLE A GRON CONTRO I GIARDINI SEDICO<\/h3>\n<p>Campionato Open CSI dove milita il Le Ville che oggi pomeriggio alle ore 15 giocher\u00e0 a Gron di Sospirolo contro i Giardini Sedico<\/p>\n<p>Settore giovanile dell&#8217;Agordina con la juoniores di Piergiorgio De Bastiani che gioca in casa contro il Valboite oggi pomeriggio alle 15:30. Gli allievi provinciali allenati da Renato Orzetti giocheranno domani mattina alle 10, in casa contro il Castion. In campo anche i giovanissimi di Alessandro De Lazzer che oggi alle 15:30 giocheranno in trasferta contro la Juventina. Per quanto riguarda gli esordienti a 9 allenati da Giorgio Tormen, domani alle 10 si scontreranno con l&#8217;Union Feltre in trasferta<\/p>\n<blockquote><p><span style=\"color: #ff0000;\"><strong>Domani pomeriggio su Radio Pi\u00f9 seguiremo la prima squadra dell&#8217;Agordina e il Fioribarp in diretta all&#8217;interno di DOMENICA PIU&#8217; SPORT a partire dalle 14:30.<\/strong><\/span><\/p><\/blockquote>\n<p>Fiori Barp che gioca in trasferta contro il Santa Lucia Susegana (Prima Categoria gir. G del Veneto). Agordina in trasferta. Ad Anz\u00f9 di feltre gli agordini si scontreranno contro il San Vittore (Seconda Categoria gir. R del Veneto).<\/p>\n<h1><\/h1>\n<p>&nbsp;<\/p>\n<h1>\u00a0HOCKEY<\/h1>\n<h2>NAZIONALE SENIOR: I CONVOCATI PER IL RADUNO DI VIPITENO IN PREPARAZIONE ALL&#8217;EURO ICE HOCKEY CHALLENGE DI BUDAPEST. L&#8217;ITALIA CONTRO\u00a0UNGHERIA, KAZAKISTAN E COREA DEL SUD<\/h2>\n<blockquote><p><em>La Nazionale Senior ritorna in pista a Budapest per l&#8217;EIHC dal 7 al 10 novembre<\/em><\/p><\/blockquote>\n<p><a class=\"dt-pswp-item\" href=\"http:\/\/www.radiopiu.net\/wordpress\/wp-content\/uploads\/2018\/10\/49860609-7286-420e-8fc4-7e206e29db85.jpg\" data-dt-img-description=\"\" data-large_image_width=\"1200\" data-large_image_height=\"640\"><img loading=\"lazy\" decoding=\"async\" class=\" wp-image-65298 alignleft\" src=\"http:\/\/www.radiopiu.net\/wordpress\/wp-content\/uploads\/2018\/10\/49860609-7286-420e-8fc4-7e206e29db85-300x160.jpg\" alt=\"\" width=\"514\" height=\"274\" srcset=\"https:\/\/www.radiopiu.net\/wordpress\/wp-content\/uploads\/2018\/10\/49860609-7286-420e-8fc4-7e206e29db85-300x160.jpg 300w, https:\/\/www.radiopiu.net\/wordpress\/wp-content\/uploads\/2018\/10\/49860609-7286-420e-8fc4-7e206e29db85-768x410.jpg 768w, https:\/\/www.radiopiu.net\/wordpress\/wp-content\/uploads\/2018\/10\/49860609-7286-420e-8fc4-7e206e29db85-1024x546.jpg 1024w, https:\/\/www.radiopiu.net\/wordpress\/wp-content\/uploads\/2018\/10\/49860609-7286-420e-8fc4-7e206e29db85.jpg 1200w\" sizes=\"auto, (max-width: 514px) 100vw, 514px\" \/><\/a>Nuova uscita stagionale per la Nazionale Senior che giocher\u00e0 la consueta tappa dell\u2019Euro Ice Hockey Challenge a Budapest dal 7\u00a0al 10 novembre contro i padroni di casa dell\u2019Ungheria, Kazakistan e Corea del Sud. Tre match molto interessanti e contro formazioni molto conosciute. Due di queste Nazionali, Ungheria e Kazakistan, sono state avversarie agli ultimi Mondiali di Divisione I \u2013 Gruppo A, disputati proprio nella capitale magiara lo scorso aprile e che hanno visto l\u2019Italia di coach Beddoes conquistare l\u2019accesso, alle spalle della Gran Bretagna, ai Mondiali di Top Division di Bratislava del prossimo maggio 2019. Proprio il focus di questa Nazionale \u00e8 indirizzato alla migliore preparazione per il prossimo torneo iridato. Negli scorsi giorni, infatti, \u00e8 partita ufficialmente la nuova stagione degli Azzurri che ha come principale obiettivo dichiarato:\u00a0\u00a0\u201cMISSION BRATISLAVA \u2013 HERE TO STAY\u201d. Dopo il prologo estivo contro le formazioni della KHL, la Nazionale sar\u00e0 a Budapest potendo contare anche sull\u2019apporto di tre nuovi esordienti come Phil Pietroniro, Anthony Bardaro e Marco Rosa che sono in forza ai Campioni in carica della Alps Hockey League dell\u2019Asiago Hockey. Inoltre tra lo staff sar\u00e0 presente Massimo Ansoldi, per questa tornata dell\u2019Euro Ice Hockey Challenge, in qualit\u00e0 di assistente allenatore. Ansoldi \u00e8 un\u00a0ex giocatore ai massimi livelli anche in Nazionale ed attuale allenatore dell\u2019HC Merano in IHL. La Nazionale si ritrover\u00e0 in raduno a Vipiteno il 5 novembre e poi l\u2019esordio al T\u00fcskecsarnok gi\u00e0 mercoled\u00ec 7 novembre contro la Corea del Sud. EIHC dal 6 al 10 novembre a Budapest: partecipanti Italia, Ungheria, Kazakistan e Corea Del Sud Programma EIHC \u2013 Stadio T\u00fcskecsarnok Mercoled\u00ec 7 novembre\u00a0 ore 16:00 Ungheria \u2013 Kazakhstan ore 19:30 Italia \u2013 Corea Del Sud Gioved\u00ec 8 novembre ore 19:30 Corea del Sud \u2013Kazakhstan Venerd\u00ec 9 novembre ore 16:00 Kazakhstan\u00a0\u2013 Italia ore 19:30 Ungheria \u2013 Corea del Sud Sabato 10 novembre, ore 16:00 Italia \u2013 Ungheria <strong>Convocazione Senior\u00a0<\/strong>Raduno Vipiteno: dal 5-6 novembre a Vipiteno EIHC:\u00a0dal 7\u00a0al 10 novembre a Budapest <strong>Portieri\u00a0\u00a0<\/strong>Marco De Filippo Roia (02\/08\/1990\/Sportivi Ghiaccio Cortina \u2013 Alps Hockey League) Gianluca Vallini (27\/10\/1993\/Wipptal Broncos \u2013 Alps Hockey League) <strong>Difensori\u00a0<\/strong>Lorenzo Casetti (14\/09\/1993\/Asiago Hockey 1935 \u2013 Alps Hockey League) Armin Hofer (19\/03\/1987\/HC Val Pusteria \u2013 Alps Hockey League) Jan Pavlu (16\/07\/1994\/Heilbronner Falken \u2013 Del 2 \u2013 Germania) Phil Pietroniro (27\/05\/1994\/ Asiago Hockey 1935 \u2013 Alps Hockey League) Alex Trivellato (05\/01\/1993\/Krefeld Pinguine \u2013 DEL \u2013 Germania) Michael Angelo Zanatta (31\/05\/1989\/Sportivi Ghiaccio Cortina \u2013 Alps Hockey League) <strong>Attaccanti\u00a0<\/strong>Raphael Andergassen (14\/06\/1993\/HC Val Pusteria \u2013 Alps Hockey League) Anthony Robert Bardaro (08\/09\/1992\/Asiago Hockey 1935 \u2013 Alps Hockey League) Alex Frei (06\/05\/1993\/Rittner Buam \u2013 Alps Hockey League) Markus Gander (16\/05\/1989\/HC Val Pusteria \u2013 Alps Hockey League) Tommaso Goi (08\/01\/1990\/HC Ambr\u00ec Piotta \u2013 LNA \u2013 Svizzera) Simon Kostner (30\/11\/1990\/Rittner Buam \u2013 Alps Hockey League) Riccardo Lacedelli (03\/05\/1995\/Sportivi Ghiaccio Cortina \u2013 Alps Hockey League) Matthias Mantinger (22\/04\/1996\/Wipptal Broncos \u2013 Alps Hockey League) Michele Marchetti (27\/09\/1994\/Asiago Hockey 1935 \u2013 Alps Hockey League) Marco Rosa Gonzales (15\/01\/1982\/ Alps Hockey League) Tommaso Traversa (04\/08\/1990\/HC Val Pusteria\u00a0\u2013 Alps Hockey League) <strong>Riserve a casa<\/strong><br \/>\nPortieri: Martino Valle Da Rin (31\/12\/1989\/Hockey Milano Rossoblu\/AHL) Difensori: Tobias Brighenti Moretti (22\/10\/1986\/Hockey Club Bolzano \u2013 Ebel); Armin Helfer (31\/05\/1980\/HC Val Pusteria \u2013 AHL); Marco Marzolini (27\/01\/1997\/Fassa Falcons \u2013 AHL); Enrico Miglioranzi (08\/10\/1991\/Asiago Hockey 1935 \u2013 AHL); Luca Zanatta (15\/05\/1991\/EHC Olten \u2013 LNB- Svizzera); Attaccanti: Marcello Borghi (22\/03\/1993\/Hockey Milano Rossoblu \u2013 AHL); Martin Castlunger (18\/12\/1993\/Fassa Falcons); Devin Robert Di Diomete (09\/05\/1988\/SG Cortina \u2013 AHL); Jos\u00e8 Antonio Aguirre Magnabosco (12\/08\/1995\/Asiago Hockey 1935 \u2013 AHL); Tommaso Terzago (06\/06\/1994\/Hockey Milano Rossoblu \u2013 AHL); <strong>Staff Nazionale<\/strong> Team Leader: Gianfranco Talamini Capo Allenatore: Clayton Beddoes Assistente Allenatore: Riku-Petteri Lehtonen Assistente Allenatore: Massimo Ansoldi Preparatore Atletico: Alex Doliana Medico: Dott.ssa Maria Spiridonova Fisioterapista: Guido Tonelli Attrezzista: Cesare Apollonio.\u00a0 <em>Foto di Max Pattis<\/em><\/p>\n<h1><\/h1>\n<h1>25^ GIRO DEL LAGO DI SANTA CROCE, MARTEDI LA PRESENTAZIONE<\/h1>\n<p><span style=\"font-family: verdana, sans-serif;\"><span style=\"color: #000000;\"><span lang=\"zxx\"><b><a class=\"dt-pswp-item\" href=\"http:\/\/www.radiopiu.net\/wordpress\/wp-content\/uploads\/2018\/10\/\u00a9TiComunicazione_62-giro-del-lago-2018.jpg\" data-dt-img-description=\"\" data-large_image_width=\"1900\" data-large_image_height=\"1267\"><img loading=\"lazy\" decoding=\"async\" class=\" wp-image-65272 alignleft\" src=\"http:\/\/www.radiopiu.net\/wordpress\/wp-content\/uploads\/2018\/10\/\u00a9TiComunicazione_62-giro-del-lago-2018-300x200.jpg\" alt=\"\" width=\"192\" height=\"128\" srcset=\"https:\/\/www.radiopiu.net\/wordpress\/wp-content\/uploads\/2018\/10\/\u00a9TiComunicazione_62-giro-del-lago-2018-300x200.jpg 300w, https:\/\/www.radiopiu.net\/wordpress\/wp-content\/uploads\/2018\/10\/\u00a9TiComunicazione_62-giro-del-lago-2018-768x512.jpg 768w, https:\/\/www.radiopiu.net\/wordpress\/wp-content\/uploads\/2018\/10\/\u00a9TiComunicazione_62-giro-del-lago-2018-1024x683.jpg 1024w, https:\/\/www.radiopiu.net\/wordpress\/wp-content\/uploads\/2018\/10\/\u00a9TiComunicazione_62-giro-del-lago-2018.jpg 1900w\" sizes=\"auto, (max-width: 192px) 100vw, 192px\" \/><\/a>ALPAGO\u00a0\u00a0<\/b><\/span><\/span><span style=\"color: #000000;\"><span lang=\"zxx\">Marted\u00ec verranno presentate le iniziative legate alla <a href=\"http:\/\/25.ma\">25.ma<\/a> edizione del Giro del lago di Santa Croce, evento per ciclisti e podisti proposto dal Comitato Alpago 2 ruote &amp; solidariet\u00e0. In particolare, verr\u00e0 presentato il bando per il <\/span><\/span><span style=\"color: #000000;\"><span lang=\"zxx\"><b>concorso<\/b><\/span><\/span> <span style=\"color: #000000;\"><span lang=\"zxx\"><b>di idee per la realizzazione di un&#8217;immagine grafica<\/b><\/span><\/span><span style=\"color: #000000;\"><span lang=\"zxx\">, da stampare sulla magliette dei partecipanti al Giro, concorso proposto dal Comitato Alpago <\/span><\/span><span style=\"color: #000000;\"><span lang=\"zxx\">2 ruote &amp; solidariet\u00e0 in collaborazione con il<\/span><\/span><span lang=\"zxx\"><span style=\"color: #000000;\"> MIUR &#8211; Uffici scolastici delle provincie di Belluno, Treviso e Pordenone.<\/span>\u00a0<\/span><\/span><\/p>\n<p>&nbsp;<\/p>\n<p>&nbsp;<\/p>\n<p>&nbsp;<\/p>\n<p>&nbsp;<\/p>\n<p>&nbsp;<\/p>\n<h1 align=\"JUSTIFY\"><a class=\"dt-pswp-item\" href=\"http:\/\/www.radiopiu.net\/wordpress\/wp-content\/uploads\/2018\/09\/WhatsApp-Image-2018-09-20-at-16.04.06.jpeg\" data-dt-img-description=\"\" data-large_image_width=\"800\" data-large_image_height=\"100\"><img loading=\"lazy\" decoding=\"async\" class=\"alignnone wp-image-61378 size-full\" src=\"http:\/\/www.radiopiu.net\/wordpress\/wp-content\/uploads\/2018\/09\/WhatsApp-Image-2018-09-20-at-16.04.06.jpeg\" alt=\"\" width=\"800\" height=\"100\" srcset=\"https:\/\/www.radiopiu.net\/wordpress\/wp-content\/uploads\/2018\/09\/WhatsApp-Image-2018-09-20-at-16.04.06.jpeg 800w, https:\/\/www.radiopiu.net\/wordpress\/wp-content\/uploads\/2018\/09\/WhatsApp-Image-2018-09-20-at-16.04.06-300x38.jpeg 300w, https:\/\/www.radiopiu.net\/wordpress\/wp-content\/uploads\/2018\/09\/WhatsApp-Image-2018-09-20-at-16.04.06-768x96.jpeg 768w\" sizes=\"auto, (max-width: 800px) 100vw, 800px\" \/><\/a><\/h1>\n<h1 align=\"JUSTIFY\">PREVISIONI DEL TEMPO DA OGGI A MARTEDI<\/h1>\n<div><b>Sabato 27<\/b> <b>Tempo atteso: <\/b>Peggioramento del tempo fino a risultare perturbato, gi\u00e0 in mattinata, con cielo coperto associato a fenomeni inizialmente sparsi, poi diffusi, pi\u00f9 copiosi tra le Prealpi e le Dolomiti meridionali, meno sui settori pi\u00f9 settentrionali. Debole escursione termica diurna a tutte le quote con clima pi\u00f9 fresco ed uggioso.<br \/>\n<b>Precipitazioni: <\/b>Al mattino precipitazioni sparse (80\/90%) e perlopi\u00f9 deboli, gi\u00e0 in intensificazione sulle Prealpi. Al pomeriggio precipitazioni diffuse (100%) di moderata intensit\u00e0, anche forti su Prealpi e Dolomiti meridionali dal tardo pomeriggio in poi. Il limite neve sar\u00e0 sui 2300\/2400 m e attorno ai 2000\/2200 m in serata. Gli apporti previsti saranno mediamente tra 30 e 45 mm, localmente fino sui 60\/70 mm nei settori pi\u00f9 esposti a Sud-Est.<br \/>\n<b>Temperature: <\/b>Minime in calo in quota e in aumento nelle valli; massime in diminuzione con punte di 11\/12\u00b0C nel conche prealpine e di 9\/10\u00b0C a 1000\/1200 m. Su Prealpi a 1500 m min 6\u00b0C max 7\u00b0C, a 2000 m min 3\u00b0C max 4\u00b0C. Su Dolomiti a 2000 m min 2\u00b0C max 3\u00b0C, a 3000 m min -2\u00b0C max 0\u00b0C.<br \/>\n<b>Venti: <\/b>Nelle valli deboli di direzione variabile, salvo rinforzi nei settori aperti a Sud-Est; in quota venti tesi meridionali (Sud-Est sotto i 2000 m e Sud-Ovest a 3000 m), Saranno anche forti oltre i 2500 m, a 15-30 km\/h a 2000 m, 50-65 km\/h a 3000 m.<\/div>\n<hr \/>\n<p><b>Domenica 28<\/b> <b>Tempo atteso: <\/b>Spiccato maltempo con cielo coperto, associato a precipitazioni diffuse e moderate, a tratti forti tra Prealpi e Dolomiti meridionali, dove saranno abbondanti. Clima uggioso ma piuttosto mite per intenso flusso sciroccale.<br \/>\n<b>Precipitazioni: <\/b>Diffuse (100%) di moderata intensit\u00e0, a tratti forti su Prealpi e Dolomiti meridionali. Il limite neve sar\u00e0 sui 2300\/2400 m, leggermente pi\u00f9 basso di notte. Non escluso qualche fenomeno temporalesco. Gli apporti previsti saranno mediamente di 60\/80 mm, localmente fino sui 100\/120 mm nei settori pi\u00f9 esposti a Sud-Est.<br \/>\n<b>Temperature: <\/b>Minime senza variazioni di rilievo e massime stazionarie o in lievissimo rialzo con debole escursione termica.. Su Prealpi a 1500 m min 7\u00b0C max 8\u00b0C, a 2000 m min 3\u00b0C max 5\u00b0C. Su Dolomiti a 2000 m min 2\u00b0C max 4\u00b0C, a 3000 m min -2\u00b0C max -1\u00b0C.<br \/>\n<b>Venti: <\/b>Nelle valli deboli di direzione variabile, salvo rinforzi nei settori aperti a Sud-Est; in quota venti tesi\/forti dai quadranti meridionali con rinforzo del scirocco nei bassi strati, saranno perlopi\u00f9 forti oltre i 2400\/2600 m, a 20-40 km\/h a 2000 m, 60-80 km\/h a 3000 m.<\/p>\n<hr \/>\n<p><b>Lunedi 29<\/b>Probabile apice del maltempo con cielo coperto, associato a precipitazioni diffuse di moderata intensit\u00e0, spesso forti tra Prealpi e Dolomiti meridionali al pomeriggio, quando potranno verificarsi fenomeni temporaleschi. Gli apporti pluviometrici saranno abbondanti e compresi tra i 70\/100 mm\/24h, localmente fino sui 150\/170 mm\/24h. Il limite della neve attorno ai 2000\/2200 m durante la notte si rialzer\u00e0 fino sui 2400\/2600 m. Temperature in lieve rialzo. Venti da forti a molto forti da Sud in alta quota, tesi per notevole scirocco nei bassi strati.<\/p>\n<hr \/>\n<p><b>Martedi 30<\/b>Esaurimento del maltempo entro le ore centrali. Il limite della neve scender\u00e0 fino sui 1200\/1400 m a fine episodio. Probabili rasserenamenti. Ad eccezione delle massime nelle valli, temperature in sensibile calo con minime osservate alla sera. In quota venti da Sud-Ovest in attenuazione, anche se tesi sulle vette pi\u00f9 alte. Previsore: R.L.Th.<\/p>\n<hr \/>\n","protected":false},"excerpt":{"rendered":"<p>Riunita in Prefettura l\u2019Unit\u00e0 di crisi per attivare il sistema di protezione civile provinciale in vista del preannunciato peggioramento delle condizioni meteo che interesser\u00e0 tutto il Bellunese da oggi fino a luned\u00ec con precipitazioni molto abbondanti.\u00a0Il Centro Funzionale Decentrato della Regione Veneto ha emanato un avviso di criticit\u00e0 per rischio idraulico e idrogeologico con il&hellip;<\/p>\n","protected":false},"author":1,"featured_media":65263,"comment_status":"closed","ping_status":"closed","sticky":false,"template":"","format":"standard","meta":{"_monsterinsights_skip_tracking":false,"_monsterinsights_sitenote_active":false,"_monsterinsights_sitenote_note":"","_monsterinsights_sitenote_category":0,"footnotes":""},"categories":[1,86],"tags":[],"class_list":["post-65251","post","type-post","status-publish","format-standard","has-post-thumbnail","hentry","category-senza-categoria","category-gr","category-1","category-86","description-off"],"img_url":"https:\/\/www.radiopiu.net\/wordpress\/wp-content\/uploads\/2018\/10\/Bottacin-Gava-per-sopralluogo-in-Agordino.jpg","_links":{"self":[{"href":"https:\/\/www.radiopiu.net\/wordpress\/wp-json\/wp\/v2\/posts\/65251","targetHints":{"allow":["GET"]}}],"collection":[{"href":"https:\/\/www.radiopiu.net\/wordpress\/wp-json\/wp\/v2\/posts"}],"about":[{"href":"https:\/\/www.radiopiu.net\/wordpress\/wp-json\/wp\/v2\/types\/post"}],"author":[{"embeddable":true,"href":"https:\/\/www.radiopiu.net\/wordpress\/wp-json\/wp\/v2\/users\/1"}],"replies":[{"embeddable":true,"href":"https:\/\/www.radiopiu.net\/wordpress\/wp-json\/wp\/v2\/comments?post=65251"}],"version-history":[{"count":0,"href":"https:\/\/www.radiopiu.net\/wordpress\/wp-json\/wp\/v2\/posts\/65251\/revisions"}],"wp:featuredmedia":[{"embeddable":true,"href":"https:\/\/www.radiopiu.net\/wordpress\/wp-json\/wp\/v2\/media\/65263"}],"wp:attachment":[{"href":"https:\/\/www.radiopiu.net\/wordpress\/wp-json\/wp\/v2\/media?parent=65251"}],"wp:term":[{"taxonomy":"category","embeddable":true,"href":"https:\/\/www.radiopiu.net\/wordpress\/wp-json\/wp\/v2\/categories?post=65251"},{"taxonomy":"post_tag","embeddable":true,"href":"https:\/\/www.radiopiu.net\/wordpress\/wp-json\/wp\/v2\/tags?post=65251"}],"curies":[{"name":"wp","href":"https:\/\/api.w.org\/{rel}","templated":true}]}}