{"id":65268,"date":"2018-10-26T17:28:08","date_gmt":"2018-10-26T15:28:08","guid":{"rendered":"http:\/\/www.radiopiu.net\/wordpress\/?p=65268"},"modified":"2018-10-26T17:32:37","modified_gmt":"2018-10-26T15:32:37","slug":"mario-zanetti-riconferma-alla-guida-della-sezione-industrie-cartarie-e-grafiche-in-confindustria","status":"publish","type":"post","link":"https:\/\/www.radiopiu.net\/wordpress\/mario-zanetti-riconferma-alla-guida-della-sezione-industrie-cartarie-e-grafiche-in-confindustria\/","title":{"rendered":"MARIO ZANETTI, RICONFERMA ALLA GUIDA DELLA SEZIONE INDUSTRIE CARTARIE E GRAFICHE IN CONFINDUSTRIA"},"content":{"rendered":"<p><strong>BELLUNO\u00a0<\/strong>Mario Zanetti \u00e8 stato riconfermato, per i prossimi sei mesi, alla presidenza\u00a0della Sezione Industrie cartarie e grafiche. Mario Zanetti \u00e8 il titolare della societ\u00e0 Panfilo Castaldi SAS di Agordo, una delle pi\u00f9 longeve e innovative aziende del settore stampa e grafica, con oltre sessant\u2019anni di attivit\u00e0 alle spalle. L\u2019azienda \u00e8 anche tra le prime ad aver aderito all\u2019associazione confindustriale e il padre di Mario Zanetti \u00e8 tra i fondatori di Confindustria Belluno Dolomiti.<\/p>\n<p><em><a class=\"dt-pswp-item\" href=\"http:\/\/www.radiopiu.net\/wordpress\/wp-content\/uploads\/2018\/10\/Mario-Zanetti1.jpg\" data-dt-img-description=\"\" data-large_image_width=\"512\" data-large_image_height=\"768\"><img loading=\"lazy\" decoding=\"async\" class=\"size-medium wp-image-65269 alignleft\" src=\"http:\/\/www.radiopiu.net\/wordpress\/wp-content\/uploads\/2018\/10\/Mario-Zanetti1-200x300.jpg\" alt=\"\" width=\"200\" height=\"300\" srcset=\"https:\/\/www.radiopiu.net\/wordpress\/wp-content\/uploads\/2018\/10\/Mario-Zanetti1-200x300.jpg 200w, https:\/\/www.radiopiu.net\/wordpress\/wp-content\/uploads\/2018\/10\/Mario-Zanetti1.jpg 512w\" sizes=\"auto, (max-width: 200px) 100vw, 200px\" \/><\/a>\u00abEcosostenibilit\u00e0 e qualit\u00e0, innovazione tecnologica con una vision moderna improntata alla trasformazione digitale e ampliamento della base associativa. Sono queste le priorit\u00e0 del nuovo consiglio di Sezione\u00a0 \u2013 afferma Mario Zanetti\u00a0 &#8211;\u00a0 abbiamo anche in programma la visita ad alcune eccellenze del settore tipografico e grafico che, spinto dalla forte concorrenza e dalla digitalizzazione dei processi, \u00e8 in grande evoluzione. Tra le realt\u00e0 che andremo a conoscere ci sono la Tipoteca Italiana di Cornuda (Grafiche Antiga), importante polo museale a livello internazionale, dedicato alla storia della stampa e del design tipografico,\u00a0 ed il Museo Nicolis \u2013 Gruppo Lamacart di Villafranca di Verona. Il consiglio della sezione si \u00e8 riunito per il rinnovo delle cariche alla cartiera Reno De Medici di Santa Giustina che ci ha offerto l\u2019opportunit\u00e0 di visitare lo stabilimento e i nuovi impianti realizzati. L\u2019azienda negli ultimi tre anni ha investito moltissimo per abbattere i consumi energetici e idrici,\u00a0oltre che per migliorare i gi\u00e0 alti standard ambientali e offrire prodotti eccellenti, destinati anche al comparto alimentare. Questa \u00e8 la dimostrazione che le nostre imprese stanno facendo molto per l\u2019ambiente confermando che la presenza industriale \u00e8 indispensabile sul territorio per garantire valore aggiunto sostenibile nel tempo e contribuire all\u2019innalzamento del livello del benessere di una comunit\u00e0\u00bb.<\/em><\/p>\n<p>&nbsp;<\/p>\n<p>Nella stessa sessione sono stati eletti\u00a0 come\u00a0 consiglieri <strong>Rinaldo Verardo<\/strong> \u2013 administration e hr manager di Reno De Medici Stabilimento di Santa Giustina,\u00a0 <strong>Vladimiro Reolon<\/strong> \u2013 Seribell srl, <strong>Rinaldo Pedrini<\/strong> \u2013 Modul 3 srl e <strong> Stefano Genova<\/strong> \u2013 Aquarello srl.<\/p>\n","protected":false},"excerpt":{"rendered":"<p>BELLUNO\u00a0Mario Zanetti \u00e8 stato riconfermato, per i prossimi sei mesi, alla presidenza\u00a0della Sezione Industrie cartarie e grafiche. Mario Zanetti \u00e8 il titolare della societ\u00e0 Panfilo Castaldi SAS di Agordo, una delle pi\u00f9 longeve e innovative aziende del settore stampa e grafica, con oltre sessant\u2019anni di attivit\u00e0 alle spalle. L\u2019azienda \u00e8 anche tra le prime ad&hellip;<\/p>\n","protected":false},"author":1,"featured_media":65269,"comment_status":"closed","ping_status":"closed","sticky":false,"template":"","format":"standard","meta":{"_monsterinsights_skip_tracking":false,"_monsterinsights_sitenote_active":false,"_monsterinsights_sitenote_note":"","_monsterinsights_sitenote_category":0,"footnotes":""},"categories":[49],"tags":[],"class_list":["post-65268","post","type-post","status-publish","format-standard","has-post-thumbnail","hentry","category-news-18","category-49","description-off"],"img_url":"https:\/\/www.radiopiu.net\/wordpress\/wp-content\/uploads\/2018\/10\/Mario-Zanetti1.jpg","_links":{"self":[{"href":"https:\/\/www.radiopiu.net\/wordpress\/wp-json\/wp\/v2\/posts\/65268","targetHints":{"allow":["GET"]}}],"collection":[{"href":"https:\/\/www.radiopiu.net\/wordpress\/wp-json\/wp\/v2\/posts"}],"about":[{"href":"https:\/\/www.radiopiu.net\/wordpress\/wp-json\/wp\/v2\/types\/post"}],"author":[{"embeddable":true,"href":"https:\/\/www.radiopiu.net\/wordpress\/wp-json\/wp\/v2\/users\/1"}],"replies":[{"embeddable":true,"href":"https:\/\/www.radiopiu.net\/wordpress\/wp-json\/wp\/v2\/comments?post=65268"}],"version-history":[{"count":0,"href":"https:\/\/www.radiopiu.net\/wordpress\/wp-json\/wp\/v2\/posts\/65268\/revisions"}],"wp:featuredmedia":[{"embeddable":true,"href":"https:\/\/www.radiopiu.net\/wordpress\/wp-json\/wp\/v2\/media\/65269"}],"wp:attachment":[{"href":"https:\/\/www.radiopiu.net\/wordpress\/wp-json\/wp\/v2\/media?parent=65268"}],"wp:term":[{"taxonomy":"category","embeddable":true,"href":"https:\/\/www.radiopiu.net\/wordpress\/wp-json\/wp\/v2\/categories?post=65268"},{"taxonomy":"post_tag","embeddable":true,"href":"https:\/\/www.radiopiu.net\/wordpress\/wp-json\/wp\/v2\/tags?post=65268"}],"curies":[{"name":"wp","href":"https:\/\/api.w.org\/{rel}","templated":true}]}}