{"id":65285,"date":"2018-10-26T18:28:51","date_gmt":"2018-10-26T16:28:51","guid":{"rendered":"http:\/\/www.radiopiu.net\/wordpress\/?p=65285"},"modified":"2018-10-26T18:28:51","modified_gmt":"2018-10-26T16:28:51","slug":"atteso-forte-peggioramento-delle-condizioni-metereologiche-nel-bellunese-massima-allerta-in-tutta-la-provincia","status":"publish","type":"post","link":"https:\/\/www.radiopiu.net\/wordpress\/atteso-forte-peggioramento-delle-condizioni-metereologiche-nel-bellunese-massima-allerta-in-tutta-la-provincia\/","title":{"rendered":"ATTESO FORTE PEGGIORAMENTO DELLE CONDIZIONI METEREOLOGICHE NEL BELLUNESE: MASSIMA ALLERTA IN TUTTA LA PROVINCIA"},"content":{"rendered":"<p align=\"JUSTIFY\">\n<p align=\"JUSTIFY\"><span style=\"font-size: medium;\"><a class=\"dt-pswp-item\" href=\"http:\/\/www.radiopiu.net\/wordpress\/wp-content\/uploads\/2015\/06\/Belluno_palazzo_rettori_prefettura.jpg\" data-dt-img-description=\"\" data-large_image_width=\"2560\" data-large_image_height=\"1920\"><img loading=\"lazy\" decoding=\"async\" class=\"size-medium wp-image-6463 alignleft\" src=\"http:\/\/www.radiopiu.net\/wordpress\/wp-content\/uploads\/2015\/06\/Belluno_palazzo_rettori_prefettura-300x225.jpg\" alt=\"\" width=\"300\" height=\"225\" \/><\/a>Riunita in Prefettura l\u2019Unit\u00e0 di crisi per attivare il sistema di protezione civile provinciale in vista del preannunciato peggioramento delle condizioni meteo che interesser\u00e0 tutto il Bellunese da domani fino a luned\u00ec con precipitazioni molto abbondanti.\u00a0<\/span><span style=\"font-size: medium;\">Il Centro Funzionale Decentrato della Regione Veneto ha emanato un avviso di criticit\u00e0 per rischio idraulico e idrogeologico con il quale \u00e8 stato dichiarato per tutto il territorio bellunese, ad eccezione dei Comuni di Arsi\u00e8, Fonzaso, Sovramonte, Lamon (per i quali \u00e8 stato dichiarato lo stato di preallarme), lo stato di allarme per rischio idrogeologico, dalle ore 9 di sabato e fino alle 14 di luned\u00ec 29 ottobre.\u00a0<\/span><span style=\"font-size: medium;\">Alla luce di tali indicazioni il Prefetto, Francesco Esposito, ha richiesto a tutte le componenti del sistema provinciale di protezione civile nonch\u00e9 ai Sindaci, la massima attenzione e il costante monitoraggio della situazione, specie nei punti che, sulla base delle pianificazioni comunali di emergenza, sono maggiormente a rischio.\u00a0<\/span><span style=\"font-size: medium;\">Tenuto conto dello scenario previsto si consiglia alla popolazione di limitare, per quanto possibile, gli spostamenti, evitando quelli non strettamente necessari.\u00a0<\/span><span style=\"font-size: medium;\">Allo stesso tempo si sconsiglia di transitare o sostare in prossimit\u00e0 di corsi d\u2019acqua, specie se di minori dimensioni, e comunque di non effettuare escursioni in zone non antropizzate.\u00a0<\/span><span style=\"font-size: medium;\">Il Prefetto ha poi chiesto ai Sindaci di diramare ulteriori informazioni e indicazioni alle rispettive comunit\u00e0 sulla base di altri eventuali fattori di rischio specifici di ciascun singolo territorio comunale e degli sviluppi della situazione.\u00a0<\/span><span style=\"font-size: medium;\">Ha inoltre chiesto ai Sindaci di valutare il rinvio delle manifestazioni pubbliche programmate durante il fine settimana.\u00a0<\/span><span style=\"font-size: medium;\">Per tenere costantemente monitorato l\u2019evolversi dell\u2019evento, e salvi eventuali ulteriori interventi che dovessero rendersi necessari, sono state convocate in Prefettura per sabato e domenica, alle ore 16, due riunioni di aggiornamento dell\u2019Unit\u00e0 di Crisi.<\/span><\/p>\n","protected":false},"excerpt":{"rendered":"<p>Riunita in Prefettura l\u2019Unit\u00e0 di crisi per attivare il sistema di protezione civile provinciale in vista del preannunciato peggioramento delle condizioni meteo che interesser\u00e0 tutto il Bellunese da domani fino a luned\u00ec con precipitazioni molto abbondanti.\u00a0Il Centro Funzionale Decentrato della Regione Veneto ha emanato un avviso di criticit\u00e0 per rischio idraulico e idrogeologico con il&hellip;<\/p>\n","protected":false},"author":1,"featured_media":0,"comment_status":"closed","ping_status":"closed","sticky":false,"template":"","format":"standard","meta":{"_monsterinsights_skip_tracking":false,"_monsterinsights_sitenote_active":false,"_monsterinsights_sitenote_note":"","_monsterinsights_sitenote_category":0,"footnotes":""},"categories":[49],"tags":[],"class_list":["post-65285","post","type-post","status-publish","format-standard","hentry","category-news-18","category-49","description-off"],"img_url":false,"_links":{"self":[{"href":"https:\/\/www.radiopiu.net\/wordpress\/wp-json\/wp\/v2\/posts\/65285","targetHints":{"allow":["GET"]}}],"collection":[{"href":"https:\/\/www.radiopiu.net\/wordpress\/wp-json\/wp\/v2\/posts"}],"about":[{"href":"https:\/\/www.radiopiu.net\/wordpress\/wp-json\/wp\/v2\/types\/post"}],"author":[{"embeddable":true,"href":"https:\/\/www.radiopiu.net\/wordpress\/wp-json\/wp\/v2\/users\/1"}],"replies":[{"embeddable":true,"href":"https:\/\/www.radiopiu.net\/wordpress\/wp-json\/wp\/v2\/comments?post=65285"}],"version-history":[{"count":0,"href":"https:\/\/www.radiopiu.net\/wordpress\/wp-json\/wp\/v2\/posts\/65285\/revisions"}],"wp:attachment":[{"href":"https:\/\/www.radiopiu.net\/wordpress\/wp-json\/wp\/v2\/media?parent=65285"}],"wp:term":[{"taxonomy":"category","embeddable":true,"href":"https:\/\/www.radiopiu.net\/wordpress\/wp-json\/wp\/v2\/categories?post=65285"},{"taxonomy":"post_tag","embeddable":true,"href":"https:\/\/www.radiopiu.net\/wordpress\/wp-json\/wp\/v2\/tags?post=65285"}],"curies":[{"name":"wp","href":"https:\/\/api.w.org\/{rel}","templated":true}]}}