{"id":65389,"date":"2018-10-28T10:40:53","date_gmt":"2018-10-28T09:40:53","guid":{"rendered":"http:\/\/www.radiopiu.net\/wordpress\/?p=65389"},"modified":"2018-10-28T12:44:06","modified_gmt":"2018-10-28T11:44:06","slug":"viabilita-aggiornamento-ore-10-30-del-28-10","status":"publish","type":"post","link":"https:\/\/www.radiopiu.net\/wordpress\/viabilita-aggiornamento-ore-10-30-del-28-10\/","title":{"rendered":"VIABILITA aggiornamento ORE 10.30 del 28.10"},"content":{"rendered":"<p>VENGONO CHIUSI AL TRANSITO I SEGUENTI TRATTI STRADALI:<br \/>\n<strong>S.P. 2 VALLE DEL MIS dalla progressiva km14+770 (fine lago) alla progressiva 20+550 &#8211; loc. Titele<\/strong><\/p>\n<p><strong>S.R. 48 delle Dolomiti dal km 124+300 &#8211; localit\u00e0 Alver\u00e0 al Km 128+970 localit\u00e0 Rio Gere.<\/strong><br \/>\nIl comunicato verr\u00e0 aggiornato solo in caso di variazione alla viabilit\u00e0 sopracitata<\/p>\n","protected":false},"excerpt":{"rendered":"<p>VENGONO CHIUSI AL TRANSITO I SEGUENTI TRATTI STRADALI: S.P. 2 VALLE DEL MIS dalla progressiva km14+770 (fine lago) alla progressiva 20+550 &#8211; loc. Titele S.R. 48 delle Dolomiti dal km 124+300 &#8211; localit\u00e0 Alver\u00e0 al Km 128+970 localit\u00e0 Rio Gere. Il comunicato verr\u00e0 aggiornato solo in caso di variazione alla viabilit\u00e0 sopracitata<\/p>\n","protected":false},"author":1,"featured_media":65390,"comment_status":"closed","ping_status":"closed","sticky":false,"template":"","format":"standard","meta":{"_monsterinsights_skip_tracking":false,"_monsterinsights_sitenote_active":false,"_monsterinsights_sitenote_note":"","_monsterinsights_sitenote_category":0,"footnotes":""},"categories":[49],"tags":[],"class_list":["post-65389","post","type-post","status-publish","format-standard","has-post-thumbnail","hentry","category-news-18","category-49","description-off"],"img_url":"https:\/\/www.radiopiu.net\/wordpress\/wp-content\/uploads\/2018\/10\/viabilita\u0300-10-30-28-10.jpg","_links":{"self":[{"href":"https:\/\/www.radiopiu.net\/wordpress\/wp-json\/wp\/v2\/posts\/65389","targetHints":{"allow":["GET"]}}],"collection":[{"href":"https:\/\/www.radiopiu.net\/wordpress\/wp-json\/wp\/v2\/posts"}],"about":[{"href":"https:\/\/www.radiopiu.net\/wordpress\/wp-json\/wp\/v2\/types\/post"}],"author":[{"embeddable":true,"href":"https:\/\/www.radiopiu.net\/wordpress\/wp-json\/wp\/v2\/users\/1"}],"replies":[{"embeddable":true,"href":"https:\/\/www.radiopiu.net\/wordpress\/wp-json\/wp\/v2\/comments?post=65389"}],"version-history":[{"count":0,"href":"https:\/\/www.radiopiu.net\/wordpress\/wp-json\/wp\/v2\/posts\/65389\/revisions"}],"wp:featuredmedia":[{"embeddable":true,"href":"https:\/\/www.radiopiu.net\/wordpress\/wp-json\/wp\/v2\/media\/65390"}],"wp:attachment":[{"href":"https:\/\/www.radiopiu.net\/wordpress\/wp-json\/wp\/v2\/media?parent=65389"}],"wp:term":[{"taxonomy":"category","embeddable":true,"href":"https:\/\/www.radiopiu.net\/wordpress\/wp-json\/wp\/v2\/categories?post=65389"},{"taxonomy":"post_tag","embeddable":true,"href":"https:\/\/www.radiopiu.net\/wordpress\/wp-json\/wp\/v2\/tags?post=65389"}],"curies":[{"name":"wp","href":"https:\/\/api.w.org\/{rel}","templated":true}]}}