{"id":65411,"date":"2018-10-28T15:53:33","date_gmt":"2018-10-28T14:53:33","guid":{"rendered":"http:\/\/www.radiopiu.net\/wordpress\/?p=65411"},"modified":"2018-10-28T15:53:33","modified_gmt":"2018-10-28T14:53:33","slug":"situazione-viabilita-ore-1530-del-28-10","status":"publish","type":"post","link":"https:\/\/www.radiopiu.net\/wordpress\/situazione-viabilita-ore-1530-del-28-10\/","title":{"rendered":"Situazione viabilit\u00e0  ore 15:30 del 28-10"},"content":{"rendered":"<p>Si comunica che a causa delle intense precipitazioni, vista la presenta di smottamenti a monte della<br \/>\nsede stradale, considerata la necessit\u00e0 di tutelare l\u2019incolumit\u00e0 degli utenti della strada, vengono chiusi<br \/>\nal transito i seguenti tratti stradali:<br \/>\n<strong>&#8211; S.R. 203 \u201cAgordina\u201d alla progressiva 18+400 in loc. La Muda<\/strong><br \/>\n<strong>&#8211; S.P. 33 \u201cdi Sauris\u201d dalla progressiva km 0+000 (<\/strong>innesto S.P. 619) al km 6+800 (confine Provincia di Udine);<\/p>\n<p>Permangono le chiusure per motivi di sicurezza dei seguenti tratti stradali:<br \/>\n<strong>&#8211; S.P. 3 \u201cValle Imperina\u201d dalla progressiva km 2+900 alla progressiva km 3+200;<\/strong><br \/>\n<strong>&#8211; S.P. 347 \u201cdel passo Cereda e Duran\u201d dalla progressiva km 32+000 (localit\u00e0 Agordo) al km 52+430 <\/strong><strong>(localit\u00e0 Dont);<\/strong><br \/>\n<strong>&#8211; S.P. 2 \u201cValle del Mis\u201d dalla progressiva km 14+770 (fine lago) alla progressiva km 20+550 (loc. <\/strong><strong>Titele);<\/strong><br \/>\n<strong>&#8211; S.R. 48 \u201cdelle Dolomiti\u201d dal km 124+300 (localit\u00e0 Alver\u00e0) al km 128+970 (localit\u00e0 Rio Gere).<\/strong><br \/>\nIl presente comunicato verr\u00e0 aggiornato solo in caso di variazione della situazione relativa alla<br \/>\nviabilit\u00e0 sopraccitata.<\/p>\n","protected":false},"excerpt":{"rendered":"<p>Si comunica che a causa delle intense precipitazioni, vista la presenta di smottamenti a monte della sede stradale, considerata la necessit\u00e0 di tutelare l\u2019incolumit\u00e0 degli utenti della strada, vengono chiusi al transito i seguenti tratti stradali: &#8211; S.R. 203 \u201cAgordina\u201d alla progressiva 18+400 in loc. La Muda &#8211; S.P. 33 \u201cdi Sauris\u201d dalla progressiva km&hellip;<\/p>\n","protected":false},"author":1,"featured_media":65412,"comment_status":"closed","ping_status":"closed","sticky":false,"template":"","format":"standard","meta":{"_monsterinsights_skip_tracking":false,"_monsterinsights_sitenote_active":false,"_monsterinsights_sitenote_note":"","_monsterinsights_sitenote_category":0,"footnotes":""},"categories":[49],"tags":[],"class_list":["post-65411","post","type-post","status-publish","format-standard","has-post-thumbnail","hentry","category-news-18","category-49","description-off"],"img_url":"https:\/\/www.radiopiu.net\/wordpress\/wp-content\/uploads\/2018\/10\/viabilita-15-30.jpg","_links":{"self":[{"href":"https:\/\/www.radiopiu.net\/wordpress\/wp-json\/wp\/v2\/posts\/65411","targetHints":{"allow":["GET"]}}],"collection":[{"href":"https:\/\/www.radiopiu.net\/wordpress\/wp-json\/wp\/v2\/posts"}],"about":[{"href":"https:\/\/www.radiopiu.net\/wordpress\/wp-json\/wp\/v2\/types\/post"}],"author":[{"embeddable":true,"href":"https:\/\/www.radiopiu.net\/wordpress\/wp-json\/wp\/v2\/users\/1"}],"replies":[{"embeddable":true,"href":"https:\/\/www.radiopiu.net\/wordpress\/wp-json\/wp\/v2\/comments?post=65411"}],"version-history":[{"count":0,"href":"https:\/\/www.radiopiu.net\/wordpress\/wp-json\/wp\/v2\/posts\/65411\/revisions"}],"wp:featuredmedia":[{"embeddable":true,"href":"https:\/\/www.radiopiu.net\/wordpress\/wp-json\/wp\/v2\/media\/65412"}],"wp:attachment":[{"href":"https:\/\/www.radiopiu.net\/wordpress\/wp-json\/wp\/v2\/media?parent=65411"}],"wp:term":[{"taxonomy":"category","embeddable":true,"href":"https:\/\/www.radiopiu.net\/wordpress\/wp-json\/wp\/v2\/categories?post=65411"},{"taxonomy":"post_tag","embeddable":true,"href":"https:\/\/www.radiopiu.net\/wordpress\/wp-json\/wp\/v2\/tags?post=65411"}],"curies":[{"name":"wp","href":"https:\/\/api.w.org\/{rel}","templated":true}]}}