{"id":65430,"date":"2018-10-28T17:28:48","date_gmt":"2018-10-28T16:28:48","guid":{"rendered":"http:\/\/www.radiopiu.net\/wordpress\/?p=65430"},"modified":"2018-10-28T17:28:48","modified_gmt":"2018-10-28T16:28:48","slug":"vaibilita-aggiornamento-ore-1700-del-28-10-2018","status":"publish","type":"post","link":"https:\/\/www.radiopiu.net\/wordpress\/vaibilita-aggiornamento-ore-1700-del-28-10-2018\/","title":{"rendered":"VAIBILITA&#8217;: Aggiornamento  ore 17:00 del 28\/10\/2018"},"content":{"rendered":"<p>Si comunica che a causa delle intense precipitazioni, vista la presenta di smottamenti a monte della sede stradale, considerata la necessit\u00e0 di tutelare l\u2019incolumit\u00e0 degli utenti della strada, vengono chiusi<br \/>\nal transito i seguenti tratti stradali:<br \/>\n<strong>&#8211; S.P. 251 \u201cdella Val di Zoldo e Val Cellina\u201d al km 107+000 (localit\u00e0 Igne) al km 119+000 (localit\u00e0 Fagar\u00e8);<\/strong><br \/>\nSi Comunica la riapertura al transito del tratto stradale:<br \/>\n<strong>&#8211; S.P. 3 \u201cValle Imperina\u201d dalla progressiva km 2+900 alla progressiva km 3+200;<\/strong><\/p>\n<p><strong>Permangono le chiusure per motivi di sicurezza dei seguenti tratti stradali:<\/strong><br \/>\n&#8211; S.R. 203 \u201cAgordina\u201d alla progressiva 18+400 in loc. La Muda;<br \/>\n&#8211; S.P. 33 \u201cdi Sauris\u201d dalla progressiva km 0+000 (innesto S.P. 619) al km 6+800 (confine Provinciadi Udine);<br \/>\n&#8211; S.P. 347 \u201cdel passo Cereda e Duran\u201d dalla progressiva km 32+000 (localit\u00e0 Agordo) al km 52+430 (localit\u00e0 Dont);<br \/>\n&#8211; S.P. 2 \u201cValle del Mis\u201d dalla progressiva km 14+770 (fine lago) alla progressiva km 20+550 (loc.Titele);<br \/>\n&#8211; S.R. 48 \u201cdelle Dolomiti\u201d dal km 124+300 (localit\u00e0 Alver\u00e0) al km 128+970 (localit\u00e0 Rio Gere).<br \/>\nIl presente comunicato verr\u00e0 aggiornato solo in caso di variazione della situazione relativa alla<br \/>\nviabilit\u00e0 sopraccitata.<\/p>\n","protected":false},"excerpt":{"rendered":"<p>Si comunica che a causa delle intense precipitazioni, vista la presenta di smottamenti a monte della sede stradale, considerata la necessit\u00e0 di tutelare l\u2019incolumit\u00e0 degli utenti della strada, vengono chiusi al transito i seguenti tratti stradali: &#8211; S.P. 251 \u201cdella Val di Zoldo e Val Cellina\u201d al km 107+000 (localit\u00e0 Igne) al km 119+000 (localit\u00e0&hellip;<\/p>\n","protected":false},"author":1,"featured_media":65431,"comment_status":"closed","ping_status":"closed","sticky":false,"template":"","format":"standard","meta":{"_monsterinsights_skip_tracking":false,"_monsterinsights_sitenote_active":false,"_monsterinsights_sitenote_note":"","_monsterinsights_sitenote_category":0,"footnotes":""},"categories":[49],"tags":[],"class_list":["post-65430","post","type-post","status-publish","format-standard","has-post-thumbnail","hentry","category-news-18","category-49","description-off"],"img_url":"https:\/\/www.radiopiu.net\/wordpress\/wp-content\/uploads\/2018\/10\/viab-17-28.jpg","_links":{"self":[{"href":"https:\/\/www.radiopiu.net\/wordpress\/wp-json\/wp\/v2\/posts\/65430","targetHints":{"allow":["GET"]}}],"collection":[{"href":"https:\/\/www.radiopiu.net\/wordpress\/wp-json\/wp\/v2\/posts"}],"about":[{"href":"https:\/\/www.radiopiu.net\/wordpress\/wp-json\/wp\/v2\/types\/post"}],"author":[{"embeddable":true,"href":"https:\/\/www.radiopiu.net\/wordpress\/wp-json\/wp\/v2\/users\/1"}],"replies":[{"embeddable":true,"href":"https:\/\/www.radiopiu.net\/wordpress\/wp-json\/wp\/v2\/comments?post=65430"}],"version-history":[{"count":0,"href":"https:\/\/www.radiopiu.net\/wordpress\/wp-json\/wp\/v2\/posts\/65430\/revisions"}],"wp:featuredmedia":[{"embeddable":true,"href":"https:\/\/www.radiopiu.net\/wordpress\/wp-json\/wp\/v2\/media\/65431"}],"wp:attachment":[{"href":"https:\/\/www.radiopiu.net\/wordpress\/wp-json\/wp\/v2\/media?parent=65430"}],"wp:term":[{"taxonomy":"category","embeddable":true,"href":"https:\/\/www.radiopiu.net\/wordpress\/wp-json\/wp\/v2\/categories?post=65430"},{"taxonomy":"post_tag","embeddable":true,"href":"https:\/\/www.radiopiu.net\/wordpress\/wp-json\/wp\/v2\/tags?post=65430"}],"curies":[{"name":"wp","href":"https:\/\/api.w.org\/{rel}","templated":true}]}}