{"id":65450,"date":"2018-10-28T18:11:23","date_gmt":"2018-10-28T17:11:23","guid":{"rendered":"http:\/\/www.radiopiu.net\/wordpress\/?p=65450"},"modified":"2018-10-28T19:12:46","modified_gmt":"2018-10-28T18:12:46","slug":"maltempo-firmata-da-zaia-richiesta-mobilitazione-protezione-civile-nazionale","status":"publish","type":"post","link":"https:\/\/www.radiopiu.net\/wordpress\/maltempo-firmata-da-zaia-richiesta-mobilitazione-protezione-civile-nazionale\/","title":{"rendered":"MALTEMPO. FIRMATA DA ZAIA RICHIESTA MOBILITAZIONE PROTEZIONE CIVILE NAZIONALE"},"content":{"rendered":"<p>Alle ore 17,30 di oggi il Presidente della Giunta Regionale del Veneto, Luca Zaia, ha firmato la richiesta di mobilitazione del Servizio Nazionale della Protezione Civile, &#8220;in considerazione delle previsioni elaborate dai modelli meteorologici ed idraulici che ipotizzano scenari riferibili agli eventi di piena del 1966&#8221;, preso altres\u00ec atto &#8220;di aver attivato tutte le forze in campo disponibili&#8221;. <\/p>\n<p>Considerata &#8220;l&#8217;eccezionalit\u00e0 della situazione, per la quale possono manifestarsi eventi con intensit\u00e0 tale da compromettere la vita, l&#8217;interit\u00e0 fisica o beni di primaria importanza&#8221;, il Presidente della Regione chiede al Presidente del Consiglio dei Ministri, Giuseppe Conte, e al Capo del Dipartimento della Protezione Civile, Angelo Borrelli, di attivare la prevista procedura di mobilitazione nazionale.<\/p>\n","protected":false},"excerpt":{"rendered":"<p>Alle ore 17,30 di oggi il Presidente della Giunta Regionale del Veneto, Luca Zaia, ha firmato la richiesta di mobilitazione del Servizio Nazionale della Protezione Civile, &#8220;in considerazione delle previsioni elaborate dai modelli meteorologici ed idraulici che ipotizzano scenari riferibili agli eventi di piena del 1966&#8221;, preso altres\u00ec atto &#8220;di aver attivato tutte le forze&hellip;<\/p>\n","protected":false},"author":1,"featured_media":64262,"comment_status":"closed","ping_status":"closed","sticky":false,"template":"","format":"standard","meta":{"_monsterinsights_skip_tracking":false,"_monsterinsights_sitenote_active":false,"_monsterinsights_sitenote_note":"","_monsterinsights_sitenote_category":0,"footnotes":""},"categories":[65],"tags":[],"class_list":["post-65450","post","type-post","status-publish","format-standard","has-post-thumbnail","hentry","category-soccorso","category-65","description-off"],"img_url":"https:\/\/www.radiopiu.net\/wordpress\/wp-content\/uploads\/2018\/10\/Zaia-al-Coni-3.jpeg","_links":{"self":[{"href":"https:\/\/www.radiopiu.net\/wordpress\/wp-json\/wp\/v2\/posts\/65450","targetHints":{"allow":["GET"]}}],"collection":[{"href":"https:\/\/www.radiopiu.net\/wordpress\/wp-json\/wp\/v2\/posts"}],"about":[{"href":"https:\/\/www.radiopiu.net\/wordpress\/wp-json\/wp\/v2\/types\/post"}],"author":[{"embeddable":true,"href":"https:\/\/www.radiopiu.net\/wordpress\/wp-json\/wp\/v2\/users\/1"}],"replies":[{"embeddable":true,"href":"https:\/\/www.radiopiu.net\/wordpress\/wp-json\/wp\/v2\/comments?post=65450"}],"version-history":[{"count":0,"href":"https:\/\/www.radiopiu.net\/wordpress\/wp-json\/wp\/v2\/posts\/65450\/revisions"}],"wp:featuredmedia":[{"embeddable":true,"href":"https:\/\/www.radiopiu.net\/wordpress\/wp-json\/wp\/v2\/media\/64262"}],"wp:attachment":[{"href":"https:\/\/www.radiopiu.net\/wordpress\/wp-json\/wp\/v2\/media?parent=65450"}],"wp:term":[{"taxonomy":"category","embeddable":true,"href":"https:\/\/www.radiopiu.net\/wordpress\/wp-json\/wp\/v2\/categories?post=65450"},{"taxonomy":"post_tag","embeddable":true,"href":"https:\/\/www.radiopiu.net\/wordpress\/wp-json\/wp\/v2\/tags?post=65450"}],"curies":[{"name":"wp","href":"https:\/\/api.w.org\/{rel}","templated":true}]}}