{"id":65473,"date":"2018-10-29T05:30:13","date_gmt":"2018-10-29T04:30:13","guid":{"rendered":"http:\/\/www.radiopiu.net\/wordpress\/?p=65473"},"modified":"2018-10-29T05:44:35","modified_gmt":"2018-10-29T04:44:35","slug":"luxottica-chiusura-straordinaria-chiarimenti-e-considerazioni-di-emilio-bez-uiltec","status":"publish","type":"post","link":"https:\/\/www.radiopiu.net\/wordpress\/luxottica-chiusura-straordinaria-chiarimenti-e-considerazioni-di-emilio-bez-uiltec\/","title":{"rendered":"LUXOTTICA CHIUSURA STRAORDINARIA, CHIARIMENTI E CONSIDERAZIONI DI EMILIO BEZ, UILTEC"},"content":{"rendered":"<h3 class=\"post-title entry-title\"><a style=\"font-size: 14px; font-weight: normal;\" href=\"https:\/\/4.bp.blogspot.com\/-a8oCBqSsTNs\/W9Yrh6zytqI\/AAAAAAAAAc8\/wDTxmUJTcYwDjsiXAPNQ4zTXYJyzwMAUwCLcBGAs\/s1600\/raindrops-828954_640.jpg\"><img loading=\"lazy\" decoding=\"async\" class=\"alignleft\" src=\"https:\/\/4.bp.blogspot.com\/-a8oCBqSsTNs\/W9Yrh6zytqI\/AAAAAAAAAc8\/wDTxmUJTcYwDjsiXAPNQ4zTXYJyzwMAUwCLcBGAs\/s320\/raindrops-828954_640.jpg\" width=\"320\" height=\"180\" border=\"0\" data-original-height=\"360\" data-original-width=\"640\" \/><\/a><\/h3>\n<div id=\"post-body-6789174159897279547\" class=\"post-body entry-content\">Come ormai \u00e8 noto (\u00a0<a href=\"http:\/\/luxag.blogspot.com\/2018\/10\/luxottica-agordo-attivita-sospesa.html\" target=\"_blank\" rel=\"noopener\">http:\/\/luxag.blogspot.com\/2018\/10\/luxottica-agordo-attivita-sospesa.html<\/a>\u00a0) l&#8217;azienda ha comunicato\u00a0nel tardo pomeriggio di oggi\u00a0che, vista la situazione della viabilit\u00e0 con diverse strade chiuse e\u00a0la situazione meteo critica,\u00a0viene sospesa\u00a0l&#8217;attivit\u00e0 nello stabilimento Luxottica di Agordo\u00a0e Cencenighe almeno\u00a0fino alle 14.00 di domani\u00a0luned\u00ec 29 ottobre.<br \/>\nA seguito di numerose domande pervenute dai colleghi \u00e8 opportuno qualche chiarimento, per quanto ci \u00e8 possibile.<br \/>\nIntanto lo stop interessa anche tutti i part-time classici (mattina, pomeriggio, verticale 1) e i 6 ore mattino. Coloro che effettuano il 6 ore pomeridiano con inizio lavoro\u00a0alle 14.00\u00a0dovranno attendere la comunicazione relativa al pomeriggio. Vengono coinvolti anche gli uffici allo stesso modo\u00a0dei reparti produttivi.<br \/>\nLa fermata\u00a0\u00e8\u00a0dovuta alla situazione critica della viabilit\u00e0 con numerose strade chiuse, alcune delle quali presentano situazioni\u00a0preoccupanti, ad esempio la 203 agordina in localit\u00e0 La Muda, e che non fanno sperare in un\u00a0immediato ripristino; di conseguenza, una\u00a0consistente\u00a0parte delle maestranze non potrebbe comunque recarsi al lavoro domani mattina ad Agordo o Cencenighe o quantomeno avrebbe grossi disagi nel tragitto. Per quanto riguarda il turno pomeridiano e notturno, l&#8217;Azienda comunicher\u00e0 le proprie decisioni\u00a0nella prima\u00a0mattinata di luned\u00ec.<br \/>\nDai commenti e dalle domande dei colleghi, la\u00a0scelta di sospendere l&#8217;attivit\u00e0 lavorativa viene giudicata in modo generalmente positivo,\u00a0considerata la drammatica\u00a0situazione attuale della viabilit\u00e0 e con\u00a0le\u00a0previsioni che annunciano un ulteriore peggioramento.<br \/>\nIn molti per\u00f2 si chiedono se non fosse (a dir poco)\u00a0pi\u00f9 opportuno\u00a0prendere gi\u00e0 oggi\u00a0una decisione per l&#8217;intera giornata di luned\u00ec,\u00a0a fronte delle continue e sempre pi\u00f9 preoccupanti\u00a0allerte meteo per domani\u00a0e viste\u00a0le ordinanze\u00a0di chiusura delle scuole per tutta la giornata nonch\u00e9 degli uffici pubblici per il pomeriggio.<\/div>\n","protected":false},"excerpt":{"rendered":"<p>Come ormai \u00e8 noto (\u00a0http:\/\/luxag.blogspot.com\/2018\/10\/luxottica-agordo-attivita-sospesa.html\u00a0) l&#8217;azienda ha comunicato\u00a0nel tardo pomeriggio di oggi\u00a0che, vista la situazione della viabilit\u00e0 con diverse strade chiuse e\u00a0la situazione meteo critica,\u00a0viene sospesa\u00a0l&#8217;attivit\u00e0 nello stabilimento Luxottica di Agordo\u00a0e Cencenighe almeno\u00a0fino alle 14.00 di domani\u00a0luned\u00ec 29 ottobre. A seguito di numerose domande pervenute dai colleghi \u00e8 opportuno qualche chiarimento, per quanto ci \u00e8&hellip;<\/p>\n","protected":false},"author":1,"featured_media":0,"comment_status":"closed","ping_status":"closed","sticky":false,"template":"","format":"standard","meta":{"_monsterinsights_skip_tracking":false,"_monsterinsights_sitenote_active":false,"_monsterinsights_sitenote_note":"","_monsterinsights_sitenote_category":0,"footnotes":""},"categories":[49],"tags":[],"class_list":["post-65473","post","type-post","status-publish","format-standard","hentry","category-news-18","category-49","description-off"],"img_url":false,"_links":{"self":[{"href":"https:\/\/www.radiopiu.net\/wordpress\/wp-json\/wp\/v2\/posts\/65473","targetHints":{"allow":["GET"]}}],"collection":[{"href":"https:\/\/www.radiopiu.net\/wordpress\/wp-json\/wp\/v2\/posts"}],"about":[{"href":"https:\/\/www.radiopiu.net\/wordpress\/wp-json\/wp\/v2\/types\/post"}],"author":[{"embeddable":true,"href":"https:\/\/www.radiopiu.net\/wordpress\/wp-json\/wp\/v2\/users\/1"}],"replies":[{"embeddable":true,"href":"https:\/\/www.radiopiu.net\/wordpress\/wp-json\/wp\/v2\/comments?post=65473"}],"version-history":[{"count":0,"href":"https:\/\/www.radiopiu.net\/wordpress\/wp-json\/wp\/v2\/posts\/65473\/revisions"}],"wp:attachment":[{"href":"https:\/\/www.radiopiu.net\/wordpress\/wp-json\/wp\/v2\/media?parent=65473"}],"wp:term":[{"taxonomy":"category","embeddable":true,"href":"https:\/\/www.radiopiu.net\/wordpress\/wp-json\/wp\/v2\/categories?post=65473"},{"taxonomy":"post_tag","embeddable":true,"href":"https:\/\/www.radiopiu.net\/wordpress\/wp-json\/wp\/v2\/tags?post=65473"}],"curies":[{"name":"wp","href":"https:\/\/api.w.org\/{rel}","templated":true}]}}