{"id":65492,"date":"2018-10-29T08:46:52","date_gmt":"2018-10-29T07:46:52","guid":{"rendered":"http:\/\/www.radiopiu.net\/wordpress\/?p=65492"},"modified":"2018-10-29T08:47:45","modified_gmt":"2018-10-29T07:47:45","slug":"viabilita-aggiornamneto-delle-8-30-del-29-10-2018","status":"publish","type":"post","link":"https:\/\/www.radiopiu.net\/wordpress\/viabilita-aggiornamneto-delle-8-30-del-29-10-2018\/","title":{"rendered":"VIABILITA&#8217; : AGGIORNAMENTO DELLE 8.30 del  29\/10\/2018"},"content":{"rendered":"<p><strong>Si Comunica la riapertura al transito dei seguenti tratti stradali:<\/strong><br \/>\n&#8211; S.P. 251 \u201cdella Val di Zoldo e Val Cellina\u201d al km 107+000 (localit\u00e0 Igne) al km 119+000 (localit\u00e0 Fagar\u00e8);<br \/>\n&#8211; S.R. 203 \u201cAgordina\u201d alla progressiva 18+400 in loc. La Muda;<\/p>\n<p><strong>Permangono le chiusure per motivi di sicurezza dei seguenti tratti stradali:<\/strong><br \/>\n&#8211; S.P. 33 \u201cdi Sauris\u201d dalla progressiva km 0+000 (innesto S.P. 619) al km 6+800 (confine Provincia di Udine);<br \/>\n&#8211; S.P. 347 \u201cdel passo Cereda e Duran\u201d dalla progressiva km 32+000 (localit\u00e0 Agordo) al km 52+430 (localit\u00e0 Dont);<br \/>\n&#8211; S.P. 2 \u201cValle del Mis\u201d dalla progressiva km 14+770 (fine lago) alla progressiva km 20+550 (loc. Titele);<br \/>\n&#8211; S.R. 48 \u201cdelle Dolomiti\u201d dal km 124+300 (localit\u00e0 Alver\u00e0) al km 128+970 (localit\u00e0 Rio Gere).<br \/>\nIl presente comunicato verr\u00e0 aggiornato solo in caso di variazione della situazione relativa alla<br \/>\nviabilit\u00e0 sopraccitata.<\/p>\n","protected":false},"excerpt":{"rendered":"<p>Si Comunica la riapertura al transito dei seguenti tratti stradali: &#8211; S.P. 251 \u201cdella Val di Zoldo e Val Cellina\u201d al km 107+000 (localit\u00e0 Igne) al km 119+000 (localit\u00e0 Fagar\u00e8); &#8211; S.R. 203 \u201cAgordina\u201d alla progressiva 18+400 in loc. La Muda; Permangono le chiusure per motivi di sicurezza dei seguenti tratti stradali: &#8211; S.P. 33&hellip;<\/p>\n","protected":false},"author":1,"featured_media":65493,"comment_status":"closed","ping_status":"closed","sticky":false,"template":"","format":"standard","meta":{"_monsterinsights_skip_tracking":false,"_monsterinsights_sitenote_active":false,"_monsterinsights_sitenote_note":"","_monsterinsights_sitenote_category":0,"footnotes":""},"categories":[49],"tags":[],"class_list":["post-65492","post","type-post","status-publish","format-standard","has-post-thumbnail","hentry","category-news-18","category-49","description-off"],"img_url":"https:\/\/www.radiopiu.net\/wordpress\/wp-content\/uploads\/2018\/10\/viab-8-30-29.jpg","_links":{"self":[{"href":"https:\/\/www.radiopiu.net\/wordpress\/wp-json\/wp\/v2\/posts\/65492","targetHints":{"allow":["GET"]}}],"collection":[{"href":"https:\/\/www.radiopiu.net\/wordpress\/wp-json\/wp\/v2\/posts"}],"about":[{"href":"https:\/\/www.radiopiu.net\/wordpress\/wp-json\/wp\/v2\/types\/post"}],"author":[{"embeddable":true,"href":"https:\/\/www.radiopiu.net\/wordpress\/wp-json\/wp\/v2\/users\/1"}],"replies":[{"embeddable":true,"href":"https:\/\/www.radiopiu.net\/wordpress\/wp-json\/wp\/v2\/comments?post=65492"}],"version-history":[{"count":0,"href":"https:\/\/www.radiopiu.net\/wordpress\/wp-json\/wp\/v2\/posts\/65492\/revisions"}],"wp:featuredmedia":[{"embeddable":true,"href":"https:\/\/www.radiopiu.net\/wordpress\/wp-json\/wp\/v2\/media\/65493"}],"wp:attachment":[{"href":"https:\/\/www.radiopiu.net\/wordpress\/wp-json\/wp\/v2\/media?parent=65492"}],"wp:term":[{"taxonomy":"category","embeddable":true,"href":"https:\/\/www.radiopiu.net\/wordpress\/wp-json\/wp\/v2\/categories?post=65492"},{"taxonomy":"post_tag","embeddable":true,"href":"https:\/\/www.radiopiu.net\/wordpress\/wp-json\/wp\/v2\/tags?post=65492"}],"curies":[{"name":"wp","href":"https:\/\/api.w.org\/{rel}","templated":true}]}}