{"id":65523,"date":"2018-10-29T11:35:19","date_gmt":"2018-10-29T10:35:19","guid":{"rendered":"http:\/\/www.radiopiu.net\/wordpress\/?p=65523"},"modified":"2018-10-29T11:35:19","modified_gmt":"2018-10-29T10:35:19","slug":"viabilita-aggiornamneto-ore-11-00","status":"publish","type":"post","link":"https:\/\/www.radiopiu.net\/wordpress\/viabilita-aggiornamneto-ore-11-00\/","title":{"rendered":"VIABILITA: aggiornamneto ore 11.00"},"content":{"rendered":"<p><strong>Si comunica che a causa delle intense precipitazioni, considerata la necessit\u00e0 di tutelare l\u2019incolumit\u00e0 degli utenti della strada, vengono chiusi al transito i seguente tratto stradale:<\/strong><br \/>\n&#8211; S.P. 5 \u201cdi Lamosano\u201d dalla progressiva 4+300 alla progressiva 4+800 in loc. Palade per allagamento sede stradale;<\/p>\n<p><strong>Permangono le chiusure per motivi di sicurezza dei seguenti tratti stradali:<\/strong><br \/>\n&#8211; S.P. 33 \u201cdi Sauris\u201d dalla progressiva km 0+000 (innesto S.P. 619) al km 6+800 (confine Provincia di Udine);<br \/>\n&#8211; S.P. 347 \u201cdel passo Cereda e Duran\u201d dalla progressiva km 32+000 (localit\u00e0 Agordo) al km 52+430 (localit\u00e0 Dont);<br \/>\n&#8211; S.P. 2 \u201cValle del Mis\u201d dalla progressiva km 14+770 (fine lago) alla progressiva km 20+550 (loc. Titele);<br \/>\n&#8211; S.R. 48 \u201cdelle Dolomiti\u201d dal km 124+300 (localit\u00e0 Alver\u00e0) al km 128+970 (localit\u00e0 Rio Gere).<br \/>\nIl presente comunicato verr\u00e0 aggiornato solo in caso di variazione della situazione relativa alla<br \/>\nviabilit\u00e0 sopraccitata.<\/p>\n","protected":false},"excerpt":{"rendered":"<p>Si comunica che a causa delle intense precipitazioni, considerata la necessit\u00e0 di tutelare l\u2019incolumit\u00e0 degli utenti della strada, vengono chiusi al transito i seguente tratto stradale: &#8211; S.P. 5 \u201cdi Lamosano\u201d dalla progressiva 4+300 alla progressiva 4+800 in loc. Palade per allagamento sede stradale; Permangono le chiusure per motivi di sicurezza dei seguenti tratti stradali:&hellip;<\/p>\n","protected":false},"author":1,"featured_media":65524,"comment_status":"closed","ping_status":"closed","sticky":false,"template":"","format":"standard","meta":{"_monsterinsights_skip_tracking":false,"_monsterinsights_sitenote_active":false,"_monsterinsights_sitenote_note":"","_monsterinsights_sitenote_category":0,"footnotes":""},"categories":[49],"tags":[],"class_list":["post-65523","post","type-post","status-publish","format-standard","has-post-thumbnail","hentry","category-news-18","category-49","description-off"],"img_url":"https:\/\/www.radiopiu.net\/wordpress\/wp-content\/uploads\/2018\/10\/viabilita-11-29.jpg","_links":{"self":[{"href":"https:\/\/www.radiopiu.net\/wordpress\/wp-json\/wp\/v2\/posts\/65523","targetHints":{"allow":["GET"]}}],"collection":[{"href":"https:\/\/www.radiopiu.net\/wordpress\/wp-json\/wp\/v2\/posts"}],"about":[{"href":"https:\/\/www.radiopiu.net\/wordpress\/wp-json\/wp\/v2\/types\/post"}],"author":[{"embeddable":true,"href":"https:\/\/www.radiopiu.net\/wordpress\/wp-json\/wp\/v2\/users\/1"}],"replies":[{"embeddable":true,"href":"https:\/\/www.radiopiu.net\/wordpress\/wp-json\/wp\/v2\/comments?post=65523"}],"version-history":[{"count":0,"href":"https:\/\/www.radiopiu.net\/wordpress\/wp-json\/wp\/v2\/posts\/65523\/revisions"}],"wp:featuredmedia":[{"embeddable":true,"href":"https:\/\/www.radiopiu.net\/wordpress\/wp-json\/wp\/v2\/media\/65524"}],"wp:attachment":[{"href":"https:\/\/www.radiopiu.net\/wordpress\/wp-json\/wp\/v2\/media?parent=65523"}],"wp:term":[{"taxonomy":"category","embeddable":true,"href":"https:\/\/www.radiopiu.net\/wordpress\/wp-json\/wp\/v2\/categories?post=65523"},{"taxonomy":"post_tag","embeddable":true,"href":"https:\/\/www.radiopiu.net\/wordpress\/wp-json\/wp\/v2\/tags?post=65523"}],"curies":[{"name":"wp","href":"https:\/\/api.w.org\/{rel}","templated":true}]}}