{"id":65531,"date":"2018-10-29T11:59:44","date_gmt":"2018-10-29T10:59:44","guid":{"rendered":"http:\/\/www.radiopiu.net\/wordpress\/?p=65531"},"modified":"2018-10-29T12:03:10","modified_gmt":"2018-10-29T11:03:10","slug":"maltempo-provinincia-situazione-pre-12-del-29-10","status":"publish","type":"post","link":"https:\/\/www.radiopiu.net\/wordpress\/maltempo-provinincia-situazione-pre-12-del-29-10\/","title":{"rendered":"MALTEMPO PROVINCIA &#8211; Situazione ore 12 del 29.10"},"content":{"rendered":"<p>Il territorio della provincia continua ad essere interessato da precipitazioni diffuse, a tratti di forte intensit\u00e0. Nel pomeriggio\/sera, specie nella fascia oraria 14 \u2013 18, potrebbero verificarsi ulteriori fenomeni intensi che potrebbero accrescere i disagi lungo la viabilit\u00e0 provinciale.<br \/>\nPer questo motivo, il Prefetto, dopo aver sentito i componenti del Centro Coordinamento Soccorsi, ha disposto, anche per la giornata di domani \u2013 30 ottobre \u2013 la chiusura delle scuole di ogni ordine e grado. La misura si aggiunge alla chiusura anticipata degli uffici pubblici per oggi dalle ore 13.<br \/>\nAlla luce del peggioramento delle condizioni meteorologiche atteso nelle prossime ore, si rinnova l\u2019invito alla popolazione ad evitare spostamenti, laddove non strettamente necessari.<br \/>\nA causa delle portate particolarmente elevate di tutti i fiumi ed i torrenti, si raccomanda vivamente di non sostare lungo i ponti o gli argini degli stessi.<br \/>\nAl momento, le criticit\u00e0 pi\u00f9 rilevanti si registrano a Cortina d\u2019Ampezzo, in localit\u00e0 Alver\u00e0, dove permane l\u2019ordine di evacuazione di alcune abitazioni. Il livello del torrente Boite \u00e8 attentamente monitorato nei pressi dell\u2019abitato di Perarolo.<br \/>\nA causa di frane o smottamenti sono chiuse le seguenti strade:<br \/>\n&#8211; S.P. 33 \u201cdi Sauris\u201d dalla progressiva km 0+000 (innesto S.P. 619) al km 6+800 (confine Provincia di Udine);<br \/>\n&#8211; S.P. 347 \u201cdel passo Cereda e Duran\u201d dalla progressiva km 32+000 (localit\u00e0 Agordo) al km 52+430 (localit\u00e0 Dont);<br \/>\n&#8211; S.P. 2 \u201cValle del Mis\u201d dalla progressiva km 14+770 (fine lago) alla progressiva km 20+550 (loc. Titele);<br \/>\n&#8211; S.R. 48 \u201cdelle Dolomiti\u201d dal km 124+300 (localit\u00e0 Alver\u00e0) al km 128+970 (localit\u00e0 Rio Gere).<br \/>\n&#8211; SP 5 \u201cLamosano\u201d dal km 3+7\u2019\u2019 al km 4+800<\/p>\n<p>Sono invece state riaperte al transito la SR. 203 e la SP 251, chiuse nella giornata di ieri.<br \/>\nIn 44 comuni della Provincia \u00e8 stato attivato il Centro Operativo Comunale.<br \/>\nQuesta mattina, presso il Centro Coordinamento Soccorsi, si \u00e8 inoltre tenuta una riunione con l\u2019Ufficio Igiene e Sanit\u00e0 Pubblica della ULSS 1 e con il gestore della rete idrica BIM \u2013 GSP per una valutazione sullo stato della potabilit\u00e0 dell\u2019acqua, a seguito di segnalazioni di torbidit\u00e0 pervenute da alcuni cittadini.<br \/>\n<strong>Al momento, non risultano acclarate situazioni di non potabilit\u00e0, a parte quella che si registra, da qualche giorno, nel Comune di Taibon Agordino.<\/strong><br \/>\n<strong>Tuttavia, poich\u00e9, a cause delle intense piogge, l\u2019acqua potrebbe effettivamente presentare episodi di torbidit\u00e0, se ne sconsiglia momentaneamente l\u2019uso per fini alimentari.<\/strong><br \/>\n<strong>Il BIM \u2013 GSP sta comunque provvedendo alla clorazione delle acque mentre il Dipartimento Igiene e Prevenzione dell\u2019ULSS sta eseguendo le analisi che il caso richiede.<\/strong><br \/>\nPer eventuali segnalazioni della cittadinanza, \u00e8 attivo, presso la Sala Operativa Provinciale, il numero 0437\/936237.<br \/>\nTale utenza non deve essere tuttavia utilizzata per richieste di soccorso urgente che dovranno essere indirizzate ai tradizionali numeri di emergenza 112 \u2013 113 \u2013 115 \u2013 118.<br \/>\nIl presente comunicato sar\u00e0 aggiornato in caso di necessit\u00e0 e, comunque, entro le ore 16 di oggi.<\/p>\n","protected":false},"excerpt":{"rendered":"<p>Il territorio della provincia continua ad essere interessato da precipitazioni diffuse, a tratti di forte intensit\u00e0. Nel pomeriggio\/sera, specie nella fascia oraria 14 \u2013 18, potrebbero verificarsi ulteriori fenomeni intensi che potrebbero accrescere i disagi lungo la viabilit\u00e0 provinciale. Per questo motivo, il Prefetto, dopo aver sentito i componenti del Centro Coordinamento Soccorsi, ha disposto,&hellip;<\/p>\n","protected":false},"author":1,"featured_media":65532,"comment_status":"closed","ping_status":"closed","sticky":false,"template":"","format":"standard","meta":{"_monsterinsights_skip_tracking":false,"_monsterinsights_sitenote_active":false,"_monsterinsights_sitenote_note":"","_monsterinsights_sitenote_category":0,"footnotes":""},"categories":[49],"tags":[],"class_list":["post-65531","post","type-post","status-publish","format-standard","has-post-thumbnail","hentry","category-news-18","category-49","description-off"],"img_url":"https:\/\/www.radiopiu.net\/wordpress\/wp-content\/uploads\/2018\/10\/malt-12-29.jpg","_links":{"self":[{"href":"https:\/\/www.radiopiu.net\/wordpress\/wp-json\/wp\/v2\/posts\/65531","targetHints":{"allow":["GET"]}}],"collection":[{"href":"https:\/\/www.radiopiu.net\/wordpress\/wp-json\/wp\/v2\/posts"}],"about":[{"href":"https:\/\/www.radiopiu.net\/wordpress\/wp-json\/wp\/v2\/types\/post"}],"author":[{"embeddable":true,"href":"https:\/\/www.radiopiu.net\/wordpress\/wp-json\/wp\/v2\/users\/1"}],"replies":[{"embeddable":true,"href":"https:\/\/www.radiopiu.net\/wordpress\/wp-json\/wp\/v2\/comments?post=65531"}],"version-history":[{"count":0,"href":"https:\/\/www.radiopiu.net\/wordpress\/wp-json\/wp\/v2\/posts\/65531\/revisions"}],"wp:featuredmedia":[{"embeddable":true,"href":"https:\/\/www.radiopiu.net\/wordpress\/wp-json\/wp\/v2\/media\/65532"}],"wp:attachment":[{"href":"https:\/\/www.radiopiu.net\/wordpress\/wp-json\/wp\/v2\/media?parent=65531"}],"wp:term":[{"taxonomy":"category","embeddable":true,"href":"https:\/\/www.radiopiu.net\/wordpress\/wp-json\/wp\/v2\/categories?post=65531"},{"taxonomy":"post_tag","embeddable":true,"href":"https:\/\/www.radiopiu.net\/wordpress\/wp-json\/wp\/v2\/tags?post=65531"}],"curies":[{"name":"wp","href":"https:\/\/api.w.org\/{rel}","templated":true}]}}