{"id":65556,"date":"2018-10-29T16:03:14","date_gmt":"2018-10-29T15:03:14","guid":{"rendered":"http:\/\/www.radiopiu.net\/wordpress\/?p=65556"},"modified":"2018-10-29T16:03:14","modified_gmt":"2018-10-29T15:03:14","slug":"incendio-alla-galvalux-di-pieve-di-cadore-la-nota-dellazienda","status":"publish","type":"post","link":"https:\/\/www.radiopiu.net\/wordpress\/incendio-alla-galvalux-di-pieve-di-cadore-la-nota-dellazienda\/","title":{"rendered":"INCENDIO ALLA GALVALUX DI PIEVE DI CADORE, LA NOTA DELL\u2019AZIENDA"},"content":{"rendered":"<p>La Galvalux di Pieve di Cadore, che ieri sera (domenica 28 ottobre 2018, alle ore 19 circa) ha subito un principio di incendio con danneggiamento di alcune vasche dell\u2019impianto di galvanica e di parte dell\u2019impianto elettrico, rassicura i dipendenti e soprattutto la comunit\u00e0 locale sulle conseguenze dell\u2019accaduto.<\/p>\n<p>\u201cGrazie alla puntuale segnalazione dell\u2019allarme elettronico antincendio e al conseguente arrivo immediato della squadra anti incendio interna Galvalux e della squadra dei vigili del fuoco locale- fa sapere l\u2019azienda cadorina, che opera nei trattamenti galvanici e di verniciatura su accessori per pelletteria e occhiali &#8211; le fiamme sono state immediatamente domate. Contrariamente a quanto stupidamente apparso su alcuni social network, non c\u2019\u00e8 stata nessuna fuoriuscita di sostanze inquinanti, ma si \u00e8 solo sviluppata una grande quantit\u00e0 di fumo, dovuta alla fusione delle vasche in plastica. Nessun prodotto chimico pericoloso \u00e8 stato coinvolto nell\u2019incendio\u201d.<\/p>\n<p>\u201cL\u2019intero Consiglio di Amministrazione di Galvalux \u2013 prosegue la nota dell\u2019azienda &#8211; tiene a sottolineare la bravura e la velocit\u00e0 con la quale la squadra dei vigili del fuoco ha messo in sicurezza il fabbricato e il suo contenuto, intervenendo e concludendo il lavoro in sole due ore. L\u2019azienda si \u00e8 gi\u00e0 organizzata con reparti interni e societ\u00e0 specializzate esterne al fine di ripristinare i reparti invasi e sporcati dal fumo. Un ringraziamento va fatto a tutti i nostri dipendenti, che si sono subito prodigati al ripristino dei reparti di produzione non coinvolti  direttamente dall\u2019incendio. Per quanto riguarda gli impianti distrutti dalle fiamme, verranno immediatamente sostituiti al fine di far ripartire nel minor tempo possibile l\u2019intera attivit\u00e0 produttiva. Un ultimo pensiero lo rivolgiamo a chi vive nei pressi dell\u2019azienda: la loro preoccupazione, alla vista del fumo, \u00e8 comprensibile. A tutti loro vanno le nostre scuse\u201d.<\/p>\n","protected":false},"excerpt":{"rendered":"<p>La Galvalux di Pieve di Cadore, che ieri sera (domenica 28 ottobre 2018, alle ore 19 circa) ha subito un principio di incendio con danneggiamento di alcune vasche dell\u2019impianto di galvanica e di parte dell\u2019impianto elettrico, rassicura i dipendenti e soprattutto la comunit\u00e0 locale sulle conseguenze dell\u2019accaduto. \u201cGrazie alla puntuale segnalazione dell\u2019allarme elettronico antincendio e&hellip;<\/p>\n","protected":false},"author":1,"featured_media":65557,"comment_status":"closed","ping_status":"closed","sticky":false,"template":"","format":"standard","meta":{"_monsterinsights_skip_tracking":false,"_monsterinsights_sitenote_active":false,"_monsterinsights_sitenote_note":"","_monsterinsights_sitenote_category":0,"footnotes":""},"categories":[49],"tags":[],"class_list":["post-65556","post","type-post","status-publish","format-standard","has-post-thumbnail","hentry","category-news-18","category-49","description-off"],"img_url":"https:\/\/www.radiopiu.net\/wordpress\/wp-content\/uploads\/2018\/10\/galvalux.jpg","_links":{"self":[{"href":"https:\/\/www.radiopiu.net\/wordpress\/wp-json\/wp\/v2\/posts\/65556","targetHints":{"allow":["GET"]}}],"collection":[{"href":"https:\/\/www.radiopiu.net\/wordpress\/wp-json\/wp\/v2\/posts"}],"about":[{"href":"https:\/\/www.radiopiu.net\/wordpress\/wp-json\/wp\/v2\/types\/post"}],"author":[{"embeddable":true,"href":"https:\/\/www.radiopiu.net\/wordpress\/wp-json\/wp\/v2\/users\/1"}],"replies":[{"embeddable":true,"href":"https:\/\/www.radiopiu.net\/wordpress\/wp-json\/wp\/v2\/comments?post=65556"}],"version-history":[{"count":0,"href":"https:\/\/www.radiopiu.net\/wordpress\/wp-json\/wp\/v2\/posts\/65556\/revisions"}],"wp:featuredmedia":[{"embeddable":true,"href":"https:\/\/www.radiopiu.net\/wordpress\/wp-json\/wp\/v2\/media\/65557"}],"wp:attachment":[{"href":"https:\/\/www.radiopiu.net\/wordpress\/wp-json\/wp\/v2\/media?parent=65556"}],"wp:term":[{"taxonomy":"category","embeddable":true,"href":"https:\/\/www.radiopiu.net\/wordpress\/wp-json\/wp\/v2\/categories?post=65556"},{"taxonomy":"post_tag","embeddable":true,"href":"https:\/\/www.radiopiu.net\/wordpress\/wp-json\/wp\/v2\/tags?post=65556"}],"curies":[{"name":"wp","href":"https:\/\/api.w.org\/{rel}","templated":true}]}}