{"id":65609,"date":"2018-11-03T13:50:31","date_gmt":"2018-11-03T12:50:31","guid":{"rendered":"http:\/\/www.radiopiu.net\/wordpress\/?p=65609"},"modified":"2018-11-08T20:29:51","modified_gmt":"2018-11-08T19:29:51","slug":"il-rischio-geologico-inizia-adesso-lappello-del-mondo-geologico-veneto","status":"publish","type":"post","link":"https:\/\/www.radiopiu.net\/wordpress\/il-rischio-geologico-inizia-adesso-lappello-del-mondo-geologico-veneto\/","title":{"rendered":"IL RISCHIO GEOLOGICO INIZIA ADESSO. L\u2019APPELLO DEL MONDO GEOLOGICO VENETO"},"content":{"rendered":"<p>Intervento dell&#8217;Ordine dei Geologi del Veneto per bocca della presidente Tatiana Bartolomei.<\/p>\n<p>&#8220;Pur riconoscendo dei caratteri di esclusiva eccezionalit\u00e0 dell&#8217;evento appena trascorso \u00e8 necessario riflettere sulle parole del Capo della Protezione Civile Angelo Borrelli, pronunciate in questi giorni: Si fa poca manutenzione del territorio, non si investe pi\u00f9 nella prevenzione. E&#8217; in presenza di eventi meteorologici eccezionali che emergono fortemente tutte le criticit\u00e0 e le grandi mancanze, criticit\u00e0 che si realizzano velocemente e che sono il frutto di una serie di &#8220;mancanze&#8221; accumulate nella gestione del territorio per decenni.<br \/>\nOra pi\u00f9 che mai sono necessarie scelte di \u201ccultura geologica\u201d ricordando che  al termine degli eventi meteorologici di questi giorni aumenter\u00e0 inevitabilmente il rischio: l\u2019emergenza geologica \u00e8 ora!<br \/>\nPer questo motivo i geologi si rendono disponibili ad offrire il loro supporto ad Enti e Protezione Civile locale mediante l\u2019attivazione di specifici protocolli e\/o convenzioni e a collaborare con i Comuni per creare dei momenti di approfondimento culturale geologico con la cittadinanza.<br \/>\nCi ritroviamo nuovamente a constatare che viviamo su un territorio estremamente fragile, il rischio idrogeologico \u00e8 altissimo e l\u2019impegno speso si dimostra spesso insufficiente. Ma questa non \u00e8 una novit\u00e0: i dati europei testimoniamo che pi\u00f9 del 50% dei dissesti geologici (movimenti franosi) avviene in Italia: 1966, 2010, e ora 2018. La realizzazione di opere importanti, quali i bacini di laminazione a difesa delle citt\u00e0 di pianura, ha dimostrato anche in questo ultimo evento che i passi fatti sono stati fatti nella giusta direzione ma, come sempre, bisogna continuare a migliorare. In questa occasione il territorio montuoso veneto, corrispondente a circa il 44% tra montagna e collina, ha mostrato le sue debolezze rendendo evidente come ci sia ancora moltissimo da fare.<br \/>\nLa popolazione bellunese \u00e8 fortemente operativa ed organizzata, risolver\u00e0 questa emergenza, ma non pu\u00f2 e non deve essere lasciata da sola. Scegliere la prevenzione equivale ad effettuare una scelta economicamente pi\u00f9 sostenibile.<br \/>\nE la mancanza pi\u00f9 grave \u00e8 che siamo una societ\u00e0 senza memoria, memoria che invece \u00e8 ben impressa nella storia di un territorio, scritta nelle forme, nella sua morfologia,  nel motore geologico che ha dato origine alle montagne, alle colline e alle pianure del Veneto. L&#8217;evento passato, con le conseguenze che si trascineranno per molto tempo, deve rimanere obbligatoriamente nella memoria di tutti, anche, e ne \u00e8 un esempio la Legge Sarno (267\/98), attraverso delle scelte normative che tengano seriamente in considerazione il contesto geologico&#8221;. <\/p>\n","protected":false},"excerpt":{"rendered":"<p>Intervento dell&#8217;Ordine dei Geologi del Veneto per bocca della presidente Tatiana Bartolomei. &#8220;Pur riconoscendo dei caratteri di esclusiva eccezionalit\u00e0 dell&#8217;evento appena trascorso \u00e8 necessario riflettere sulle parole del Capo della Protezione Civile Angelo Borrelli, pronunciate in questi giorni: Si fa poca manutenzione del territorio, non si investe pi\u00f9 nella prevenzione. E&#8217; in presenza di eventi&hellip;<\/p>\n","protected":false},"author":1,"featured_media":65610,"comment_status":"closed","ping_status":"closed","sticky":false,"template":"","format":"standard","meta":{"_monsterinsights_skip_tracking":false,"_monsterinsights_sitenote_active":false,"_monsterinsights_sitenote_note":"","_monsterinsights_sitenote_category":0,"footnotes":""},"categories":[49],"tags":[],"class_list":["post-65609","post","type-post","status-publish","format-standard","has-post-thumbnail","hentry","category-news-18","category-49","description-off"],"img_url":"https:\/\/www.radiopiu.net\/wordpress\/wp-content\/uploads\/2018\/11\/landslide-2819155_1280.jpg","_links":{"self":[{"href":"https:\/\/www.radiopiu.net\/wordpress\/wp-json\/wp\/v2\/posts\/65609","targetHints":{"allow":["GET"]}}],"collection":[{"href":"https:\/\/www.radiopiu.net\/wordpress\/wp-json\/wp\/v2\/posts"}],"about":[{"href":"https:\/\/www.radiopiu.net\/wordpress\/wp-json\/wp\/v2\/types\/post"}],"author":[{"embeddable":true,"href":"https:\/\/www.radiopiu.net\/wordpress\/wp-json\/wp\/v2\/users\/1"}],"replies":[{"embeddable":true,"href":"https:\/\/www.radiopiu.net\/wordpress\/wp-json\/wp\/v2\/comments?post=65609"}],"version-history":[{"count":0,"href":"https:\/\/www.radiopiu.net\/wordpress\/wp-json\/wp\/v2\/posts\/65609\/revisions"}],"wp:featuredmedia":[{"embeddable":true,"href":"https:\/\/www.radiopiu.net\/wordpress\/wp-json\/wp\/v2\/media\/65610"}],"wp:attachment":[{"href":"https:\/\/www.radiopiu.net\/wordpress\/wp-json\/wp\/v2\/media?parent=65609"}],"wp:term":[{"taxonomy":"category","embeddable":true,"href":"https:\/\/www.radiopiu.net\/wordpress\/wp-json\/wp\/v2\/categories?post=65609"},{"taxonomy":"post_tag","embeddable":true,"href":"https:\/\/www.radiopiu.net\/wordpress\/wp-json\/wp\/v2\/tags?post=65609"}],"curies":[{"name":"wp","href":"https:\/\/api.w.org\/{rel}","templated":true}]}}