{"id":65625,"date":"2018-11-03T15:04:18","date_gmt":"2018-11-03T14:04:18","guid":{"rendered":"http:\/\/www.radiopiu.net\/wordpress\/?p=65625"},"modified":"2018-11-03T15:04:18","modified_gmt":"2018-11-03T14:04:18","slug":"maltempo-fraccaro-cordoglio-per-vittime-pronti-a-misure-ad-hoc","status":"publish","type":"post","link":"https:\/\/www.radiopiu.net\/wordpress\/maltempo-fraccaro-cordoglio-per-vittime-pronti-a-misure-ad-hoc\/","title":{"rendered":"Maltempo. Fraccaro: Cordoglio per vittime, pronti a misure ad hoc"},"content":{"rendered":"<p>\u201cRinnovo il cordoglio mio personale e di tutto il Governo per le vittime del maltempo che sta flagellando il nostro territorio. Alle famiglie e alle comunit\u00e0 locali colpite da questa calamit\u00e0 esprimiamo la massima solidariet\u00e0. Metteremo in campo ogni misura necessaria per fronteggiare l\u2019emergenza e aiutare i cittadini e le imprese a risollevarsi. Al tal fine il Governo si recher\u00e0 nelle zone colpite per assicurare al meglio interventi ad hoc, tempestivi ed efficaci. Alle organizzazioni di soccorso va ancora una volta tutta la nostra gratitudine per il loro straordinario impegno\u201d. Lo dichiara il ministro per i Rapporti con il Parlamento e la Democrazia diretta, Riccardo Fraccaro.<\/p>\n","protected":false},"excerpt":{"rendered":"<p>\u201cRinnovo il cordoglio mio personale e di tutto il Governo per le vittime del maltempo che sta flagellando il nostro territorio. Alle famiglie e alle comunit\u00e0 locali colpite da questa calamit\u00e0 esprimiamo la massima solidariet\u00e0. Metteremo in campo ogni misura necessaria per fronteggiare l\u2019emergenza e aiutare i cittadini e le imprese a risollevarsi. Al tal&hellip;<\/p>\n","protected":false},"author":1,"featured_media":0,"comment_status":"closed","ping_status":"closed","sticky":false,"template":"","format":"standard","meta":{"_monsterinsights_skip_tracking":false,"_monsterinsights_sitenote_active":false,"_monsterinsights_sitenote_note":"","_monsterinsights_sitenote_category":0,"footnotes":""},"categories":[49],"tags":[],"class_list":["post-65625","post","type-post","status-publish","format-standard","hentry","category-news-18","category-49","description-off"],"img_url":false,"_links":{"self":[{"href":"https:\/\/www.radiopiu.net\/wordpress\/wp-json\/wp\/v2\/posts\/65625","targetHints":{"allow":["GET"]}}],"collection":[{"href":"https:\/\/www.radiopiu.net\/wordpress\/wp-json\/wp\/v2\/posts"}],"about":[{"href":"https:\/\/www.radiopiu.net\/wordpress\/wp-json\/wp\/v2\/types\/post"}],"author":[{"embeddable":true,"href":"https:\/\/www.radiopiu.net\/wordpress\/wp-json\/wp\/v2\/users\/1"}],"replies":[{"embeddable":true,"href":"https:\/\/www.radiopiu.net\/wordpress\/wp-json\/wp\/v2\/comments?post=65625"}],"version-history":[{"count":0,"href":"https:\/\/www.radiopiu.net\/wordpress\/wp-json\/wp\/v2\/posts\/65625\/revisions"}],"wp:attachment":[{"href":"https:\/\/www.radiopiu.net\/wordpress\/wp-json\/wp\/v2\/media?parent=65625"}],"wp:term":[{"taxonomy":"category","embeddable":true,"href":"https:\/\/www.radiopiu.net\/wordpress\/wp-json\/wp\/v2\/categories?post=65625"},{"taxonomy":"post_tag","embeddable":true,"href":"https:\/\/www.radiopiu.net\/wordpress\/wp-json\/wp\/v2\/tags?post=65625"}],"curies":[{"name":"wp","href":"https:\/\/api.w.org\/{rel}","templated":true}]}}