{"id":65647,"date":"2018-11-03T18:03:16","date_gmt":"2018-11-03T17:03:16","guid":{"rendered":"http:\/\/www.radiopiu.net\/wordpress\/?p=65647"},"modified":"2018-11-03T18:03:16","modified_gmt":"2018-11-03T17:03:16","slug":"maltempo-dario-bond-forza-italia-serve-lo-stato-di-emergenza-per-il-bellunese","status":"publish","type":"post","link":"https:\/\/www.radiopiu.net\/wordpress\/maltempo-dario-bond-forza-italia-serve-lo-stato-di-emergenza-per-il-bellunese\/","title":{"rendered":"MALTEMPO &#8211; DARIO BOND (FORZA ITALIA): \u00abSERVE LO STATO DI EMERGENZA PER IL BELLUNESE\u00bb."},"content":{"rendered":"<p>\u00abBene che i big del governo vengano a Belluno per rendersi conto del disastro provocato dal maltempo. \u00c8 un gesto di vicinanza che apprezziamo. Adesso serve la dichiarazione dello stato di emergenza\u00bb. Lo afferma il deputato di Forza Italia Dario Bond. Le ultime notizie dicono che il vicepremier e ministro dell\u2019Interno Matteo Salvini sar\u00e0 gi\u00e0 domani in Veneto e in provincia di Belluno. Il vicepremier e ministro del Lavoro Luigi Di Maio ha annunciato che salir\u00e0 a Belluno nelle prossime settimane.<br \/>\n\u00abIl Bellunese duramente colpito dal maltempo ha bisogno anche di questi gesti di vicinanza\u00bb dichiara Dario Bond. \u00abIl fatto che i big del governo siano presenti e vengano a vedere e toccare con mano quello che \u00e8 successo, i segni della devastazione ancora ben presenti sul territorio provinciale, \u00e8 un primo segnale positivo. Se i due vicepremier potranno rendersi conto delle tante situazioni di distruzione, il Bellunese potr\u00e0 avere i giusti indennizzi che abbiamo richiesto\u00bb.<br \/>\nPer il deputato di Forza Italia la visita \u00e8 solo la prima fase. La seconda sar\u00e0 quella dei risarcimenti e della ricostruzione. \u00abCi sar\u00e0 bisogno di ricostruire e di pensare a misure di aiuto efficaci\u00bb afferma Dario Bond. \u00abDi Maio ha fatto sapere che nei prossimi giorni lavorer\u00e0 per la dichiarazione dello stato di emergenza: anche questo \u00e8 un atto che potr\u00e0 aiutare il territorio bellunese a riprendersi in fretta\u00bb.<\/p>\n","protected":false},"excerpt":{"rendered":"<p>\u00abBene che i big del governo vengano a Belluno per rendersi conto del disastro provocato dal maltempo. \u00c8 un gesto di vicinanza che apprezziamo. Adesso serve la dichiarazione dello stato di emergenza\u00bb. Lo afferma il deputato di Forza Italia Dario Bond. Le ultime notizie dicono che il vicepremier e ministro dell\u2019Interno Matteo Salvini sar\u00e0 gi\u00e0&hellip;<\/p>\n","protected":false},"author":1,"featured_media":44428,"comment_status":"closed","ping_status":"closed","sticky":false,"template":"","format":"standard","meta":{"_monsterinsights_skip_tracking":false,"_monsterinsights_sitenote_active":false,"_monsterinsights_sitenote_note":"","_monsterinsights_sitenote_category":0,"footnotes":""},"categories":[49],"tags":[],"class_list":["post-65647","post","type-post","status-publish","format-standard","has-post-thumbnail","hentry","category-news-18","category-49","description-off"],"img_url":"https:\/\/www.radiopiu.net\/wordpress\/wp-content\/uploads\/2018\/03\/BOND.jpg","_links":{"self":[{"href":"https:\/\/www.radiopiu.net\/wordpress\/wp-json\/wp\/v2\/posts\/65647","targetHints":{"allow":["GET"]}}],"collection":[{"href":"https:\/\/www.radiopiu.net\/wordpress\/wp-json\/wp\/v2\/posts"}],"about":[{"href":"https:\/\/www.radiopiu.net\/wordpress\/wp-json\/wp\/v2\/types\/post"}],"author":[{"embeddable":true,"href":"https:\/\/www.radiopiu.net\/wordpress\/wp-json\/wp\/v2\/users\/1"}],"replies":[{"embeddable":true,"href":"https:\/\/www.radiopiu.net\/wordpress\/wp-json\/wp\/v2\/comments?post=65647"}],"version-history":[{"count":0,"href":"https:\/\/www.radiopiu.net\/wordpress\/wp-json\/wp\/v2\/posts\/65647\/revisions"}],"wp:featuredmedia":[{"embeddable":true,"href":"https:\/\/www.radiopiu.net\/wordpress\/wp-json\/wp\/v2\/media\/44428"}],"wp:attachment":[{"href":"https:\/\/www.radiopiu.net\/wordpress\/wp-json\/wp\/v2\/media?parent=65647"}],"wp:term":[{"taxonomy":"category","embeddable":true,"href":"https:\/\/www.radiopiu.net\/wordpress\/wp-json\/wp\/v2\/categories?post=65647"},{"taxonomy":"post_tag","embeddable":true,"href":"https:\/\/www.radiopiu.net\/wordpress\/wp-json\/wp\/v2\/tags?post=65647"}],"curies":[{"name":"wp","href":"https:\/\/api.w.org\/{rel}","templated":true}]}}