{"id":65652,"date":"2018-11-03T18:07:56","date_gmt":"2018-11-03T17:07:56","guid":{"rendered":"http:\/\/www.radiopiu.net\/wordpress\/?p=65652"},"modified":"2018-11-03T18:07:56","modified_gmt":"2018-11-03T17:07:56","slug":"alluvione-dario-bond-forza-italia-lemergenza-non-e-finita-servono-piu-vigili-del-fuoco","status":"publish","type":"post","link":"https:\/\/www.radiopiu.net\/wordpress\/alluvione-dario-bond-forza-italia-lemergenza-non-e-finita-servono-piu-vigili-del-fuoco\/","title":{"rendered":"ALLUVIONE \u2013 DARIO BOND (FORZA ITALIA): \u201cL&#8217;EMERGENZA NON E&#8217; FINITA, SERVONO PIU&#8217; VIGILI DEL FUOCO\u201d"},"content":{"rendered":"<p>\u201cAnche se oggi non piove, l&#8217;emergenza alluvione nel Bellunese non \u00e8 passata. Servono pi\u00f9 vigili del fuoco: \u00e8 necessario pi\u00f9 personale per attivare i turni sulle 24 ore e il richiamo in servizio di tutti i vigili del fuoco volontari. Il Governo deve poi accelerare sulle assunzioni promesse mesi fa\u201d: \u00e8 il deputato di Forza Italia, Dario Bond, a rilanciare le esigenze di organico dei vigili del fuoco bellunesi, sottolineate anche dalla CGIL Funzione Pubblica provinciale.<br \/>\n\u201cIl lavoro dei volontari e dei volenterosi in questi giorni \u00e8 stato importantissimo, ma servono professionisti che siano in grado di mettere in sicurezza il territorio\u201d, continua Bond. \u201cBisogna chiedere ed ottenere un numero importante di rinforzi, che possono arrivare da tutta Italia: \u00e8 necessario accelerare le manovre prima che torni il maltempo o che arrivi la neve\u201d.<br \/>\n\u201cDobbiamo ridare sicurezza a quelle famiglie ancora isolate, a quei paesi e a quelle localit\u00e0 in pericolo\u201d, conclude Bond. \u201cNon lo si pu\u00f2 fare con le promesse: servono fatti, e il Governo deve mandare qua tra le Dolomiti nuovo personale e attivare quelle assunzioni, anche tra i vigili del fuoco volontari, promesse mesi fa e poi messe nel cassetto\u201d.<\/p>\n","protected":false},"excerpt":{"rendered":"<p>\u201cAnche se oggi non piove, l&#8217;emergenza alluvione nel Bellunese non \u00e8 passata. Servono pi\u00f9 vigili del fuoco: \u00e8 necessario pi\u00f9 personale per attivare i turni sulle 24 ore e il richiamo in servizio di tutti i vigili del fuoco volontari. Il Governo deve poi accelerare sulle assunzioni promesse mesi fa\u201d: \u00e8 il deputato di Forza&hellip;<\/p>\n","protected":false},"author":1,"featured_media":59772,"comment_status":"closed","ping_status":"closed","sticky":false,"template":"","format":"standard","meta":{"_monsterinsights_skip_tracking":false,"_monsterinsights_sitenote_active":false,"_monsterinsights_sitenote_note":"","_monsterinsights_sitenote_category":0,"footnotes":""},"categories":[49],"tags":[],"class_list":["post-65652","post","type-post","status-publish","format-standard","has-post-thumbnail","hentry","category-news-18","category-49","description-off"],"img_url":"https:\/\/www.radiopiu.net\/wordpress\/wp-content\/uploads\/2018\/09\/BOND.jpg","_links":{"self":[{"href":"https:\/\/www.radiopiu.net\/wordpress\/wp-json\/wp\/v2\/posts\/65652","targetHints":{"allow":["GET"]}}],"collection":[{"href":"https:\/\/www.radiopiu.net\/wordpress\/wp-json\/wp\/v2\/posts"}],"about":[{"href":"https:\/\/www.radiopiu.net\/wordpress\/wp-json\/wp\/v2\/types\/post"}],"author":[{"embeddable":true,"href":"https:\/\/www.radiopiu.net\/wordpress\/wp-json\/wp\/v2\/users\/1"}],"replies":[{"embeddable":true,"href":"https:\/\/www.radiopiu.net\/wordpress\/wp-json\/wp\/v2\/comments?post=65652"}],"version-history":[{"count":0,"href":"https:\/\/www.radiopiu.net\/wordpress\/wp-json\/wp\/v2\/posts\/65652\/revisions"}],"wp:featuredmedia":[{"embeddable":true,"href":"https:\/\/www.radiopiu.net\/wordpress\/wp-json\/wp\/v2\/media\/59772"}],"wp:attachment":[{"href":"https:\/\/www.radiopiu.net\/wordpress\/wp-json\/wp\/v2\/media?parent=65652"}],"wp:term":[{"taxonomy":"category","embeddable":true,"href":"https:\/\/www.radiopiu.net\/wordpress\/wp-json\/wp\/v2\/categories?post=65652"},{"taxonomy":"post_tag","embeddable":true,"href":"https:\/\/www.radiopiu.net\/wordpress\/wp-json\/wp\/v2\/tags?post=65652"}],"curies":[{"name":"wp","href":"https:\/\/api.w.org\/{rel}","templated":true}]}}