{"id":65656,"date":"2018-11-03T18:17:50","date_gmt":"2018-11-03T17:17:50","guid":{"rendered":"http:\/\/www.radiopiu.net\/wordpress\/?p=65656"},"modified":"2018-11-03T18:17:50","modified_gmt":"2018-11-03T17:17:50","slug":"aggiornamento-viabilita-3-novembre-ore-18-00","status":"publish","type":"post","link":"https:\/\/www.radiopiu.net\/wordpress\/aggiornamento-viabilita-3-novembre-ore-18-00\/","title":{"rendered":"Aggiornamento viabilit\u00e0 3 novembre ore 18.00"},"content":{"rendered":"<p><strong>Si raccomanda la massima attenzione nella guida per la potenziale presenza nei prossimi giorni <\/strong><strong>di materiali detritici e ramaglie sulla sede stradale, in modo particolare nel caso di maltempo, <\/strong><strong>lungo tutta la viabilit\u00e0 della provincia di Belluno.<\/strong><\/p>\n<p><strong>Si comunica l\u2019apertura del seguente tratto stradale:<\/strong><br \/>\nS.P. 347 \u201cdel Passo Cereda e Passo Duran\u201d dal km 54+500 (loc. Villanova) al km 59+100 (loc. Cornigian);<br \/>\nSi segnala inoltre che al km 54+500 (loc. Villanova) il transito \u00e8 a senso unico alternato regolato da impianto semaforico.<br \/>\nS.P. 347 \u201cdel Passo Cereda e Passo Duran\u201d dalla progressiva km 37+000 (La Valle Agordina) al km 44+200 (Passo Duran);<\/p>\n<p><strong>Si confermano le limitazioni nei seguenti tratti stradali:<\/strong><br \/>\n&#8211; la S.R. 203 \u201cAgordina\u201d al km 24+500 in loc. LE CAMPE (appena prima dell\u2019abitato di Agordo) \u00e8 assoggettata ad una limitazione di transito ai veicoli aventi massa complessiva 20 tonnellate e il transito \u00e8 a senso unico alternato regolato da semaforo e il restringimento \u00e8 presidiato.<br \/>\n&#8211; S.P. 422 \u201cdel Cansiglio\u201d limite di transito ai mezzi oltre 3,5 tonnellate al km 10+100;<\/p>\n<p>&#8211; lungo la S.P. 8 \u201cdi San Tomaso\u201d dalla progressiva km 0+000 (innesto a Cencenighe) alla progressiva km 7+700 (Avoscan) \u00e8 consentito il transito a veicoli con limitazione di carico fino a<br \/>\n24 tonnellate privi di rimorchio ;<\/p>\n<p><strong>Permangono le chiusure delle seguenti tratte stradali:<\/strong><br \/>\n&#8211; S.R. 48 \u201cdelle Dolomiti\u201d alla fine dell\u2019abitato di Arabba verso il Passo Pordoi per cedimento carreggiata;<br \/>\n&#8211; S.R. 48 \u201cdelle Dolomiti\u201d dalla progressiva km 94+800 (bivio Salesei) al km 106+550 (Passo Falzarego) per alberi e smottamenti;<br \/>\n&#8211; S.R. 203 \u201cAgordina\u201d dalla progressiva km 56+000 (bivio Rucav\u00e0) alla progressiva km 60+600 (Bivio Cernadoi) per alberi e smottamenti;<br \/>\n&#8211; S.P. 2 \u201cdella Val del Mis\u201d dalla progressiva km 15+000 (localit\u00e0 Gena Bassa) al km 20+500 (localit\u00e0 Titele);<br \/>\n&#8211; S.P. 2 \u201cdella Val del Mis\u201d dalla progressiva km 9+200 (localit\u00e0 Volpez) al km 15+000 (localit\u00e0 Gena Bassa);<br \/>\n&#8211; S.P. 3 \u201cdella Val Imperina\u201d dalla progressiva km 8+200 (Forcella Franche) alla progressiva km 14+500 (Gosaldo) per caduta piante;<br \/>\n&#8211; S.P. 4 \u201cVal Cantuna\u201d alla progressiva km 5+000 (confine tra Ponte nelle Alpi e Alpago) per frana;<br \/>\n&#8211; S.P. 5 dir \u201cdi Lamosano\u201d tra Schiucaz e Garna per smottamento;<br \/>\n&#8211; S.P. 19 \u201cdi Lamon\u201d dalla progressiva 5+000 al km 7+500 per pericolo frana;<br \/>\n&#8211; S.P. 20 \u201cVal Fiorentina\u201d dalla progressiva km 0+000 (innesto a Caprile) alla progressiva km 5+300 (Selva di Cadore) per frana;<br \/>\n&#8211; S.P. 25 \u201cPasso Valles\u201d dalla progressiva km 0+000 (innesto) alla progressiva km 7+100 (confine con provincia di Trento) per alberi e smottamenti;<br \/>\n&#8211; S.P. 28 \u201cdelle Coste\u201d Chiusa in loc. Roncazza-Dall\u2019O;<br \/>\n&#8211; S.P. 30 \u201cPanoramica del Comelico\u201d dalla progressiva km 3+800 (Costa) al km 6+850 (Costalissoio);<\/p>\n<p>&#8211; S.P. 33 \u201cdi Sauris\u201d dalla progressiva km 0+000 (innesto S.P. 619) al km 6+800 (confine Provincia di Udine) per colate detritiche;<br \/>\n&#8211; S.P. 49 \u201cdi Misurina\u201d dalla progressiva km 3+000 (Misurina) alla progressiva km 7+500 (Confine con provincia di Bolzano) per frana;<br \/>\n&#8211; S.P. 347 \u201cdel Passo Cereda e Passo Duran\u201d dal km 59+100 (loc. Cornigian) al km 63+000 (forcella Cibiana);<br \/>\n&#8211; S.P. 619 \u201cdi Vigo di Cadore\u201d dalla progressiva km 5+300 (localit\u00e0 Fogher) alla progressiva 23+550 (confine Provincia di Udine);<br \/>\n&#8211; S.P. 641 \u201cdel Passo Fedaia\u201d dalla progressiva km 23+200 (localit\u00e0 Sottoguda) alla progressiva km 14+210 (confine con Provincia di Trento) per smottamenti;<\/p>\n","protected":false},"excerpt":{"rendered":"<p>Si raccomanda la massima attenzione nella guida per la potenziale presenza nei prossimi giorni di materiali detritici e ramaglie sulla sede stradale, in modo particolare nel caso di maltempo, lungo tutta la viabilit\u00e0 della provincia di Belluno. Si comunica l\u2019apertura del seguente tratto stradale: S.P. 347 \u201cdel Passo Cereda e Passo Duran\u201d dal km 54+500&hellip;<\/p>\n","protected":false},"author":1,"featured_media":65615,"comment_status":"closed","ping_status":"closed","sticky":false,"template":"","format":"standard","meta":{"_monsterinsights_skip_tracking":false,"_monsterinsights_sitenote_active":false,"_monsterinsights_sitenote_note":"","_monsterinsights_sitenote_category":0,"footnotes":""},"categories":[49],"tags":[],"class_list":["post-65656","post","type-post","status-publish","format-standard","has-post-thumbnail","hentry","category-news-18","category-49","description-off"],"img_url":"https:\/\/www.radiopiu.net\/wordpress\/wp-content\/uploads\/2018\/11\/viabilita-semplice.jpg","_links":{"self":[{"href":"https:\/\/www.radiopiu.net\/wordpress\/wp-json\/wp\/v2\/posts\/65656","targetHints":{"allow":["GET"]}}],"collection":[{"href":"https:\/\/www.radiopiu.net\/wordpress\/wp-json\/wp\/v2\/posts"}],"about":[{"href":"https:\/\/www.radiopiu.net\/wordpress\/wp-json\/wp\/v2\/types\/post"}],"author":[{"embeddable":true,"href":"https:\/\/www.radiopiu.net\/wordpress\/wp-json\/wp\/v2\/users\/1"}],"replies":[{"embeddable":true,"href":"https:\/\/www.radiopiu.net\/wordpress\/wp-json\/wp\/v2\/comments?post=65656"}],"version-history":[{"count":0,"href":"https:\/\/www.radiopiu.net\/wordpress\/wp-json\/wp\/v2\/posts\/65656\/revisions"}],"wp:featuredmedia":[{"embeddable":true,"href":"https:\/\/www.radiopiu.net\/wordpress\/wp-json\/wp\/v2\/media\/65615"}],"wp:attachment":[{"href":"https:\/\/www.radiopiu.net\/wordpress\/wp-json\/wp\/v2\/media?parent=65656"}],"wp:term":[{"taxonomy":"category","embeddable":true,"href":"https:\/\/www.radiopiu.net\/wordpress\/wp-json\/wp\/v2\/categories?post=65656"},{"taxonomy":"post_tag","embeddable":true,"href":"https:\/\/www.radiopiu.net\/wordpress\/wp-json\/wp\/v2\/tags?post=65656"}],"curies":[{"name":"wp","href":"https:\/\/api.w.org\/{rel}","templated":true}]}}