{"id":65689,"date":"2018-11-04T13:50:01","date_gmt":"2018-11-04T12:50:01","guid":{"rendered":"http:\/\/www.radiopiu.net\/wordpress\/?p=65689"},"modified":"2018-11-08T20:29:50","modified_gmt":"2018-11-08T19:29:50","slug":"previsioni-meteo-4","status":"publish","type":"post","link":"https:\/\/www.radiopiu.net\/wordpress\/previsioni-meteo-4\/","title":{"rendered":"Previsioni meteo"},"content":{"rendered":"<p><center><b>SEGNALAZIONE METEO: <\/b>Tra la serata di domenica 4 e la serata di luned\u00ec 5, precipitazioni a tratti diffuse con rovesci e locali temporali. Possibili quantitativi complessivi anche consistenti o localmente abbondanti su zone montane, specie prealpine, e su pedemontana\/pianura nord-orientale.<\/p>\n<hr \/>\n<p><\/center><center><b>Evoluzione generale<\/b><\/center>Domenica vortice centrato sulla Sardegna tende ad attenuarsi, ma far\u00e0 affluire aria molto umida ed instabile sul Veneto luned\u00ec, soprattutto nella notte e al primo mattino. Dopo una pausa, marted\u00ec una depressione proveniente dalla Spagna disporr\u00e0 sulla regione nuove correnti meridionali molto umide. L&#8217;entit\u00e0 e la durata di questo secondo peggioramento dipender\u00e0 dall&#8217;evoluzione e dalla direzione, ad oggi incerte, di tale depressione. Da gioved\u00ec un campo di alta pressione di origine nord-africana tender\u00e0 ad espandersi verso l&#8217;Italia, ma sembra possa influenzare direttamente anche le Alpi solo nel weekend.<\/p>\n<hr \/>\n<p><center><b>Pomeriggio\/sera di Domenica 4<\/b><\/center>Inizialmente annuvolamenti medio-alti irregolari, con clima molto mite, poi, dal tardo pomeriggio e soprattutto verso sera aumento ed intensificazione della nuvolosit\u00e0 con prime piogge sulle Prealpi, anche a carattere di rovescio temporalesco, in estensione in serata a parte delle Dolomiti. Limite delle prime nevicate 2300-2400 m. Temperature ben superiori alla norma. Venti in quota tesi o forti da Sud-Est.<\/p>\n<hr \/>\n<p><center><b>Lunedi 5<\/b><\/center><b>Tempo atteso: <\/b>cielo molto nuvoloso o coperto, salvo qualche breve schiarita, con fenomeni generalmente discontinui, soprattutto nel pomeriggio-sera, anche a carattere di rovescio.<br \/>\n<b>Precipitazioni: <\/b>Molto probabili (80-100%), soprattutto nella notte e al mattino, anche a carattere di rovescio, occasionalmente temporalesco sulle Prealpi. Sono previsti in media nelle 24 ore da 20-50 mm, localmente 70-80 mm, salvo sulla Lessinia dove i quantitativi saranno inferiori. Neve mediamente oltre i 2200-2300 m.<br \/>\n<b>Temperature: <\/b>Massime in marcata diminuzione. Su Prealpi a 1500 m min 6\u00b0C max 8\u00b0C, a 2000 m min 3\u00b0C max 5\u00b0C. Su Dolomiti a 2000 m min 1\u00b0C max 4\u00b0C, a 3000 m min -3\u00b0C max -2\u00b0C.<br \/>\n<b>Venti: <\/b>Nelle valli deboli o a tratti localmente moderati; in quota moderati o tesi da Sud Sud-Est, forti solo nella notte e al primo mattino sulle vette pi\u00f9 alte, 15-30 km\/h a 2000 m, 30-60 km\/h a 3000 m.<\/p>\n<hr \/>\n<p><center><b>Martedi 6<\/b><\/center><b>Tempo atteso: <\/b>Cielo molto nuvoloso o coperto, salvo qualche breve schiarita al mattino, con fenomeni pi\u00f9 probabili e persistenti nel pomeriggio-sera.<br \/>\n<b>Precipitazioni: <\/b>Molto probabili (80-90%),soprattutto nel pomeriggio ed in serata, con intensit\u00e0 debole o moderata. Previsti altri 5-25 mm di pioggia. Neve generalmente oltre i 2200-2300 m.<br \/>\n<b>Temperature: <\/b>Senza notevoli variazioni. Su Prealpi a 1500 m min 6\u00b0C max 7\u00b0C, a 2000 m min 3\u00b0C max 5\u00b0C. Su Dolomiti a 2000 m min 2\u00b0C max 4\u00b0C, a 3000 m min -4\u00b0C max -2\u00b0C.<br \/>\n<b>Venti: <\/b>Nelle valli in genere deboli; in quota moderati o tesi meridionali, a tratti forti sulle vette, 15-30 km\/h a 2000 m, 30-40 km\/h a 3000 m.<\/p>\n<hr \/>\n<p><center><b>Mercoledi 7<\/b><\/center>Nella notte ed al mattino ancora maltempo, poi miglioramento, con ampie schiarite. Neve in lieve abbassamento rispetto ai giorni precedenti, con limite fra i 1800 ed i 2000 m. Temperature in diminuzione, specie in quota. Venti sui monti moderati o tesi, in attenuazione e rotazione da Sud-Est a Sud-Ovest.<\/p>\n<hr \/>\n<p><center><b>Giovedi 8<\/b><\/center>Tempo in parte soleggiato, con temperature quasi nella media del periodo. Venti in quota deboli o moderati da Sud-Ovest, anche tesi a 3000 m. Previsore: B.R. Aggiornamento bollettino Dolomiti Neve e Valanghe: 02\/11\/2018<\/p>\n<hr \/>\n","protected":false},"excerpt":{"rendered":"<p>SEGNALAZIONE METEO: Tra la serata di domenica 4 e la serata di luned\u00ec 5, precipitazioni a tratti diffuse con rovesci e locali temporali. Possibili quantitativi complessivi anche consistenti o localmente abbondanti su zone montane, specie prealpine, e su pedemontana\/pianura nord-orientale. Evoluzione generaleDomenica vortice centrato sulla Sardegna tende ad attenuarsi, ma far\u00e0 affluire aria molto umida&hellip;<\/p>\n","protected":false},"author":1,"featured_media":57212,"comment_status":"closed","ping_status":"closed","sticky":false,"template":"","format":"standard","meta":{"_monsterinsights_skip_tracking":false,"_monsterinsights_sitenote_active":false,"_monsterinsights_sitenote_note":"","_monsterinsights_sitenote_category":0,"footnotes":""},"categories":[49],"tags":[],"class_list":["post-65689","post","type-post","status-publish","format-standard","has-post-thumbnail","hentry","category-news-18","category-49","description-off"],"img_url":"https:\/\/www.radiopiu.net\/wordpress\/wp-content\/uploads\/2018\/08\/METEO-PREVISIONI.jpeg","_links":{"self":[{"href":"https:\/\/www.radiopiu.net\/wordpress\/wp-json\/wp\/v2\/posts\/65689","targetHints":{"allow":["GET"]}}],"collection":[{"href":"https:\/\/www.radiopiu.net\/wordpress\/wp-json\/wp\/v2\/posts"}],"about":[{"href":"https:\/\/www.radiopiu.net\/wordpress\/wp-json\/wp\/v2\/types\/post"}],"author":[{"embeddable":true,"href":"https:\/\/www.radiopiu.net\/wordpress\/wp-json\/wp\/v2\/users\/1"}],"replies":[{"embeddable":true,"href":"https:\/\/www.radiopiu.net\/wordpress\/wp-json\/wp\/v2\/comments?post=65689"}],"version-history":[{"count":0,"href":"https:\/\/www.radiopiu.net\/wordpress\/wp-json\/wp\/v2\/posts\/65689\/revisions"}],"wp:featuredmedia":[{"embeddable":true,"href":"https:\/\/www.radiopiu.net\/wordpress\/wp-json\/wp\/v2\/media\/57212"}],"wp:attachment":[{"href":"https:\/\/www.radiopiu.net\/wordpress\/wp-json\/wp\/v2\/media?parent=65689"}],"wp:term":[{"taxonomy":"category","embeddable":true,"href":"https:\/\/www.radiopiu.net\/wordpress\/wp-json\/wp\/v2\/categories?post=65689"},{"taxonomy":"post_tag","embeddable":true,"href":"https:\/\/www.radiopiu.net\/wordpress\/wp-json\/wp\/v2\/tags?post=65689"}],"curies":[{"name":"wp","href":"https:\/\/api.w.org\/{rel}","templated":true}]}}