{"id":65765,"date":"2018-11-05T12:50:06","date_gmt":"2018-11-05T11:50:06","guid":{"rendered":"http:\/\/www.radiopiu.net\/wordpress\/?p=65765"},"modified":"2018-11-05T12:50:06","modified_gmt":"2018-11-05T11:50:06","slug":"comunicato-stampa-emergenza-maltempo-emergenza-vigili-del-fuoco","status":"publish","type":"post","link":"https:\/\/www.radiopiu.net\/wordpress\/comunicato-stampa-emergenza-maltempo-emergenza-vigili-del-fuoco\/","title":{"rendered":"COMUNICATO STAMPA EMERGENZA MALTEMPO EMERGENZA VIGILI DEL FUOCO"},"content":{"rendered":"<p>Come FP Cgil di Belluno condividiamo appieno il comunicato del Coordinamento Nazionale del VVF Cgil che pone in evidenza, oltre ai deficit organizzativi a livello regionale, la grave carenza di personale dei Vigili del Fuoco che ha costretto gli uomini del Comando di Belluno a turni continui anche e oltre le 24 h, spesso senza la possibilit\u00e0 di potersi fermare per riposare o per assumere un pasto caldo.<br \/>\nIn questa situazione i vertici hanno preferito ancora una volta spremere le poche risorse locali pur di non chiedere supporto alle sezioni operative di altre regioni.<br \/>\nLe carenze di personale del Corpo Nazionale dei Vigili del Fuoco, spesso citato ad esempio ed encomiato a qualsiasi livello politico, in questi anni si sono accentuate sempre pi\u00f9 e l\u2019et\u00e0 media del personale si \u00e8 ulteriormente accentuata tanto che spesso per garantire il normale soccorso il Comando Provinciale \u00e8 costretto a coprire i turni dei distaccamenti con personale dalla sede provinciale.<br \/>\n\u00c8 per questi motivi che ci uniamo alla richiesta quanto mai urgente di assunzione di personale operativo da assegnare al Comando di Belluno.<\/p>\n","protected":false},"excerpt":{"rendered":"<p>Come FP Cgil di Belluno condividiamo appieno il comunicato del Coordinamento Nazionale del VVF Cgil che pone in evidenza, oltre ai deficit organizzativi a livello regionale, la grave carenza di personale dei Vigili del Fuoco che ha costretto gli uomini del Comando di Belluno a turni continui anche e oltre le 24 h, spesso senza&hellip;<\/p>\n","protected":false},"author":1,"featured_media":65009,"comment_status":"closed","ping_status":"closed","sticky":false,"template":"","format":"standard","meta":{"_monsterinsights_skip_tracking":false,"_monsterinsights_sitenote_active":false,"_monsterinsights_sitenote_note":"","_monsterinsights_sitenote_category":0,"footnotes":""},"categories":[49,65],"tags":[],"class_list":["post-65765","post","type-post","status-publish","format-standard","has-post-thumbnail","hentry","category-news-18","category-soccorso","category-49","category-65","description-off"],"img_url":"https:\/\/www.radiopiu.net\/wordpress\/wp-content\/uploads\/2018\/10\/pomp-2.jpeg","_links":{"self":[{"href":"https:\/\/www.radiopiu.net\/wordpress\/wp-json\/wp\/v2\/posts\/65765","targetHints":{"allow":["GET"]}}],"collection":[{"href":"https:\/\/www.radiopiu.net\/wordpress\/wp-json\/wp\/v2\/posts"}],"about":[{"href":"https:\/\/www.radiopiu.net\/wordpress\/wp-json\/wp\/v2\/types\/post"}],"author":[{"embeddable":true,"href":"https:\/\/www.radiopiu.net\/wordpress\/wp-json\/wp\/v2\/users\/1"}],"replies":[{"embeddable":true,"href":"https:\/\/www.radiopiu.net\/wordpress\/wp-json\/wp\/v2\/comments?post=65765"}],"version-history":[{"count":0,"href":"https:\/\/www.radiopiu.net\/wordpress\/wp-json\/wp\/v2\/posts\/65765\/revisions"}],"wp:featuredmedia":[{"embeddable":true,"href":"https:\/\/www.radiopiu.net\/wordpress\/wp-json\/wp\/v2\/media\/65009"}],"wp:attachment":[{"href":"https:\/\/www.radiopiu.net\/wordpress\/wp-json\/wp\/v2\/media?parent=65765"}],"wp:term":[{"taxonomy":"category","embeddable":true,"href":"https:\/\/www.radiopiu.net\/wordpress\/wp-json\/wp\/v2\/categories?post=65765"},{"taxonomy":"post_tag","embeddable":true,"href":"https:\/\/www.radiopiu.net\/wordpress\/wp-json\/wp\/v2\/tags?post=65765"}],"curies":[{"name":"wp","href":"https:\/\/api.w.org\/{rel}","templated":true}]}}