{"id":65779,"date":"2018-11-05T16:00:06","date_gmt":"2018-11-05T15:00:06","guid":{"rendered":"http:\/\/www.radiopiu.net\/wordpress\/?p=65779"},"modified":"2018-11-05T16:00:06","modified_gmt":"2018-11-05T15:00:06","slug":"nessuno-scorda-nessuno-nellemergenza-yako-trova-ospitalita-al-rifugio-apaca","status":"publish","type":"post","link":"https:\/\/www.radiopiu.net\/wordpress\/nessuno-scorda-nessuno-nellemergenza-yako-trova-ospitalita-al-rifugio-apaca\/","title":{"rendered":"Nessuno scorda nessuno nell\u2019emergenza! Yako trova ospitalit\u00e0 al rifugio Apaca"},"content":{"rendered":"<p>Arriva da Canale d\u2019Agordo dal storia di Yako e la sua famiglia, era il 29 ottobre sera al culmine del maltempo che una frana si \u00e8 abbattuta sulla casa della famiglia Lena, (vedi gallery) grande paura per Eros i suoi bambini e la moglie, che portati in salvo prontamente, non si sono feriti, ma la casa era piena di fango e detriti.<br \/>\nIl povero Yako nel suo box \u00e8 stato sommerso dal fango ma Eros si \u00e8 precipitato con la speranza di trovarlo vivo, in quegli attimi concitati, al buio, ha scavato fino a liberarlo, il cane era impaurito ma vivo!<br \/>\nLa famiglia ora \u00e8 ospite presso un\u2019altra casa ma per Yako c\u2019era bisogno di un posto al sicuro dove qualcuno potesse occuparsi di lui temporaneamente, si \u00e8 messa in moto la collaborazione tra i volontari che si occupano degli animali in provincia, il rifugio Apaca ha offerto ospitalit\u00e0 al bellissimo Yako che potr\u00e0 essere accudito e coccolato dai volontari finch\u00e9 la famiglia potr\u00e0 riprenderlo con se.<\/p>\n<p><strong>E\u2019 comunque emergenza continua per gli animali in provincia.<\/strong><br \/>\nSono sempre pochi i posti in provincia di Belluno dove poter ospitare i cani (e i gatti) in situazioni emergenziali e le emergenze purtroppo sono frequenti, anziani che devono andare in casa di riposo, famiglie che si separano per cui il cane diventa \u201cun problema\u201d, scelta sbagliata di cani spesso di razza con caratteristiche particolari sottovalutate ecc. Il rifugio Apaca \u00e8 spesso al completo perch\u00e9 vi soggiornano cani anziani che faticano a trovare adozione, che dovrebbero essere incentivate verso questi animali gi\u00e0 presenti sul territorio.<br \/>\nI volontari cercano con ogni mezzo si sistemare quante pi\u00f9 situazioni possibili mettendosi a disposizione con le loro case e con qualche box, ma servono pi\u00f9 posti sicuri e disponibili, ben strutturati, a Belluno il rifugio Apaca \u00e8 l\u2019unico in provincia, una provincia troppo grande ormai per un solo punto di riferimento.<\/p>\n<p>Comuni, Enti, Ulss dovrebbero seriamente pensare ad un altro rifugio o a potenziare il rifugio esistente perch\u00e8 non si pu\u00f2 sempre contare sul buon cuore e l\u2019impegno del volontariato.<br \/>\nI volontari di pi\u00f9 associazioni per la tutela degli animali bellunesi stanno raccogliendo cibo e coperte per aiutare anche loro nell\u2019emergenza, meritevoli di attenzione come ogni membro di una famiglia, i primi approvvigionamenti stanno per arrivare ad Agordo per essere poi redistribuiti su tutto l&#8217;agordino.<\/p>\n\n\t\t\t<style type='text\/css'>\n\t\t\t\t#gallery-1 {\n\t\t\t\t\tmargin: auto;\n\t\t\t\t}\n\t\t\t\t#gallery-1 .gallery-item {\n\t\t\t\t\tfloat: left;\n\t\t\t\t\tmargin-top: 10px;\n\t\t\t\t\ttext-align: center;\n\t\t\t\t\twidth: 20%;\n\t\t\t\t}\n\t\t\t\t#gallery-1 img {\n\t\t\t\t\tborder: 2px solid #cfcfcf;\n\t\t\t\t}\n\t\t\t\t#gallery-1 .gallery-caption {\n\t\t\t\t\tmargin-left: 0;\n\t\t\t\t}\n\t\t\t\t\/* see gallery_shortcode() in wp-includes\/media.php *\/\n\t\t\t<\/style>\n\t\t<div id='gallery-1' class='dt-gallery-container gallery galleryid-65779 gallery-columns-5 gallery-size-medium'><dl class='gallery-item'>\n\t\t\t\t<dt class='gallery-icon portrait'>\n\t\t\t\t\t<a class=\"rollover\" href='https:\/\/www.radiopiu.net\/wordpress\/nessuno-scorda-nessuno-nellemergenza-yako-trova-ospitalita-al-rifugio-apaca\/whatsapp-image-2018-11-05-at-12-25-11\/'><img loading=\"lazy\" decoding=\"async\" width=\"225\" height=\"300\" src=\"https:\/\/www.radiopiu.net\/wordpress\/wp-content\/uploads\/2018\/11\/WhatsApp-Image-2018-11-05-at-12.25.11-225x300.jpeg\" class=\"attachment-medium size-medium\" alt=\"\" srcset=\"https:\/\/www.radiopiu.net\/wordpress\/wp-content\/uploads\/2018\/11\/WhatsApp-Image-2018-11-05-at-12.25.11-225x300.jpeg 225w, https:\/\/www.radiopiu.net\/wordpress\/wp-content\/uploads\/2018\/11\/WhatsApp-Image-2018-11-05-at-12.25.11.jpeg 768w\" sizes=\"auto, (max-width: 225px) 100vw, 225px\" \/><\/a>\n\t\t\t\t<\/dt><\/dl><dl class='gallery-item'>\n\t\t\t\t<dt class='gallery-icon portrait'>\n\t\t\t\t\t<a class=\"rollover\" href='https:\/\/www.radiopiu.net\/wordpress\/nessuno-scorda-nessuno-nellemergenza-yako-trova-ospitalita-al-rifugio-apaca\/whatsapp-image-2018-11-05-at-12-25-18\/'><img loading=\"lazy\" decoding=\"async\" width=\"225\" height=\"300\" src=\"https:\/\/www.radiopiu.net\/wordpress\/wp-content\/uploads\/2018\/11\/WhatsApp-Image-2018-11-05-at-12.25.18-225x300.jpeg\" class=\"attachment-medium size-medium\" alt=\"\" srcset=\"https:\/\/www.radiopiu.net\/wordpress\/wp-content\/uploads\/2018\/11\/WhatsApp-Image-2018-11-05-at-12.25.18-225x300.jpeg 225w, https:\/\/www.radiopiu.net\/wordpress\/wp-content\/uploads\/2018\/11\/WhatsApp-Image-2018-11-05-at-12.25.18.jpeg 720w\" sizes=\"auto, (max-width: 225px) 100vw, 225px\" \/><\/a>\n\t\t\t\t<\/dt><\/dl><dl class='gallery-item'>\n\t\t\t\t<dt class='gallery-icon portrait'>\n\t\t\t\t\t<a class=\"rollover\" href='https:\/\/www.radiopiu.net\/wordpress\/nessuno-scorda-nessuno-nellemergenza-yako-trova-ospitalita-al-rifugio-apaca\/whatsapp-image-2018-11-05-at-12-25-25\/'><img loading=\"lazy\" decoding=\"async\" width=\"225\" height=\"300\" src=\"https:\/\/www.radiopiu.net\/wordpress\/wp-content\/uploads\/2018\/11\/WhatsApp-Image-2018-11-05-at-12.25.25-225x300.jpeg\" class=\"attachment-medium size-medium\" alt=\"\" srcset=\"https:\/\/www.radiopiu.net\/wordpress\/wp-content\/uploads\/2018\/11\/WhatsApp-Image-2018-11-05-at-12.25.25-225x300.jpeg 225w, https:\/\/www.radiopiu.net\/wordpress\/wp-content\/uploads\/2018\/11\/WhatsApp-Image-2018-11-05-at-12.25.25.jpeg 720w\" sizes=\"auto, (max-width: 225px) 100vw, 225px\" \/><\/a>\n\t\t\t\t<\/dt><\/dl><dl class='gallery-item'>\n\t\t\t\t<dt class='gallery-icon portrait'>\n\t\t\t\t\t<a class=\"rollover\" href='https:\/\/www.radiopiu.net\/wordpress\/nessuno-scorda-nessuno-nellemergenza-yako-trova-ospitalita-al-rifugio-apaca\/whatsapp-image-2018-11-05-at-12-25-29\/'><img loading=\"lazy\" decoding=\"async\" width=\"225\" height=\"300\" src=\"https:\/\/www.radiopiu.net\/wordpress\/wp-content\/uploads\/2018\/11\/WhatsApp-Image-2018-11-05-at-12.25.29-225x300.jpeg\" class=\"attachment-medium size-medium\" alt=\"\" srcset=\"https:\/\/www.radiopiu.net\/wordpress\/wp-content\/uploads\/2018\/11\/WhatsApp-Image-2018-11-05-at-12.25.29-225x300.jpeg 225w, https:\/\/www.radiopiu.net\/wordpress\/wp-content\/uploads\/2018\/11\/WhatsApp-Image-2018-11-05-at-12.25.29.jpeg 720w\" sizes=\"auto, (max-width: 225px) 100vw, 225px\" \/><\/a>\n\t\t\t\t<\/dt><\/dl><dl class='gallery-item'>\n\t\t\t\t<dt class='gallery-icon landscape'>\n\t\t\t\t\t<a class=\"rollover\" href='https:\/\/www.radiopiu.net\/wordpress\/nessuno-scorda-nessuno-nellemergenza-yako-trova-ospitalita-al-rifugio-apaca\/whatsapp-image-2018-11-05-at-12-25-55\/'><img loading=\"lazy\" decoding=\"async\" width=\"300\" height=\"225\" src=\"https:\/\/www.radiopiu.net\/wordpress\/wp-content\/uploads\/2018\/11\/WhatsApp-Image-2018-11-05-at-12.25.55-300x225.jpeg\" class=\"attachment-medium size-medium\" alt=\"\" srcset=\"https:\/\/www.radiopiu.net\/wordpress\/wp-content\/uploads\/2018\/11\/WhatsApp-Image-2018-11-05-at-12.25.55-300x225.jpeg 300w, https:\/\/www.radiopiu.net\/wordpress\/wp-content\/uploads\/2018\/11\/WhatsApp-Image-2018-11-05-at-12.25.55-768x576.jpeg 768w, https:\/\/www.radiopiu.net\/wordpress\/wp-content\/uploads\/2018\/11\/WhatsApp-Image-2018-11-05-at-12.25.55-1024x768.jpeg 1024w, https:\/\/www.radiopiu.net\/wordpress\/wp-content\/uploads\/2018\/11\/WhatsApp-Image-2018-11-05-at-12.25.55.jpeg 1600w\" sizes=\"auto, (max-width: 300px) 100vw, 300px\" \/><\/a>\n\t\t\t\t<\/dt><\/dl><br style=\"clear: both\" \/>\n\t\t\t<\/div>\n\n","protected":false},"excerpt":{"rendered":"<p>Arriva da Canale d\u2019Agordo dal storia di Yako e la sua famiglia, era il 29 ottobre sera al culmine del maltempo che una frana si \u00e8 abbattuta sulla casa della famiglia Lena, (vedi gallery) grande paura per Eros i suoi bambini e la moglie, che portati in salvo prontamente, non si sono feriti, ma la&hellip;<\/p>\n","protected":false},"author":1,"featured_media":65780,"comment_status":"closed","ping_status":"closed","sticky":false,"template":"","format":"standard","meta":{"_monsterinsights_skip_tracking":false,"_monsterinsights_sitenote_active":false,"_monsterinsights_sitenote_note":"","_monsterinsights_sitenote_category":0,"footnotes":""},"categories":[49,65],"tags":[],"class_list":["post-65779","post","type-post","status-publish","format-standard","has-post-thumbnail","hentry","category-news-18","category-soccorso","category-49","category-65","description-off"],"img_url":"https:\/\/www.radiopiu.net\/wordpress\/wp-content\/uploads\/2018\/11\/WhatsApp-Image-2018-11-05-at-12.14.44.jpeg","_links":{"self":[{"href":"https:\/\/www.radiopiu.net\/wordpress\/wp-json\/wp\/v2\/posts\/65779","targetHints":{"allow":["GET"]}}],"collection":[{"href":"https:\/\/www.radiopiu.net\/wordpress\/wp-json\/wp\/v2\/posts"}],"about":[{"href":"https:\/\/www.radiopiu.net\/wordpress\/wp-json\/wp\/v2\/types\/post"}],"author":[{"embeddable":true,"href":"https:\/\/www.radiopiu.net\/wordpress\/wp-json\/wp\/v2\/users\/1"}],"replies":[{"embeddable":true,"href":"https:\/\/www.radiopiu.net\/wordpress\/wp-json\/wp\/v2\/comments?post=65779"}],"version-history":[{"count":0,"href":"https:\/\/www.radiopiu.net\/wordpress\/wp-json\/wp\/v2\/posts\/65779\/revisions"}],"wp:featuredmedia":[{"embeddable":true,"href":"https:\/\/www.radiopiu.net\/wordpress\/wp-json\/wp\/v2\/media\/65780"}],"wp:attachment":[{"href":"https:\/\/www.radiopiu.net\/wordpress\/wp-json\/wp\/v2\/media?parent=65779"}],"wp:term":[{"taxonomy":"category","embeddable":true,"href":"https:\/\/www.radiopiu.net\/wordpress\/wp-json\/wp\/v2\/categories?post=65779"},{"taxonomy":"post_tag","embeddable":true,"href":"https:\/\/www.radiopiu.net\/wordpress\/wp-json\/wp\/v2\/tags?post=65779"}],"curies":[{"name":"wp","href":"https:\/\/api.w.org\/{rel}","templated":true}]}}