{"id":65793,"date":"2018-11-05T20:56:41","date_gmt":"2018-11-05T19:56:41","guid":{"rendered":"http:\/\/www.radiopiu.net\/wordpress\/?p=65793"},"modified":"2018-11-05T20:56:41","modified_gmt":"2018-11-05T19:56:41","slug":"tatiana-bartolomei-ordine-dei-geologi-del-veneto-pianificare-attentamente-gli-interventi-in-montagna","status":"publish","type":"post","link":"https:\/\/www.radiopiu.net\/wordpress\/tatiana-bartolomei-ordine-dei-geologi-del-veneto-pianificare-attentamente-gli-interventi-in-montagna\/","title":{"rendered":"Tatiana Bartolomei &#8211; Ordine dei Geologi del Veneto &#8211; Pianificare attentamente gli interventi in montagna"},"content":{"rendered":"<p>Un evento dai caratteri eccezionali che sembra, almeno dal punto di vista meteorologico in fase di superamento, ma che presenter\u00e0 i conti in pi\u00f9 fasi. Quella che stiamo vivendo caratterizzata dalla necessit\u00e0 di superamento dell\u2019emergenza, in cui assume un ruolo fondamentale la rapida valutazione dei rischi, la messa in sicurezza delle situazioni pi\u00f9 critiche, il ripristino della viabilit\u00e0, dell\u2019energia elettrica e delle comunicazioni. In questa fase \u00e8 fondamentale il ruolo della Protezione Civile, dei volontari, delle istituzioni e dei colleghi geologi gi\u00e0 operanti sul territorio. Dalle notizie che si hanno dai colleghi impegnati nella montagna bellunese le problematiche geologiche pi\u00f9 rappresentate sono dovute alle colate concentrate e detritiche nei canali degli affluenti secondari e dei fiumi principali e, come nel caso del Cordevole, situazioni di erosione spondale e di divagazione dell\u2019alveo, che hanno interessato la viabilit\u00e0 principale e secondaria.\u00a0 Sono diffusi inoltre alcuni smottamenti superficiali che non dovrebbero evolversi in eventi pi\u00f9 importanti. Le situazioni pi\u00f9 critiche, come la frana di Perarolo e del Tessina, sono sotto controllo e oggetto di monitoraggio dedicato.<\/p>\n<p>L\u2019ecatombe di copertura boschiva di fatto espone interi e vasti versanti alla potenziale instabilit\u00e0: l\u2019assenza di copertura boschiva e dell\u2019apporto alla stabilit\u00e0 del versante che pu\u00f2 dare l\u2019insieme degli apparati radicali aumenta potenzialmente il rischio in aree che fino ad ora erano considerate stabili proprio perch\u00e9 coperte da imponenti foreste. Tale rischio potr\u00e0 essere valutato solo successivamente alla rimozione della massa legnosa caduta. L\u2019arrivo dell\u2019inverno inoltre non aiuter\u00e0 tali operazioni e il problema si presenter\u00e0 in primavera dove lo scioglimento del manto nevoso e nuove precipitazioni si sommeranno nell\u2019imbibizione dei terreni superficiali, che non avranno pi\u00f9 l\u2019aiuto del bosco e quindi potranno innescarsi fenomeni pi\u00f9 o meno profondi. Una situazione delicata sar\u00e0 rappresentata dall\u2019area di Taibon Agordino e dalla Vallata di San Lucano dove si sommano gli effetti del devastante incendio avvenuto qualche giorno prima del forte evento piovoso. Assenza di copertura boschiva e terreno nudo significano anche una drastica riduzione dei tempi di corrivazione con conseguente aumento della velocit\u00e0 di trasferimento delle precipitazioni negli alvei dei torrenti e fiumi. Importanti portate da smaltire in alvei gi\u00e0 fortemente modificati dall\u2019evento passato.<\/p>\n<p>Ancora una volta \u00e8 necessario ricordare che \u00e8 fondamentale non abbassare l\u2019attenzione e soprattutto iniziare sin da ora a pianificare le prossime mosse, le professionalit\u00e0 non mancano, i geologi professionisti e i geologi presenti all\u2019interno della Pubblica Amministrazione possono giocare un ruolo fondamentale nel supportare le politiche e le successive fasi pianificatorie che la Regione vorr\u00e0 mettere in atto.Molto importante sar\u00e0 in futuro mantenere viva la montagna che significa ripopolare la montagna bellunese, cos\u00ec come quella vicentina dell\u2019Altopiano di Asiago anch\u2019esso tanto duramente provato. Garantire il turismo e le attivit\u00e0 ma soprattutto riprendersi cura dei boschi, dei torrenti, vivere e manutenere un bene, come il patrimonio boschivo, che spesso non viene percepito come tale.<\/p>\n","protected":false},"excerpt":{"rendered":"<p>Un evento dai caratteri eccezionali che sembra, almeno dal punto di vista meteorologico in fase di superamento, ma che presenter\u00e0 i conti in pi\u00f9 fasi. Quella che stiamo vivendo caratterizzata dalla necessit\u00e0 di superamento dell\u2019emergenza, in cui assume un ruolo fondamentale la rapida valutazione dei rischi, la messa in sicurezza delle situazioni pi\u00f9 critiche, il&hellip;<\/p>\n","protected":false},"author":1,"featured_media":65794,"comment_status":"closed","ping_status":"closed","sticky":false,"template":"","format":"standard","meta":{"_monsterinsights_skip_tracking":false,"_monsterinsights_sitenote_active":false,"_monsterinsights_sitenote_note":"","_monsterinsights_sitenote_category":0,"footnotes":""},"categories":[49],"tags":[],"class_list":["post-65793","post","type-post","status-publish","format-standard","has-post-thumbnail","hentry","category-news-18","category-49","description-off"],"img_url":"https:\/\/www.radiopiu.net\/wordpress\/wp-content\/uploads\/2018\/11\/rock-wall-1845128_1280.jpg","_links":{"self":[{"href":"https:\/\/www.radiopiu.net\/wordpress\/wp-json\/wp\/v2\/posts\/65793","targetHints":{"allow":["GET"]}}],"collection":[{"href":"https:\/\/www.radiopiu.net\/wordpress\/wp-json\/wp\/v2\/posts"}],"about":[{"href":"https:\/\/www.radiopiu.net\/wordpress\/wp-json\/wp\/v2\/types\/post"}],"author":[{"embeddable":true,"href":"https:\/\/www.radiopiu.net\/wordpress\/wp-json\/wp\/v2\/users\/1"}],"replies":[{"embeddable":true,"href":"https:\/\/www.radiopiu.net\/wordpress\/wp-json\/wp\/v2\/comments?post=65793"}],"version-history":[{"count":0,"href":"https:\/\/www.radiopiu.net\/wordpress\/wp-json\/wp\/v2\/posts\/65793\/revisions"}],"wp:featuredmedia":[{"embeddable":true,"href":"https:\/\/www.radiopiu.net\/wordpress\/wp-json\/wp\/v2\/media\/65794"}],"wp:attachment":[{"href":"https:\/\/www.radiopiu.net\/wordpress\/wp-json\/wp\/v2\/media?parent=65793"}],"wp:term":[{"taxonomy":"category","embeddable":true,"href":"https:\/\/www.radiopiu.net\/wordpress\/wp-json\/wp\/v2\/categories?post=65793"},{"taxonomy":"post_tag","embeddable":true,"href":"https:\/\/www.radiopiu.net\/wordpress\/wp-json\/wp\/v2\/tags?post=65793"}],"curies":[{"name":"wp","href":"https:\/\/api.w.org\/{rel}","templated":true}]}}