{"id":65797,"date":"2018-11-06T05:46:29","date_gmt":"2018-11-06T04:46:29","guid":{"rendered":"http:\/\/www.radiopiu.net\/wordpress\/?p=65797"},"modified":"2018-11-06T07:49:20","modified_gmt":"2018-11-06T06:49:20","slug":"giornale-radiopiu-06-novembre-2018-direttore-mirko-mezzacasa","status":"publish","type":"post","link":"https:\/\/www.radiopiu.net\/wordpress\/giornale-radiopiu-06-novembre-2018-direttore-mirko-mezzacasa\/","title":{"rendered":"GIORNALE RADIOPIU 06 NOVEMBRE 2018 DIRETTORE MIRKO MEZZACASA"},"content":{"rendered":"<p>Un centinaio d&#8217;utenze ancora senza energia elettrica, il problema dell&#8217;acquedotto a Rocca Pietore e la voglia di ripartire dopo ore nel fango e nella pioggia. L&#8217;attenzione va gi\u00e0 alla stagione invernale con piste e parcheggi da sistemare, soprattutto con la corrente elettrica da riportare alle stazioni sciistiche per dare il via all&#8217;innevamento. I sindaci sono stanchi, ma tengono botta e vanno avanti spediti per la loro strada confidando che le tante parole di questi giorni si trasformino in altrettanti contributi concreti e non solo promessi.<\/p>\n<p>Ad Agordo, il Comune tra i meno colpiti dal maltempo si contano i danni in Val di Frela dove il Campregana esondando ha travolto case, strade e giardini, ma si conta anche il grave danno alla casa scoperchiata in prossimit\u00e0 dell&#8217;ospedale. A Taibon lo sforzo del fine settimana dei tanti volontari permette di vedere una valle pi\u00f9 pulita e maggiormente ospitale, continuo il controllo il localit\u00e0 Nogarola, zona artigianale.<\/p>\n<p>A Canale d&#8217;Agordo all&#8217;albergo Alle Codole e abitazioni vicine l&#8217;acqua ha fatto danni elevati, cos\u00ec come ad Alleghe in riva al lago. Il paese del papa \u00e8 salvo anche grazie all&#8217;esperienza e prontezza di riflessi di chi ha deviato il Liera, mentre a Pisoliva sono quattro le frane compresa quella contro casa Fenti dove sono intervenuti in supporti i ragazzi dell&#8217;hockey Canale d&#8217;Agordo.<\/p>\n<p>A San Tomaso un cittadino fa arrabbiare il sindaco &#8220;Ho appena saputo &#8211; scrive Faustino Rossi a proposito della vecchia regionale 203 Cencenighe-Avoscan di San Tomaso-\u00a0 che forse domani ci sar\u00e0 un sopralluogo del genio civile e forse non serve ricostruire la strada subito, perch\u00e9 l&#8217;acquedotto c&#8217;\u00e8, la corrente pure&#8230;.&#8221;. Secca la replica di Moreno De Val &#8220;Sto leggendo notizie false sul collegamento della strada nella frazione<br \/>\nSot Colar\u00fa Che non verr\u00e0 ricostruita.\u00a0 Notizia data in pasto agli sciacalli di Fb&#8221;<\/p>\n<p>A Falcade i segni del tanto lavoro sono evidenti, anche la pista da fondo verr\u00e0 presto riportata al suo meraviglioso splendore.<\/p>\n<p><strong>LE INTERVISTE<\/strong><\/p>\n<p><strong>LEANDRO GRONES (LIVINALLONGO)<\/strong><\/p>\n<audio class=\"wp-audio-shortcode\" id=\"audio-65797-1\" preload=\"none\" style=\"width: 100%;\" controls=\"controls\"><source type=\"audio\/mpeg\" src=\"http:\/\/www.radiopiu.net\/wordpress\/wp-content\/uploads\/2018\/11\/leandro.mp3?_=1\" \/><a href=\"http:\/\/www.radiopiu.net\/wordpress\/wp-content\/uploads\/2018\/11\/leandro.mp3\">http:\/\/www.radiopiu.net\/wordpress\/wp-content\/uploads\/2018\/11\/leandro.mp3<\/a><\/audio>\n<p><strong>SISTO DA ROIT SINDACO DI AGORDO<\/strong><\/p>\n<audio class=\"wp-audio-shortcode\" id=\"audio-65797-2\" preload=\"none\" style=\"width: 100%;\" controls=\"controls\"><source type=\"audio\/mpeg\" src=\"http:\/\/www.radiopiu.net\/wordpress\/wp-content\/uploads\/2018\/11\/sisto-1.mp3?_=2\" \/><a href=\"http:\/\/www.radiopiu.net\/wordpress\/wp-content\/uploads\/2018\/11\/sisto-1.mp3\">http:\/\/www.radiopiu.net\/wordpress\/wp-content\/uploads\/2018\/11\/sisto-1.mp3<\/a><\/audio>\n<p><strong>MAURO SOPPELSA (CENCENIGHE), PAOLO FRENA (COLLE SANTA LUCIA), MORENO DE VAL (SANTOMASO), MICHELE COSTA (FALCADE), SILVIA CESTARO (SELVA DI CADORE),\u00a0 GIOVANNI PAOLO ZANIN (DIRIGENTE SCOLASTICO AGORDO), FRANCO MAGRIN (VIGILI DEL FUOCO COORDINATORE COM AGORDO)<\/strong><\/p>\n<audio class=\"wp-audio-shortcode\" id=\"audio-65797-3\" preload=\"none\" style=\"width: 100%;\" controls=\"controls\"><source type=\"audio\/mpeg\" src=\"http:\/\/www.radiopiu.net\/wordpress\/wp-content\/uploads\/2018\/11\/soppelsa_frena_de-val_costa_cestaro_zanin.mp3?_=3\" \/><a href=\"http:\/\/www.radiopiu.net\/wordpress\/wp-content\/uploads\/2018\/11\/soppelsa_frena_de-val_costa_cestaro_zanin.mp3\">http:\/\/www.radiopiu.net\/wordpress\/wp-content\/uploads\/2018\/11\/soppelsa_frena_de-val_costa_cestaro_zanin.mp3<\/a><\/audio>\n<p><strong>EZIO ZUANEL (LA VALLE), ANDREA DE BERNARDIN (ROCCA PIETORE)<\/strong><\/p>\n<audio class=\"wp-audio-shortcode\" id=\"audio-65797-4\" preload=\"none\" style=\"width: 100%;\" controls=\"controls\"><source type=\"audio\/mpeg\" src=\"http:\/\/www.radiopiu.net\/wordpress\/wp-content\/uploads\/2018\/11\/zuanel_de-bernardin.mp3?_=4\" \/><a href=\"http:\/\/www.radiopiu.net\/wordpress\/wp-content\/uploads\/2018\/11\/zuanel_de-bernardin.mp3\">http:\/\/www.radiopiu.net\/wordpress\/wp-content\/uploads\/2018\/11\/zuanel_de-bernardin.mp3<\/a><\/audio>\n<p><strong>LORIS DE COL (TAIBON )<\/strong><\/p>\n<audio class=\"wp-audio-shortcode\" id=\"audio-65797-5\" preload=\"none\" style=\"width: 100%;\" controls=\"controls\"><source type=\"audio\/mpeg\" src=\"http:\/\/www.radiopiu.net\/wordpress\/wp-content\/uploads\/2018\/11\/loris-de-col.mp3?_=5\" \/><a href=\"http:\/\/www.radiopiu.net\/wordpress\/wp-content\/uploads\/2018\/11\/loris-de-col.mp3\">http:\/\/www.radiopiu.net\/wordpress\/wp-content\/uploads\/2018\/11\/loris-de-col.mp3<\/a><\/audio>\n<p>&nbsp;<\/p>\n<blockquote class=\"wp-embedded-content\" data-secret=\"RSsFANmrAt\"><p><a href=\"http:\/\/www.radiopiu.net\/wordpress\/nessuno-scorda-nessuno-nellemergenza-yako-trova-ospitalita-al-rifugio-apaca\/\">Nessuno scorda nessuno nell\u2019emergenza! Yako trova ospitalit\u00e0 al rifugio Apaca<\/a><\/p><\/blockquote>\n<p><iframe loading=\"lazy\" class=\"wp-embedded-content\" sandbox=\"allow-scripts\" security=\"restricted\" style=\"position: absolute; clip: rect(1px, 1px, 1px, 1px);\" src=\"http:\/\/www.radiopiu.net\/wordpress\/nessuno-scorda-nessuno-nellemergenza-yako-trova-ospitalita-al-rifugio-apaca\/embed\/#?secret=RSsFANmrAt\" data-secret=\"RSsFANmrAt\" width=\"600\" height=\"338\" title=\"&#8220;Nessuno scorda nessuno nell\u2019emergenza! Yako trova ospitalit\u00e0 al rifugio Apaca&#8221; &#8212; Radio Pi\u00f9\" frameborder=\"0\" marginwidth=\"0\" marginheight=\"0\" scrolling=\"no\"><\/iframe><\/p>\n<p>&nbsp;<\/p>\n<p>&nbsp;<\/p>\n<p>&nbsp;<\/p>\n<p><strong>IL PUNTO DELL&#8217;UNITA&#8217; DI CRISI REGIONALE<\/strong><\/p>\n<audio class=\"wp-audio-shortcode\" id=\"audio-65797-6\" preload=\"none\" style=\"width: 100%;\" controls=\"controls\"><source type=\"audio\/mpeg\" src=\"http:\/\/www.radiopiu.net\/wordpress\/wp-content\/uploads\/2018\/11\/il-punto-unita-crisi-iliana.mp3?_=6\" \/><a href=\"http:\/\/www.radiopiu.net\/wordpress\/wp-content\/uploads\/2018\/11\/il-punto-unita-crisi-iliana.mp3\">http:\/\/www.radiopiu.net\/wordpress\/wp-content\/uploads\/2018\/11\/il-punto-unita-crisi-iliana.mp3<\/a><\/audio>\n<p>&nbsp;<\/p>\n<p>&nbsp;<\/p>\n<blockquote class=\"wp-embedded-content\" data-secret=\"PKfuFJjhJ9\"><p><a href=\"http:\/\/www.radiopiu.net\/wordpress\/comunicato-stampa-emergenza-maltempo-emergenza-vigili-del-fuoco\/\">COMUNICATO STAMPA EMERGENZA MALTEMPO EMERGENZA VIGILI DEL FUOCO<\/a><\/p><\/blockquote>\n<p><iframe loading=\"lazy\" class=\"wp-embedded-content\" sandbox=\"allow-scripts\" security=\"restricted\" style=\"position: absolute; clip: rect(1px, 1px, 1px, 1px);\" src=\"http:\/\/www.radiopiu.net\/wordpress\/comunicato-stampa-emergenza-maltempo-emergenza-vigili-del-fuoco\/embed\/#?secret=PKfuFJjhJ9\" data-secret=\"PKfuFJjhJ9\" width=\"600\" height=\"338\" title=\"&#8220;COMUNICATO STAMPA EMERGENZA MALTEMPO EMERGENZA VIGILI DEL FUOCO&#8221; &#8212; Radio Pi\u00f9\" frameborder=\"0\" marginwidth=\"0\" marginheight=\"0\" scrolling=\"no\"><\/iframe><\/p>\n<p>&nbsp;<\/p>\n<p>&nbsp;<\/p>\n<p>&nbsp;<\/p>\n<p><strong>DI MICHELE DALLA PALMA, FOTOGRAFO E PUBBLICIST<\/strong><strong>A<\/strong><\/p>\n<audio class=\"wp-audio-shortcode\" id=\"audio-65797-7\" preload=\"none\" style=\"width: 100%;\" controls=\"controls\"><source type=\"audio\/mpeg\" src=\"http:\/\/www.radiopiu.net\/wordpress\/wp-content\/uploads\/2018\/11\/dallapalma.mp3?_=7\" \/><a href=\"http:\/\/www.radiopiu.net\/wordpress\/wp-content\/uploads\/2018\/11\/dallapalma.mp3\">http:\/\/www.radiopiu.net\/wordpress\/wp-content\/uploads\/2018\/11\/dallapalma.mp3<\/a><\/audio>\n<p>&nbsp;<\/p>\n<p>&nbsp;<\/p>\n<blockquote class=\"wp-embedded-content\" data-secret=\"KFMWbOXOLt\"><p><a href=\"http:\/\/www.radiopiu.net\/wordpress\/viabilita-aggiornamento-ore-12-00-del-5-11-2\/\">Viabilit\u00e0 aggiornamento ore 16.30 del 5-11<\/a><\/p><\/blockquote>\n<p><iframe loading=\"lazy\" class=\"wp-embedded-content\" sandbox=\"allow-scripts\" security=\"restricted\" style=\"position: absolute; clip: rect(1px, 1px, 1px, 1px);\" src=\"http:\/\/www.radiopiu.net\/wordpress\/viabilita-aggiornamento-ore-12-00-del-5-11-2\/embed\/#?secret=KFMWbOXOLt\" data-secret=\"KFMWbOXOLt\" width=\"600\" height=\"338\" title=\"&#8220;Viabilit\u00e0 aggiornamento ore 16.30 del 5-11&#8221; &#8212; Radio Pi\u00f9\" frameborder=\"0\" marginwidth=\"0\" marginheight=\"0\" scrolling=\"no\"><\/iframe><\/p>\n<p>&nbsp;<\/p>\n<p>&nbsp;<\/p>\n<blockquote class=\"wp-embedded-content\" data-secret=\"A7Xq3MIuHc\"><p><a href=\"http:\/\/www.radiopiu.net\/wordpress\/indicazioni-utili-su-eventi-esercizi-centri-dinteresse-pubblico\/\">AGORDINO: Indicazioni utili su eventi, esercizi, centri d&#8217;interesse pubblico<\/a><\/p><\/blockquote>\n<p><iframe loading=\"lazy\" class=\"wp-embedded-content\" sandbox=\"allow-scripts\" security=\"restricted\" style=\"position: absolute; clip: rect(1px, 1px, 1px, 1px);\" src=\"http:\/\/www.radiopiu.net\/wordpress\/indicazioni-utili-su-eventi-esercizi-centri-dinteresse-pubblico\/embed\/#?secret=A7Xq3MIuHc\" data-secret=\"A7Xq3MIuHc\" width=\"600\" height=\"338\" title=\"&#8220;AGORDINO: Indicazioni utili su eventi, esercizi, centri d&#8217;interesse pubblico&#8221; &#8212; Radio Pi\u00f9\" frameborder=\"0\" marginwidth=\"0\" marginheight=\"0\" scrolling=\"no\"><\/iframe><\/p>\n<p>&nbsp;<\/p>\n<p>&nbsp;<\/p>\n<blockquote class=\"wp-embedded-content\" data-secret=\"e0V9pRAW5r\"><p><a href=\"http:\/\/www.radiopiu.net\/wordpress\/tatiana-bartolomei-ordine-dei-geologi-del-veneto-pianificare-attentamente-gli-interventi-in-montagna\/\">Tatiana Bartolomei &#8211; Ordine dei Geologi del Veneto &#8211; Pianificare attentamente gli interventi in montagna<\/a><\/p><\/blockquote>\n<p><iframe loading=\"lazy\" class=\"wp-embedded-content\" sandbox=\"allow-scripts\" security=\"restricted\" style=\"position: absolute; clip: rect(1px, 1px, 1px, 1px);\" src=\"http:\/\/www.radiopiu.net\/wordpress\/tatiana-bartolomei-ordine-dei-geologi-del-veneto-pianificare-attentamente-gli-interventi-in-montagna\/embed\/#?secret=e0V9pRAW5r\" data-secret=\"e0V9pRAW5r\" width=\"600\" height=\"338\" title=\"&#8220;Tatiana Bartolomei &#8211; Ordine dei Geologi del Veneto &#8211; Pianificare attentamente gli interventi in montagna&#8221; &#8212; Radio Pi\u00f9\" frameborder=\"0\" marginwidth=\"0\" marginheight=\"0\" scrolling=\"no\"><\/iframe><\/p>\n<blockquote class=\"wp-embedded-content\" data-secret=\"kfu5sTw6xv\"><p><a href=\"http:\/\/www.radiopiu.net\/wordpress\/aiuti-solidali-posti-letto-e-locazioni\/\">Aiuti solidali posti letto e locazioni &#8211; pagina in aggiornamento<\/a><\/p><\/blockquote>\n<p><iframe loading=\"lazy\" class=\"wp-embedded-content\" sandbox=\"allow-scripts\" security=\"restricted\" style=\"position: absolute; clip: rect(1px, 1px, 1px, 1px);\" src=\"http:\/\/www.radiopiu.net\/wordpress\/aiuti-solidali-posti-letto-e-locazioni\/embed\/#?secret=kfu5sTw6xv\" data-secret=\"kfu5sTw6xv\" width=\"600\" height=\"338\" title=\"&#8220;Aiuti solidali posti letto e locazioni &#8211; pagina in aggiornamento&#8221; &#8212; Radio Pi\u00f9\" frameborder=\"0\" marginwidth=\"0\" marginheight=\"0\" scrolling=\"no\"><\/iframe><\/p>\n<p>&nbsp;<\/p>\n<p>&nbsp;<\/p>\n<h1>Anef Veneto scrive all\u2019assessore Caner:\u00a0 \u00abla stagione sciistica non \u00e8 a rischio\u00bb<\/h1>\n<p><strong>BELLUNO\u00a0<\/strong> \u00a0 \u00abLa prossima stagione invernale non \u00e8 a rischio: si scier\u00e0 perch\u00e9 stiamo reagendo in tempi rapidi all\u2019emergenza. Fortunatamente non abbiamo registrato danni strutturali agli impianti di risalita. I problemi sono relativi alla presenza di materiale sulle piste, che comunque si sta provvedendo a rimuovere. In questo momento l\u2019aspetto pi\u00f9 urgente resta quello dell\u2019energia elettrica, per pianificare la produzione dell\u2019innevamento non appena le temperature lo consentiranno\u00bb. \u00c8 quanto afferma il presidente di Anef Veneto Renzo Minella che oggi (luned\u00ec 5 novembre) ha inviato una lettera all\u2019assessore regionale al Turismo Federico Caner con una descrizione dettagliata delle criticit\u00e0 degli impianti a fune di tutta la provincia. \u00abL\u2019elettricit\u00e0 manca ancora \u2013 continua Minella &#8211; nelle zone del Passo Giau e del Passo Falzarego, ad Alleghe e sul Civetta, a Malga Ciapela e a Rocca Pietore e a Croce d\u2019Aune, l\u2019Alpe del Nevegal rester\u00e0 senza energia per almeno 10-15 giorni ad Arabba la rete elettrica \u00e8 stata ripristinata, ma non \u00e8 ancora sufficiente per garantire il funzionamento degli impianti. Ci sono stati smottamenti e frane nelle aree sciabili e allagamenti di sale macchine e garage. I danni pi\u00f9 gravi si registrano a Malga Ciapela. Le societ\u00e0 funiviarie stanno lavorando senza sosta per sgomberare le piste e riportare la situazione alla normalit\u00e0\u00bb. \u00abSiamo fermamente convinti \u2013 conclude Minella \u2013 che con la collaborazione di enti e Istituzioni, alla perseveranza e capacit\u00e0 di reazione con cui gli impiantisti stanno affrontando questa emergenza, riusciremo a garantire l\u2019apertura delle stazioni sciistiche come da programmi. Ringrazio l\u2019assessore Federico Caner per l\u2019attenzione e la vicinanza che ci sta dimostrando in questo momento di difficolt\u00e0\u00bb.<\/p>\n<p>&nbsp;<\/p>\n<p>&nbsp;<\/p>\n<p>&nbsp;<\/p>\n<h1 align=\"CENTER\"><strong><span style=\"color: #000000;\"><span style=\"font-family: Arial, sans-serif;\"><span style=\"font-size: large;\"><b>Emergenza alluvione, attivato il conto corrente\u00a0<\/b><\/span><\/span><\/span><\/strong><strong><span style=\"color: #000000;\"><span style=\"font-family: Arial, sans-serif;\"><span style=\"font-size: large;\"><b>Procedure per il ristoro danni<\/b><\/span><\/span><\/span><\/strong><\/h1>\n<p align=\"LEFT\"><span style=\"font-family: Arial, sans-serif;\"><span style=\"font-size: large;\"><b>Aperto il conto corrente<\/b><\/span><\/span><\/p>\n<p align=\"LEFT\"><span style=\"font-family: Arial, sans-serif;\"><span style=\"font-size: large;\">Aperto nel pomeriggio il conto corrente intestato al Comune di Belluno per la raccolta fondi a favore dei cittadini alluvionati del capoluogo: l&#8217;IBAN \u00e8 IT 22 Q 02008 11910 000105443984 presso la filiale Unicredit di Belluno\/Piazza dei Martiri.<\/span><\/span><\/p>\n<p align=\"LEFT\"><span style=\"font-family: Arial, sans-serif;\"><span style=\"font-size: large;\">\u00abAbbiamo scelto questa modalit\u00e0 per convogliare tutte le risorse offerte per la ricostruzione e il riabbellimento della nostra citt\u00e0, profondamente ferita da questa alluvione. &#8211; spiega il Sindaco, Jacopo Massaro \u2013 Ringraziamo tutte le associazioni e i privati che si sono offerti di organizzare raccolte di solidariet\u00e0 e che, se vorranno, potranno fare riferimento a questo conto per indirizzare i contributi; inoltre, mi rapporter\u00f2 personalmente con le associazioni che gi\u00e0 hanno collaborato in passato con il Comune e che si sono dimostrate affidabili per promuovere alcune iniziative\u00bb.<\/span><\/span><\/p>\n<p align=\"LEFT\"><span style=\"font-family: Arial, sans-serif;\"><span style=\"font-size: large;\"><b>Ristori e indennizzi<\/b><\/span><\/span><\/p>\n<p align=\"LEFT\"><span style=\"font-family: Arial, sans-serif;\"><span style=\"font-size: large;\">In attesa della pubblicazione ufficiale dei bandi per gli indennizzi privati, <\/span><\/span><span style=\"color: #000000;\"><span style=\"font-family: Arial, sans-serif;\"><span style=\"font-size: large;\">si raccomanda fin d&#8217;ora di raccogliere fotografie e ogni altro materiale necessario a documentare i danni subiti e gli interventi effettuati. \u00abQuando sar\u00e0 passata l&#8217;emergenza, &#8211; spiega il sindaco \u2013 daremo informazioni ufficiali su tempi e modi di presentazione della domanda di risarcimento. Fino a qual momento, non dovr\u00e0 essere presentata alcuna documentazione al comune\u00bb.<\/span><\/span><\/span><\/p>\n<p align=\"LEFT\"><span style=\"color: #000000;\"><span style=\"font-family: Arial, sans-serif;\"><span style=\"font-size: large;\">Intanto, la Regione Veneto con Avepa si \u00e8 gi\u00e0 attivata per i danni subiti dal mondo agricolo: allevatori e agricoltori possono gi\u00e0 presentare le proprie segnalazioni scaricando e compilando il modulo disponibile gi\u00e0 in home page del sito di Avepa.<\/span><\/span><\/span><\/p>\n<p align=\"LEFT\"><span style=\"color: #000000;\"><span style=\"font-family: Arial, sans-serif;\"><span style=\"font-size: large;\"><b>Lavori privati<\/b><\/span><\/span><\/span><\/p>\n<p align=\"LEFT\"><span style=\"color: #000000;\"><span style=\"font-family: Arial, sans-serif;\"><span style=\"font-size: large;\">Sar\u00e0 pubblicato presto nel sito del Comune l&#8217;avviso che regolamenta gli interventi di messa in sicurezza sugli edifici privati: in caso di interventi urgenti che evitino pericoli immediati all\u2019incolumit\u00e0 delle persone, non sono necessari titoli abilitativi (lavori come puntellamento, transennatura, eliminazione di parti costituenti pericolo per la propria e altrui incolumit\u00e0), cos\u00ec come gli interventi di ripristino degli immobili danneggiati (rifacimento\/sostituzione infissi, recinzioni, manto di copertura, lattonerie, pluviali, comignoli, ecc. purch\u00e9 senza interessamento delle parti strutturali). \u00c8 invece necessaria la presentazione di S.C.I.A da parte di un tecnico abilitato in caso di interventi di ripristino degli immobili danneggiati mediante opere strutturali (ad es. rifacimento di parti strutturali, verticali o orizzontali, quali murature, pilastri, travi portanti, cordoli ecc.).<\/span><\/span><\/span><\/p>\n<blockquote><p>Il Sindacato dei Pensionati della Cgil di Belluno, vista la grande criticit\u00e0 che sta vivendo la nostra comunit\u00e0 aggravata dalla difficolt\u00e0 di spostamento e pertanto con la complicazione a raggiungere le sedi di recapito SPI dove operano i nostri collaboratori, informa che qualora ci fossero delle richieste urgenti per definire pratiche o per qualsiasi altra esigenza di informazione si rendono operativi anche i seguenti numeri telefonici: 340 3730836 Loredana Casanova\u00a0 371 1904285 Elisa Casanova 340 3761074 Gabriele Ganz<\/p><\/blockquote>\n<p>&nbsp;<\/p>\n<p><strong>CENCENIGHE<\/strong> domenica alle 16 concerto Giorgio Fornasier al Nof Filo&#8217;\u00a0i fondi raccolti saranno devoluti alle popolazioni disagiate dell&#8217;agordino a seguito dei recenti danni meteo.<\/p>\n<p>&nbsp;<\/p>\n<blockquote>\n<p align=\"LEFT\">\n<\/blockquote>\n<pre><\/pre>\n","protected":false},"excerpt":{"rendered":"<p>Un centinaio d&#8217;utenze ancora senza energia elettrica, il problema dell&#8217;acquedotto a Rocca Pietore e la voglia di ripartire dopo ore nel fango e nella pioggia. L&#8217;attenzione va gi\u00e0 alla stagione invernale con piste e parcheggi da sistemare, soprattutto con la corrente elettrica da riportare alle stazioni sciistiche per dare il via all&#8217;innevamento. I sindaci sono&hellip;<\/p>\n","protected":false},"author":1,"featured_media":65783,"comment_status":"closed","ping_status":"closed","sticky":false,"template":"","format":"standard","meta":{"_monsterinsights_skip_tracking":false,"_monsterinsights_sitenote_active":false,"_monsterinsights_sitenote_note":"","_monsterinsights_sitenote_category":0,"footnotes":""},"categories":[86],"tags":[],"class_list":["post-65797","post","type-post","status-publish","format-standard","has-post-thumbnail","hentry","category-gr","category-86","description-off"],"img_url":"https:\/\/www.radiopiu.net\/wordpress\/wp-content\/uploads\/2018\/11\/WhatsApp-Image-2018-11-05-at-12.25.25.jpeg","_links":{"self":[{"href":"https:\/\/www.radiopiu.net\/wordpress\/wp-json\/wp\/v2\/posts\/65797","targetHints":{"allow":["GET"]}}],"collection":[{"href":"https:\/\/www.radiopiu.net\/wordpress\/wp-json\/wp\/v2\/posts"}],"about":[{"href":"https:\/\/www.radiopiu.net\/wordpress\/wp-json\/wp\/v2\/types\/post"}],"author":[{"embeddable":true,"href":"https:\/\/www.radiopiu.net\/wordpress\/wp-json\/wp\/v2\/users\/1"}],"replies":[{"embeddable":true,"href":"https:\/\/www.radiopiu.net\/wordpress\/wp-json\/wp\/v2\/comments?post=65797"}],"version-history":[{"count":0,"href":"https:\/\/www.radiopiu.net\/wordpress\/wp-json\/wp\/v2\/posts\/65797\/revisions"}],"wp:featuredmedia":[{"embeddable":true,"href":"https:\/\/www.radiopiu.net\/wordpress\/wp-json\/wp\/v2\/media\/65783"}],"wp:attachment":[{"href":"https:\/\/www.radiopiu.net\/wordpress\/wp-json\/wp\/v2\/media?parent=65797"}],"wp:term":[{"taxonomy":"category","embeddable":true,"href":"https:\/\/www.radiopiu.net\/wordpress\/wp-json\/wp\/v2\/categories?post=65797"},{"taxonomy":"post_tag","embeddable":true,"href":"https:\/\/www.radiopiu.net\/wordpress\/wp-json\/wp\/v2\/tags?post=65797"}],"curies":[{"name":"wp","href":"https:\/\/api.w.org\/{rel}","templated":true}]}}