{"id":66008,"date":"2018-11-09T06:24:32","date_gmt":"2018-11-09T05:24:32","guid":{"rendered":"http:\/\/www.radiopiu.net\/wordpress\/?p=66008"},"modified":"2018-11-09T09:44:59","modified_gmt":"2018-11-09T08:44:59","slug":"giornale-radio-09-novembre-2018-direttore-mirko-mezzacasa","status":"publish","type":"post","link":"https:\/\/www.radiopiu.net\/wordpress\/giornale-radio-09-novembre-2018-direttore-mirko-mezzacasa\/","title":{"rendered":"GIORNALE RADIO 09 NOVEMBRE 2018 DIRETTORE MIRKO MEZZACASA"},"content":{"rendered":"<h1><\/h1>\n<blockquote><p><em>Oggi la visita del vice premier Luigi di Maio a Rocca Pietore con il Ministro Fraccaro. Anche i pentastellati hanno deciso di farsi vedere ai piedi della Marmolada come gi\u00e0 fatto in due occasioni dal Governatore Luca Zaia. &#8220;Nella maggior parte dell&#8217;agordino sta rientrando lentamente tutto. Qui siamo in ginocchio&#8221; lo dice il sindaco Andrea De Bernardin. Di Maio probabilmente non salir\u00e0 in auto, ma voler\u00e0 sopra le Dolomiti. Non potr\u00e0 vedere il problema della 203 agordina che collassa ad Agordo o a Cencenighe, oppure Gosaldo duramente colpito dall&#8217;alluvione come tutta la zona del Poi e Taibon con la sua valle di San Lucano. Non passer\u00e0 nemmeno per Alleghe dove il lago si \u00e8 alzato per 2 metri. Intanto a Cencenighe due fratelli combattono contro leggi e burocrazia per salvaguardare la loro casa dalla furia di un ruscello che per poco, dopo aver allagato una frazione, ha messo anche a rischio la strada principale dell&#8217;Agordino. E intanto continuano i furti della vergogna.\u00a0Il gasolio a Selva e un furto ad Agordo in pieno giorno, ieri \u00e8 sparito un gruppo\u00a0 elettrogeno a Le Campe: un gruppo elettrogeno Mosa 125 rosso, enorme da 120 kilowatt del peso di qualche tonellata, fino a ieri sera a Le Campe la speranza era che fosse stato spostato da qualche ditta o dall&#8217;Enel in altro sito, ma ad oggi non \u00e8 giunta alcuna\u00a0 notizia cos\u00ec confortante. I ladri non si fermano nemmeno davanti alle tragedie e al pericolo, l&#8217;altro pomeriggio hanno rubato in un appartamento in localit\u00e0 Pragrande ad Agordo. &#8220;Non ci siamo accorti e non abbiamo neanche sentito qualcosa di strano in giro mercoled\u00ec pomeriggio&#8221;, lo hanno riferito i vicini di casa. A Gosaldo Le scuole Materna e primaria riaprono luned\u00ec. Infine ieri a San Tomaso grandi lavori per la strada di Sot Colar\u00f9 mentre\u00a0 Walber regala bottiglie d&#8217;acqua a chi ne ha bisogno, 3000 casse d&#8217;acqua Omino a disposizione DOMANI\u00a0 gratuitamente in localit\u00e0 Le Campe nel nuovo W STORE\u00a0<\/em><\/p>\n<p>&nbsp;<\/p><\/blockquote>\n<h1><\/h1>\n<h1>SUL PULLMAN ARMATO DA DI MATTO<\/h1>\n<p><strong>PONTE NELLE ALPI<\/strong> Sull&#8217;autobus con il coltello, puntato contro degli studenti. Il passeggero armato \u00e8 stato fermato ed identificato dai Carabinieri della Compagnia di Belluno. Un 48enne del quale non sono state diffuse le generalit\u00e0. Denunciato per minaccia grace ma c&#8217;\u00e8 anche l&#8217;ipotesi di interruzioni di pubblico servizio. il mezzo era diretto a Belluno e gli studenti da quel bus ne sono usciti sconvolti per il coltello che si sono visti puntare contro.<\/p>\n<p>&nbsp;<\/p>\n<h1>LADRI SENZA CUORE NELLA CASA DELL&#8217;UOMO DECEDUTO<\/h1>\n<p><strong>SEDICO<\/strong> Hanno rubato in casa del defunto al Mas di Sedico nell&#8217;abitazione di Saverio Fant. L&#8217;uomo \u00e8 morto due mesi fa, tre giorni prima della morte della sorella e i malviventi hanno visitato la casa oggi disabitata. Dopo aver sfondato la porta sono entrati in casa mettendo tutto a soqquadro ma non hanno trovato nulla da rubare, nell&#8217;appartamento adiacente (l&#8217;appartamento fa parte di una palazzina con quattro unit\u00e0 abitative) hanno dovuto accontentarsi di qualche bottiglia di vino ma di etichetta costosa.<\/p>\n<p>&nbsp;<\/p>\n<h1>CICLISTA IN OSPEDALE<\/h1>\n<p><strong>ALPAGO<\/strong> Una ragazzina di 13 anni \u00e8 stata investita in via Matteotti a Farra. Trattenuta in osservazione al San Martino di Belluno sar\u00e0 presto dimessa.. La ragazza era finita a terra, nella zona all&#8217;altezza del civico 46 di via Matteotti, proprio vicino all&#8217;incrocio e alla tabaccheria di Farra. Non si conoscono la dinamica o le cause dell&#8217;incidente, che ha visto coinvolta anche un&#8217;auto.<\/p>\n<p>&nbsp;<\/p>\n<p>&nbsp;<\/p>\n<blockquote><p><strong>FURTO DI AGORDO\u00a0era sparito anche il gatto di razza: \u00abAlla fine si era nascosto sotto un divano ed \u00e8\u00a0<\/strong><strong>uscito, ma \u00e8 molto spaventato: ho pensato si fossero portati via anche Beethoven\u00bb, ha detto Michela la proprietaria dell&#8217;appartamento di Pragrande. Del furto sono stati informati i carabinieri che hanno fatto alcuni\u00a0<\/strong><strong>rilievi.<\/strong><\/p><\/blockquote>\n<blockquote class=\"wp-embedded-content\" data-secret=\"LtpRvdAjQ3\"><p><a href=\"http:\/\/www.radiopiu.net\/wordpress\/alziamo-le-difese\/\">ALZIAMO LE DIFESE<\/a><\/p><\/blockquote>\n<p><iframe loading=\"lazy\" class=\"wp-embedded-content\" sandbox=\"allow-scripts\" security=\"restricted\" style=\"position: absolute; clip: rect(1px, 1px, 1px, 1px);\" src=\"http:\/\/www.radiopiu.net\/wordpress\/alziamo-le-difese\/embed\/#?secret=LtpRvdAjQ3\" data-secret=\"LtpRvdAjQ3\" width=\"600\" height=\"338\" title=\"&#8220;ALZIAMO LE DIFESE&#8221; &#8212; Radio Pi\u00f9\" frameborder=\"0\" marginwidth=\"0\" marginheight=\"0\" scrolling=\"no\"><\/iframe><\/p>\n<p>&nbsp;<\/p>\n<p>&nbsp;<\/p>\n<h1>FURTO DELLE SLOT<\/h1>\n<p><strong>FELTRE CON UN FURGONE DEI MAGAZZINI COMUNALI SFONDANO LA PORTA DELLA TABACCHERIA DEL CENTRO LE TORRI, RUBANO 3 SLOT MACHINE E IL CAMBIAMONETE. SI SONO POI DIRETTI IN FRAZIONE TOMO PER APRIRE LE SLOT E RUBARE IL CONTENUTO. PER LA TABACCHERIA E&#8217; IL SECONDO FURTO DOPO QUELLO DEL 17 FEBBRAIO, BOTTINO UN MIGLIAIO D&#8217;EURO.<br \/>\nSECONDO FURTO AL CENTRO COMMERCIALE LE TORRI, ALTRE SLOT RUBATE E IL FURGONE RITROVATO IN FRAZIONE TOMO.<\/strong><\/p>\n<p>&nbsp;<\/p>\n<p>&nbsp;<\/p>\n<h1>FURTO ALLO STADIO IL SECONDO DOPO QUELLO DEL&#8217;ALTRA SERA AD AGORDO<\/h1>\n<p><strong>BELLUNO<\/strong> Ad Agordo l&#8217;altra sera l&#8217;ignoto ha spaccato il finestrino dell&#8217;auto rubando il portafoglio dell&#8217;allenatore. a Belluno furto in spogliatoio durante l&#8217;allenamento serale. I veterani del Cavarzano rientrati nello spogliatoio non hanno trovato piu&#8217; nulla e cosi&#8217; anche nelle auto parcheggiate fuori. Bottino 4 cellulari, portafogli, giubbotti, vestiti anche doccia schiuma calzini e mutande.<\/p>\n<p>&nbsp;<\/p>\n<p>&nbsp;<\/p>\n<h1>DOMANI L&#8217;ADDIO ALLA COPPIA DI RIVAMONTE UCCISA DAL MONOSSIDO DI CARBONIO<\/h1>\n<p><strong>RIVAMONTE<\/strong> A causare la morte dei due coniugi ottantenni di Rivamonte \u00e8 stato il generatore privato, acceso in ambiente chiuso. I funerali di Gastone Gastaldo e Amabile Xaiz si terranno domani alle 14.30 a Rivamonte. Lasciano un&#8217;anziana sorella e i nipoti.<\/p>\n<h1><\/h1>\n<p>&nbsp;<\/p>\n<h1>CONVIVONO NEL PERICOLO, MA NON SARA&#8217; PIU&#8217; COME PRIMA. I MANFROI A CENCENIGHE CHIEDONO \u00a0ATTENZIONE E INTERVENTI URGENTI<\/h1>\n<p><iframe loading=\"lazy\" src=\"https:\/\/www.youtube.com\/embed\/mxoiIYCDE5c\" width=\"560\" height=\"315\" frameborder=\"0\" allowfullscreen=\"allowfullscreen\"><\/iframe><br \/>\n<strong>CENCENIGHE<\/strong> Eccolo un altro ruscello che si trasforma in micidiale arma distruttiva, minaccia l&#8217;abitazione dei Manfroi, allaga le vie comunali fino ad arrivare alla scarpata che da sulla regionale 203 agordina. E&#8217; l&#8217;acqua scesa copiosa in localit\u00e0 Pascol, un canale che arriva ad oltre 2 metri di altezza, in un tratto di propriet\u00e0 privata (edificabile) che non puo&#8217; nemmeno essere recintata, quindi con evidenti pericoli per i piccoli anche in condizioni normali.<br \/>\nL&#8217;ingegner Eddy Manfroi e il fratello Paolo da tempo girano gli uffici di avvocati e le sale del Tar per far valere le proprie ragioni. Oggi sono impauriti dopo quanto accaduto l&#8217;altra sera e dichiarano di sentirsi poco seguiti da amministratori e da coloro che si occupano di difesa idrogeologica, come quei funzionari che nel 2002 hanno progettato la briglia a monte per poi non svuotarla mai. L&#8217;effetto \u00e8 una evidente deviazione dell&#8217;acqua che \u00e8 scesa ben oltre i confini con il canale di scarico che porta al centro di Pascol<\/p>\n<p>&nbsp;<\/p>\n<p><strong>DI GIANNI SANTOMASO<\/strong><\/p>\n<audio class=\"wp-audio-shortcode\" id=\"audio-66008-1\" preload=\"none\" style=\"width: 100%;\" controls=\"controls\"><source type=\"audio\/ogg\" src=\"http:\/\/www.radiopiu.net\/wordpress\/wp-content\/uploads\/2018\/11\/gianni-1.ogg?_=1\" \/><a href=\"http:\/\/www.radiopiu.net\/wordpress\/wp-content\/uploads\/2018\/11\/gianni-1.ogg\">http:\/\/www.radiopiu.net\/wordpress\/wp-content\/uploads\/2018\/11\/gianni-1.ogg<\/a><\/audio>\n<p>&nbsp;<\/p>\n\n\t\t\t<style type='text\/css'>\n\t\t\t\t#gallery-1 {\n\t\t\t\t\tmargin: auto;\n\t\t\t\t}\n\t\t\t\t#gallery-1 .gallery-item {\n\t\t\t\t\tfloat: left;\n\t\t\t\t\tmargin-top: 10px;\n\t\t\t\t\ttext-align: center;\n\t\t\t\t\twidth: 33%;\n\t\t\t\t}\n\t\t\t\t#gallery-1 img {\n\t\t\t\t\tborder: 2px solid #cfcfcf;\n\t\t\t\t}\n\t\t\t\t#gallery-1 .gallery-caption {\n\t\t\t\t\tmargin-left: 0;\n\t\t\t\t}\n\t\t\t\t\/* see gallery_shortcode() in wp-includes\/media.php *\/\n\t\t\t<\/style>\n\t\t<div id='gallery-1' class='dt-gallery-container gallery galleryid-66008 gallery-columns-3 gallery-size-thumbnail'><dl class='gallery-item'>\n\t\t\t\t<dt class='gallery-icon landscape'>\n\t\t\t\t\t<a class=\"rollover\" href='https:\/\/www.radiopiu.net\/wordpress\/giornale-radio-09-novembre-2018-direttore-mirko-mezzacasa\/d7bc9144-e131-4370-94a3-1438a508df8b\/'><img loading=\"lazy\" decoding=\"async\" width=\"150\" height=\"150\" src=\"https:\/\/www.radiopiu.net\/wordpress\/wp-content\/uploads\/2018\/11\/d7bc9144-e131-4370-94a3-1438a508df8b-150x150.jpg\" class=\"attachment-thumbnail size-thumbnail\" alt=\"\" \/><\/a>\n\t\t\t\t<\/dt><\/dl><dl class='gallery-item'>\n\t\t\t\t<dt class='gallery-icon landscape'>\n\t\t\t\t\t<a class=\"rollover\" href='https:\/\/www.radiopiu.net\/wordpress\/giornale-radio-09-novembre-2018-direttore-mirko-mezzacasa\/f93b136a-34a4-4de1-a873-876d8e3547c8\/'><img loading=\"lazy\" decoding=\"async\" width=\"150\" height=\"150\" src=\"https:\/\/www.radiopiu.net\/wordpress\/wp-content\/uploads\/2018\/11\/f93b136a-34a4-4de1-a873-876d8e3547c8-150x150.jpg\" class=\"attachment-thumbnail size-thumbnail\" alt=\"\" \/><\/a>\n\t\t\t\t<\/dt><\/dl><dl class='gallery-item'>\n\t\t\t\t<dt class='gallery-icon landscape'>\n\t\t\t\t\t<a class=\"rollover\" href='https:\/\/www.radiopiu.net\/wordpress\/giornale-radio-09-novembre-2018-direttore-mirko-mezzacasa\/e0f5e6b3-c54d-4814-9b11-aa1c52333d4e\/'><img loading=\"lazy\" decoding=\"async\" width=\"150\" height=\"150\" src=\"https:\/\/www.radiopiu.net\/wordpress\/wp-content\/uploads\/2018\/11\/e0f5e6b3-c54d-4814-9b11-aa1c52333d4e-150x150.jpg\" class=\"attachment-thumbnail size-thumbnail\" alt=\"\" \/><\/a>\n\t\t\t\t<\/dt><\/dl><br style=\"clear: both\" \/><dl class='gallery-item'>\n\t\t\t\t<dt class='gallery-icon landscape'>\n\t\t\t\t\t<a class=\"rollover\" href='https:\/\/www.radiopiu.net\/wordpress\/giornale-radio-09-novembre-2018-direttore-mirko-mezzacasa\/b75c9a5f-8ce1-46aa-8252-e60d1693ac1f\/'><img loading=\"lazy\" decoding=\"async\" width=\"150\" height=\"150\" src=\"https:\/\/www.radiopiu.net\/wordpress\/wp-content\/uploads\/2018\/11\/b75c9a5f-8ce1-46aa-8252-e60d1693ac1f-150x150.jpg\" class=\"attachment-thumbnail size-thumbnail\" alt=\"\" \/><\/a>\n\t\t\t\t<\/dt><\/dl><dl class='gallery-item'>\n\t\t\t\t<dt class='gallery-icon landscape'>\n\t\t\t\t\t<a class=\"rollover\" href='https:\/\/www.radiopiu.net\/wordpress\/giornale-radio-09-novembre-2018-direttore-mirko-mezzacasa\/acb8d173-d9e4-4018-a567-296c6fd72aaa\/'><img loading=\"lazy\" decoding=\"async\" width=\"150\" height=\"150\" src=\"https:\/\/www.radiopiu.net\/wordpress\/wp-content\/uploads\/2018\/11\/acb8d173-d9e4-4018-a567-296c6fd72aaa-150x150.jpg\" class=\"attachment-thumbnail size-thumbnail\" alt=\"\" \/><\/a>\n\t\t\t\t<\/dt><\/dl><dl class='gallery-item'>\n\t\t\t\t<dt class='gallery-icon landscape'>\n\t\t\t\t\t<a class=\"rollover\" href='https:\/\/www.radiopiu.net\/wordpress\/giornale-radio-09-novembre-2018-direttore-mirko-mezzacasa\/8a876878-7b24-4550-bc11-9e8f47b63b33\/'><img loading=\"lazy\" decoding=\"async\" width=\"150\" height=\"150\" src=\"https:\/\/www.radiopiu.net\/wordpress\/wp-content\/uploads\/2018\/11\/8a876878-7b24-4550-bc11-9e8f47b63b33-150x150.jpg\" class=\"attachment-thumbnail size-thumbnail\" alt=\"\" \/><\/a>\n\t\t\t\t<\/dt><\/dl><br style=\"clear: both\" \/><dl class='gallery-item'>\n\t\t\t\t<dt class='gallery-icon landscape'>\n\t\t\t\t\t<a class=\"rollover\" href='https:\/\/www.radiopiu.net\/wordpress\/giornale-radio-09-novembre-2018-direttore-mirko-mezzacasa\/4e773468-e978-4fe9-9e81-0220e7f80a26\/'><img loading=\"lazy\" decoding=\"async\" width=\"150\" height=\"150\" src=\"https:\/\/www.radiopiu.net\/wordpress\/wp-content\/uploads\/2018\/11\/4e773468-e978-4fe9-9e81-0220e7f80a26-150x150.jpg\" class=\"attachment-thumbnail size-thumbnail\" alt=\"\" \/><\/a>\n\t\t\t\t<\/dt><\/dl><dl class='gallery-item'>\n\t\t\t\t<dt class='gallery-icon landscape'>\n\t\t\t\t\t<a class=\"rollover\" href='https:\/\/www.radiopiu.net\/wordpress\/giornale-radio-09-novembre-2018-direttore-mirko-mezzacasa\/5a7c5cd4-d242-46e6-a10f-cba11cc04df6\/'><img loading=\"lazy\" decoding=\"async\" width=\"150\" height=\"150\" src=\"https:\/\/www.radiopiu.net\/wordpress\/wp-content\/uploads\/2018\/11\/5a7c5cd4-d242-46e6-a10f-cba11cc04df6-150x150.jpg\" class=\"attachment-thumbnail size-thumbnail\" alt=\"\" \/><\/a>\n\t\t\t\t<\/dt><\/dl>\n\t\t\t\t<br style='clear: both' \/>\n\t\t\t<\/div>\n\n<h1>MAURO SOPPELSA, SINDACO DI CENCENIGHE<\/h1>\n<div style=\"width: 640px;\" class=\"wp-video\"><video class=\"wp-video-shortcode\" id=\"video-66008-1\" width=\"640\" height=\"360\" preload=\"metadata\" controls=\"controls\"><source type=\"video\/mp4\" src=\"http:\/\/www.radiopiu.net\/wordpress\/wp-content\/uploads\/2018\/11\/WhatsApp-Audio-2018-11-09-at-07.47.32.mp4?_=1\" \/><a href=\"http:\/\/www.radiopiu.net\/wordpress\/wp-content\/uploads\/2018\/11\/WhatsApp-Audio-2018-11-09-at-07.47.32.mp4\">http:\/\/www.radiopiu.net\/wordpress\/wp-content\/uploads\/2018\/11\/WhatsApp-Audio-2018-11-09-at-07.47.32.mp4<\/a><\/video><\/div>\n<pre><\/pre>\n<h1><\/h1>\n<h1><\/h1>\n<h1>OSPEDALE DI AGORDO, ACQUA POTABILE<\/h1>\n<p>\u00c8 tornata potabile l\u2019acqua all\u2019ospedale di Agordo. Lo comunica il consigliere provinciale Massimo Bortoluzzi, al termine della riunione quotidiana al centro coordinamento soccorsi all\u2019aeroporto. Dopo molte giornate critiche, con la necessit\u00e0 di usare l\u2019acqua in bottiglia<\/p>\n<p>&nbsp;<\/p>\n<h1><\/h1>\n<h1>ARRIVA DI MAIO CON FRACCARO NEI LUOGHI DELL&#8217;ALLUVIONE, LA SCELTA CADE SU ROCCA PIETORE<\/h1>\n<p><strong><a class=\"dt-pswp-item\" href=\"http:\/\/www.radiopiu.net\/wordpress\/wp-content\/uploads\/2018\/11\/Luigi_Di_Maio_daticamera.jpg\" data-dt-img-description=\"\" data-large_image_width=\"165\" data-large_image_height=\"228\"><img loading=\"lazy\" decoding=\"async\" class=\"size-full wp-image-66006 alignleft\" src=\"http:\/\/www.radiopiu.net\/wordpress\/wp-content\/uploads\/2018\/11\/Luigi_Di_Maio_daticamera.jpg\" alt=\"\" width=\"165\" height=\"228\" \/><\/a>ROCCA PIETORE<\/strong> OggI il vicepremier e Ministro del Lavoro e dello Sviluppo economico, Luigi Di Maio, e il Ministro per i Rapporti con il Parlamento e la Democrazia Diretta, Riccardo Fraccaro, saranno in Veneto e in Trentino, nelle zone colpite dagli eventi calamitosi degli scorsi giorni. Alle ore 16.00 effettueranno un sopralluogo in zona Sottoguda insieme al sindaco di Rocca Pietrore, Severino Andrea De Bernardin. Successivamente \u00e8 previsto un punto stampa all\u2019esterno della Sala del Soccorso Alpino, dove poi si terr\u00e0 anche una riunione tecnico-operativa con amministratori locali e rappresentanti delle imprese. Alle 17.00, Di Maio e Fraccaro si sposteranno in Trentino, in Val di Sole, dove \u00e8 in programma un sopralluogo della zona del Conoide, accompagnati dal sindaco di Dimaro, Andrea Lazzaroni. In seguito \u00e8 previsto un punto stampa all\u2019esterno del Teatro Comunale. Subito dopo, nella struttura si terr\u00e0 un incontro con sindaci e imprenditori delle zone alluvionate.<\/p>\n<p><strong>Di Maio e Fraccaro in sopralluogo venerd\u00ec 9 nelle zone colpite dal maltempo, D\u2019Inc\u00e0 (M5S): \u201cIl Governo del cambiamento \u00e8 vicino ai bellunesi, vogliamo rispondere con azioni concrete all\u2019emergenza\u201d<\/strong><\/p>\n<p><strong>ROMA<\/strong> Federico D\u2019Inc\u00e0, Questore alla Camera dei deputati, sar\u00e0 presente domani (venerd\u00ec 9 novembre) a Rocca Pietore con il Ministro Luigi Di Maio e il Ministro Riccardo Fraccaro. \u201cSono sempre stato in contatto con Luigi Di Maio in questi giorni \u2013 spiega D\u2019Inc\u00e0 &#8211; lui ha seguito anche dalla Cina l\u2019emergenza che ha colpito il bellunese\u201d. \u201cIl Governo, prima con il ministro Toninelli e adesso con i ministri Di Maio e Fraccaro, \u00e8 vicino ai bellunesi \u2013 ricorda il deputato veneto &#8211; con la sua presenza a Rocca Pietore il Governo vuole dimostrare ancora una volta quanto \u00e8 importante essere vicini ai cittadini del nostro Paese che si trovano a dover far fronte a situazioni di emergenza\u201d. \u201cCon la Regione Veneto e i Ministeri di competenza nei prossimi mesi vogliamo rispondere con azioni concrete alle problematiche legate alle infrastrutture gravemente danneggiate e alle tante attivit\u00e0 agricole e imprenditoriali turistiche messe in ginocchio \u2013 continua D\u2019Inc\u00e0 &#8211; gi\u00e0 in queste ore il lavoro \u00e8 pesantemente concentrato sulla progettazione delle opere di smaltimento del legname e sulla futura piantumazione per ridare la bellezza alle nostre vallate\u201d.<\/p>\n<p>&nbsp;<\/p>\n<p>&nbsp;<\/p>\n<p>&nbsp;<\/p>\n<p>&nbsp;<\/p>\n<h1>\u00abNO A COMPLICAZIONI BUROCRATICHE: SERVONO MISURE EMERGENZIALI PER LA GESTIONE DEL TERRITORIO\u00bb.<\/h1>\n<p><strong><a class=\"dt-pswp-item\" href=\"http:\/\/www.radiopiu.net\/wordpress\/wp-content\/uploads\/2018\/11\/9c043294-bd11-404e-94f8-f994ec0e3b2a.jpg\" data-dt-img-description=\"\" data-large_image_width=\"640\" data-large_image_height=\"478\"><img loading=\"lazy\" decoding=\"async\" class=\"size-medium wp-image-65966 alignleft\" src=\"http:\/\/www.radiopiu.net\/wordpress\/wp-content\/uploads\/2018\/11\/9c043294-bd11-404e-94f8-f994ec0e3b2a-300x224.jpg\" alt=\"\" width=\"300\" height=\"224\" srcset=\"https:\/\/www.radiopiu.net\/wordpress\/wp-content\/uploads\/2018\/11\/9c043294-bd11-404e-94f8-f994ec0e3b2a-300x224.jpg 300w, https:\/\/www.radiopiu.net\/wordpress\/wp-content\/uploads\/2018\/11\/9c043294-bd11-404e-94f8-f994ec0e3b2a.jpg 640w\" sizes=\"auto, (max-width: 300px) 100vw, 300px\" \/><\/a><\/strong><\/p>\n<p><strong>ROMA<\/strong> \u00abServono semplificazioni: le zone colpite dalle alluvioni sono in emergenza e necessitano di misure emergenziali. I sindaci non possono gestire il territorio tra lacci e lacciuoli in questo momento\u00bb Lo dice il deputato di Forza Italia Dario Bond, dopo che alcuni sindaci dell\u2019Agordino hanno ricevuto una nota di Arpav che indica le modalit\u00e0 di gestione dei fanghi e dei detriti alluvionali. \u00a0Ripresa dell\u2019attivit\u00e0 didattica Scuole Gosaldo \u00a0 Come concordato con l\u2019amministrazione comunale si informa che, salvo ulteriori complicazioni, la Scuola d\u2019Infanzia di Gosaldo Paolo VI e \u00a0la Scuola Primaria di Gosaldo riprenderanno l\u2019attivit\u00e0 didattica \u00a0a partire da luned\u00ec 12 novembre 2018. \u00a0Per la Scuola \u00a0Primaria l\u2019orario sar\u00e0 quello consueto del luned\u00ec, comprensivo quindi del servizio mensa e del rientro pomeridiano. Viene garantito il servizio di Scuolabus. Scuola Primaria 08.00 \u2013 13.00 \u00a0Rientro con mensa il luned\u00ec: \u00a0h 13.45 \u2013 15.45 \u00a0 \u00a0 \u00a0 Scuola d\u2019Infanzia Paolo VI 07.50 \u2013 15.50<\/p>\n<p><strong>L&#8217;INTERVENTO ALLA RADIO&#8230;<\/strong><\/p>\n<audio class=\"wp-audio-shortcode\" id=\"audio-66008-2\" preload=\"none\" style=\"width: 100%;\" controls=\"controls\"><source type=\"audio\/ogg\" src=\"http:\/\/www.radiopiu.net\/wordpress\/wp-content\/uploads\/2018\/11\/bond-arpav.ogg?_=2\" \/><a href=\"http:\/\/www.radiopiu.net\/wordpress\/wp-content\/uploads\/2018\/11\/bond-arpav.ogg\">http:\/\/www.radiopiu.net\/wordpress\/wp-content\/uploads\/2018\/11\/bond-arpav.ogg<\/a><\/audio>\n<p><strong>&#8230;E SULLA GESTIONE DEL PATRIMONIO BOSCHIVO<\/strong><\/p>\n<audio class=\"wp-audio-shortcode\" id=\"audio-66008-3\" preload=\"none\" style=\"width: 100%;\" controls=\"controls\"><source type=\"audio\/ogg\" src=\"http:\/\/www.radiopiu.net\/wordpress\/wp-content\/uploads\/2018\/11\/bond.ogg?_=3\" \/><a href=\"http:\/\/www.radiopiu.net\/wordpress\/wp-content\/uploads\/2018\/11\/bond.ogg\">http:\/\/www.radiopiu.net\/wordpress\/wp-content\/uploads\/2018\/11\/bond.ogg<\/a><\/audio>\n<p>&nbsp;<\/p>\n<p>&nbsp;<\/p>\n<p>&nbsp;<\/p>\n<h1>L&#8217;INTERVISTA AL PRESIDENTE DELL&#8217;UNIONE MONTANA AGORDINA FABIO LUCHETTA<\/h1>\n<p><a class=\"dt-pswp-item\" href=\"http:\/\/www.radiopiu.net\/wordpress\/wp-content\/uploads\/2018\/11\/WhatsApp-Image-2018-11-07-at-18.34.16.jpeg\" data-dt-img-description=\"\" data-large_image_width=\"1599\" data-large_image_height=\"1200\"><img loading=\"lazy\" decoding=\"async\" class=\"alignnone size-medium wp-image-65955\" src=\"http:\/\/www.radiopiu.net\/wordpress\/wp-content\/uploads\/2018\/11\/WhatsApp-Image-2018-11-07-at-18.34.16-300x225.jpeg\" alt=\"\" width=\"300\" height=\"225\" srcset=\"https:\/\/www.radiopiu.net\/wordpress\/wp-content\/uploads\/2018\/11\/WhatsApp-Image-2018-11-07-at-18.34.16-300x225.jpeg 300w, https:\/\/www.radiopiu.net\/wordpress\/wp-content\/uploads\/2018\/11\/WhatsApp-Image-2018-11-07-at-18.34.16-768x576.jpeg 768w, https:\/\/www.radiopiu.net\/wordpress\/wp-content\/uploads\/2018\/11\/WhatsApp-Image-2018-11-07-at-18.34.16-1024x768.jpeg 1024w, https:\/\/www.radiopiu.net\/wordpress\/wp-content\/uploads\/2018\/11\/WhatsApp-Image-2018-11-07-at-18.34.16.jpeg 1599w\" sizes=\"auto, (max-width: 300px) 100vw, 300px\" \/>\u00a0\u00a0\u00a0<\/a><\/p>\n<p><strong>di Mirko Mezzacasa\u00a0<\/strong><\/p>\n<audio class=\"wp-audio-shortcode\" id=\"audio-66008-4\" preload=\"none\" style=\"width: 100%;\" controls=\"controls\"><source type=\"audio\/mpeg\" src=\"http:\/\/www.radiopiu.net\/wordpress\/wp-content\/uploads\/2018\/11\/fabio-luchetta-SITO.mp3?_=4\" \/><a href=\"http:\/\/www.radiopiu.net\/wordpress\/wp-content\/uploads\/2018\/11\/fabio-luchetta-SITO.mp3\">http:\/\/www.radiopiu.net\/wordpress\/wp-content\/uploads\/2018\/11\/fabio-luchetta-SITO.mp3<\/a><\/audio>\n<p>&nbsp;<\/p>\n<p>&nbsp;<\/p>\n<p>&nbsp;<\/p>\n<p>&nbsp;<\/p>\n<h1><a class=\"dt-pswp-item\" href=\"http:\/\/www.radiopiu.net\/wordpress\/wp-content\/uploads\/2018\/10\/WhatsApp-Image-2018-10-29-at-07.17.31.jpeg\" data-dt-img-description=\"\" data-large_image_width=\"899\" data-large_image_height=\"1599\"><img loading=\"lazy\" decoding=\"async\" class=\"size-medium wp-image-65484 alignleft\" src=\"http:\/\/www.radiopiu.net\/wordpress\/wp-content\/uploads\/2018\/10\/WhatsApp-Image-2018-10-29-at-07.17.31-169x300.jpeg\" alt=\"\" width=\"169\" height=\"300\" srcset=\"https:\/\/www.radiopiu.net\/wordpress\/wp-content\/uploads\/2018\/10\/WhatsApp-Image-2018-10-29-at-07.17.31-169x300.jpeg 169w, https:\/\/www.radiopiu.net\/wordpress\/wp-content\/uploads\/2018\/10\/WhatsApp-Image-2018-10-29-at-07.17.31-768x1366.jpeg 768w, https:\/\/www.radiopiu.net\/wordpress\/wp-content\/uploads\/2018\/10\/WhatsApp-Image-2018-10-29-at-07.17.31-576x1024.jpeg 576w, https:\/\/www.radiopiu.net\/wordpress\/wp-content\/uploads\/2018\/10\/WhatsApp-Image-2018-10-29-at-07.17.31.jpeg 899w\" sizes=\"auto, (max-width: 169px) 100vw, 169px\" \/><\/a><\/h1>\n<h1><\/h1>\n<h1><\/h1>\n<h1><\/h1>\n<h1>LA MUDA DOVE TUTTO E&#8217; INIZIATO. E ADESSO?<\/h1>\n<p><strong>DI GIANNI SANTOMASO<\/strong><\/p>\n<audio class=\"wp-audio-shortcode\" id=\"audio-66008-5\" preload=\"none\" style=\"width: 100%;\" controls=\"controls\"><source type=\"audio\/ogg\" src=\"http:\/\/www.radiopiu.net\/wordpress\/wp-content\/uploads\/2018\/11\/gianni-3.ogg?_=5\" \/><a href=\"http:\/\/www.radiopiu.net\/wordpress\/wp-content\/uploads\/2018\/11\/gianni-3.ogg\">http:\/\/www.radiopiu.net\/wordpress\/wp-content\/uploads\/2018\/11\/gianni-3.ogg<\/a><\/audio>\n<p>&nbsp;<\/p>\n<p>&nbsp;<\/p>\n<p>&nbsp;<\/p>\n<p>&nbsp;<\/p>\n<h1>SOT COLARU&#8217; GIORNATE DI LAVORO PER SISTEMARE CIO&#8217; CHE LA NATURA HA DISTRUTTO<\/h1>\n<p><a class=\"dt-pswp-item\" href=\"http:\/\/www.radiopiu.net\/wordpress\/wp-content\/uploads\/2018\/11\/45722462_10218225577657720_8597988853975875584_n.jpg\" data-dt-img-description=\"\" data-large_image_width=\"960\" data-large_image_height=\"720\"><img loading=\"lazy\" decoding=\"async\" class=\"alignnone wp-image-66031 size-full\" src=\"http:\/\/www.radiopiu.net\/wordpress\/wp-content\/uploads\/2018\/11\/45722462_10218225577657720_8597988853975875584_n.jpg\" alt=\"\" width=\"960\" height=\"720\" srcset=\"https:\/\/www.radiopiu.net\/wordpress\/wp-content\/uploads\/2018\/11\/45722462_10218225577657720_8597988853975875584_n.jpg 960w, https:\/\/www.radiopiu.net\/wordpress\/wp-content\/uploads\/2018\/11\/45722462_10218225577657720_8597988853975875584_n-300x225.jpg 300w, https:\/\/www.radiopiu.net\/wordpress\/wp-content\/uploads\/2018\/11\/45722462_10218225577657720_8597988853975875584_n-768x576.jpg 768w\" sizes=\"auto, (max-width: 960px) 100vw, 960px\" \/><\/a><\/p>\n<p><strong>IL SINDACO DI SAN TOMASO MORENO DE VAL<\/strong><\/p>\n<audio class=\"wp-audio-shortcode\" id=\"audio-66008-6\" preload=\"none\" style=\"width: 100%;\" controls=\"controls\"><source type=\"audio\/ogg\" src=\"http:\/\/www.radiopiu.net\/wordpress\/wp-content\/uploads\/2018\/11\/moreno.ogg?_=6\" \/><a href=\"http:\/\/www.radiopiu.net\/wordpress\/wp-content\/uploads\/2018\/11\/moreno.ogg\">http:\/\/www.radiopiu.net\/wordpress\/wp-content\/uploads\/2018\/11\/moreno.ogg<\/a><\/audio>\n<p>&nbsp;<\/p>\n<h1><\/h1>\n<h1><\/h1>\n<h1><a class=\"dt-pswp-item\" href=\"http:\/\/www.radiopiu.net\/wordpress\/wp-content\/uploads\/2018\/11\/WhatsApp-Image-2018-11-07-at-18.34.39.jpeg\" data-dt-img-description=\"\" data-large_image_width=\"1599\" data-large_image_height=\"1200\"><img loading=\"lazy\" decoding=\"async\" class=\"size-medium wp-image-65956 alignleft\" src=\"http:\/\/www.radiopiu.net\/wordpress\/wp-content\/uploads\/2018\/11\/WhatsApp-Image-2018-11-07-at-18.34.39-300x225.jpeg\" alt=\"\" width=\"300\" height=\"225\" srcset=\"https:\/\/www.radiopiu.net\/wordpress\/wp-content\/uploads\/2018\/11\/WhatsApp-Image-2018-11-07-at-18.34.39-300x225.jpeg 300w, https:\/\/www.radiopiu.net\/wordpress\/wp-content\/uploads\/2018\/11\/WhatsApp-Image-2018-11-07-at-18.34.39-768x576.jpeg 768w, https:\/\/www.radiopiu.net\/wordpress\/wp-content\/uploads\/2018\/11\/WhatsApp-Image-2018-11-07-at-18.34.39-1024x768.jpeg 1024w, https:\/\/www.radiopiu.net\/wordpress\/wp-content\/uploads\/2018\/11\/WhatsApp-Image-2018-11-07-at-18.34.39.jpeg 1599w\" sizes=\"auto, (max-width: 300px) 100vw, 300px\" \/><\/a><\/h1>\n<h1><\/h1>\n<h1>RIFIUTI IL TECNICO FELICE STRAPAZZON, NOTIZIE UTILI, LE CRITICHE DI SILVIA CESTARO SINDACO DI SELVA DI CADORE<\/h1>\n<p>&nbsp;<\/p>\n<audio class=\"wp-audio-shortcode\" id=\"audio-66008-7\" preload=\"none\" style=\"width: 100%;\" controls=\"controls\"><source type=\"audio\/ogg\" src=\"http:\/\/www.radiopiu.net\/wordpress\/wp-content\/uploads\/2018\/11\/gianni-2.ogg?_=7\" \/><a href=\"http:\/\/www.radiopiu.net\/wordpress\/wp-content\/uploads\/2018\/11\/gianni-2.ogg\">http:\/\/www.radiopiu.net\/wordpress\/wp-content\/uploads\/2018\/11\/gianni-2.ogg<\/a><\/audio>\n<h1><\/h1>\n<h1><\/h1>\n<h1><\/h1>\n<h1>BLACK OUT A BELLUNO, MA ANCHE BUONE NUOVE DAL SINDACO JACOPO MASSARO<\/h1>\n<audio class=\"wp-audio-shortcode\" id=\"audio-66008-8\" preload=\"none\" style=\"width: 100%;\" controls=\"controls\"><source type=\"audio\/mpeg\" src=\"http:\/\/www.radiopiu.net\/wordpress\/wp-content\/uploads\/2018\/11\/MASSARO.mp3?_=8\" \/><a href=\"http:\/\/www.radiopiu.net\/wordpress\/wp-content\/uploads\/2018\/11\/MASSARO.mp3\">http:\/\/www.radiopiu.net\/wordpress\/wp-content\/uploads\/2018\/11\/MASSARO.mp3<\/a><\/audio>\n<p>&nbsp;<\/p>\n<p>&nbsp;<\/p>\n<p>&nbsp;<\/p>\n<p>&nbsp;<\/p>\n<h1>L&#8217;ALLEGHE MERCOLEDI GIOCA A CAVALESE, I TRENTINI NON SOLO ACCETTANO L&#8217;INVERSIONE DI CAMPO MA LASCERANNO L&#8217;INCASSO ALL&#8217;ALLEGHE IN SEGNO DI SOLIDARIETA&#8217; E AIUTO PER I RECENTI EVENTI ALLUVIONALI<\/h1>\n<p><a class=\"dt-pswp-item\" href=\"http:\/\/www.radiopiu.net\/wordpress\/wp-content\/uploads\/2018\/11\/45583914_2341927789155506_2317823786126147584_n.jpg\" data-dt-img-description=\"\" data-large_image_width=\"960\" data-large_image_height=\"720\"><img loading=\"lazy\" decoding=\"async\" class=\"alignnone wp-image-66032 size-full\" src=\"http:\/\/www.radiopiu.net\/wordpress\/wp-content\/uploads\/2018\/11\/45583914_2341927789155506_2317823786126147584_n.jpg\" alt=\"\" width=\"960\" height=\"720\" srcset=\"https:\/\/www.radiopiu.net\/wordpress\/wp-content\/uploads\/2018\/11\/45583914_2341927789155506_2317823786126147584_n.jpg 960w, https:\/\/www.radiopiu.net\/wordpress\/wp-content\/uploads\/2018\/11\/45583914_2341927789155506_2317823786126147584_n-300x225.jpg 300w, https:\/\/www.radiopiu.net\/wordpress\/wp-content\/uploads\/2018\/11\/45583914_2341927789155506_2317823786126147584_n-768x576.jpg 768w\" sizes=\"auto, (max-width: 960px) 100vw, 960px\" \/><\/a><\/p>\n<p><strong>DI MATTEO REOLON<\/strong><\/p>\n<p>L&#8217;Alleghe Hockey si sta impegnando al massimo per affrontare l&#8217;<a class=\"_58cn\" href=\"https:\/\/www.facebook.com\/hashtag\/alluvione?source=feed_text&amp;__xts__%5B0%5D=68.ARDA4Fqb-ISBe_uxlE1b-0TIF-iLq7Yhfc7fjx1WtKsT60W09-MJmqv4PSpa_dh7Ajq69fuhN0rk55Nx7vB3WLt4cCYO7X20DNGj7qpnQDJqyph0P4c0o8jP64o-AJgVr0mraYdgW7NX1S8ATnp8NKyrqZMRC1nF6w5r7agMKOZz3vuQY0_OnUWxaMBvy8sxHC5IVCuFuyZAU1Bc_3Y1SbfhKso&amp;__tn__=%2ANK-R\" data-ft=\"{&quot;type&quot;:104,&quot;tn&quot;:&quot;*N&quot;}\"><span class=\"_5afx\"><span class=\"_58cm\">\u00a0alluvione<\/span><\/span><\/a> e il disastro che ha colpito <a class=\"_58cn\" href=\"https:\/\/www.facebook.com\/hashtag\/alleghe?source=feed_text&amp;__xts__%5B0%5D=68.ARDA4Fqb-ISBe_uxlE1b-0TIF-iLq7Yhfc7fjx1WtKsT60W09-MJmqv4PSpa_dh7Ajq69fuhN0rk55Nx7vB3WLt4cCYO7X20DNGj7qpnQDJqyph0P4c0o8jP64o-AJgVr0mraYdgW7NX1S8ATnp8NKyrqZMRC1nF6w5r7agMKOZz3vuQY0_OnUWxaMBvy8sxHC5IVCuFuyZAU1Bc_3Y1SbfhKso&amp;__tn__=%2ANK-R\" data-ft=\"{&quot;type&quot;:104,&quot;tn&quot;:&quot;*N&quot;}\"><span class=\"_5afx\"><span class=\"_58cm\">Alleghe<\/span><\/span><\/a> <a class=\"_58cn\" href=\"https:\/\/www.facebook.com\/hashtag\/agordino?source=feed_text&amp;__xts__%5B0%5D=68.ARDA4Fqb-ISBe_uxlE1b-0TIF-iLq7Yhfc7fjx1WtKsT60W09-MJmqv4PSpa_dh7Ajq69fuhN0rk55Nx7vB3WLt4cCYO7X20DNGj7qpnQDJqyph0P4c0o8jP64o-AJgVr0mraYdgW7NX1S8ATnp8NKyrqZMRC1nF6w5r7agMKOZz3vuQY0_OnUWxaMBvy8sxHC5IVCuFuyZAU1Bc_3Y1SbfhKso&amp;__tn__=%2ANK-R\" data-ft=\"{&quot;type&quot;:104,&quot;tn&quot;:&quot;*N&quot;}\"><span class=\"_5afx\"><span class=\"_58cm\">e Agordino<\/span><\/span><\/a> e l\u2019intera provincia una settimana fa. La prossima partita della <a class=\"_58cn\" href=\"https:\/\/www.facebook.com\/hashtag\/ihl?source=feed_text&amp;__xts__%5B0%5D=68.ARDA4Fqb-ISBe_uxlE1b-0TIF-iLq7Yhfc7fjx1WtKsT60W09-MJmqv4PSpa_dh7Ajq69fuhN0rk55Nx7vB3WLt4cCYO7X20DNGj7qpnQDJqyph0P4c0o8jP64o-AJgVr0mraYdgW7NX1S8ATnp8NKyrqZMRC1nF6w5r7agMKOZz3vuQY0_OnUWxaMBvy8sxHC5IVCuFuyZAU1Bc_3Y1SbfhKso&amp;__tn__=%2ANK-R\" data-ft=\"{&quot;type&quot;:104,&quot;tn&quot;:&quot;*N&quot;}\"><span class=\"_5afx\"><span class=\"_58cl _5afz\" aria-label=\"hashtag\">\u00a0#<\/span><span class=\"_58cm\">IHL<\/span><\/span><\/a> contro Valdifiemme Hockey Club &#8211; senior in programma all\u2019Alvise De Toni gioved\u00ec 15 novembre si giocher\u00e0 a Cavalese il \u00a014 novembre alle 20:30. Ringraziamo la societ\u00e0 Valdifiemme Hockey Club &#8211; senior che ci ha concesso la gestione della partita. Gli incassi andranno all\u2019Alleghe Hockey quindi chi verr\u00e0 a tifare ci aiuter\u00e0 moralmente ma anche economicamente. Grazie in modo particolare a Michele Ciresa, al direttivo e alla segretaria Roberta.<span class=\"_5mfr\"><span class=\"_6qdm\">\u00a0<\/span><\/span>Per quanto riguarda lo stadio i tecnici ed i nostri operai stanno lavorando giorno e notte per poter ripartire con l\u2019attivit\u00e0, marted\u00ec sera \u00e8 arrivata la corrente ma ovviamente per il momento \u00e8 ancora inagibile. La prima squadra si allener\u00e0 questa settimana al Palaghiaccio di Corvara mentre le squadre giovanili dalla <a class=\"_58cn\" href=\"https:\/\/www.facebook.com\/hashtag\/under11?source=feed_text&amp;__xts__%5B0%5D=68.ARDA4Fqb-ISBe_uxlE1b-0TIF-iLq7Yhfc7fjx1WtKsT60W09-MJmqv4PSpa_dh7Ajq69fuhN0rk55Nx7vB3WLt4cCYO7X20DNGj7qpnQDJqyph0P4c0o8jP64o-AJgVr0mraYdgW7NX1S8ATnp8NKyrqZMRC1nF6w5r7agMKOZz3vuQY0_OnUWxaMBvy8sxHC5IVCuFuyZAU1Bc_3Y1SbfhKso&amp;__tn__=%2ANK-R\" data-ft=\"{&quot;type&quot;:104,&quot;tn&quot;:&quot;*N&quot;}\"><span class=\"_5afx\"><span class=\"_58cl _5afz\" aria-label=\"hashtag\">#<\/span><span class=\"_58cm\">under11<\/span><\/span><\/a> alla <a class=\"_58cn\" href=\"https:\/\/www.facebook.com\/hashtag\/under19?source=feed_text&amp;__xts__%5B0%5D=68.ARDA4Fqb-ISBe_uxlE1b-0TIF-iLq7Yhfc7fjx1WtKsT60W09-MJmqv4PSpa_dh7Ajq69fuhN0rk55Nx7vB3WLt4cCYO7X20DNGj7qpnQDJqyph0P4c0o8jP64o-AJgVr0mraYdgW7NX1S8ATnp8NKyrqZMRC1nF6w5r7agMKOZz3vuQY0_OnUWxaMBvy8sxHC5IVCuFuyZAU1Bc_3Y1SbfhKso&amp;__tn__=%2ANK-R\" data-ft=\"{&quot;type&quot;:104,&quot;tn&quot;:&quot;*N&quot;}\"><span class=\"_5afx\"><span class=\"_58cl _5afz\" aria-label=\"hashtag\">#<\/span><span class=\"_58cm\">under19<\/span><\/span><\/a> a Canazei. Grazie al Fassa Falcons &#8211; Ice Hockey e HC Alta Badia che ci permettono di allenarci sui loro campi. Grazie di cuore anche al Feltreghiaccio che ci ospita sabato con le under 11 e 13 per l&#8217;allenamento ma anche per eventuali partite da concordare con la loro disponibilit\u00e0 di ghiaccio. Grazie ai tifosi che ci sono stati vicini in questi giorni difficili, il colpo \u00e8 stato duro ma la volont\u00e0 di ripartire \u00e8 forte e ce la metteremo tutta! \u00a0Il calore, avere i tifosi accanto, la vicinanza alla squadra in questi momenti \u00e8 lo sprone pi\u00f9 grande a non mollare in questo momento.<\/p>\n<p><strong>DI MARCO FERRARIO<\/strong><\/p>\n<p class=\"ox-e3378b452a-msonormal\">Eventuali altre partite che dovremmo disputare in casa, relative al campionato IHL se lo stadio Alvise De Toni non fosse agibile, le disputeremo sempre a Corvara. le partite da recuperare contro Ora e Como, prima di prendere degli accordi con le relative societ\u00e0, stiamo aspettando che la situazione sia pi\u00f9 chiara, per essere sicuri di poter ottemperare all\u2019impegno e \u00a0nei migliore dei modi. Certamente ci impegneremo a recuperarle nei tempi massimi stabiliti dalla \u00a0FISG, \u00a0non oltre del 27 dicembre. Per quanto riguarda il settore Junior e femminile, ci siamo organizzati allo stesso modo, allenamenti in trasferta, Corvara, Fassa e Feltre. Mentre \u00a0per le partite di campionato, i nostri team leader, grazie alle Societ\u00e0 da incontrare (che ringraziamo per la collaborazione) hanno pianificato le partite in calendario. Certamente per la nostra Societ\u00e0, collaboratori e gli atleti di tutte le categorie \u00e8 un impegno non indifferente, \u00a0sia economico, organizzativo e fisico, ma si \u00e8 voluto rispettare gli impegni presi. Lo spirito che ci ha animato \u00e8 quello che ci ha sempre contraddistinto nella storia della Societ\u00e0, spirito sportivo, spirito sociale e \u00a0orgoglio e consapevolezza da parte di tutti noi, \u00a0\u00a0di rappresentare una Societ\u00e0 storica del nostro sport e non solo. Certamente, ci ha aiutato e dato forza anche la vicinanza, \u00a0\u00a0la disponibilit\u00e0 e l\u2019aiuto concreto \u00a0di tutte quelle Societ\u00e0, enti o persone che ci sono vicine , senza le quali sarebbe stato \u00a0difficile poter riprendere l\u2019attivit\u00e0 cosi \u201cvelocemente\u201d. Approfittiamo nel dire che in questo contesto sono venuti fuori grandi valori sportivi e sociali.<\/p>\n<p><strong>PATTINATRICI AGORDINE<\/strong><\/p>\n<p>E mentre la prima squadra potr\u00e0 allenarsi a Corvara e le giovanili a Canazei, le Under 11 e U13 saranno ospiti del Feltreghiaccio. Palaghiaccio feltrino, anche per l&#8217;Agordino Ghiaccio e Sport, ospitato da Paf e Iaf, i club locali.<\/p>\n<p>&nbsp;<\/p>\n<p>&nbsp;<\/p>\n<p>&nbsp;<\/p>\n<p>&nbsp;<\/p>\n<h1>DI CLAUDIO PRA<\/h1>\n<p>Gli Earth, Wind &amp; fire, terra, vento e fuoco, sono una band che \u00e8 stata molto famosa negli anni settanta, il cui nome, sostituendo terra con acqua, potrebbe essere preso a prestito per intitolare il film dell\u2019orrore andato in scena in Agordino a fine ottobre di quest\u2019anno. Acqua, vento e fuoco quindi, anzi, vento, fuoco e acqua nell\u2019ordine. Cominciando appunto dal vento che mercoled\u00ec 24 ottobre ha causato la caduta di piante sui fili dell\u2019alta tensione nella zona della galleria di Mezzo Canale, tra Listolade e Cencenighe, innescando ed alimentando un devastante e furioso incendio propagatosi anche grazie al terreno insolitamente secco per la stagione. Incendio che ha imperversato per tre giorni distruggendo uno splendido angolo di Dolomiti quali sono le Pale e la Valle di S. Lucano, placatosi prima per l\u2019intervento dell\u2019uomo ma in modo definitivo per opera della natura sotto forma di pioggia. Pioggia che \u00e8 sembrata quasi un pianto per la perdita di un paradiso di ineguagliabile bellezza. Un pianto che per\u00f2 \u00e8 diventato inconsolabile, trasformandosi poi in isterico e torrenziale, tanto da ingrossare torrenti e ruscelli ed impregnare il terreno, che ha cominciato a cedere. Inondazioni e frane hanno cos\u00ec preso il posto del fuoco ormai spento, quasi come se un mostruoso essere avesse sub\u00ecto una mutazione continuando la sua opera distruttrice sotto altre spoglie. Ma non era ancora finita, anzi, il peggio doveva ancora arrivare. Il vento, quasi a chiudere un cerchio con lui iniziato, \u00e8 tornato impetuoso con la discesa delle tenebre nella serata\/nottata del 29 ottobre. Un vento come non si era mai visto dalle nostre parti, capace di abbattere tutto ci\u00f2 che incontrava, piegando definitivamente con la complicit\u00e0 dell\u2019acqua un Agordino gi\u00e0 provato, martoriandone soprattutto la parte alta. E\u2019 sembrata l\u2019apocalisse, giunta in un buio primordiale dovuto alla mancanza di energia elettrica. Buio e un\u2019assordante rabbioso frastuono sono stati la colonna sonora per ore, gettandoci nel terrore e mettendo a nudo la cruda verit\u00e0: noi uomini del terzo millennio, pur cos\u00ec cos\u00ec evoluti, siamo immensamente fragili ed impotenti di fronte alle forze immensamente superiori scatenate dalla natura. L\u2019apocalisse, verificatasi con il buio, si \u00e8 materializzata visivamente alle prime luci dell\u2019alba quando ci siamo svegliati in un\u2019altra dimensione. Migliaia di piante abbattute, tetti scoperchiati, linee elettriche scomparse, telefoni muti, acquedotti distrutti, ruscelli esondati, case allagate, strade interrotte, frane ovunque. La devastazione pi\u00f9 totale ed un senso di smarrimento, di incredulit\u00e0, di angoscia, di sopraffazione. \u201cMa cosa abbiamo fatto per meritare tutto questo? Per essere puntiti cos\u00ec duramente nell\u2019arco di soli cinque giorni? Ci siamo chiesti. Noi, il popolo della montagna, che resiste tra tante difficolt\u00e0 nonostante una politica miope che, equiparandoci alla pianura, ci sottrae servizi essenziali non tenendo conto di un\u2019 ovvia specificit\u00e0 che ci sarebbe dovuta. Il popolo del volontariato, fondamentale forma di solidariet\u00e0 per ovviare alle tante problematiche che ci affliggono. Il popolo delle maniche tirate su, che prima si arrangia e poi semmai chiede. Il popolo degli allevatori alle prese con innumerevoli problemi, ma che in quello della burocrazia che lo assedia trova l\u2019unico insuperabile. Il popolo della Luxottica che qui \u00e8 divenuta una multinazionale mondiale grazie ad un imprenditore illuminato che da noi ha trovato laboriosit\u00e0 e attaccamento all\u2019Azienda. Il popolo che anche stavolta sapr\u00e0 riprendersi perch\u00e9 \u00e8 nel suo DNA non piangersi addosso ma darsi da fare, come nel lontano 1966, altra annata disgraziata. Eppure, tra tanta distruzione e dolore, forse qualcosa di positivo questo epocale avvenimento ci ha lasciato in eredit\u00e0. Abbiamo ripreso a parlare tra di noi, non al telefonino ma a voce perch\u00e9 le linee telefoniche erano interrotte. C\u2019\u00e8 stata l\u2019opportunit\u00e0 di scambiare due parole, due informazioni, di farci coraggio, di riapprezzare piccole cose che in una situazione normale paiono ormai insignificanti. Ed \u00e8 stato bello, grazie a Sindaci capaci, ad alcuni politici visti forse per la prima volta come utili alla causa, a un esercito di soccorritori, a tanta gente di buona volont\u00e0, a noi stessi, riappropriarci man mano di una vita disagiata ma tornata almeno in parte normale. Il solo schiacciare l\u2019interruttore della luce constatando che il fondamentale chiarore artificiale era tornato, seppure per opera di centinaia di generatori, \u00e8 servito a farci capire come cose ritenute apparentemente insignificanti nel contesto di tutti i giorni diventano straordinarie nell\u2019emergenza. Come straordinario \u00e8 stato riascoltare la nostra Radio Pi\u00f9, zittita inizialmente dalla tempesta, ma poi tornata a parlarci, divenendo mai come in questo caso insostituibile voce fondamentale e amica. Se di tutto ci\u00f2 che \u00e8 successo faremo lezione allora questa orribile esperienza sar\u00e0 servita a qualcosa. Il cammino della possibile rinascita \u00e8 appena cominciato e da esso dipender\u00e0 il futuro dell\u2019Agordino, alle prese da anni con il problema dello spopolamento. Per invertire la tendenza, che ora potrebbe accentuarsi, servono risposte urgenti, un cambio di visione, politiche lungimiranti, tanto lavoro da parte di tutti. In caso contrario sar\u00e0 come decretare la condanna a morte di un territorio. Forza Agordino!<\/p>\n<p>&nbsp;<\/p>\n<p>&nbsp;<\/p>\n<h1><\/h1>\n<h1>IL 10 NOVEMBRE PER FERMARE IL DISEGNO DI LEGGE PILLON<\/h1>\n<p><strong>BELLUNO<\/strong> Il Coordinamento donne dello Spi Cgil \u00a0di Belluno assieme all&#8217;Ass. BellunoDonna ritiene che il DDL 735, in materia di revisione delle norme in caso di separazione, divorzio e affido dei minori, \u00a0presentato dal senatore Pillon ed altri, rappresenti un modo di ripresa \u00a0del potere maschile e modifichi in maniera peggiorativa \u00a0il percorso della \u00a0separazione , oltre che a stravolgere \u00a0la vita \u00a0dei propri figli . La proposta di legge \u00a0mira, infatti, a ristabilire il controllo pubblico sui rapporti familiari e nelle relazioni attraverso interventi disciplinari, con una riduzione \u00a0improponibile dell\u2019autonomia personale dei\/delle singoli\/e. I punti fondamentali per i quali saremo in piazza a Padova \u00a0passano dall\u2019essere contrarie &#8211;\u00a0\u00a0\u00a0\u00a0\u00a0\u00a0\u00a0\u00a0alla \u00a0MEDIAZIONE familiare, a pagamento, prima della presentazione dell&#8217;istanza di separazione\/divorzio. L&#8217;obbligo di mediazione obbliga la donna, vittima di violenza domestica, a comunicare al maltrattante la sua intenzione di interrompere la relazione ed \u00e8 risaputo che questo \u00e8 il momento di maggior rischio. \u00c8 per questo motivo che la mediazione \u00e8 vietata dall&#8217;art. 48 della Convenzione di Istanbul; &#8211;\u00a0\u00a0\u00a0\u00a0\u00a0\u00a0\u00a0\u00a0all\u2019IMPOSIZIONE DI TEMPI PARITARI, che in nome \u00a0della \u00a0 bigenitorialit\u00e0, obbliga \u00a0il doppio domicilio e di trascorrere almeno 12 giorni al mese con ciascun genitore e ci\u00f2 a prescindere dalle loro esigenze e dalla loro et\u00e0; &#8211;\u00a0\u00a0\u00a0\u00a0\u00a0\u00a0\u00a0\u00a0alla PUNIZIONE del figlio che manifesta rifiuto verso un genitore, fino al punto da essere prelevato e collocato presso una struttura; &#8211;\u00a0\u00a0\u00a0\u00a0\u00a0\u00a0\u00a0\u00a0all\u2019ABROGAZIONE dell\u2019&#8217;assegno di mantenimento a favore del\/la figlio\/a. I genitori devono suddividere i costi in relazione al reddito ignorando che nel nostro Paese esiste tutt\u2019ora una consistente disparit\u00e0 occupazionale e reddituale a sfavore delle donne : spesso le donne lasciano il lavoro alla nascita del primo figlio, l\u2019occupazione femminile \u00e8 al 49%, la differenza salariale arriva \u00a0al 25% e sono ancora \u00a0poche le donne \u00a0che seguono percorsi di carriera. E se le donne, per condizioni di vita e di lavoro, non riusciranno ad assolvere gli oneri finanziari imposti dalla Legge, la conseguenza sar\u00e0 la perdita della relazione con il\/la \u00a0figlio\/a; &#8211;\u00a0\u00a0\u00a0\u00a0\u00a0\u00a0\u00a0\u00a0all\u2019OBBLIGO della coppia di redigere il piano genitoriale riguardante ogni aspetto della vita del\/la figlio\/a e, le eventuali modifiche, necessarie con l&#8217;aumento dell\u2019et\u00e0 di questo\/a, potranno essere effettuate, sempre e solo, con la mediazione familiare, con altri costi. Inoltre la formulazione del DDL -scoraggia la denuncia di violenza domestica. Se la donna osa denunciare condotte violente del marito o compagno e chiedere l&#8217;allontanamento di esso, ma non riesce a dimostrare che la violenza \u00e8 sistematica, rischia di essere accusata di provocare gravi pregiudizi ai diritti di relazione del\/la figlio\/a con il marito\/compagno e di essere privata del rapporto con il\/a figlio\/a. -E afferma \u00a0che il rifiuto dei minori vittime di violenza diretta o assistita di vedere o rimanere con il genitore violento, pu\u00f2 essere considerato frutto di condizionamento da parte dell&#8217;altro genitore, vittima a sua volta di violenza, che rischia di perdere la propria responsabilit\u00e0 genitoriale. Si colpiscono le vittime e si salva il maltrattante. Per questo \u00a0la proposta di legge sulla separazione e l\u2019affido non pu\u00f2 passare.<\/p>\n<p>&nbsp;<\/p>\n<p>&nbsp;<\/p>\n<p>&nbsp;<\/p>\n<p>&nbsp;<\/p>\n<p>&nbsp;<\/p>\n<h1>INAUGURAZIONE DELL&#8217;HANGAR DEL CANSIGLIO. BOTTACIN: &#8220;UN LAVORO INIZIATO DIECI ANNI FA, MA NE \u00c8 VALSA LA PENA&#8221;<\/h1>\n<p><strong>VENEZIA \u00a0<\/strong>&#8220;Con dispiacere non potr\u00f2 essere domani all&#8217;inaugurazione di un intervento il cui avvio, ancora dieci anni or sono, avevo seguito personalmente nella mia veste allora di consigliere regionale del territorio, insieme a quello che era il ministro delle Politiche Agricole e Forestali, Luca Zaia&#8221;. A comunicarlo \u00e8 l&#8217;assessore regionale alla protezione civile Gianpaolo Bottacin giustificando la sua assenza domani all&#8217;inaugurazione dell\u2019ex area militare in Cansiglio, per i noti problemi relativi al maltempo che ha flagellato gran parte della provincia di Belluno e pi\u00f9 in generale del Veneto e che lo vedono tuttora impegnato in vari sopralluoghi e riunioni programmati anche per la giornata di domani. &#8220;Allora sembrava quasi impossibile mettere a posto quell&#8217;area di propriet\u00e0 militare ma, grazie al nostro intervento insieme al ministro Zaia, la situazione fu risolta in pochi mesi con il trasferimento della propriet\u00e0 dal demanio militare al patrimonio forestale della Regione del Veneto, per poi successivamente avviare il recupero di una realt\u00e0 in forte degrado. Con grande soddisfazione perci\u00f2 oggi posso rivendicare l&#8217;avvio di quel lavoro e l&#8217;importanza di quanto svolto anche negli anni seguenti per portarlo al completo rilancio&#8221;.<\/p>\n<p>&nbsp;<\/p>\n<p>&nbsp;<\/p>\n<p>&nbsp;<\/p>\n<p>&nbsp;<\/p>\n<p>&nbsp;<\/p>\n<h1>NUOVE TARIFFE D&#8217;ACCESSO AI MUSEI CITTADINI<\/h1>\n<p><strong>FELTRE\u00a0<\/strong>Piccola \u201crivoluzione\u201d nelle tariffe d\u2019accesso ai musei cittadini, al teatro de la Sena e alla Torre dell\u2019Orologio. Nell\u2019ultima seduta di giunta, l\u2019Amministrazione Comunale ha infatti deciso di provvedere alla modifica e all&#8217;uniformazione delle condizioni di ingresso al Museo civico di Feltre, alla Galleria d&#8217;arte moderna &#8220;Carlo Rizzarda&#8221;, al Teatro de La Sena e alla Torre dell&#8217;Orologio del Castello a partire dal 1\u00b0 gennaio 2019, prevedendo facilitazioni per i residenti nel Comune di Feltre e per le scuole. In particolare, tra l\u2019altro, tutti gli under 25 residenti nel Comune di Feltre (e quindi anche le scolaresche) potranno entrare gratuitamente in ogni struttura. Per facilitare l&#8217;accesso ai Musei e la partecipazione ai laboratori didattici delle scuole di ogni ordine e grado situate al di fuori del territorio comunale si \u00e8 inoltre previsto di consentire l&#8217;accesso illimitato per tutto l&#8217;anno scolastico al prezzo agevolato di \u20ac 5,00 a classe per ogni singola struttura (Museo civico o Galleria Rizzarda). \u00a0Il biglietto \u201cintero\u201d avr\u00e0 un prezzo, in ogni caso alquanto accessibile, di 4 euro per l\u2019accesso al Museo Civico e alla Galleria Rizzarda (ridotto 1,50), e di 2 euro (ridotto 1) per il teatro de la Sena e la Torre dell\u2019Orologio. E\u2019 inoltre prevista tutta una serie di riduzioni, in relazione all\u2019et\u00e0 o all\u2019appartenenza a specifiche categorie. &#8220;Il Comune di Feltre ha una gestione totalmente pubblica dei musei, ed \u00e8 questo un punto a cui, come amministrazione, teniamo molto, commenta l\u2019assessore alla cultura Alessandro Del Bianco. La gestione pubblica comporta che le spese siano sostenute direttamente dal bilancio del comune, quindi dai cittadini; per questo motivo abbiamo ritenuto di proporre una riduzione per tutti i residenti sopra i venticinque anni, mentre tutti gli under 25 e tutti i ragazzi delle scuole con sede a Feltre entreranno gratis. \u00c8 una sorta di scambio reciproco, tra comunit\u00e0 e patrimonio. Rafforzare lo spirito di comunit\u00e0 significa anche essere consapevoli del proprio patrimonio e usufruirne liberamente&#8221;, conclude Del Bianco.<\/p>\n<p>&nbsp;<\/p>\n<p>&nbsp;<\/p>\n<p>&nbsp;<\/p>\n<p>&nbsp;<\/p>\n<p>&nbsp;<\/p>\n<h1>OPERE SEBASTIANO RICCI, IL GIORNO DELLA PRESENTAZIONE<\/h1>\n<p><a class=\"dt-pswp-item\" href=\"http:\/\/www.radiopiu.net\/wordpress\/wp-content\/uploads\/2018\/11\/La-morte-di-Seneca-Sebastiano-Ricci.jpg\" data-dt-img-description=\"\" data-large_image_width=\"3648\" data-large_image_height=\"5472\"><img loading=\"lazy\" decoding=\"async\" class=\"size-medium wp-image-66024 alignleft\" src=\"http:\/\/www.radiopiu.net\/wordpress\/wp-content\/uploads\/2018\/11\/La-morte-di-Seneca-Sebastiano-Ricci-200x300.jpg\" alt=\"\" width=\"200\" height=\"300\" srcset=\"https:\/\/www.radiopiu.net\/wordpress\/wp-content\/uploads\/2018\/11\/La-morte-di-Seneca-Sebastiano-Ricci-200x300.jpg 200w, https:\/\/www.radiopiu.net\/wordpress\/wp-content\/uploads\/2018\/11\/La-morte-di-Seneca-Sebastiano-Ricci-768x1152.jpg 768w, https:\/\/www.radiopiu.net\/wordpress\/wp-content\/uploads\/2018\/11\/La-morte-di-Seneca-Sebastiano-Ricci-683x1024.jpg 683w\" sizes=\"auto, (max-width: 200px) 100vw, 200px\" \/><\/a><\/p>\n<p>&nbsp;<\/p>\n<p>Saranno presentati domani oggi alle ore 17.00 nel salone nobile di Palazzo Fulcis le opere di Sebastiano Ricci \u201cLa morte di Seneca\u201d e \u201cAlessandro e Diogene\u201d. Lo scorso 4 ottobre era stato sottoscritto il comodato tra la famiglia proprietaria dei due dipinti ed il Comune di Belluno; il comodato ha valenza quinquennale ed \u00e8 rinnovabile.<\/p>\n<p>&nbsp;<\/p>\n<p>\u00abNei giorni scorsi abbiamo ottenuto l&#8217;autorizzazione della Soprintendenza ed abbiamo cos\u00ec potuto procedere allo spostamento delle due opere. &#8211; spiega l&#8217;assessore alla cultura, Marco Perale, che con il conservatore dei musei civici, Denis Ton, curer\u00e0 l&#8217;evento di domani \u2013 La presentazione di domani pomeriggio avr\u00e0 un significato particolare perch\u00e8 \u201criportiamo a casa\u201d altri due dipinti di un grandissimo artista bellunese che per la prima volta nella loro storia saranno esposti al pubblico\u00bb.<\/p>\n<p><strong>L&#8217;ASSESSORE ALLA CULTURA MARCO PERALE<\/strong><\/p>\n<audio class=\"wp-audio-shortcode\" id=\"audio-66008-9\" preload=\"none\" style=\"width: 100%;\" controls=\"controls\"><source type=\"audio\/mpeg\" src=\"http:\/\/www.radiopiu.net\/wordpress\/wp-content\/uploads\/2018\/11\/Perale-Nuovi-Ricci-Fulcis.mp3?_=9\" \/><a href=\"http:\/\/www.radiopiu.net\/wordpress\/wp-content\/uploads\/2018\/11\/Perale-Nuovi-Ricci-Fulcis.mp3\">http:\/\/www.radiopiu.net\/wordpress\/wp-content\/uploads\/2018\/11\/Perale-Nuovi-Ricci-Fulcis.mp3<\/a><\/audio>\n<p>&nbsp;<\/p>\n<h1><\/h1>\n<h1><\/h1>\n<h1><\/h1>\n<h1><\/h1>\n<h1>VALLARDI VA IN PREFETTURA A PARLARE DI AGRICOLTURA<\/h1>\n<p><strong>BELLUNO<\/strong> Oggi alle ore 17,30 c\/o la Prefettura di Belluno la delegazione della Commissione Agricoltura del Senato con il Presidente della Commissione Gianpaolo VALLARDI e alcuni colleghi della Camera dei Deputati incontreranno il Prefetto di Belluno per prendere visione dei danni provocati in provincia dagli eventi atmosferici appena avvenuti. Continuer\u00e0 sabato in mattinata il sopralluogo della delegazione che si sposter\u00e0 nei boschi danneggiati della zona di Sappada.<\/p>\n<p>&nbsp;<\/p>\n<p>&nbsp;<\/p>\n<p>&nbsp;<\/p>\n<p>&nbsp;<\/p>\n<p>&nbsp;<\/p>\n<h1><a class=\"dt-pswp-item\" href=\"http:\/\/www.radiopiu.net\/wordpress\/wp-content\/uploads\/2018\/09\/sport.jpg\" data-dt-img-description=\"\" data-large_image_width=\"800\" data-large_image_height=\"100\"><img loading=\"lazy\" decoding=\"async\" class=\"alignnone wp-image-60761 size-full\" src=\"http:\/\/www.radiopiu.net\/wordpress\/wp-content\/uploads\/2018\/09\/sport.jpg\" alt=\"\" width=\"800\" height=\"100\" srcset=\"https:\/\/www.radiopiu.net\/wordpress\/wp-content\/uploads\/2018\/09\/sport.jpg 800w, https:\/\/www.radiopiu.net\/wordpress\/wp-content\/uploads\/2018\/09\/sport-300x38.jpg 300w, https:\/\/www.radiopiu.net\/wordpress\/wp-content\/uploads\/2018\/09\/sport-768x96.jpg 768w\" sizes=\"auto, (max-width: 800px) 100vw, 800px\" \/><\/a><\/h1>\n<h1><\/h1>\n<h1><\/h1>\n<h1>SPORT, MOTORI DOPO IL DOLOROSO ANNULLAMENTO DEL 33ESIMO RALLY BELLUNESE E NON PER NEGLIGENZA LO SGUARDO VA AL FUTURO<\/h1>\n<p><strong>ROBERTO BONA\u00a0<\/strong><\/p>\n<audio class=\"wp-audio-shortcode\" id=\"audio-66008-10\" preload=\"none\" style=\"width: 100%;\" controls=\"controls\"><source type=\"audio\/mpeg\" src=\"http:\/\/www.radiopiu.net\/wordpress\/wp-content\/uploads\/2018\/11\/ROBERTO-BONA.mp3?_=10\" \/><a href=\"http:\/\/www.radiopiu.net\/wordpress\/wp-content\/uploads\/2018\/11\/ROBERTO-BONA.mp3\">http:\/\/www.radiopiu.net\/wordpress\/wp-content\/uploads\/2018\/11\/ROBERTO-BONA.mp3<\/a><\/audio>\n<p>&nbsp;<\/p>\n<p>&nbsp;<\/p>\n<p>&nbsp;<\/p>\n<p>&nbsp;<\/p>\n<p>&nbsp;<\/p>\n<p><a class=\"dt-pswp-item\" href=\"http:\/\/www.radiopiu.net\/wordpress\/wp-content\/uploads\/2018\/09\/WhatsApp-Image-2018-09-20-at-16.04.06.jpeg\" data-dt-img-description=\"\" data-large_image_width=\"800\" data-large_image_height=\"100\"><img loading=\"lazy\" decoding=\"async\" class=\"alignnone wp-image-61378 size-full\" src=\"http:\/\/www.radiopiu.net\/wordpress\/wp-content\/uploads\/2018\/09\/WhatsApp-Image-2018-09-20-at-16.04.06.jpeg\" alt=\"\" width=\"800\" height=\"100\" srcset=\"https:\/\/www.radiopiu.net\/wordpress\/wp-content\/uploads\/2018\/09\/WhatsApp-Image-2018-09-20-at-16.04.06.jpeg 800w, https:\/\/www.radiopiu.net\/wordpress\/wp-content\/uploads\/2018\/09\/WhatsApp-Image-2018-09-20-at-16.04.06-300x38.jpeg 300w, https:\/\/www.radiopiu.net\/wordpress\/wp-content\/uploads\/2018\/09\/WhatsApp-Image-2018-09-20-at-16.04.06-768x96.jpeg 768w\" sizes=\"auto, (max-width: 800px) 100vw, 800px\" \/><\/a><\/p>\n<h1>PREVISIONI DEL TEMPO DA OGGI A LUNEDI<\/h1>\n<p><center><b>Venerdi 9<\/b><\/center><b>Tempo atteso: <\/b>Tempo discreto\/variabile in quota con nuvolosit\u00e0 medio-alta pi\u00f9 estesa nella prima parte del giorno, poi tratti soleggiati pi\u00f9 ampi; su alcuni settori prealpini le nubi basse potranno essere temporaneamente presenti ed estese, riducendo il soleggiamento. Clima un po&#8217; meno fresco di notte e relativamente mite di giorno, nonostante il deficit di sole rispetto a gioved\u00ec.<br \/>\n<b>Precipitazioni: <\/b>Perlopi\u00f9 assenti, salvo locali e sporadiche piovigggine (10%).<br \/>\n<b>Temperature: <\/b>Minime stazionarie in quota e in aumento nelle valli, ad eccezione delle valli non interessate da nubi basse, dove saranno stazionarie; massime senza variazioni di rilievo o in lieve calo nelle valli. Sono previsti massimi di 11\/12\u00b0C nelle conche prealpine e 8\/10\u00b0C a 1000\/1200 m. Su Prealpi a 1500 m min 4\u00b0C max 7\u00b0C, a 2000 m min 2\u00b0C max 4\u00b0C. Su Dolomiti a 2000 m min 1\u00b0C max 4\u00b0C, a 3000 m min -4\u00b0C max -3\u00b0C.<br \/>\n<b>Venti: <\/b>Nelle valli deboli di direzione variabile; in quota deboli\/moderati da Sud-Ovest, a 5-15 km\/h a 2000 m, 15-30 km\/h a 3000 m.<\/p>\n<hr \/>\n<p><center><b>Sabato 10<\/b><\/center><b>Tempo atteso: <\/b>Sulle Dolomiti sole, aria tersa ed ottima visibilit\u00e0, sulle Prealpi sole in quota e possibili nubi basse su alcuni settori, specie nel catino bellunese. Al pomeriggio la nuvolosit\u00e0 bassa potrebbe gradualmente estendersi a molte valli dolomitiche, confinando il sole alle quote medio-alte. Clima pi\u00f9 fresco all&#8217;alba con inversione termica nelle valli dolomitiche, sempre mite per il periodo di giorno.<br \/>\n<b>Precipitazioni: <\/b>Assenti in giornata (0%) e possibilit\u00e0 di 2 gocce in serata (10%).<br \/>\n<b>Temperature: <\/b>Minime in generale leggera diminuzione; massime stazionarie o localmente in aumento nelle valli. Sono previsti massimi di 12\/14\u00b0C nei fondovalle prealpini e di 9\/11\u00b0C a 1000\/1200 m. Su Prealpi a 1500 m min 3\u00b0C max 6\u00b0C, a 2000 m min 0\u00b0C max 3\u00b0C. Su Dolomiti a 2000 m min -1\u00b0C max 3\u00b0C, a 3000 m min -5\u00b0C max -2\u00b0C.<br \/>\n<b>Venti: <\/b>Nelle valli deboli di direzione variabile; in quota deboli\/moderati da Sud-Ovest, a 5-15 km\/h a 2000 m, 20-35 km\/h a 3000 m.<\/p>\n<hr \/>\n<p><center><b>Domenica 11<\/b><\/center>Brevi schiarite in un ambiente assai uggioso per duplice copertura nuvolosa con transito di nubi medie stratiformi, assieme a molte nubi basse, anche persistenti. Nelle valli temperature minime in rialzo e massime in calo, mentre i valori termici saranno pressoch\u00e9 stazionari in quota. Venti moderati\/tesi da Sud-Ovest in quota.<\/p>\n<hr \/>\n<p><center><b>Lunedi 12<\/b><\/center>Tempo in prevalenza soleggiato con transito di qualche velatura. Temperature minime in diminuzione con probabile inversione termica notturna nelle valli e in lieve rialzo in quota, massime in generale ripresa. Venti moderati\/tesi occidentali in quota e deboli di direzione variabile nelle valli. Previsore: R.L.Th. Aggiornamento bollettino Dolomiti Neve e Valanghe:<\/p>\n<p>&nbsp;<\/p>\n","protected":false},"excerpt":{"rendered":"<p>Oggi la visita del vice premier Luigi di Maio a Rocca Pietore con il Ministro Fraccaro. Anche i pentastellati hanno deciso di farsi vedere ai piedi della Marmolada come gi\u00e0 fatto in due occasioni dal Governatore Luca Zaia. &#8220;Nella maggior parte dell&#8217;agordino sta rientrando lentamente tutto. Qui siamo in ginocchio&#8221; lo dice il sindaco Andrea&hellip;<\/p>\n","protected":false},"author":1,"featured_media":66024,"comment_status":"closed","ping_status":"closed","sticky":false,"template":"","format":"standard","meta":{"_monsterinsights_skip_tracking":false,"_monsterinsights_sitenote_active":false,"_monsterinsights_sitenote_note":"","_monsterinsights_sitenote_category":0,"footnotes":""},"categories":[86],"tags":[],"class_list":["post-66008","post","type-post","status-publish","format-standard","has-post-thumbnail","hentry","category-gr","category-86","description-off"],"img_url":"https:\/\/www.radiopiu.net\/wordpress\/wp-content\/uploads\/2018\/11\/La-morte-di-Seneca-Sebastiano-Ricci.jpg","_links":{"self":[{"href":"https:\/\/www.radiopiu.net\/wordpress\/wp-json\/wp\/v2\/posts\/66008","targetHints":{"allow":["GET"]}}],"collection":[{"href":"https:\/\/www.radiopiu.net\/wordpress\/wp-json\/wp\/v2\/posts"}],"about":[{"href":"https:\/\/www.radiopiu.net\/wordpress\/wp-json\/wp\/v2\/types\/post"}],"author":[{"embeddable":true,"href":"https:\/\/www.radiopiu.net\/wordpress\/wp-json\/wp\/v2\/users\/1"}],"replies":[{"embeddable":true,"href":"https:\/\/www.radiopiu.net\/wordpress\/wp-json\/wp\/v2\/comments?post=66008"}],"version-history":[{"count":0,"href":"https:\/\/www.radiopiu.net\/wordpress\/wp-json\/wp\/v2\/posts\/66008\/revisions"}],"wp:featuredmedia":[{"embeddable":true,"href":"https:\/\/www.radiopiu.net\/wordpress\/wp-json\/wp\/v2\/media\/66024"}],"wp:attachment":[{"href":"https:\/\/www.radiopiu.net\/wordpress\/wp-json\/wp\/v2\/media?parent=66008"}],"wp:term":[{"taxonomy":"category","embeddable":true,"href":"https:\/\/www.radiopiu.net\/wordpress\/wp-json\/wp\/v2\/categories?post=66008"},{"taxonomy":"post_tag","embeddable":true,"href":"https:\/\/www.radiopiu.net\/wordpress\/wp-json\/wp\/v2\/tags?post=66008"}],"curies":[{"name":"wp","href":"https:\/\/api.w.org\/{rel}","templated":true}]}}