{"id":66067,"date":"2018-11-09T07:05:28","date_gmt":"2018-11-09T06:05:28","guid":{"rendered":"http:\/\/www.radiopiu.net\/wordpress\/?p=66067"},"modified":"2018-11-12T17:08:29","modified_gmt":"2018-11-12T16:08:29","slug":"di-maio-a-rocca-pietore-scuole-chiuse-a-gosaldo-e-furto-di-un-gruppo-elettrogeno-a-le-campe","status":"publish","type":"post","link":"https:\/\/www.radiopiu.net\/wordpress\/di-maio-a-rocca-pietore-scuole-chiuse-a-gosaldo-e-furto-di-un-gruppo-elettrogeno-a-le-campe\/","title":{"rendered":"DI MAIO A ROCCA PIETORE, SCUOLE CHIUSE A GOSALDO E FURTO DI UN GRUPPO ELETTROGENO A LE CAMPE"},"content":{"rendered":"<blockquote><p><em>Oggi la visita del vice premier Luigi di Maio a Rocca Pietore con il Ministro Fraccaro. Anche i pentastellati hanno deciso di farsi vedere ai piedi della Marmolada come gi\u00e0 fatto in due occasioni dal Governatore Luca Zaia. &#8220;Nella maggior parte dell&#8217;agordino sta rientrando lentamente tutto. Qui siamo in ginocchio&#8221; lo dice il sindaco Andrea De Bernardin. Di Maio probabilmente non salir\u00e0 in auto, ma voler\u00e0 sopra le Dolomiti. Non potr\u00e0 vedere il problema della 203 agordina che collassa ad Agordo o a Cencenighe, oppure Gosaldo duramente colpito dall&#8217;alluvione come tutta la zona del Poi e Taibon con la sua valle di San Lucano. Non passer\u00e0 nemmeno per Alleghe dove il lago si \u00e8 alzato per 2 metri. Intanto a Cencenighe due fratelli combattono contro leggi e burocrazia per salvaguardare la loro casa dalla furia di un ruscello che per poco, dopo aver allagato una frazione, ha messo anche a rischio la strada principale dell&#8217;Agordino. E intanto continuano i furti della vergogna.\u00a0Il gasolio a Selva e un furto ad Agordo in pieno giorno, ieri \u00e8 sparito un gruppo\u00a0 elettrogeno a Le Campe: un gruppo elettrogeno Mosa 125 rosso, enorme da 120 kilowatt del peso di qualche tonellata, fino a ieri sera a Le Campe la speranza era che fosse stato spostato da qualche ditta o dall&#8217;Enel in altro sito, ma ad oggi non \u00e8 giunta alcuna\u00a0 notizia cos\u00ec confortante. I ladri non si fermano nemmeno davanti alle tragedie e al pericolo, l&#8217;altro pomeriggio hanno rubato in un appartamento in localit\u00e0 Pragrande ad Agordo. &#8220;Non ci siamo accorti e non abbiamo neanche sentito qualcosa di strano in giro mercoled\u00ec pomeriggio&#8221;, lo hanno riferito i vicini di casa. A Gosaldo Le scuole Materna e primaria riaprono luned\u00ec. Infine ieri a San Tomaso grandi lavori per la strada di Sot Colar\u00f9 mentre\u00a0 Walber egala bottiglie d&#8217;acqua a chi ne ha bisogno, 3000 casse d&#8217;acqua Omino a disposizione DOMANI\u00a0 gratuitamente in localit\u00e0 Le Campe nel nuovo W STORE\u00a0<\/em><\/p>\n<p>&nbsp;<\/p><\/blockquote>\n<h1><\/h1>\n","protected":false},"excerpt":{"rendered":"<p>Oggi la visita del vice premier Luigi di Maio a Rocca Pietore con il Ministro Fraccaro. Anche i pentastellati hanno deciso di farsi vedere ai piedi della Marmolada come gi\u00e0 fatto in due occasioni dal Governatore Luca Zaia. &#8220;Nella maggior parte dell&#8217;agordino sta rientrando lentamente tutto. Qui siamo in ginocchio&#8221; lo dice il sindaco Andrea&hellip;<\/p>\n","protected":false},"author":1,"featured_media":66016,"comment_status":"closed","ping_status":"closed","sticky":false,"template":"","format":"standard","meta":{"_monsterinsights_skip_tracking":false,"_monsterinsights_sitenote_active":false,"_monsterinsights_sitenote_note":"","_monsterinsights_sitenote_category":0,"footnotes":""},"categories":[1],"tags":[],"class_list":["post-66067","post","type-post","status-publish","format-standard","has-post-thumbnail","hentry","category-senza-categoria","category-1","description-off"],"img_url":"https:\/\/www.radiopiu.net\/wordpress\/wp-content\/uploads\/2018\/11\/d7bc9144-e131-4370-94a3-1438a508df8b.jpg","_links":{"self":[{"href":"https:\/\/www.radiopiu.net\/wordpress\/wp-json\/wp\/v2\/posts\/66067","targetHints":{"allow":["GET"]}}],"collection":[{"href":"https:\/\/www.radiopiu.net\/wordpress\/wp-json\/wp\/v2\/posts"}],"about":[{"href":"https:\/\/www.radiopiu.net\/wordpress\/wp-json\/wp\/v2\/types\/post"}],"author":[{"embeddable":true,"href":"https:\/\/www.radiopiu.net\/wordpress\/wp-json\/wp\/v2\/users\/1"}],"replies":[{"embeddable":true,"href":"https:\/\/www.radiopiu.net\/wordpress\/wp-json\/wp\/v2\/comments?post=66067"}],"version-history":[{"count":0,"href":"https:\/\/www.radiopiu.net\/wordpress\/wp-json\/wp\/v2\/posts\/66067\/revisions"}],"wp:featuredmedia":[{"embeddable":true,"href":"https:\/\/www.radiopiu.net\/wordpress\/wp-json\/wp\/v2\/media\/66016"}],"wp:attachment":[{"href":"https:\/\/www.radiopiu.net\/wordpress\/wp-json\/wp\/v2\/media?parent=66067"}],"wp:term":[{"taxonomy":"category","embeddable":true,"href":"https:\/\/www.radiopiu.net\/wordpress\/wp-json\/wp\/v2\/categories?post=66067"},{"taxonomy":"post_tag","embeddable":true,"href":"https:\/\/www.radiopiu.net\/wordpress\/wp-json\/wp\/v2\/tags?post=66067"}],"curies":[{"name":"wp","href":"https:\/\/api.w.org\/{rel}","templated":true}]}}