{"id":66104,"date":"2018-11-10T06:22:27","date_gmt":"2018-11-10T05:22:27","guid":{"rendered":"http:\/\/www.radiopiu.net\/wordpress\/?p=66104"},"modified":"2018-11-10T14:18:53","modified_gmt":"2018-11-10T13:18:53","slug":"giornale-radiopiu-10-novembre-2018-direttore-mirko-mezzacasa","status":"publish","type":"post","link":"https:\/\/www.radiopiu.net\/wordpress\/giornale-radiopiu-10-novembre-2018-direttore-mirko-mezzacasa\/","title":{"rendered":"GIORNALE RADIOPIU 10 NOVEMBRE 2018 DIRETTORE MIRKO MEZZACASA"},"content":{"rendered":"<blockquote><p><em><strong>Gestione Servizi Pubblici informa che in TUTTO IL COMUNE DI AGORDO (Ospedale e Luxottica compresi), ad eccezione delle frazioni di BRIES SOPRA STRADA, PROMPICAI, PARECH, PIASENT, COLVIGNAS, FARENZENA e TOCCOL, l&#8217;acqua erogata dall&#8217;acquedotto \u00e8 di nuovo potabile e pu\u00f2 essere usata, quindi, per scopi alimentari.<\/strong><\/em><\/p><\/blockquote>\n<p>&nbsp;<\/p>\n<h1>NOTIZIA MERAVIGLIOSA&#8230;.<br \/>\nil gruppo elettrogeno che si presumeva &#8220;rubato&#8221; in localit\u00e0 Le Campe \u00e8 stato ritrovato:si \u00e8 trattato di un disguido<\/h1>\n<h1><\/h1>\n<h1><\/h1>\n<p>&nbsp;<\/p>\n<h1>FURTI A FELTRE<\/h1>\n<p>Bottino: 50 mila euro. I ladri hanno agito nel pomeriggio di giovedi vicino alle poste di Pedavena. Svaligiato l&#8217;appartamento e scassinata la cassaforte. Due uomini e una donna in fuga con soldi e gioielli, sono stati visti da un vicino. Sono entrati in azione in pieno giorno, di certo esperti e capaci di aprire la cassaforte in tempi brevi. I ladri erano a conoscenza che in casa abitava una sola donna e pure anziana, pensionata e vedova.<br \/>\nAltri furti a Lamon (sparito un borsello da un negozio),\u00a0 Villaga (altra intrusione in abitazione, tanti danni ma nulla da rubare se non pochi spiccioli) e Nemeggio (tentato furto degli spogliatoi).<\/p>\n<p>&nbsp;<\/p>\n<p>&nbsp;<\/p>\n<h1>IL SOTTOSEGRETARIO GLI INTERNI STEFANO CANDIANI INCONTRA I SINDACI DELL&#8217;AGORDINO, DALLA VALLE SI SAN LUCANO A TUTTI I LUOGHI ALLUVIONATI<\/h1>\n<blockquote><p><em>&#8220;In questi territorio bisogna venirci, bisogna evitare che accada quello che \u00e8 successo nelle zone del territorio&#8221;.<\/em><\/p><\/blockquote>\n<p><strong>IL SINDACO DI SELVA DI CADORE, SILVIA CESTARO<\/strong><\/p>\n<audio class=\"wp-audio-shortcode\" id=\"audio-66104-1\" preload=\"none\" style=\"width: 100%;\" controls=\"controls\"><source type=\"audio\/ogg\" src=\"http:\/\/www.radiopiu.net\/wordpress\/wp-content\/uploads\/2018\/11\/SILVIA.ogg?_=1\" \/><a href=\"http:\/\/www.radiopiu.net\/wordpress\/wp-content\/uploads\/2018\/11\/SILVIA.ogg\">http:\/\/www.radiopiu.net\/wordpress\/wp-content\/uploads\/2018\/11\/SILVIA.ogg<\/a><\/audio>\n<p><strong>IL SINDACO DI ALLEGHE SIRO DE BIASIO\u00a0<\/strong><\/p>\n<audio class=\"wp-audio-shortcode\" id=\"audio-66104-2\" preload=\"none\" style=\"width: 100%;\" controls=\"controls\"><source type=\"audio\/ogg\" src=\"http:\/\/www.radiopiu.net\/wordpress\/wp-content\/uploads\/2018\/11\/SIRO.ogg?_=2\" \/><a href=\"http:\/\/www.radiopiu.net\/wordpress\/wp-content\/uploads\/2018\/11\/SIRO.ogg\">http:\/\/www.radiopiu.net\/wordpress\/wp-content\/uploads\/2018\/11\/SIRO.ogg<\/a><\/audio>\n\n\t\t\t<style type='text\/css'>\n\t\t\t\t#gallery-1 {\n\t\t\t\t\tmargin: auto;\n\t\t\t\t}\n\t\t\t\t#gallery-1 .gallery-item {\n\t\t\t\t\tfloat: left;\n\t\t\t\t\tmargin-top: 10px;\n\t\t\t\t\ttext-align: center;\n\t\t\t\t\twidth: 33%;\n\t\t\t\t}\n\t\t\t\t#gallery-1 img {\n\t\t\t\t\tborder: 2px solid #cfcfcf;\n\t\t\t\t}\n\t\t\t\t#gallery-1 .gallery-caption {\n\t\t\t\t\tmargin-left: 0;\n\t\t\t\t}\n\t\t\t\t\/* see gallery_shortcode() in wp-includes\/media.php *\/\n\t\t\t<\/style>\n\t\t<div id='gallery-1' class='dt-gallery-container gallery galleryid-66104 gallery-columns-3 gallery-size-thumbnail'><dl class='gallery-item'>\n\t\t\t\t<dt class='gallery-icon portrait'>\n\t\t\t\t\t<a class=\"rollover\" href='https:\/\/www.radiopiu.net\/wordpress\/giornale-radiopiu-10-novembre-2018-direttore-mirko-mezzacasa\/whatsapp-image-2018-11-09-at-19-11-04\/'><img loading=\"lazy\" decoding=\"async\" width=\"150\" height=\"150\" src=\"https:\/\/www.radiopiu.net\/wordpress\/wp-content\/uploads\/2018\/11\/WhatsApp-Image-2018-11-09-at-19.11.04-150x150.jpeg\" class=\"attachment-thumbnail size-thumbnail\" alt=\"\" \/><\/a>\n\t\t\t\t<\/dt><\/dl><dl class='gallery-item'>\n\t\t\t\t<dt class='gallery-icon landscape'>\n\t\t\t\t\t<a class=\"rollover\" href='https:\/\/www.radiopiu.net\/wordpress\/giornale-radiopiu-10-novembre-2018-direttore-mirko-mezzacasa\/candiani-9\/'><img loading=\"lazy\" decoding=\"async\" width=\"150\" height=\"150\" src=\"https:\/\/www.radiopiu.net\/wordpress\/wp-content\/uploads\/2018\/11\/CANDIANI-9-150x150.jpg\" class=\"attachment-thumbnail size-thumbnail\" alt=\"\" \/><\/a>\n\t\t\t\t<\/dt><\/dl><dl class='gallery-item'>\n\t\t\t\t<dt class='gallery-icon landscape'>\n\t\t\t\t\t<a class=\"rollover\" href='https:\/\/www.radiopiu.net\/wordpress\/giornale-radiopiu-10-novembre-2018-direttore-mirko-mezzacasa\/candiani-8\/'><img loading=\"lazy\" decoding=\"async\" width=\"150\" height=\"150\" src=\"https:\/\/www.radiopiu.net\/wordpress\/wp-content\/uploads\/2018\/11\/CANDIANI-8-150x150.jpg\" class=\"attachment-thumbnail size-thumbnail\" alt=\"\" \/><\/a>\n\t\t\t\t<\/dt><\/dl><br style=\"clear: both\" \/><dl class='gallery-item'>\n\t\t\t\t<dt class='gallery-icon landscape'>\n\t\t\t\t\t<a class=\"rollover\" href='https:\/\/www.radiopiu.net\/wordpress\/giornale-radiopiu-10-novembre-2018-direttore-mirko-mezzacasa\/candiani-5\/'><img loading=\"lazy\" decoding=\"async\" width=\"150\" height=\"150\" src=\"https:\/\/www.radiopiu.net\/wordpress\/wp-content\/uploads\/2018\/11\/CANDIANI-5-150x150.jpg\" class=\"attachment-thumbnail size-thumbnail\" alt=\"\" \/><\/a>\n\t\t\t\t<\/dt><\/dl><dl class='gallery-item'>\n\t\t\t\t<dt class='gallery-icon landscape'>\n\t\t\t\t\t<a class=\"rollover\" href='https:\/\/www.radiopiu.net\/wordpress\/giornale-radiopiu-10-novembre-2018-direttore-mirko-mezzacasa\/candiani-4\/'><img loading=\"lazy\" decoding=\"async\" width=\"150\" height=\"150\" src=\"https:\/\/www.radiopiu.net\/wordpress\/wp-content\/uploads\/2018\/11\/CANDIANI-4-150x150.jpg\" class=\"attachment-thumbnail size-thumbnail\" alt=\"\" \/><\/a>\n\t\t\t\t<\/dt><\/dl><dl class='gallery-item'>\n\t\t\t\t<dt class='gallery-icon landscape'>\n\t\t\t\t\t<a class=\"rollover\" href='https:\/\/www.radiopiu.net\/wordpress\/giornale-radiopiu-10-novembre-2018-direttore-mirko-mezzacasa\/candiani-3\/'><img loading=\"lazy\" decoding=\"async\" width=\"150\" height=\"150\" src=\"https:\/\/www.radiopiu.net\/wordpress\/wp-content\/uploads\/2018\/11\/CANDIANI-3-150x150.jpg\" class=\"attachment-thumbnail size-thumbnail\" alt=\"\" \/><\/a>\n\t\t\t\t<\/dt><\/dl><br style=\"clear: both\" \/><dl class='gallery-item'>\n\t\t\t\t<dt class='gallery-icon landscape'>\n\t\t\t\t\t<a class=\"rollover\" href='https:\/\/www.radiopiu.net\/wordpress\/giornale-radiopiu-10-novembre-2018-direttore-mirko-mezzacasa\/candiani-1\/'><img loading=\"lazy\" decoding=\"async\" width=\"150\" height=\"150\" src=\"https:\/\/www.radiopiu.net\/wordpress\/wp-content\/uploads\/2018\/11\/CANDIANI-1-150x150.jpg\" class=\"attachment-thumbnail size-thumbnail\" alt=\"\" \/><\/a>\n\t\t\t\t<\/dt><\/dl>\n\t\t\t\t<br style='clear: both' \/>\n\t\t\t<\/div>\n\n<p>&nbsp;<\/p>\n<p>&nbsp;<\/p>\n<p>&nbsp;<\/p>\n<h1>IL RIASSUNTO DI UNA GIORNATA CON DI MAIO E FRACCARO\u00a0 A ROCCA PIETORE E SOTTOGUDA.<\/h1>\n<p><strong>DI GIANNI SANTOMASO<\/strong><\/p>\n<p>Luigi Di Mario arriva a Rocca Pietore per un sopralluogo a Sottoguda e ai Serrai e un incontro con gli imprenditori e i rappresentanti delle associazioni. Assicura che ci saranno i soldi, chiede che prima vengano<br \/>\nfatte le perizie, spiega che il governo \u00e8 accanto alle popolazioni alluvionate e promette che tutto si far\u00e0 in fretta.<\/p>\n<audio class=\"wp-audio-shortcode\" id=\"audio-66104-3\" preload=\"none\" style=\"width: 100%;\" controls=\"controls\"><source type=\"audio\/ogg\" src=\"http:\/\/www.radiopiu.net\/wordpress\/wp-content\/uploads\/2018\/11\/GIANNI1.ogg?_=3\" \/><a href=\"http:\/\/www.radiopiu.net\/wordpress\/wp-content\/uploads\/2018\/11\/GIANNI1.ogg\">http:\/\/www.radiopiu.net\/wordpress\/wp-content\/uploads\/2018\/11\/GIANNI1.ogg<\/a><\/audio>\n<h2><em>Di Maio\u00a0\u00abSo che siete stati dei grandi\u00bb<\/em><\/h2>\n\n\t\t\t<style type='text\/css'>\n\t\t\t\t#gallery-2 {\n\t\t\t\t\tmargin: auto;\n\t\t\t\t}\n\t\t\t\t#gallery-2 .gallery-item {\n\t\t\t\t\tfloat: left;\n\t\t\t\t\tmargin-top: 10px;\n\t\t\t\t\ttext-align: center;\n\t\t\t\t\twidth: 33%;\n\t\t\t\t}\n\t\t\t\t#gallery-2 img {\n\t\t\t\t\tborder: 2px solid #cfcfcf;\n\t\t\t\t}\n\t\t\t\t#gallery-2 .gallery-caption {\n\t\t\t\t\tmargin-left: 0;\n\t\t\t\t}\n\t\t\t\t\/* see gallery_shortcode() in wp-includes\/media.php *\/\n\t\t\t<\/style>\n\t\t<div id='gallery-2' class='dt-gallery-container gallery galleryid-66104 gallery-columns-3 gallery-size-thumbnail'><dl class='gallery-item'>\n\t\t\t\t<dt class='gallery-icon landscape'>\n\t\t\t\t\t<a class=\"rollover\" href='https:\/\/www.radiopiu.net\/wordpress\/giornale-radiopiu-10-novembre-2018-direttore-mirko-mezzacasa\/0927535f-b847-4ffc-a719-65307a353e86\/'><img loading=\"lazy\" decoding=\"async\" width=\"150\" height=\"150\" src=\"https:\/\/www.radiopiu.net\/wordpress\/wp-content\/uploads\/2018\/11\/0927535f-b847-4ffc-a719-65307a353e86-150x150.jpg\" class=\"attachment-thumbnail size-thumbnail\" alt=\"\" \/><\/a>\n\t\t\t\t<\/dt><\/dl><dl class='gallery-item'>\n\t\t\t\t<dt class='gallery-icon landscape'>\n\t\t\t\t\t<a class=\"rollover\" href='https:\/\/www.radiopiu.net\/wordpress\/giornale-radiopiu-10-novembre-2018-direttore-mirko-mezzacasa\/579a7b83-99d1-4e5e-9449-a747ab008b68\/'><img loading=\"lazy\" decoding=\"async\" width=\"150\" height=\"150\" src=\"https:\/\/www.radiopiu.net\/wordpress\/wp-content\/uploads\/2018\/11\/579a7b83-99d1-4e5e-9449-a747ab008b68-150x150.jpg\" class=\"attachment-thumbnail size-thumbnail\" alt=\"\" \/><\/a>\n\t\t\t\t<\/dt><\/dl><dl class='gallery-item'>\n\t\t\t\t<dt class='gallery-icon landscape'>\n\t\t\t\t\t<a class=\"rollover\" href='https:\/\/www.radiopiu.net\/wordpress\/giornale-radiopiu-10-novembre-2018-direttore-mirko-mezzacasa\/0f56f729-dc0c-4395-99e8-7a536293817e\/'><img loading=\"lazy\" decoding=\"async\" width=\"150\" height=\"150\" src=\"https:\/\/www.radiopiu.net\/wordpress\/wp-content\/uploads\/2018\/11\/0f56f729-dc0c-4395-99e8-7a536293817e-150x150.jpg\" class=\"attachment-thumbnail size-thumbnail\" alt=\"\" \/><\/a>\n\t\t\t\t<\/dt><\/dl><br style=\"clear: both\" \/>\n\t\t\t<\/div>\n\n<h1>COSA PUO&#8217; FARE IL GOVERNO CENTRALE PER EVITARE LO SPOPOLAMENTO DELLA MONTAGNA? L&#8217;IMPORTANZA DELLE AREE INTERNE<\/h1>\n<audio class=\"wp-audio-shortcode\" id=\"audio-66104-4\" preload=\"none\" style=\"width: 100%;\" controls=\"controls\"><source type=\"audio\/ogg\" src=\"http:\/\/www.radiopiu.net\/wordpress\/wp-content\/uploads\/2018\/11\/GIANNI2.ogg?_=4\" \/><a href=\"http:\/\/www.radiopiu.net\/wordpress\/wp-content\/uploads\/2018\/11\/GIANNI2.ogg\">http:\/\/www.radiopiu.net\/wordpress\/wp-content\/uploads\/2018\/11\/GIANNI2.ogg<\/a><\/audio>\n<p>&nbsp;<\/p>\n<p>&nbsp;<\/p>\n<p>&nbsp;<\/p>\n<h1>L&#8217;INCONTRO TRA GLI OPERATORI TURISTICI E ASSOCIAZIONI<\/h1>\n<p><a class=\"dt-pswp-item\" href=\"http:\/\/www.radiopiu.net\/wordpress\/wp-content\/uploads\/2018\/11\/WhatsApp-Image-2018-11-09-at-15.30.09-1.jpeg\" data-dt-img-description=\"\" data-large_image_width=\"1600\" data-large_image_height=\"901\"><img loading=\"lazy\" decoding=\"async\" class=\"alignnone size-medium wp-image-66111\" src=\"http:\/\/www.radiopiu.net\/wordpress\/wp-content\/uploads\/2018\/11\/WhatsApp-Image-2018-11-09-at-15.30.09-1-300x169.jpeg\" alt=\"\" width=\"300\" height=\"169\" srcset=\"https:\/\/www.radiopiu.net\/wordpress\/wp-content\/uploads\/2018\/11\/WhatsApp-Image-2018-11-09-at-15.30.09-1-300x169.jpeg 300w, https:\/\/www.radiopiu.net\/wordpress\/wp-content\/uploads\/2018\/11\/WhatsApp-Image-2018-11-09-at-15.30.09-1-768x432.jpeg 768w, https:\/\/www.radiopiu.net\/wordpress\/wp-content\/uploads\/2018\/11\/WhatsApp-Image-2018-11-09-at-15.30.09-1-1024x577.jpeg 1024w, https:\/\/www.radiopiu.net\/wordpress\/wp-content\/uploads\/2018\/11\/WhatsApp-Image-2018-11-09-at-15.30.09-1.jpeg 1600w\" sizes=\"auto, (max-width: 300px) 100vw, 300px\" \/><\/a><\/p>\n<audio class=\"wp-audio-shortcode\" id=\"audio-66104-5\" preload=\"none\" style=\"width: 100%;\" controls=\"controls\"><source type=\"audio\/ogg\" src=\"http:\/\/www.radiopiu.net\/wordpress\/wp-content\/uploads\/2018\/11\/GIANNI-3-1.ogg?_=5\" \/><a href=\"http:\/\/www.radiopiu.net\/wordpress\/wp-content\/uploads\/2018\/11\/GIANNI-3-1.ogg\">http:\/\/www.radiopiu.net\/wordpress\/wp-content\/uploads\/2018\/11\/GIANNI-3-1.ogg<\/a><\/audio>\n<p>&nbsp;<\/p>\n<p>&nbsp;<\/p>\n<p>&nbsp;<\/p>\n<h1>MALTEMPO, FRACCARO: VENETO FORTE E VENITE QUI IN VACANZA<\/h1>\n<p><a class=\"dt-pswp-item\" href=\"http:\/\/www.radiopiu.net\/wordpress\/wp-content\/uploads\/2018\/11\/579a7b83-99d1-4e5e-9449-a747ab008b68.jpg\" data-dt-img-description=\"\" data-large_image_width=\"1600\" data-large_image_height=\"901\"><img loading=\"lazy\" decoding=\"async\" class=\"size-medium wp-image-66116 alignleft\" src=\"http:\/\/www.radiopiu.net\/wordpress\/wp-content\/uploads\/2018\/11\/579a7b83-99d1-4e5e-9449-a747ab008b68-300x169.jpg\" alt=\"\" width=\"300\" height=\"169\" srcset=\"https:\/\/www.radiopiu.net\/wordpress\/wp-content\/uploads\/2018\/11\/579a7b83-99d1-4e5e-9449-a747ab008b68-300x169.jpg 300w, https:\/\/www.radiopiu.net\/wordpress\/wp-content\/uploads\/2018\/11\/579a7b83-99d1-4e5e-9449-a747ab008b68-768x432.jpg 768w, https:\/\/www.radiopiu.net\/wordpress\/wp-content\/uploads\/2018\/11\/579a7b83-99d1-4e5e-9449-a747ab008b68-1024x577.jpg 1024w, https:\/\/www.radiopiu.net\/wordpress\/wp-content\/uploads\/2018\/11\/579a7b83-99d1-4e5e-9449-a747ab008b68.jpg 1600w\" sizes=\"auto, (max-width: 300px) 100vw, 300px\" \/><\/a>\u201cIl maltempo che ha devastato questo territorio non ha piegato lo spirito della popolazione, forte e laboriosa. Siamo qui per esprimere la nostra concreta solidariet\u00e0 ai cittadini. Abbiamo dichiarato subito lo stato di emergenza stanziando le prime risorse per aiutare le popolazioni colpite e, come portavoce M5S, abbiamo deciso di destinare il taglio dei nostri stipendi al Fondo della Protezione Civile. Il Governo c\u2019\u00e8\u201d. Lo afferma il ministro per i Rapporti con il Parlamento e la Democrazia Diretta, Riccardo Fraccaro, che insieme al vicepremier e ministro del Lavoro e dello Sviluppo economico, Luigi Di Maio, ha visitato questo pomeriggio Rocca Pietore incontrando il sindaco e agli uomini della Protezione Civile per effettuare i sopralluoghi e cittadini e imprenditori ascoltando le loro esigenze. \u201cLanciamo l\u2019appello agli italiani &#8211; aggiunge Fraccaro &#8211; affinch\u00e9 vengano in vacanza qui per la stagione invernale. Troveranno un\u2019accoglienza ancora pi\u00f9 straordinaria. \u00c8 il modo migliore per supportare e sostenere la comunit\u00e0 bellunesi che si stanno rialzando con grande orgoglio e dopo quanto successo. Il nostro ringraziamento pi\u00f9 sentito va ai soccorritori per lo straordinario lavoro di questi giorni. Noi siamo qui per sostenere la comunit\u00e0 e accoglieremo le loro istanze in Parlamento, siamo pronti a interventi normativi ad hoc &#8211; conclude Fraccaro &#8211; per consentire al pi\u00f9 presto il ritorno alla normalit\u00e0\u201d.<\/p>\n<p>&nbsp;<\/p>\n<p>&nbsp;<\/p>\n<p>&nbsp;<\/p>\n<h1>OGGI VISITA NEL BELLUNESE DELLA PRESIDENTE DEL SENATO CASELLATI ACCOMPAGNATA DA ZAIA. PUNTO STAMPA ALLE 11.00 ALL\u2019AEROPORTO DI BELLUNO<\/h1>\n<p><strong>VENEZIA<\/strong>\u00a0 La Presidente del Senato, Maria Elisabetta Casellati, accompagnata dal Presidente della Regione Veneto, Luca Zaia, si recher\u00e0\u00a0 oggi, in visita ai territori del bellunese gravemente colpiti dall\u2019ondata di maltempo dei giorni scorsi. La Seconda Carica dello Stato e il Governatore inizieranno di buon mattino con un sopralluogo a Rocca Pietore, per poi sorvolare in elicottero i territori dell\u2019Agordino, del Comelico e del Cadore. Casellati e Zaia terranno quindi un punto stampa, fissato per le ore 11.00 presso il Centro Coordinamento Soccorsi all\u2019Aeroporto di Belluno.<\/p>\n<p>&nbsp;<\/p>\n<p>&nbsp;<\/p>\n<p>&nbsp;<\/p>\n<h1>MASSARO &#8220;SUL NEVEGAL E&#8217; UN DISASTRO&#8221;, IL PUNTO<\/h1>\n<audio class=\"wp-audio-shortcode\" id=\"audio-66104-6\" preload=\"none\" style=\"width: 100%;\" controls=\"controls\"><source type=\"audio\/mpeg\" src=\"http:\/\/www.radiopiu.net\/wordpress\/wp-content\/uploads\/2018\/11\/MASSARO-1.mp3?_=6\" \/><a href=\"http:\/\/www.radiopiu.net\/wordpress\/wp-content\/uploads\/2018\/11\/MASSARO-1.mp3\">http:\/\/www.radiopiu.net\/wordpress\/wp-content\/uploads\/2018\/11\/MASSARO-1.mp3<\/a><\/audio>\n\n\t\t\t<style type='text\/css'>\n\t\t\t\t#gallery-3 {\n\t\t\t\t\tmargin: auto;\n\t\t\t\t}\n\t\t\t\t#gallery-3 .gallery-item {\n\t\t\t\t\tfloat: left;\n\t\t\t\t\tmargin-top: 10px;\n\t\t\t\t\ttext-align: center;\n\t\t\t\t\twidth: 33%;\n\t\t\t\t}\n\t\t\t\t#gallery-3 img {\n\t\t\t\t\tborder: 2px solid #cfcfcf;\n\t\t\t\t}\n\t\t\t\t#gallery-3 .gallery-caption {\n\t\t\t\t\tmargin-left: 0;\n\t\t\t\t}\n\t\t\t\t\/* see gallery_shortcode() in wp-includes\/media.php *\/\n\t\t\t<\/style>\n\t\t<div id='gallery-3' class='dt-gallery-container gallery galleryid-66104 gallery-columns-3 gallery-size-thumbnail'><dl class='gallery-item'>\n\t\t\t\t<dt class='gallery-icon landscape'>\n\t\t\t\t\t<a class=\"rollover\" href='https:\/\/www.radiopiu.net\/wordpress\/giornale-radiopiu-10-novembre-2018-direttore-mirko-mezzacasa\/massaro-soprallugo-nevegal-4\/'><img loading=\"lazy\" decoding=\"async\" width=\"150\" height=\"150\" src=\"https:\/\/www.radiopiu.net\/wordpress\/wp-content\/uploads\/2018\/11\/Massaro-Soprallugo-Nevegal-4-150x150.jpg\" class=\"attachment-thumbnail size-thumbnail\" alt=\"\" \/><\/a>\n\t\t\t\t<\/dt><\/dl><dl class='gallery-item'>\n\t\t\t\t<dt class='gallery-icon landscape'>\n\t\t\t\t\t<a class=\"rollover\" href='https:\/\/www.radiopiu.net\/wordpress\/giornale-radiopiu-10-novembre-2018-direttore-mirko-mezzacasa\/massaro-soprallugo-nevegal-5\/'><img loading=\"lazy\" decoding=\"async\" width=\"150\" height=\"150\" src=\"https:\/\/www.radiopiu.net\/wordpress\/wp-content\/uploads\/2018\/11\/Massaro-Soprallugo-Nevegal-5-150x150.jpg\" class=\"attachment-thumbnail size-thumbnail\" alt=\"\" \/><\/a>\n\t\t\t\t<\/dt><\/dl><dl class='gallery-item'>\n\t\t\t\t<dt class='gallery-icon landscape'>\n\t\t\t\t\t<a class=\"rollover\" href='https:\/\/www.radiopiu.net\/wordpress\/giornale-radiopiu-10-novembre-2018-direttore-mirko-mezzacasa\/massaro-soprallugo-nevegal-6\/'><img loading=\"lazy\" decoding=\"async\" width=\"150\" height=\"150\" src=\"https:\/\/www.radiopiu.net\/wordpress\/wp-content\/uploads\/2018\/11\/Massaro-Soprallugo-Nevegal-6-150x150.jpg\" class=\"attachment-thumbnail size-thumbnail\" alt=\"\" \/><\/a>\n\t\t\t\t<\/dt><\/dl><br style=\"clear: both\" \/><dl class='gallery-item'>\n\t\t\t\t<dt class='gallery-icon portrait'>\n\t\t\t\t\t<a class=\"rollover\" href='https:\/\/www.radiopiu.net\/wordpress\/giornale-radiopiu-10-novembre-2018-direttore-mirko-mezzacasa\/massaro-soprallugo-nevegal-7\/'><img loading=\"lazy\" decoding=\"async\" width=\"150\" height=\"150\" src=\"https:\/\/www.radiopiu.net\/wordpress\/wp-content\/uploads\/2018\/11\/Massaro-Soprallugo-Nevegal-7-150x150.jpg\" class=\"attachment-thumbnail size-thumbnail\" alt=\"\" \/><\/a>\n\t\t\t\t<\/dt><\/dl><dl class='gallery-item'>\n\t\t\t\t<dt class='gallery-icon landscape'>\n\t\t\t\t\t<a class=\"rollover\" href='https:\/\/www.radiopiu.net\/wordpress\/giornale-radiopiu-10-novembre-2018-direttore-mirko-mezzacasa\/massaro-soprallugo-nevegal-8\/'><img loading=\"lazy\" decoding=\"async\" width=\"150\" height=\"150\" src=\"https:\/\/www.radiopiu.net\/wordpress\/wp-content\/uploads\/2018\/11\/Massaro-Soprallugo-Nevegal-8-150x150.jpg\" class=\"attachment-thumbnail size-thumbnail\" alt=\"\" \/><\/a>\n\t\t\t\t<\/dt><\/dl><dl class='gallery-item'>\n\t\t\t\t<dt class='gallery-icon landscape'>\n\t\t\t\t\t<a class=\"rollover\" href='https:\/\/www.radiopiu.net\/wordpress\/giornale-radiopiu-10-novembre-2018-direttore-mirko-mezzacasa\/massaro-soprallugo-nevegal-9\/'><img loading=\"lazy\" decoding=\"async\" width=\"150\" height=\"150\" src=\"https:\/\/www.radiopiu.net\/wordpress\/wp-content\/uploads\/2018\/11\/Massaro-Soprallugo-Nevegal-9-150x150.jpg\" class=\"attachment-thumbnail size-thumbnail\" alt=\"\" \/><\/a>\n\t\t\t\t<\/dt><\/dl><br style=\"clear: both\" \/><dl class='gallery-item'>\n\t\t\t\t<dt class='gallery-icon landscape'>\n\t\t\t\t\t<a class=\"rollover\" href='https:\/\/www.radiopiu.net\/wordpress\/giornale-radiopiu-10-novembre-2018-direttore-mirko-mezzacasa\/massaro-soprallugo-nevegal-10\/'><img loading=\"lazy\" decoding=\"async\" width=\"150\" height=\"150\" src=\"https:\/\/www.radiopiu.net\/wordpress\/wp-content\/uploads\/2018\/11\/Massaro-Soprallugo-Nevegal-10-150x150.jpg\" class=\"attachment-thumbnail size-thumbnail\" alt=\"\" \/><\/a>\n\t\t\t\t<\/dt><\/dl><dl class='gallery-item'>\n\t\t\t\t<dt class='gallery-icon landscape'>\n\t\t\t\t\t<a class=\"rollover\" href='https:\/\/www.radiopiu.net\/wordpress\/giornale-radiopiu-10-novembre-2018-direttore-mirko-mezzacasa\/massaro-soprallugo-nevegal-11\/'><img loading=\"lazy\" decoding=\"async\" width=\"150\" height=\"150\" src=\"https:\/\/www.radiopiu.net\/wordpress\/wp-content\/uploads\/2018\/11\/Massaro-Soprallugo-Nevegal-11-150x150.jpg\" class=\"attachment-thumbnail size-thumbnail\" alt=\"\" \/><\/a>\n\t\t\t\t<\/dt><\/dl><dl class='gallery-item'>\n\t\t\t\t<dt class='gallery-icon portrait'>\n\t\t\t\t\t<a class=\"rollover\" href='https:\/\/www.radiopiu.net\/wordpress\/giornale-radiopiu-10-novembre-2018-direttore-mirko-mezzacasa\/massaro-soprallugo-nevegal-1\/'><img loading=\"lazy\" decoding=\"async\" width=\"150\" height=\"150\" src=\"https:\/\/www.radiopiu.net\/wordpress\/wp-content\/uploads\/2018\/11\/Massaro-Soprallugo-Nevegal-1-150x150.jpg\" class=\"attachment-thumbnail size-thumbnail\" alt=\"\" \/><\/a>\n\t\t\t\t<\/dt><\/dl><br style=\"clear: both\" \/><dl class='gallery-item'>\n\t\t\t\t<dt class='gallery-icon landscape'>\n\t\t\t\t\t<a class=\"rollover\" href='https:\/\/www.radiopiu.net\/wordpress\/giornale-radiopiu-10-novembre-2018-direttore-mirko-mezzacasa\/massaro-soprallugo-nevegal-2\/'><img loading=\"lazy\" decoding=\"async\" width=\"150\" height=\"150\" src=\"https:\/\/www.radiopiu.net\/wordpress\/wp-content\/uploads\/2018\/11\/Massaro-Soprallugo-Nevegal-2-150x150.jpg\" class=\"attachment-thumbnail size-thumbnail\" alt=\"\" \/><\/a>\n\t\t\t\t<\/dt><\/dl><dl class='gallery-item'>\n\t\t\t\t<dt class='gallery-icon landscape'>\n\t\t\t\t\t<a class=\"rollover\" href='https:\/\/www.radiopiu.net\/wordpress\/giornale-radiopiu-10-novembre-2018-direttore-mirko-mezzacasa\/massaro-soprallugo-nevegal-3\/'><img loading=\"lazy\" decoding=\"async\" width=\"150\" height=\"150\" src=\"https:\/\/www.radiopiu.net\/wordpress\/wp-content\/uploads\/2018\/11\/Massaro-Soprallugo-Nevegal-3-150x150.jpg\" class=\"attachment-thumbnail size-thumbnail\" alt=\"\" \/><\/a>\n\t\t\t\t<\/dt><\/dl>\n\t\t\t\t<br style='clear: both' \/>\n\t\t\t<\/div>\n\n<h1><\/h1>\n<blockquote><p>&nbsp;<\/p><\/blockquote>\n<h1><\/h1>\n<p>&nbsp;<\/p>\n<blockquote><p>&nbsp;<\/p><\/blockquote>\n<h1>LUXOTTICA TENDE LA MANO AI LAVORATORI CHE NON HANNO POTUTO LAVORARE PER IL MALTEMPO<\/h1>\n<p><strong><a class=\"dt-pswp-item\" href=\"http:\/\/www.radiopiu.net\/wordpress\/wp-content\/uploads\/2018\/02\/LUXXX.jpeg\" data-dt-img-description=\"\" data-large_image_width=\"1600\" data-large_image_height=\"1066\"><img loading=\"lazy\" decoding=\"async\" class=\"size-medium wp-image-43809 alignleft\" src=\"http:\/\/www.radiopiu.net\/wordpress\/wp-content\/uploads\/2018\/02\/LUXXX-300x200.jpeg\" alt=\"\" width=\"300\" height=\"200\" srcset=\"https:\/\/www.radiopiu.net\/wordpress\/wp-content\/uploads\/2018\/02\/LUXXX-300x200.jpeg 300w, https:\/\/www.radiopiu.net\/wordpress\/wp-content\/uploads\/2018\/02\/LUXXX-768x512.jpeg 768w, https:\/\/www.radiopiu.net\/wordpress\/wp-content\/uploads\/2018\/02\/LUXXX-1024x682.jpeg 1024w, https:\/\/www.radiopiu.net\/wordpress\/wp-content\/uploads\/2018\/02\/LUXXX.jpeg 1600w\" sizes=\"auto, (max-width: 300px) 100vw, 300px\" \/><\/a>AGORDO<\/strong> Luxottica integrera&#8217; al 100% le ore di cassa integrazione, quindi si percepir\u00e0 lo stipendio pieno. Alle persone che hanno gi\u00e0 chiesto di coprire le giornate di cassa con ferie e permessi l&#8217;azienda d&#8217;ufficio togliera&#8217; i permessi (che verranno restituiti al lavoratore) e metter\u00e0 cassa integrata al 100%. Sono esclusi quei lavoratori che hanno chiesto le ferie a copertura anche delle giornate interessate dalla cassa prima del 26 di ottobre. Vale anche per i somministrati.<\/p>\n<p>&nbsp;<\/p>\n<p>&nbsp;<\/p>\n<p>&nbsp;<\/p>\n<p>&nbsp;<\/p>\n<h1>LUXOTTICA-ULSS, LE\u00a0 CONVENZIONI<\/h1>\n<p><strong><a class=\"dt-pswp-item\" href=\"http:\/\/www.radiopiu.net\/wordpress\/wp-content\/uploads\/2018\/02\/LUX-CENCENGIHE.jpg\" data-dt-img-description=\"\" data-large_image_width=\"640\" data-large_image_height=\"300\"><img loading=\"lazy\" decoding=\"async\" class=\"size-medium wp-image-43253 alignleft\" src=\"http:\/\/www.radiopiu.net\/wordpress\/wp-content\/uploads\/2018\/02\/LUX-CENCENGIHE-300x141.jpg\" alt=\"\" width=\"300\" height=\"141\" srcset=\"https:\/\/www.radiopiu.net\/wordpress\/wp-content\/uploads\/2018\/02\/LUX-CENCENGIHE-300x141.jpg 300w, https:\/\/www.radiopiu.net\/wordpress\/wp-content\/uploads\/2018\/02\/LUX-CENCENGIHE.jpg 640w\" sizes=\"auto, (max-width: 300px) 100vw, 300px\" \/><\/a>BELLUNO\u00a0<\/strong>\u00a0L\u2019Ulss Dolomiti ha stipulato una convenzione con Luxottica Group per l\u2019erogazione di un pacchetto check up a favore dei dipendenti delle societ\u00e0 italiane del Gruppo Luxottica che abbiano compiuto i 40 anni di et\u00e0. Sono stati pensati dei pacchetti di prestazioni, a seconda dell\u2019et\u00e0 e del sesso dei lavoratori, pensate in un\u2019ottica di prevenzione. Luxottica ha messo a disposizione una piattaforma dove il dipendente pu\u00f2 inserire i propri dati anagrafici, specificando i contatti dove essere richiamato dal CUP. Visualizzer\u00e0 in seguito il pacchetto proposto e alcune prestazioni tra cui scegliere. Inoltre potr\u00e0 scegliere l\u2019ospedale dell\u2019Ulss Dolomiti dove eseguire le visite e gli esami. Sar\u00e0 poi richiamato dal CUP per gli appuntamenti. Il costo delle prestazioni sar\u00e0 fatturato a Luxottica.<\/p>\n<p>&nbsp;<\/p>\n<p>&nbsp;<\/p>\n<p>&nbsp;<\/p>\n<p>&nbsp;<\/p>\n<h1>ASSEMBLEA PD, L&#8217;EMERGENZA COSTRINGE AL POSTICIPO<\/h1>\n<p><strong><a class=\"dt-pswp-item\" href=\"http:\/\/www.radiopiu.net\/wordpress\/wp-content\/uploads\/2016\/07\/images_Universita_pd_logo.jpg\" data-dt-img-description=\"\" data-large_image_width=\"2339\" data-large_image_height=\"1653\"><img loading=\"lazy\" decoding=\"async\" class=\"size-medium wp-image-22000 alignleft\" src=\"http:\/\/www.radiopiu.net\/wordpress\/wp-content\/uploads\/2016\/07\/images_Universita_pd_logo-300x212.jpg\" alt=\"\" width=\"300\" height=\"212\" \/><\/a>BELLUNO<\/strong> &#8220;Rimandata di una settimana a causa dell&#8217;emergenza maltempo che ha colpito la nostra provincia, l&#8217;assemblea \u00e8 stata l&#8217;occasione per una prima ricognizione della situazione e dei danni subito dai territori&#8221; fa sapere Lidia Maoret, presidente dell&#8217;assemblea, che ha tenuto le fila del pd bellunese in seguito alle dimissioni di Erika Dal Farra. &#8220;I segretari dei circoli, insieme al partito democratico provinciale e al nostro parlamentare, si sono resi ampiamente disponibili ad organizzare il coordinamento con il partito regionale e nazionale cos\u00ec da individuare le azioni migliori da mettere in atto nelle varie sedi in cui siamo rappresentati, da Venezia a Roma, per ottenere risposte concrete ai danni subiti nel bellunese.&#8221; \u201cNelle prossime giornate\u201d prosegue Maoret \u201carriveranno in provincia anche i vertici nazionali del Pd per toccare con mano la situazione\u201d. L&#8217;assemblea ha individuato nella figura di Ernesto Reolon, gi\u00e0 segretario del circolo di Limana, la persona che organizzer\u00e0 il partito bellunese da qui al congresso; a lui il compito di comporre un gruppo di lavoro, che includer\u00e0 anche i segretari di circolo, per organizzare tutta la fase congressuale. &#8220;La volont\u00e0 \u00e8 che il partito democratico continui l&#8217;attivit\u00e0 politica anche durante questa fase intermedia senza subire interruzioni&#8221; prosegue Maoret.<br \/>\n&#8220;L&#8217;assemblea ha ribadito la volont\u00e0 di proseguire nel lavoro fatto dalla segretaria uscente Erika Dal Farra e dalla sua squadra a cui va il ringraziamento della comunit\u00e0 del partito democratico provinciale&#8221;.<\/p>\n<p>&nbsp;<\/p>\n<p>&nbsp;<\/p>\n<p>&nbsp;<\/p>\n<p>&nbsp;<\/p>\n<h1>VENETO IN GINOCCHIO, INSTALLAZIONE RIPETITORE E DISTRIBUZIONE RADIO PORTATILI NEL TERRITORIO BELLUNESE<\/h1>\n<p><strong><a class=\"dt-pswp-item\" href=\"http:\/\/www.radiopiu.net\/wordpress\/wp-content\/uploads\/2018\/11\/VOLTAGO-Lo-schianto-di-una-pianta-nel-bosco-sopra-il-paese.jpg\" data-dt-img-description=\"\" data-large_image_width=\"1476\" data-large_image_height=\"1107\"><img loading=\"lazy\" decoding=\"async\" class=\"size-medium wp-image-65702 alignleft\" src=\"http:\/\/www.radiopiu.net\/wordpress\/wp-content\/uploads\/2018\/11\/VOLTAGO-Lo-schianto-di-una-pianta-nel-bosco-sopra-il-paese-300x225.jpg\" alt=\"\" width=\"300\" height=\"225\" srcset=\"https:\/\/www.radiopiu.net\/wordpress\/wp-content\/uploads\/2018\/11\/VOLTAGO-Lo-schianto-di-una-pianta-nel-bosco-sopra-il-paese-300x225.jpg 300w, https:\/\/www.radiopiu.net\/wordpress\/wp-content\/uploads\/2018\/11\/VOLTAGO-Lo-schianto-di-una-pianta-nel-bosco-sopra-il-paese-768x576.jpg 768w, https:\/\/www.radiopiu.net\/wordpress\/wp-content\/uploads\/2018\/11\/VOLTAGO-Lo-schianto-di-una-pianta-nel-bosco-sopra-il-paese-1024x768.jpg 1024w, https:\/\/www.radiopiu.net\/wordpress\/wp-content\/uploads\/2018\/11\/VOLTAGO-Lo-schianto-di-una-pianta-nel-bosco-sopra-il-paese.jpg 1476w\" sizes=\"auto, (max-width: 300px) 100vw, 300px\" \/><\/a>VENEZIA\u00a0\u00a0<\/strong>In questi giorni la Direzione ICT e Agenda Digitale della Regione del Veneto \u00e8 intervenuta sul territorio bellunese installando un ripetitore radio presso il Comune di Taibon Agordino e distribuendo radio portatili alle famiglie della frazione di Col di Pra che permetteranno a quest&#8217;ultime di non rimanere isolate o di lasciare la propria abitazione essendo cos\u00ec raggiungibili. Inoltre, sono state consegnate delle radio portatili al sindaco, all\u2019ufficio tecnico e al COC di Taibon Agordino ed alla pattuglia di militari a presidio della strada di accesso per garantire comunicazioni immediate di richieste di soccorso, nonch\u00e9 di allerta. \u201cAver deciso di investire negli scorsi anni per mantenere e rinnovare un\u2019infrastruttura radio nella nostra regione in grado di gestire le emergenze, si \u00e8 rivelata una scelta strategica, che continueremo a fare anche nei prossimi anni\u201d, commenta il Vicepresidente della Regione Gianluca Forcolin sottolineando l\u2019importanza che queste dotazioni hanno avuto per le famiglie, evitando cos\u00ec l\u2019ordinanza di sgombero. Tale intervento si inserisce in un contesto pi\u00f9 ampio che ha visto garantire la costante disponibilit\u00e0 delle comunicazioni radio per le reti dell\u2019emergenza SUEM 118 e dell\u2019antincendi boschivi, anche quando le reti GSM e di telefonia fissa erano fuori uso. Ci\u00f2 ha comportato l\u2019impiego di squadre specializzate per il mantenimento in funzione dei 16 siti ove sono installate le apparecchiature radio regionali dislocati nel territorio bellunese. A causa degli smottamenti, delle frane e degli alberi a terra molti dei siti non erano raggiungibili ma, grazie alla collaborazione della Protezione Civile e del Soccorso Alpino, sono stati utilizzati gli elicotteri per il trasporto di generatori, batterie e personale tecnico. Sono stati pi\u00f9 di 20 i voli necessari per ripristinare i siti ove non era pi\u00f9 presente l\u2019energia elettrica.<\/p>\n<p>&nbsp;<\/p>\n<p>&nbsp;<\/p>\n<p>&nbsp;<\/p>\n<h1>CANALE D&#8217;AGORDO, VOLONTARI AL LAVORO PER RIPULIRE LA PIAZZA<\/h1>\n<p><strong>CANALE D&#8217;AGORDO<\/strong> Walter de Biasio, Andrea Viva, Giuseppina Conti, Mauro Conti, Dante Dal Bon ed Eros Lena hanno ripulito la piazza dai detriti portati dal maltempo &#8220;Purtroppo\u00a0 &#8211; dice Eros Lena &#8211; con la consapevolezza che non ho una casa dove riportare i miei figli e mia moglie!\u00a0Ma il mio pensiero \u00e8 quello dei volontari \u00e8 andato anche alla comunit\u00e0 che ci ha aiutato in questi giorni! Io e la mia famiglia siamo sempre in attesa delle decisioni delle istituzioni!<\/p>\n\n\t\t\t<style type='text\/css'>\n\t\t\t\t#gallery-4 {\n\t\t\t\t\tmargin: auto;\n\t\t\t\t}\n\t\t\t\t#gallery-4 .gallery-item {\n\t\t\t\t\tfloat: left;\n\t\t\t\t\tmargin-top: 10px;\n\t\t\t\t\ttext-align: center;\n\t\t\t\t\twidth: 33%;\n\t\t\t\t}\n\t\t\t\t#gallery-4 img {\n\t\t\t\t\tborder: 2px solid #cfcfcf;\n\t\t\t\t}\n\t\t\t\t#gallery-4 .gallery-caption {\n\t\t\t\t\tmargin-left: 0;\n\t\t\t\t}\n\t\t\t\t\/* see gallery_shortcode() in wp-includes\/media.php *\/\n\t\t\t<\/style>\n\t\t<div id='gallery-4' class='dt-gallery-container gallery galleryid-66104 gallery-columns-3 gallery-size-thumbnail'><dl class='gallery-item'>\n\t\t\t\t<dt class='gallery-icon portrait'>\n\t\t\t\t\t<a class=\"rollover\" href='https:\/\/www.radiopiu.net\/wordpress\/giornale-radiopiu-10-novembre-2018-direttore-mirko-mezzacasa\/whatsapp-image-2018-11-09-at-19-11-04\/'><img loading=\"lazy\" decoding=\"async\" width=\"150\" height=\"150\" src=\"https:\/\/www.radiopiu.net\/wordpress\/wp-content\/uploads\/2018\/11\/WhatsApp-Image-2018-11-09-at-19.11.04-150x150.jpeg\" class=\"attachment-thumbnail size-thumbnail\" alt=\"\" \/><\/a>\n\t\t\t\t<\/dt><\/dl><dl class='gallery-item'>\n\t\t\t\t<dt class='gallery-icon landscape'>\n\t\t\t\t\t<a class=\"rollover\" href='https:\/\/www.radiopiu.net\/wordpress\/giornale-radiopiu-10-novembre-2018-direttore-mirko-mezzacasa\/whatsapp-image-2018-11-09-at-19-11-31\/'><img loading=\"lazy\" decoding=\"async\" width=\"150\" height=\"150\" src=\"https:\/\/www.radiopiu.net\/wordpress\/wp-content\/uploads\/2018\/11\/WhatsApp-Image-2018-11-09-at-19.11.31-150x150.jpeg\" class=\"attachment-thumbnail size-thumbnail\" alt=\"\" \/><\/a>\n\t\t\t\t<\/dt><\/dl><dl class='gallery-item'>\n\t\t\t\t<dt class='gallery-icon landscape'>\n\t\t\t\t\t<a class=\"rollover\" href='https:\/\/www.radiopiu.net\/wordpress\/giornale-radiopiu-10-novembre-2018-direttore-mirko-mezzacasa\/1eae51ab-31fb-4681-903c-d3ee112a52a6\/'><img loading=\"lazy\" decoding=\"async\" width=\"150\" height=\"150\" src=\"https:\/\/www.radiopiu.net\/wordpress\/wp-content\/uploads\/2018\/11\/1eae51ab-31fb-4681-903c-d3ee112a52a6-150x150.jpg\" class=\"attachment-thumbnail size-thumbnail\" alt=\"\" \/><\/a>\n\t\t\t\t<\/dt><\/dl><br style=\"clear: both\" \/>\n\t\t\t<\/div>\n\n<p>&nbsp;<\/p>\n<p>&nbsp;<\/p>\n<h1>IL PENSIERO DEL CAI, SEZIONE AGORDINA<\/h1>\n<div><span style=\"color: #ff0000;\"><strong><em>&#8220;Un giorno senza rischio non \u00e8 vissuto,<br \/>\npoich\u00e9 per noi credenti la morte \u00e8 vita,<br \/>\n\u00e8 luce: nel terrore dei crolli,<br \/>\nnel furore delle acque,<br \/>\nnell&#8217;inferno dei roghi.&#8221;<\/em><\/strong><\/span><\/div>\n<div><em><span style=\"color: #000000;\">E&#8217; il versetto pi\u00f9 noto della Preghiera del Vigile del Fuoco e purtroppo racchiude tutti gli elementi che si sono scatenati in Agordino e sulla nostra provincia i giorni scorsi ma rappresenta anche la personalit\u00e0 delle genti di montagna che, dopo essere state abbattute dalla forza della natura, vedono ancora una luce e la vita oltre la distruzione. Ormai non serve fare la cronaca di quanto \u00e8 accaduto alla fine di ottobre perch\u00e9 \u00e8 stato detto gi\u00e0 tutto dai media locali e nazionali e la realt\u00e0 \u00e8 stata vista dal mondo intero: <strong>fuoco<\/strong> sulle Pale di San Lucano, <strong>acqua<\/strong> e <strong>distruzione<\/strong> in Agordino e Provincia di Belluno. Attraverso\u00a0 CAIinFORM, la <strong>Sezione Agordina <\/strong>del CAI vuole esprimere tutta la sua <strong>vicinanza e solidariet\u00e0\u00a0<\/strong>alle genti, che in questa tragedia sono state toccate in prima persona, agli amministratori locali e a tutti coloro che in qualche modo sono stati coinvolti subendo danni e disagi. Questo comunicato esce soltanto oggi e non nell&#8217;immediatezza dei fatti, un po&#8217; per cause tecniche dovute all&#8217;assenza di rete internet e un po&#8217; per impedimenti e impegni lavorativi di chi \u00e8 preposto a questo servizio informativo. Anche il CAI \u00e8 stato coinvolto direttamente in quanto &#8220;rappresentante&#8221; della montagna e gestore dei sentieri che l&#8217;attraversano. I danni ovviamente non sono stati ancora quantificati ma pensiamo che siano consistenti e che necessitino di una grande forza per poter essere risanati.\u00a0<strong>L&#8217;appello della Sezione Agordina ma anche dei vertici regionali e nazionali del CAI \u00e8 di non affrettarsi a praticare i sentieri in quanto la situazione idrica dei torrenti e la stabilit\u00e0 dei versanti \u00e8 ancora pericolosa.\u00a0<\/strong>Avremo tempo e modo di verificare i danni provocati dall&#8217;incendio sulle Pale di San Lucano e sui sentieri dell&#8217;Agordino e di programmare in sicurezza gli interventi necessari. La Sezione ringrazia altres\u00ec tutti coloro che si sono prodigati per limitare i danni durante il sopracitato incendio che ha ferito gravemente una delle montagne simbolo della Conca Agordina e dell&#8217;alpinismo.\u00a0<\/span><\/em><\/div>\n<p>&nbsp;<\/p>\n<p>&nbsp;<\/p>\n<p>&nbsp;<\/p>\n<p>&nbsp;<\/p>\n<h1>TRIBUTO COMUNALE TARI PER IL 2018<\/h1>\n<p><strong>FELTRE<\/strong> Il Comune di Feltre porta a conoscenza della cittadinanza che sono in distribuzione in questi giorni le bollette di pagamento del Tributo Comunale sui Rifiuti TARI relative all&#8217;anno 2018. Il tributo \u00e8 commisurato, per le utenze domestiche, alla composizione del nucleo familiare, per la parte fissa, e alla superficie dei locali detenuti per la parte variabile. Per le utenze non domestiche \u00e8 calcolato in base alla superficie, sia per la parte fissa che per la parte variabile. Le somme dovute dovranno essere pagate tramite gli allegati modelli F24 in unica soluzione o in tre rate con scadenze rispettivamente al 30\/11\/2018, al 31\/12\/2018 e, per la terza rata, al 28\/02\/2019.<\/p>\n<p>&nbsp;<\/p>\n<p>&nbsp;<\/p>\n<p>&nbsp;<\/p>\n<h2>FATTURAZIONE ELETTRONICA A SCUOLA CON L&#8217;ASCOM<\/h2>\n<p><strong>FELTRE\u00a0<\/strong>Fatturazione elettronica: il prossimo 12 novembre nuovo incontro a Feltre Confcommercio Belluno, dato l\u2019alto numero di partecipanti all\u2019incontro che si \u00e8 tenuto lo scorso marted\u00ec 6 novembre presso la propria delegazione di Feltre, ha deciso di fissare un altro appuntamento per poter dare la possibilit\u00e0 a tutte le aziende del territorio di informarsi riguardo alle novit\u00e0 che diverranno operative dal primo gennaio 2019 sul tema della fatturazione elettronica. Il nuovo incontro si terr\u00e0 luned\u00ec 12 novembre alle ore 20.30 presso la sede Confcommercio di Feltre in via Montegrappa. La partecipazione \u00e8 gratuita ed aperta a tutti coloro che desiderano informarsi sul tema.<\/p>\n<p>&nbsp;<\/p>\n<p>&nbsp;<\/p>\n<p>&nbsp;<\/p>\n<h2>GRANDE ATTESA PER IL 13\u00b0 CONCORSO DEI FORMAGGI DI LATTERIA E DI MALGA DELLA PROVINCIA DI BELLUNO. DOMENICA 11 NOVEMBRE 2018 PREMIAZIONI E DEGUSTAZIONE GRATUITA IN CAMERA DI COMMERCIO.<\/h2>\n<blockquote><p><em>LA GIURIA DI VENETO AGRICOLTURA AL LAVORO PER I MIGLIORI FORMAGGI DELLE DOLOMITI<\/em><\/p><\/blockquote>\n<p><strong><a class=\"dt-pswp-item\" href=\"http:\/\/www.radiopiu.net\/wordpress\/wp-content\/uploads\/2018\/11\/IMG_20181109_121931.jpg\" data-dt-img-description=\"\" data-large_image_width=\"3968\" data-large_image_height=\"2976\"><img loading=\"lazy\" decoding=\"async\" class=\" wp-image-66110 alignleft\" src=\"http:\/\/www.radiopiu.net\/wordpress\/wp-content\/uploads\/2018\/11\/IMG_20181109_121931-300x225.jpg\" alt=\"\" width=\"387\" height=\"290\" srcset=\"https:\/\/www.radiopiu.net\/wordpress\/wp-content\/uploads\/2018\/11\/IMG_20181109_121931-300x225.jpg 300w, https:\/\/www.radiopiu.net\/wordpress\/wp-content\/uploads\/2018\/11\/IMG_20181109_121931-768x576.jpg 768w, https:\/\/www.radiopiu.net\/wordpress\/wp-content\/uploads\/2018\/11\/IMG_20181109_121931-1024x768.jpg 1024w\" sizes=\"auto, (max-width: 387px) 100vw, 387px\" \/><\/a>BELLUNO<\/strong> Tutto pronto per la 13^ edizione del pi\u00f9 importante concorso di Formaggi bellunese. Ancora una volta le aziende agricole dolomitiche, con il coordinamento di Coldiretti Belluno, si sono distinte per partecipazione e qualit\u00e0 di prodotto. Da lodare, per di pi\u00f9, in questo momento assai difficile e complicato e che mette a dura prova il nostro ambiente naturale e tutta l\u2019econo9mia provinciale. Il Concorso dei Formaggi di Latteria e di Malga, voluta da Coldiretti Belluno, Camera di Commercio di Treviso \u2013 Belluno e Strada dei Formaggi e dei Sapori delle Dolomiti Bellunesi, risulta segno tangibile di sostegno alla nostra economia ed in un settore, quello agricolo, dove storia, cultura, tradizioni e buon gusto vengono messi a disposizione del cittadino. Non \u00e8 poca cosa come sottolinea il presidente della Camera di Commercio di Treviso Belluno Mario Pozza: \u201cAncora di pi\u00f9 domenica, sar\u00e0 un\u2019occasione per ritrovarci e degustare questi pregiati prodotti, i migliori promotori del territorio e di riscoperta del buono e del benfatto, di quella economia che viene dall\u2019esperienza di lavorazioni tramandate in sintonia con il territorio. Ma c\u2019\u00e8 di pi\u00f9. Perch\u00e9 a Belluno si festeggia il santo Patrono San Martino, una festa antica del capoluogo dolomitico arricchita proprio da questo Concorso e pure dalla proposta di Coldiretti Belluno che ha predisposto nel gioiello prezioso di Piazza Duomo, all\u2019interno degli spazi della fiera, uno stand promozionare per avvicinarsi, conoscere e gustare i sapori sinceri e schietti delle produzioni agricole bellunesi. In pi\u00f9, alcune di queste aziende porteranno in esposizione, all\u2019attenzione del pubblico, i rispettivi animali. Gloriosi ed unici. Intanto la giuria del Concorso di Veneto Agricoltura guidata da Alberto Marangon, Daniele Slongo, Monica Cappellari, Daniele Cecchetto, Francesco Bianchi, Laura Vallarsa, con Franziska Muckle e Gino Triches dell\u2019Onaf, Renato Da Ronch di Avepa e Pierangelo Da Ronch dell\u2019Unione Montana Val Belluna, la giudicato gli oltre 40 formaggi in concorso, traendo ed evidenziando, non senza difficolt\u00e0, le prime tre posizioni nelle cinque categorie previste. Di spessore il livello qualitativo delle produzioni. Ed i nomi dei formaggi e dei rispettivi produttori saranno svelati domenica in Camera di Commercio alle 11 nell\u2019attesa premiazione. Alle 11.30, degustazione gratuita per il pubblico. E chiudiamo con un altro messaggio concreto che Coldiretti ha inteso proporre: \u201cAiutare la montagna \u00e8 aiutare se stessi\u201d.<\/p>\n<p>&nbsp;<\/p>\n<p>&nbsp;<\/p>\n<p>&nbsp;<\/p>\n<h1 align=\"JUSTIFY\"><span style=\"font-size: medium;\"><b>INAUGURAZIONE HANGAR CANSIGLIO. FORCOLIN: \u201cDIVENTA UN SIMBOLO PER IL RIAVVIO DELLE ATTIVITA\u2019 DI QUESTI TERRITORI\u201d<\/b><\/span><\/h1>\n<p align=\"JUSTIFY\"><span style=\"font-size: medium;\"><strong><a class=\"dt-pswp-item\" href=\"http:\/\/www.radiopiu.net\/wordpress\/wp-content\/uploads\/2018\/11\/Inaugurazione-Hangar-Cansiglio.jpg\" data-dt-img-description=\"\" data-large_image_width=\"2016\" data-large_image_height=\"1512\"><img loading=\"lazy\" decoding=\"async\" class=\"size-medium wp-image-66108 alignleft\" src=\"http:\/\/www.radiopiu.net\/wordpress\/wp-content\/uploads\/2018\/11\/Inaugurazione-Hangar-Cansiglio-300x225.jpg\" alt=\"\" width=\"300\" height=\"225\" srcset=\"https:\/\/www.radiopiu.net\/wordpress\/wp-content\/uploads\/2018\/11\/Inaugurazione-Hangar-Cansiglio-300x225.jpg 300w, https:\/\/www.radiopiu.net\/wordpress\/wp-content\/uploads\/2018\/11\/Inaugurazione-Hangar-Cansiglio-768x576.jpg 768w, https:\/\/www.radiopiu.net\/wordpress\/wp-content\/uploads\/2018\/11\/Inaugurazione-Hangar-Cansiglio-1024x768.jpg 1024w, https:\/\/www.radiopiu.net\/wordpress\/wp-content\/uploads\/2018\/11\/Inaugurazione-Hangar-Cansiglio.jpg 2016w\" sizes=\"auto, (max-width: 300px) 100vw, 300px\" \/><\/a>VENEZIA<\/strong>\u00a0\u00a0<\/span><span style=\"font-size: medium;\">Il vicepresidente Gianluca Forcolin \u00e8 intervenuto oggi in rappresentanza della Regione all\u2019inaugurazione, molto partecipata, dell\u2019Hangar Cansiglio, presente fra gli altri il direttore di Veneto Agricoltura, Alberto Negro, che ha curato il recupero dell\u2019ex struttura militare della NATO, divenuta patrimonio regionale circa 10 anni fa grazie all\u2019allora ministro delle risorse agricole e forestali Luca Zaia.\u00a0<\/span><span style=\"font-size: medium;\">Forcolin ha sottolineato che, in questi giorni molto difficili per la montagna veneta, questa inaugurazione \u00e8 il segnale di un veloce ripristino e riavvio delle attivit\u00e0 per non lasciar morire questi territori. \u201cIl Cansiglio \u2013 ha detto &#8211; \u00e8 un luogo che molti conoscono e una tappa importante per la bellezza del paesaggio e per la buona cucina. La Regione non ha nessuna intenzione di abbandonare queste aree e continueremo quindi ad intervenire per dare la giusta valorizzazione naturalistica, ambientale, ma anche economica, del patrimonio esistente in questi straordinari luoghi\u201d.\u00a0<\/span><span style=\"font-size: medium;\">Dieci anni fa, dopo una lunga battaglia burocratica durata quasi 20 anni, erano stati riportati nel patrimonio forestale della Regione del Veneto oltre 12 ettari di territorio, che negli anni sessanta erano stati consegnati al Demanio Militare per consentire la realizzazione di una base missilistica della NATO. L&#8217;area era per\u00f2 in stato di totale abbandono. Grazie a finanziamenti regionali ad hoc e con fondi europei oggi \u00e8 stata recuperata.\u00a0<\/span>\u201c<span style=\"font-size: medium;\">Mettendo in conto anche le risorse derivate direttamente dal bilancio di Veneto Agricoltura \u2013 ha concluso Forcolin &#8211; possiamo affermare che qui sono stati investiti circa 1,5 milioni di euro. L\u2019auspicio \u00e8 che possa costituire un punto di aggregazione per iniziative culturali e di sensibilizzazione sui temi della pace, oltre che sulla tutela e sulla valorizzazione delle risorse ambientali del Cansiglio\u201d.<\/span><\/p>\n<blockquote>\n<p align=\"JUSTIFY\">\n<\/blockquote>\n<p>&nbsp;<\/p>\n<blockquote><p>&nbsp;<\/p><\/blockquote>\n<h1 class=\"western\"><b>VENETO IN GINOCCHIO. DESPAR SCENDE IN CAMPO CON \u201cRIPIANTIAMO DA QUI\u201d PER FAR RINASCERE I BOSCHI DELLA MONTAGNA VENETA. DIRIGENTI DEL GRUPPO INCONTRANO ZAIA<\/b><\/h1>\n<p class=\"western\"><strong><a class=\"dt-pswp-item\" href=\"http:\/\/www.radiopiu.net\/wordpress\/wp-content\/uploads\/2018\/11\/ZAIA-DESPAR.jpg\" data-dt-img-description=\"\" data-large_image_width=\"1024\" data-large_image_height=\"768\"><img loading=\"lazy\" decoding=\"async\" class=\"size-medium wp-image-66106 alignleft\" src=\"http:\/\/www.radiopiu.net\/wordpress\/wp-content\/uploads\/2018\/11\/ZAIA-DESPAR-300x225.jpg\" alt=\"\" width=\"300\" height=\"225\" srcset=\"https:\/\/www.radiopiu.net\/wordpress\/wp-content\/uploads\/2018\/11\/ZAIA-DESPAR-300x225.jpg 300w, https:\/\/www.radiopiu.net\/wordpress\/wp-content\/uploads\/2018\/11\/ZAIA-DESPAR-768x576.jpg 768w, https:\/\/www.radiopiu.net\/wordpress\/wp-content\/uploads\/2018\/11\/ZAIA-DESPAR.jpg 1024w\" sizes=\"auto, (max-width: 300px) 100vw, 300px\" \/><\/a>VENEZIA\u00a0<\/strong> Il Gruppo Despar scende in campo per partecipare attivamente alla ricostruzione delle aree del Veneto gravemente colpite dal maltempo dei giorni scorsi. Oggi, a Venezia, l\u2019Amministratore Delegato Arcangelo Francesco Montalvo e il Direttore Marketing Fabio Don\u00e0 hanno incontrato a Palazzo Balbi, sede della Giunta regionale del Veneto, il Presidente Luca Zaia, al quale hanno illustrato l\u2019iniziativa, che punta a coinvolgere i clienti degli oltre 150 punti vendita attivi nel solo Veneto. In tutte queste sedi partir\u00e0 una campagna di sensibilizzazione con una raccolta di fondi da destinare alla rinascita dei boschi travolti dalla furia degli elementi, accompagnata dallo slogan \u201cRipiantiamo da qui: c\u2019\u00e8 una ferita da sanare nelle nostre montagne. C\u2019\u00e8 una natura da aiutare. Per questo abbiamo deciso di creare un vivaio per far rinascere le nostre foreste\u201d. Le modalit\u00e0 dell\u2019iniziativa sono descritte sul sito <span style=\"color: #0000ff;\"><u><a href=\"http:\/\/www.despar.it\/\">www.despar.it\u00a0<\/a><\/u><\/span>\u201cLe immagini dei boschi veneti rasi al suolo dal vento \u2013 ha detto Zaia \u2013 sono tra le pi\u00f9 impressionanti e dolorose di questa calamit\u00e0 e sono grato al Gruppo Despar per aver colto, con sensibilit\u00e0 sociale e ambientale, l\u2019opportunit\u00e0 di aiutarci a sanare una ferita cos\u00ec grave. E\u2019 significativo e consolante scoprire, giorno dopo giorno, quante grandi e piccole aziende si stiano attivando per dare il loro contributo alla rinascita. Una funzione sociale che, come anche nel caso del Gruppo Despar, si affianca alla valenza economica e qualitativa aziendale\u201d.<\/p>\n<p>&nbsp;<\/p>\n<p>&nbsp;<\/p>\n<h1>UN ANNO A BRUXELLES CON IL CSV<\/h1>\n<p><a class=\"dt-pswp-item\" href=\"http:\/\/www.radiopiu.net\/wordpress\/wp-content\/uploads\/2018\/11\/Csv-bl-a-Bruxelles-2014.jpg\" data-dt-img-description=\"\" data-large_image_width=\"1600\" data-large_image_height=\"1278\"><img loading=\"lazy\" decoding=\"async\" class=\"alignnone wp-image-66105 size-large\" src=\"http:\/\/www.radiopiu.net\/wordpress\/wp-content\/uploads\/2018\/11\/Csv-bl-a-Bruxelles-2014-1024x818.jpg\" alt=\"\" width=\"1024\" height=\"818\" srcset=\"https:\/\/www.radiopiu.net\/wordpress\/wp-content\/uploads\/2018\/11\/Csv-bl-a-Bruxelles-2014-1024x818.jpg 1024w, https:\/\/www.radiopiu.net\/wordpress\/wp-content\/uploads\/2018\/11\/Csv-bl-a-Bruxelles-2014-300x240.jpg 300w, https:\/\/www.radiopiu.net\/wordpress\/wp-content\/uploads\/2018\/11\/Csv-bl-a-Bruxelles-2014-768x613.jpg 768w, https:\/\/www.radiopiu.net\/wordpress\/wp-content\/uploads\/2018\/11\/Csv-bl-a-Bruxelles-2014.jpg 1600w\" sizes=\"auto, (max-width: 1024px) 100vw, 1024px\" \/><\/a><\/p>\n<p><strong>BELLUNO\u00a0\u00a0<\/strong>Il Comitato d&#8217;Intesa promuove due posti per un anno al Centro europeo di volontariato Nuova opportunit\u00e0 europea con l&#8217;associazione Comitato d&#8217;Intesa di Belluno. Il sodalizio mette a disposizione i propri consulenti per l&#8217;invio di due giovani per un&#8217;esperienza di volontariato annuale a Bruxelles dal 14 gennaio al 13 dicembre 2019. Possono candidarsi persone dai 18 ai 30 anni. \u00a0Per tutte le informazioni pi\u00f9 dettagliate e una consulenza sulla procedura di candidatura basta scrivere all&#8217;area Europa del Csv Belluno<\/p>\n<p>&nbsp;<\/p>\n<p>&nbsp;<\/p>\n<p>&nbsp;<\/p>\n<p>&nbsp;<\/p>\n<h1>COLDIRETTI BELLUNO HA APERTO UN CONTO CORRENTE SOLIDALE<\/h1>\n<p><strong>BELLUNO\u00a0\u00a0<\/strong>Un Grazie a Coldiretti Treviso per essersi subito messa in moto per dare aiuto \u201cColdiretti aiuta la montagna bellunese\u201d, aiutare la montagna \u00e8 aiutare se stessi. Si chiama cos\u00ec il conto corrente aperto da Coldiretti Belluno per raccogliere fondi da destinare alle situazioni pi\u00f9 urgenti dopo la terribile ondata di maltempo che si \u00e8 abbattuta su questo territorio. \u201cL\u2019agricoltura ha il senso di solidariet\u00e0 nel suo dna e non poteva mancare in questa vicenda che a dire il vero ha rischiato di paralizzarci anche emotivamente \u2013 spiega Alessandro De Rocco, Presidente di Coldiretti Belluno \u2013 Vedere il nostro territorio ferito mortalmente \u00e8 un dolore infinito. Raccoglieremo dei fondi e nella destinazione non faremo una questione di appartenenza a questo o quel settore. Vogliamo aiutare chi ha bisogno. E\u2019 fuori di dubbio che le nostre imprese agricole sono state duramente colpite ed \u00e8 fuori di dubbio che se l\u2019uomo abbandoner\u00e0 la montagna sar\u00e0 una seconda catastrofe per quest\u2019area\u201d. L\u2019invito a donare deve diventare virale perch\u00e9 anche poco ma per tante donazioni pu\u00f2 costruire un tesoretto virtuoso per risollevare il territorio, le imprese e le famiglie del bellunese. \u201cLa stessa solidariet\u00e0 la esprimiamo ai colleghi del vicentino che stanno lottando come noi per uscire da questo dramma \u2013 aggiunge il Presidente di Coldiretti Belluno \u2013 Voglio, inoltre, ringraziare Coldiretti Treviso perch\u00e9 si \u00e8 messa subito in moto per divulgare questo conto corrente inserendolo anche nelle mail della struttura\u201d.<\/p>\n<p>&nbsp;<\/p>\n<p>&nbsp;<\/p>\n<h1>DOMANI AD ALLEGHE ASSEMBLEA DEGLI ALPINI &#8220;MONTE CIVETTA&#8221; 10.15 RITROVO IN MUNICIPIO.<\/h1>\n<p>&nbsp;<\/p>\n<p>&nbsp;<\/p>\n<p><a class=\"dt-pswp-item\" href=\"http:\/\/www.radiopiu.net\/wordpress\/wp-content\/uploads\/2018\/09\/sport.jpg\" data-dt-img-description=\"\" data-large_image_width=\"800\" data-large_image_height=\"100\"><img loading=\"lazy\" decoding=\"async\" class=\"alignnone wp-image-60761 size-full\" src=\"http:\/\/www.radiopiu.net\/wordpress\/wp-content\/uploads\/2018\/09\/sport.jpg\" alt=\"\" width=\"800\" height=\"100\" srcset=\"https:\/\/www.radiopiu.net\/wordpress\/wp-content\/uploads\/2018\/09\/sport.jpg 800w, https:\/\/www.radiopiu.net\/wordpress\/wp-content\/uploads\/2018\/09\/sport-300x38.jpg 300w, https:\/\/www.radiopiu.net\/wordpress\/wp-content\/uploads\/2018\/09\/sport-768x96.jpg 768w\" sizes=\"auto, (max-width: 800px) 100vw, 800px\" \/><\/a><\/p>\n<h1>LA NAZIONALE SCONFITTA NELLA SECONDA GARA DELL&#8217;EIHC. SABATO L&#8217;ULTIMA SFIDA CONTRO L&#8217;UNGHERIA<\/h1>\n<p><strong><a class=\"dt-pswp-item\" href=\"http:\/\/www.radiopiu.net\/wordpress\/wp-content\/uploads\/2018\/11\/2ceb179d-c5c2-4d9a-b37b-1b59a7f93f61.jpg\" data-dt-img-description=\"\" data-large_image_width=\"1152\" data-large_image_height=\"642\"><img loading=\"lazy\" decoding=\"async\" class=\"size-medium wp-image-66142 alignleft\" src=\"http:\/\/www.radiopiu.net\/wordpress\/wp-content\/uploads\/2018\/11\/2ceb179d-c5c2-4d9a-b37b-1b59a7f93f61-300x167.jpg\" alt=\"\" width=\"300\" height=\"167\" srcset=\"https:\/\/www.radiopiu.net\/wordpress\/wp-content\/uploads\/2018\/11\/2ceb179d-c5c2-4d9a-b37b-1b59a7f93f61-300x167.jpg 300w, https:\/\/www.radiopiu.net\/wordpress\/wp-content\/uploads\/2018\/11\/2ceb179d-c5c2-4d9a-b37b-1b59a7f93f61-768x428.jpg 768w, https:\/\/www.radiopiu.net\/wordpress\/wp-content\/uploads\/2018\/11\/2ceb179d-c5c2-4d9a-b37b-1b59a7f93f61-1024x571.jpg 1024w, https:\/\/www.radiopiu.net\/wordpress\/wp-content\/uploads\/2018\/11\/2ceb179d-c5c2-4d9a-b37b-1b59a7f93f61.jpg 1152w\" sizes=\"auto, (max-width: 300px) 100vw, 300px\" \/><\/a>L\u2019Italia \u00e8 sconfitta di misura per 3:2 dal Kazakistan<\/strong> nella seconda partita dell\u2019Euro Ice Hockey Challenge in corso di svolgimento a Budapest. Italia sempre in partita fino all&#8217;ultimo secondo. La rete decisiva degli asiatici arriva al 54\u2019. Con questo risultato, l\u2019<strong>EIHC ha gi\u00e0 un vincitore<\/strong>: <strong>proprio il Kazakistan<\/strong>, con tre vittorie in tre partite, ha conquistato a pieni punti il torneo ungherese. In precedenza la nazionale biancoazzura aveva superato all\u2019esordio l\u2019Ungheria e gioved\u00ec la Corea del Sud. All\u2019Italia rimane la possibilit\u00e0 di chiudere in bellezza nella sfida di sabato alle 16:00 contro l\u2019Ungheria per confermarsi al secondo posto.<\/p>\n<p><strong>Kazakistan \u2013 Italia 3:2 (1:1; 1:0; 1-1)<\/strong><\/p>\n<p><strong>Marcatori:<\/strong> 09:37 (0:1) Alex Frei (Michele Marchetti\/Anthony Bardaro) in sup.num.; 13:29 (1:1) Dmitry Grents (Valery Gurin\/Emil Nurgaliev) in quattro contro tre; 39:10 (2:1) Dmitry Grents (Kiril Panyuokov); 44:33 (3:2) Riccardo Lacedelli (Lorenzo Casetti\/Tobias Brighenti); 54:33 (3:2) Medyar Ibraibekov (Valery Gurin\/Dmitry Gurkov);<\/p>\n<p><strong>Formazione Italia:<\/strong> Marco De Filippo 58:42 (Martino Valle Da Rin); Alex Trivellato &#8211; Jan Pavlu; Michael Zanatta &#8211; Enrico Miglioranzi; Lorenzo Casetti -Tobias Brighenti; Markus Gander &#8211; Raphael Andergassen &#8211; Alex Frei; Anthony Bardaro &#8211; Marco Rosa &#8211; Michele Marchetti; Riccardo Lacedelli -Tommaso Traversa &#8211; Devin Di Diomete; Marcello Borghi &#8211; Simon Kostner &#8211; Matthias Mantinger; Allenatore: Clayton Beddoes;<\/p>\n<p>&nbsp;<\/p>\n<p>&nbsp;<\/p>\n<p>&nbsp;<\/p>\n<p>&nbsp;<\/p>\n<p>&nbsp;<\/p>\n<p><a class=\"dt-pswp-item\" href=\"http:\/\/www.radiopiu.net\/wordpress\/wp-content\/uploads\/2018\/09\/WhatsApp-Image-2018-09-20-at-16.04.06.jpeg\" data-dt-img-description=\"\" data-large_image_width=\"800\" data-large_image_height=\"100\"><img loading=\"lazy\" decoding=\"async\" class=\"alignnone wp-image-61378 size-full\" src=\"http:\/\/www.radiopiu.net\/wordpress\/wp-content\/uploads\/2018\/09\/WhatsApp-Image-2018-09-20-at-16.04.06.jpeg\" alt=\"\" width=\"800\" height=\"100\" srcset=\"https:\/\/www.radiopiu.net\/wordpress\/wp-content\/uploads\/2018\/09\/WhatsApp-Image-2018-09-20-at-16.04.06.jpeg 800w, https:\/\/www.radiopiu.net\/wordpress\/wp-content\/uploads\/2018\/09\/WhatsApp-Image-2018-09-20-at-16.04.06-300x38.jpeg 300w, https:\/\/www.radiopiu.net\/wordpress\/wp-content\/uploads\/2018\/09\/WhatsApp-Image-2018-09-20-at-16.04.06-768x96.jpeg 768w\" sizes=\"auto, (max-width: 800px) 100vw, 800px\" \/><\/a><\/p>\n<h1>PREVISIONI DEL TEMPO DA OGGI A MARTEDI<\/h1>\n<p><strong>Sabato 10<\/strong><br \/>\nTempo atteso: Cielo generalmente sereno o poco nuvoloso, specie sulle Dolomiti e sulle vette prealpine; su alcune valli prealpine al mattino il cielo potr\u00e0 risultare temporaneamente nuvoloso per nubi basse, associate a foschie e locali nebbia in diradameneto nel corso della giornata.<br \/>\nPrecipitazioni: Assenti (0%).<br \/>\nTemperature: Generalmente stazionarie, salvo un lieve aumento delle minime e di una lieve diminuzione delle massime specie nelle valli. Su Prealpi a 1500 m min 4\u00b0C max 9\u00b0C, a 2000 m min 1\u00b0C max 6\u00b0C. Su Dolomiti a 2000 m min 1\u00b0C max 6\u00b0C, a 3000 m min -5\u00b0C max -2\u00b0C.<br \/>\nVenti: Nelle valli deboli di direzione variabile; in quota deboli\/moderati anche tesi da Sud-Ovest in alta montagna, a 5-10 km\/h a 2000 m, 30-40 km\/h a 3000 m.<br \/>\n<strong>Domenica 11<\/strong><br \/>\nTempo atteso: Generalmente nuvoloso o molto nuvoloso specie al mattino con qualche nube bassa), associata a foschia o banchi di nebbia in alcuni fondovalle prealpini. Al pomeriggio le nubi basse tenderanno parzialmente a diradarsi determinando un modesto soleggiamento specie in quota.<br \/>\nPrecipitazioni: Al mattino probabilit\u00e0 molto bassa (5-10%) di qualche debole precipitazione locale o sparsa, specie sulle zone prealpine, eventualmente nevose oltre i 2400\/2500 m. Al pomeriggio assenti.<br \/>\nTemperature: Minime in contenuto aumento e ancora superiori alle medie del periodo, massime stazionarie, su valori prossimi alla norma. Su Prealpi a 1500 m min 4\u00b0C max 7\u00b0C, a 2000 m min 2\u00b0C max 3\u00b0C. Su Dolomiti a 2000 m min 2\u00b0C max 3\u00b0C, a 3000 m min -4\u00b0C max -2\u00b0C.<br \/>\nVenti: Nelle valli deboli di direzione variabile; in quota deboli\/moderati da sud-ovest anche tesi alle alte quote, a 5-10 km\/h a 2000 m, 30-45 km\/h a 3000 m.<br \/>\n<strong>Lunedi 12<\/strong><br \/>\nTempo in prevalenza soleggiato con transito di qualche velatura o della presenza di nubi basse\/foschie\/locali nebbie specie nelle valli prealpine in diradamento nella mattinata. Temperature minime in diminuzione massime in aumento specie in quota, con lieve inversione termica nelle valli. Venti moderati\/tesi occidentali in quota e deboli di direzione variabile nelle valli.<br \/>\n<strong>Martedi 13<\/strong><br \/>\nTempo in prevenza soleggiato con cielo perlopi\u00f9 sereno. Probabili nebbie o foschie in alcuni fondovalle prealpini durante le ore pi\u00f9 fredde. Temperature minime in leggero calo nelle valli ed in aumento in quota, massime senza notevoli variazioni in quota e in ulteriore aumento nelle valli, su valori ben sopra le medie del periodo. Nelle ore pi\u00f9 fredde, sensibile aumento dell&#8217;inversione termica. Previsore: M.Padoan Aggiornamento bollettino Dolomiti Neve e Valanghe: 09\/11\/2018<\/p>\n<p>&nbsp;<\/p>\n","protected":false},"excerpt":{"rendered":"<p>Gestione Servizi Pubblici informa che in TUTTO IL COMUNE DI AGORDO (Ospedale e Luxottica compresi), ad eccezione delle frazioni di BRIES SOPRA STRADA, PROMPICAI, PARECH, PIASENT, COLVIGNAS, FARENZENA e TOCCOL, l&#8217;acqua erogata dall&#8217;acquedotto \u00e8 di nuovo potabile e pu\u00f2 essere usata, quindi, per scopi alimentari. &nbsp; NOTIZIA MERAVIGLIOSA&#8230;. il gruppo elettrogeno che si presumeva &#8220;rubato&#8221;&hellip;<\/p>\n","protected":false},"author":1,"featured_media":66117,"comment_status":"closed","ping_status":"closed","sticky":false,"template":"","format":"standard","meta":{"_monsterinsights_skip_tracking":false,"_monsterinsights_sitenote_active":false,"_monsterinsights_sitenote_note":"","_monsterinsights_sitenote_category":0,"footnotes":""},"categories":[1,86],"tags":[],"class_list":["post-66104","post","type-post","status-publish","format-standard","has-post-thumbnail","hentry","category-senza-categoria","category-gr","category-1","category-86","description-off"],"img_url":"https:\/\/www.radiopiu.net\/wordpress\/wp-content\/uploads\/2018\/11\/0927535f-b847-4ffc-a719-65307a353e86.jpg","_links":{"self":[{"href":"https:\/\/www.radiopiu.net\/wordpress\/wp-json\/wp\/v2\/posts\/66104","targetHints":{"allow":["GET"]}}],"collection":[{"href":"https:\/\/www.radiopiu.net\/wordpress\/wp-json\/wp\/v2\/posts"}],"about":[{"href":"https:\/\/www.radiopiu.net\/wordpress\/wp-json\/wp\/v2\/types\/post"}],"author":[{"embeddable":true,"href":"https:\/\/www.radiopiu.net\/wordpress\/wp-json\/wp\/v2\/users\/1"}],"replies":[{"embeddable":true,"href":"https:\/\/www.radiopiu.net\/wordpress\/wp-json\/wp\/v2\/comments?post=66104"}],"version-history":[{"count":0,"href":"https:\/\/www.radiopiu.net\/wordpress\/wp-json\/wp\/v2\/posts\/66104\/revisions"}],"wp:featuredmedia":[{"embeddable":true,"href":"https:\/\/www.radiopiu.net\/wordpress\/wp-json\/wp\/v2\/media\/66117"}],"wp:attachment":[{"href":"https:\/\/www.radiopiu.net\/wordpress\/wp-json\/wp\/v2\/media?parent=66104"}],"wp:term":[{"taxonomy":"category","embeddable":true,"href":"https:\/\/www.radiopiu.net\/wordpress\/wp-json\/wp\/v2\/categories?post=66104"},{"taxonomy":"post_tag","embeddable":true,"href":"https:\/\/www.radiopiu.net\/wordpress\/wp-json\/wp\/v2\/tags?post=66104"}],"curies":[{"name":"wp","href":"https:\/\/api.w.org\/{rel}","templated":true}]}}