{"id":66147,"date":"2018-11-10T07:01:27","date_gmt":"2018-11-10T06:01:27","guid":{"rendered":"http:\/\/www.radiopiu.net\/wordpress\/?p=66147"},"modified":"2018-11-12T17:07:59","modified_gmt":"2018-11-12T16:07:59","slug":"la-forza-del-volontariato-in-piazza-luciani","status":"publish","type":"post","link":"https:\/\/www.radiopiu.net\/wordpress\/la-forza-del-volontariato-in-piazza-luciani\/","title":{"rendered":"LA FORZA DEL VOLONTARIATO IN  PIAZZA LUCIANI"},"content":{"rendered":"<h1>CANALE D&#8217;AGORDO, VOLONTARI AL LAVORO PER RIPULIRE LA PIAZZA<\/h1>\n<p><strong>CANALE D&#8217;AGORDO<\/strong> Walter de Biasio, Andrea Viva, Giuseppina Conti, Mauro Conti, Dante Dal Bon ed Eros Lena hanno ripulito la piazza dai detriti portati dal maltempo &#8220;Purtroppo\u00a0 &#8211; dice Eros Lena &#8211; con la consapevolezza che non ho una casa dove riportare i miei figli e mia moglie!\u00a0Ma il mio pensiero \u00e8 quello dei volontari \u00e8 andato anche alla comunit\u00e0 che ci ha aiutato in questi giorni! Io e la mia famiglia siamo sempre in attesa delle decisioni delle istituzioni!<\/p>\n\n\t\t\t<style type='text\/css'>\n\t\t\t\t#gallery-1 {\n\t\t\t\t\tmargin: auto;\n\t\t\t\t}\n\t\t\t\t#gallery-1 .gallery-item {\n\t\t\t\t\tfloat: left;\n\t\t\t\t\tmargin-top: 10px;\n\t\t\t\t\ttext-align: center;\n\t\t\t\t\twidth: 33%;\n\t\t\t\t}\n\t\t\t\t#gallery-1 img {\n\t\t\t\t\tborder: 2px solid #cfcfcf;\n\t\t\t\t}\n\t\t\t\t#gallery-1 .gallery-caption {\n\t\t\t\t\tmargin-left: 0;\n\t\t\t\t}\n\t\t\t\t\/* see gallery_shortcode() in wp-includes\/media.php *\/\n\t\t\t<\/style>\n\t\t<div id='gallery-1' class='dt-gallery-container gallery galleryid-66147 gallery-columns-3 gallery-size-thumbnail'><dl class='gallery-item'>\n\t\t\t\t<dt class='gallery-icon portrait'>\n\t\t\t\t\t<a class=\"rollover\" href='https:\/\/www.radiopiu.net\/wordpress\/giornale-radiopiu-10-novembre-2018-direttore-mirko-mezzacasa\/whatsapp-image-2018-11-09-at-19-11-04\/'><img loading=\"lazy\" decoding=\"async\" width=\"150\" height=\"150\" src=\"https:\/\/www.radiopiu.net\/wordpress\/wp-content\/uploads\/2018\/11\/WhatsApp-Image-2018-11-09-at-19.11.04-150x150.jpeg\" class=\"attachment-thumbnail size-thumbnail\" alt=\"\" \/><\/a>\n\t\t\t\t<\/dt><\/dl><dl class='gallery-item'>\n\t\t\t\t<dt class='gallery-icon landscape'>\n\t\t\t\t\t<a class=\"rollover\" href='https:\/\/www.radiopiu.net\/wordpress\/giornale-radiopiu-10-novembre-2018-direttore-mirko-mezzacasa\/whatsapp-image-2018-11-09-at-19-11-31\/'><img loading=\"lazy\" decoding=\"async\" width=\"150\" height=\"150\" src=\"https:\/\/www.radiopiu.net\/wordpress\/wp-content\/uploads\/2018\/11\/WhatsApp-Image-2018-11-09-at-19.11.31-150x150.jpeg\" class=\"attachment-thumbnail size-thumbnail\" alt=\"\" \/><\/a>\n\t\t\t\t<\/dt><\/dl><dl class='gallery-item'>\n\t\t\t\t<dt class='gallery-icon landscape'>\n\t\t\t\t\t<a class=\"rollover\" href='https:\/\/www.radiopiu.net\/wordpress\/giornale-radiopiu-10-novembre-2018-direttore-mirko-mezzacasa\/1eae51ab-31fb-4681-903c-d3ee112a52a6\/'><img loading=\"lazy\" decoding=\"async\" width=\"150\" height=\"150\" src=\"https:\/\/www.radiopiu.net\/wordpress\/wp-content\/uploads\/2018\/11\/1eae51ab-31fb-4681-903c-d3ee112a52a6-150x150.jpg\" class=\"attachment-thumbnail size-thumbnail\" alt=\"\" \/><\/a>\n\t\t\t\t<\/dt><\/dl><br style=\"clear: both\" \/>\n\t\t\t<\/div>\n\n<p>&nbsp;<\/p>\n","protected":false},"excerpt":{"rendered":"<p>CANALE D&#8217;AGORDO, VOLONTARI AL LAVORO PER RIPULIRE LA PIAZZA CANALE D&#8217;AGORDO Walter de Biasio, Andrea Viva, Giuseppina Conti, Mauro Conti, Dante Dal Bon ed Eros Lena hanno ripulito la piazza dai detriti portati dal maltempo &#8220;Purtroppo\u00a0 &#8211; dice Eros Lena &#8211; con la consapevolezza che non ho una casa dove riportare i miei figli e&hellip;<\/p>\n","protected":false},"author":1,"featured_media":66139,"comment_status":"closed","ping_status":"closed","sticky":false,"template":"","format":"standard","meta":{"_monsterinsights_skip_tracking":false,"_monsterinsights_sitenote_active":false,"_monsterinsights_sitenote_note":"","_monsterinsights_sitenote_category":0,"footnotes":""},"categories":[49],"tags":[],"class_list":["post-66147","post","type-post","status-publish","format-standard","has-post-thumbnail","hentry","category-news-18","category-49","description-off"],"img_url":"https:\/\/www.radiopiu.net\/wordpress\/wp-content\/uploads\/2018\/11\/WhatsApp-Image-2018-11-09-at-19.11.04.jpeg","_links":{"self":[{"href":"https:\/\/www.radiopiu.net\/wordpress\/wp-json\/wp\/v2\/posts\/66147","targetHints":{"allow":["GET"]}}],"collection":[{"href":"https:\/\/www.radiopiu.net\/wordpress\/wp-json\/wp\/v2\/posts"}],"about":[{"href":"https:\/\/www.radiopiu.net\/wordpress\/wp-json\/wp\/v2\/types\/post"}],"author":[{"embeddable":true,"href":"https:\/\/www.radiopiu.net\/wordpress\/wp-json\/wp\/v2\/users\/1"}],"replies":[{"embeddable":true,"href":"https:\/\/www.radiopiu.net\/wordpress\/wp-json\/wp\/v2\/comments?post=66147"}],"version-history":[{"count":0,"href":"https:\/\/www.radiopiu.net\/wordpress\/wp-json\/wp\/v2\/posts\/66147\/revisions"}],"wp:featuredmedia":[{"embeddable":true,"href":"https:\/\/www.radiopiu.net\/wordpress\/wp-json\/wp\/v2\/media\/66139"}],"wp:attachment":[{"href":"https:\/\/www.radiopiu.net\/wordpress\/wp-json\/wp\/v2\/media?parent=66147"}],"wp:term":[{"taxonomy":"category","embeddable":true,"href":"https:\/\/www.radiopiu.net\/wordpress\/wp-json\/wp\/v2\/categories?post=66147"},{"taxonomy":"post_tag","embeddable":true,"href":"https:\/\/www.radiopiu.net\/wordpress\/wp-json\/wp\/v2\/tags?post=66147"}],"curies":[{"name":"wp","href":"https:\/\/api.w.org\/{rel}","templated":true}]}}