{"id":66193,"date":"2018-11-10T20:36:43","date_gmt":"2018-11-10T19:36:43","guid":{"rendered":"http:\/\/www.radiopiu.net\/wordpress\/?p=66193"},"modified":"2018-11-12T17:07:51","modified_gmt":"2018-11-12T16:07:51","slug":"potabilita-acqua-rientri-dopo-il-maltempo-in-vari-comuni-aggiornamento-del-10-11-2018","status":"publish","type":"post","link":"https:\/\/www.radiopiu.net\/wordpress\/potabilita-acqua-rientri-dopo-il-maltempo-in-vari-comuni-aggiornamento-del-10-11-2018\/","title":{"rendered":"Potabilita&#8217; Acqua &#8211; Rientri dopo il maltempo in vari comuni  &#8211;\u00a0Aggiornamento del 10.11.2018"},"content":{"rendered":"<p>Belluno,\u00a010 novembre 2018 &#8211;\u00a0Gestione Servizi Pubblici informa che \u00e8 di nuovo potabile ed utilizzabile per scopi alimentari l&#8217;acqua erogata dalla rete idrica nei comuni di\u00a0<br \/>\n&#8211; Arsi\u00e8 localit\u00e0 Rivai e Mellame;<br \/>\n&#8211; Alpago in localit\u00e0 Curago, Querz, Valzella, Torres, Schiucaz<br \/>\n&#8211; Calalzo di Cadore in tutto il comune, esclusa Rizzios;<br \/>\n&#8211; Chies d&#8217;Alpago in tutto il comune;<br \/>\n&#8211; Cortina in tutto il comune, ospedali compresi, esclusi Cadin di sotto e di sopra, Cademai, Chiave e Chiamulera;\u00a0<br \/>\n&#8211; Danta di Cadore in tutto il comune;<br \/>\n&#8211; Domegge nelle localit\u00e0 Centro, Somacros e Deppo;\u00a0<br \/>\n&#8211; Farra d\u2019Alpago in localit\u00e0 Spert;<br \/>\n&#8211; Seren del Grappa via Pietena.<br \/>\nNuovi aggiornamenti verranno forniti nei prossimi giorni.<br \/>\nE\u2019 non potabile, invece, l\u2019acqua erogata a Seren del Grappa in localit\u00e0 Porcen e ad Arsi\u00e8 in  frazione Fastro e San Vito: l\u2019uso alimentare \u00e8 consenti solo previa adeguata bollitura.<br \/>\nPer informazioni: 800 306 999 (da rete fissa) o 0437\/381299 (da mobile).\u00a0<br \/>\nPer emergenze: 800 757678.<\/p>\n","protected":false},"excerpt":{"rendered":"<p>Belluno,\u00a010 novembre 2018 &#8211;\u00a0Gestione Servizi Pubblici informa che \u00e8 di nuovo potabile ed utilizzabile per scopi alimentari l&#8217;acqua erogata dalla rete idrica nei comuni di\u00a0 &#8211; Arsi\u00e8 localit\u00e0 Rivai e Mellame; &#8211; Alpago in localit\u00e0 Curago, Querz, Valzella, Torres, Schiucaz &#8211; Calalzo di Cadore in tutto il comune, esclusa Rizzios; &#8211; Chies d&#8217;Alpago in tutto&hellip;<\/p>\n","protected":false},"author":1,"featured_media":0,"comment_status":"closed","ping_status":"closed","sticky":false,"template":"","format":"standard","meta":{"_monsterinsights_skip_tracking":false,"_monsterinsights_sitenote_active":false,"_monsterinsights_sitenote_note":"","_monsterinsights_sitenote_category":0,"footnotes":""},"categories":[49],"tags":[],"class_list":["post-66193","post","type-post","status-publish","format-standard","hentry","category-news-18","category-49","description-off"],"img_url":false,"_links":{"self":[{"href":"https:\/\/www.radiopiu.net\/wordpress\/wp-json\/wp\/v2\/posts\/66193","targetHints":{"allow":["GET"]}}],"collection":[{"href":"https:\/\/www.radiopiu.net\/wordpress\/wp-json\/wp\/v2\/posts"}],"about":[{"href":"https:\/\/www.radiopiu.net\/wordpress\/wp-json\/wp\/v2\/types\/post"}],"author":[{"embeddable":true,"href":"https:\/\/www.radiopiu.net\/wordpress\/wp-json\/wp\/v2\/users\/1"}],"replies":[{"embeddable":true,"href":"https:\/\/www.radiopiu.net\/wordpress\/wp-json\/wp\/v2\/comments?post=66193"}],"version-history":[{"count":0,"href":"https:\/\/www.radiopiu.net\/wordpress\/wp-json\/wp\/v2\/posts\/66193\/revisions"}],"wp:attachment":[{"href":"https:\/\/www.radiopiu.net\/wordpress\/wp-json\/wp\/v2\/media?parent=66193"}],"wp:term":[{"taxonomy":"category","embeddable":true,"href":"https:\/\/www.radiopiu.net\/wordpress\/wp-json\/wp\/v2\/categories?post=66193"},{"taxonomy":"post_tag","embeddable":true,"href":"https:\/\/www.radiopiu.net\/wordpress\/wp-json\/wp\/v2\/tags?post=66193"}],"curies":[{"name":"wp","href":"https:\/\/api.w.org\/{rel}","templated":true}]}}