{"id":66209,"date":"2018-11-11T10:37:44","date_gmt":"2018-11-11T09:37:44","guid":{"rendered":"http:\/\/www.radiopiu.net\/wordpress\/?p=66209"},"modified":"2018-11-11T10:37:44","modified_gmt":"2018-11-11T09:37:44","slug":"rivamonte-agordino-i-proprietari-sono-deceduti-winter-cerca-adozione","status":"publish","type":"post","link":"https:\/\/www.radiopiu.net\/wordpress\/rivamonte-agordino-i-proprietari-sono-deceduti-winter-cerca-adozione\/","title":{"rendered":"Rivamonte agordino i  proprietari sono deceduti &#8211; Winter cerca adozione"},"content":{"rendered":"<p>Lo abbiamo chiamato Winter per ora perch\u00e8 nessuno sa il suo nome\u2026E\u2019 il cane delle due persone che sono rimaste vittime del monossido a Rivamonte, per cui ora \u00e8 solo nel suo box, c\u2019\u00e8 chi gli porta il cibo e gli fa fare qualche passeggiata ma certo ha bisogno di adozione.<br \/>\nE\u2019 un siberian Husky di ben 15 anni, per cui chiediamo per lui persona che abbia voglia di fargli passare in in serenit\u00e0 la sua vecchiaia. E\u2019 un cane molto buono tranquillo co<span class=\"text_exposed_show\">n gli altri cani, i gatti non si sa\u2026Si fa portare bene al guinzaglio, in macchina sta tranquillo, di certo non pu\u00f2 fare passeggiate chilometriche.<br \/>\nUna signora ha gi\u00e0 provato a portarlo in casa ma da bravo cane anziano e abitudinario \u00e8 una condizione che non accetta. I cani anziani per stare bene devono essere sereni, non gli si pu\u00f2 chiedere uno sforzo di adattamento come a un giovane, serve quindi replicare le condizioni di detenzione e magari migliorarle. Chiediamo quindi per lui persona che possa offrire un box ben fatto con una cuccia adeguata, cibo e qualche passeggiata. Non escludiamo che si possa adattare a stare dentro casa ma succeder\u00e0 nel tempo con l\u2019abitudine a una nuova situazione. Il cane \u00e8 Visibile a Rivamonte Agordino. Info: 3388767470 se non rispondo lasciatemi un messaggio su whats app molte grazie.<\/span><\/p>\n\n\t\t\t<style type='text\/css'>\n\t\t\t\t#gallery-1 {\n\t\t\t\t\tmargin: auto;\n\t\t\t\t}\n\t\t\t\t#gallery-1 .gallery-item {\n\t\t\t\t\tfloat: left;\n\t\t\t\t\tmargin-top: 10px;\n\t\t\t\t\ttext-align: center;\n\t\t\t\t\twidth: 33%;\n\t\t\t\t}\n\t\t\t\t#gallery-1 img {\n\t\t\t\t\tborder: 2px solid #cfcfcf;\n\t\t\t\t}\n\t\t\t\t#gallery-1 .gallery-caption {\n\t\t\t\t\tmargin-left: 0;\n\t\t\t\t}\n\t\t\t\t\/* see gallery_shortcode() in wp-includes\/media.php *\/\n\t\t\t<\/style>\n\t\t<div id='gallery-1' class='dt-gallery-container gallery galleryid-66209 gallery-columns-3 gallery-size-medium'><dl class='gallery-item'>\n\t\t\t\t<dt class='gallery-icon portrait'>\n\t\t\t\t\t<a class=\"rollover\" href='https:\/\/www.radiopiu.net\/wordpress\/rivamonte-agordino-i-proprietari-sono-deceduti-winter-cerca-adozione\/whatsapp-image-2018-11-11-at-09-21-13\/'><img loading=\"lazy\" decoding=\"async\" width=\"225\" height=\"300\" src=\"https:\/\/www.radiopiu.net\/wordpress\/wp-content\/uploads\/2018\/11\/WhatsApp-Image-2018-11-11-at-09.21.13-225x300.jpeg\" class=\"attachment-medium size-medium\" alt=\"\" srcset=\"https:\/\/www.radiopiu.net\/wordpress\/wp-content\/uploads\/2018\/11\/WhatsApp-Image-2018-11-11-at-09.21.13-225x300.jpeg 225w, https:\/\/www.radiopiu.net\/wordpress\/wp-content\/uploads\/2018\/11\/WhatsApp-Image-2018-11-11-at-09.21.13-768x1024.jpeg 768w, https:\/\/www.radiopiu.net\/wordpress\/wp-content\/uploads\/2018\/11\/WhatsApp-Image-2018-11-11-at-09.21.13.jpeg 1200w\" sizes=\"auto, (max-width: 225px) 100vw, 225px\" \/><\/a>\n\t\t\t\t<\/dt><\/dl><dl class='gallery-item'>\n\t\t\t\t<dt class='gallery-icon portrait'>\n\t\t\t\t\t<a class=\"rollover\" href='https:\/\/www.radiopiu.net\/wordpress\/rivamonte-agordino-i-proprietari-sono-deceduti-winter-cerca-adozione\/whatsapp-image-2018-11-11-at-09-21-12\/'><img loading=\"lazy\" decoding=\"async\" width=\"225\" height=\"300\" src=\"https:\/\/www.radiopiu.net\/wordpress\/wp-content\/uploads\/2018\/11\/WhatsApp-Image-2018-11-11-at-09.21.12-225x300.jpeg\" class=\"attachment-medium size-medium\" alt=\"\" srcset=\"https:\/\/www.radiopiu.net\/wordpress\/wp-content\/uploads\/2018\/11\/WhatsApp-Image-2018-11-11-at-09.21.12-225x300.jpeg 225w, https:\/\/www.radiopiu.net\/wordpress\/wp-content\/uploads\/2018\/11\/WhatsApp-Image-2018-11-11-at-09.21.12-768x1024.jpeg 768w, https:\/\/www.radiopiu.net\/wordpress\/wp-content\/uploads\/2018\/11\/WhatsApp-Image-2018-11-11-at-09.21.12.jpeg 1200w\" sizes=\"auto, (max-width: 225px) 100vw, 225px\" \/><\/a>\n\t\t\t\t<\/dt><\/dl><dl class='gallery-item'>\n\t\t\t\t<dt class='gallery-icon portrait'>\n\t\t\t\t\t<a class=\"rollover\" href='https:\/\/www.radiopiu.net\/wordpress\/rivamonte-agordino-i-proprietari-sono-deceduti-winter-cerca-adozione\/3-38\/'><img loading=\"lazy\" decoding=\"async\" width=\"225\" height=\"300\" src=\"https:\/\/www.radiopiu.net\/wordpress\/wp-content\/uploads\/2018\/11\/3-3-225x300.jpeg\" class=\"attachment-medium size-medium\" alt=\"\" srcset=\"https:\/\/www.radiopiu.net\/wordpress\/wp-content\/uploads\/2018\/11\/3-3-225x300.jpeg 225w, https:\/\/www.radiopiu.net\/wordpress\/wp-content\/uploads\/2018\/11\/3-3-768x1024.jpeg 768w, https:\/\/www.radiopiu.net\/wordpress\/wp-content\/uploads\/2018\/11\/3-3.jpeg 1200w\" sizes=\"auto, (max-width: 225px) 100vw, 225px\" \/><\/a>\n\t\t\t\t<\/dt><\/dl><br style=\"clear: both\" \/>\n\t\t\t<\/div>\n\n","protected":false},"excerpt":{"rendered":"<p>Lo abbiamo chiamato Winter per ora perch\u00e8 nessuno sa il suo nome\u2026E\u2019 il cane delle due persone che sono rimaste vittime del monossido a Rivamonte, per cui ora \u00e8 solo nel suo box, c\u2019\u00e8 chi gli porta il cibo e gli fa fare qualche passeggiata ma certo ha bisogno di adozione. E\u2019 un siberian Husky&hellip;<\/p>\n","protected":false},"author":1,"featured_media":66210,"comment_status":"closed","ping_status":"closed","sticky":false,"template":"","format":"standard","meta":{"_monsterinsights_skip_tracking":false,"_monsterinsights_sitenote_active":false,"_monsterinsights_sitenote_note":"","_monsterinsights_sitenote_category":0,"footnotes":""},"categories":[49],"tags":[],"class_list":["post-66209","post","type-post","status-publish","format-standard","has-post-thumbnail","hentry","category-news-18","category-49","description-off"],"img_url":"https:\/\/www.radiopiu.net\/wordpress\/wp-content\/uploads\/2018\/11\/3-2.jpeg","_links":{"self":[{"href":"https:\/\/www.radiopiu.net\/wordpress\/wp-json\/wp\/v2\/posts\/66209","targetHints":{"allow":["GET"]}}],"collection":[{"href":"https:\/\/www.radiopiu.net\/wordpress\/wp-json\/wp\/v2\/posts"}],"about":[{"href":"https:\/\/www.radiopiu.net\/wordpress\/wp-json\/wp\/v2\/types\/post"}],"author":[{"embeddable":true,"href":"https:\/\/www.radiopiu.net\/wordpress\/wp-json\/wp\/v2\/users\/1"}],"replies":[{"embeddable":true,"href":"https:\/\/www.radiopiu.net\/wordpress\/wp-json\/wp\/v2\/comments?post=66209"}],"version-history":[{"count":0,"href":"https:\/\/www.radiopiu.net\/wordpress\/wp-json\/wp\/v2\/posts\/66209\/revisions"}],"wp:featuredmedia":[{"embeddable":true,"href":"https:\/\/www.radiopiu.net\/wordpress\/wp-json\/wp\/v2\/media\/66210"}],"wp:attachment":[{"href":"https:\/\/www.radiopiu.net\/wordpress\/wp-json\/wp\/v2\/media?parent=66209"}],"wp:term":[{"taxonomy":"category","embeddable":true,"href":"https:\/\/www.radiopiu.net\/wordpress\/wp-json\/wp\/v2\/categories?post=66209"},{"taxonomy":"post_tag","embeddable":true,"href":"https:\/\/www.radiopiu.net\/wordpress\/wp-json\/wp\/v2\/tags?post=66209"}],"curies":[{"name":"wp","href":"https:\/\/api.w.org\/{rel}","templated":true}]}}