{"id":66218,"date":"2018-11-11T13:39:47","date_gmt":"2018-11-11T12:39:47","guid":{"rendered":"http:\/\/www.radiopiu.net\/wordpress\/?p=66218"},"modified":"2018-11-11T13:41:04","modified_gmt":"2018-11-11T12:41:04","slug":"previsioni-meteo-da-domenic-11-a-giovedi-15","status":"publish","type":"post","link":"https:\/\/www.radiopiu.net\/wordpress\/previsioni-meteo-da-domenic-11-a-giovedi-15\/","title":{"rendered":"Previsioni meteo da domenica 11 a giovedi 15"},"content":{"rendered":"<p><center><b>A.R.P.A.V. &#8211; Dipartimento per la Sicurezza del Territorio<\/b><\/center><center><b>CENTRO VALANGHE DI ARABBA<\/b><\/center><center><b>DOLOMITI METEO<\/b><\/center>&nbsp;<\/p>\n<p><center>Domenica 11 Novembre 2018 &#8211; ore 13<\/center><center><b>Area di validit\u00e0: Montagna Veneta<\/b><\/center><\/p>\n<hr \/>\n<p><center><\/center><center><b>Evoluzione generale<\/b><\/center>E&#8217; in fase di rinforzo l&#8217;anticiclone africano, che inizier\u00e0 a manifestare la sua influenza sulla regione a partira da luned\u00ec. L&#8217;arrivo di questa ampia area anticiclonica porter\u00e0 una fase di tempo stabile e ben soleggiato, accompagnato da un aumento graduale delle temperature soprattutto in quota, mentre nelle valli determiner\u00e0 un aumento soprattutto delle massime che raggiungeranno valori anche ben al di sopra della norma. Aumenteranno nelle valli anche l&#8217;inversione termica notturna e l&#8217;escursione termica giornaliera. Tuttavia, permarranno condizioni favorevoli su alcune valli specie su quelle prealpine alla formazione di nubi basse\/foschie\/nebbie nelle ore pi\u00f9 fredede.<\/p>\n<hr \/>\n<p><center><b>Pomeriggio\/sera di Domenica 11<\/b><\/center>Inizialmente ancora cielo nuvoloso o molto nuvoloso e senza precipitazioni; la nuvolosit\u00e0 tender\u00e0 gradualmente a diradarsi nel corso del pomeriggio. Temperature massime stazionarie, su valori prossimi alle medie del periodo. Venti in quota tesi sud occidentali.<\/p>\n<hr \/>\n<p><center><b>Lunedi 12<\/b><\/center><b>Tempo atteso: <\/b>Tempo in prevalenza soleggiato con cielo sereno o poco nuvoloso, salvo la presenza di nubi basse\/foschie\/locali nebbie, specie nelle valli prealpine, nelle ore pi\u00f9 fredde, in diradamento durante le ore diurne. Transito di qualche velatura nel corso del pomeriggio.<br \/>\n<b>Precipitazioni: <\/b>Assenti (0%).<br \/>\n<b>Temperature: <\/b>Minime generalmente stazionarie o in lieve calo, specie nelle valli, massime in aumento specie in quota. Lieve inversione termica. Su Prealpi a 1500 m min 4\u00b0C max 10\u00b0C, a 2000 m min 1\u00b0C max 8\u00b0C. Su Dolomiti a 2000 m min 1\u00b0C max 8\u00b0C, a 3000 m min -3\u00b0C max 3\u00b0C.<br \/>\n<b>Venti: <\/b>Nelle valli deboli di direzione variabile; in quota in prevalenza moderati\/tesi da sud-ovest, a 25-35 km\/h a 2000 m, 40-45 km\/h a 3000 m.<\/p>\n<hr \/>\n<p><center><b>Martedi 13<\/b><\/center><b>Tempo atteso: <\/b>Tempo in prevalenza soleggiato con cielo perlopi\u00f9 sereno o poco nuvoloso, specie in quota, sugli altipiani e sulle zone dolomitiche. Probabili nubi basse\/foschie\/nebbie in alcuni fondovalle prealpini durante le ore pi\u00f9 fredde.<br \/>\n<b>Precipitazioni: <\/b>Assenti (0%).<br \/>\n<b>Temperature: <\/b>Temperature minime in leggero calo nelle valli ed in lieve aumento in quota, massime in ulteriore aumento, su valori ben sopra le medie del periodo. Nelle valli, nelle ore pi\u00f9 fredde, inversione termica anche marcata e significativo aumento dell&#8217;escursione termica giornaliera. Su Prealpi a 1500 m min 5\u00b0C max 11\u00b0C, a 2000 m min 2\u00b0C max 9\u00b0C. Su Dolomiti a 2000 m min 2\u00b0C max 9\u00b0C, a 3000 m min -2\u00b0C max 6\u00b0C.<br \/>\n<b>Venti: <\/b>Nelle valli deboli di direzione variabile; in quota in prevalenza moderati\/tesi da sud-ovest, a 30-35 km\/h a 2000 m, 35-45 km\/h a 3000 m, tendenti ad una parziale attenuazione in serata e a divenire settentrionali.<\/p>\n<hr \/>\n<p><center><b>Mercoledi 14<\/b><\/center>Tempo ancora in prevalenza soleggiato con cielo perlopi\u00f9 sereno o poco nuvoloso. Probabili nubi basse\/foschie\/locali nebbie in alcuni fondovalle durante le ore pi\u00f9 fredde. Temperature in leggero calo con parziale attenuazione dell&#8217;inversione termica. Venti in quota in prevalenza deboli settentrionali.<\/p>\n<hr \/>\n<p><center><b>Giovedi 15<\/b><\/center>La situazione non cambia molto; tempo ancora in prevalenza soleggiato con cielo perlopi\u00f9 sereno o poco nuvoloso e probabili nubi basse\/foschie\/locali nebbie in alcuni fondovalle durante le ore pi\u00f9 fredde. Temperature senza notevoli variazioni con persistenza dell&#8217;inversione termica. Previsore: M.Padoan Aggiornamento bollettino Dolomiti Neve e Valanghe: 12\/11\/2018<\/p>\n<hr \/>\n","protected":false},"excerpt":{"rendered":"<p>A.R.P.A.V. &#8211; Dipartimento per la Sicurezza del TerritorioCENTRO VALANGHE DI ARABBADOLOMITI METEO&nbsp; Domenica 11 Novembre 2018 &#8211; ore 13Area di validit\u00e0: Montagna Veneta Evoluzione generaleE&#8217; in fase di rinforzo l&#8217;anticiclone africano, che inizier\u00e0 a manifestare la sua influenza sulla regione a partira da luned\u00ec. L&#8217;arrivo di questa ampia area anticiclonica porter\u00e0 una fase di tempo&hellip;<\/p>\n","protected":false},"author":1,"featured_media":57212,"comment_status":"closed","ping_status":"closed","sticky":false,"template":"","format":"standard","meta":{"_monsterinsights_skip_tracking":false,"_monsterinsights_sitenote_active":false,"_monsterinsights_sitenote_note":"","_monsterinsights_sitenote_category":0,"footnotes":""},"categories":[49],"tags":[],"class_list":["post-66218","post","type-post","status-publish","format-standard","has-post-thumbnail","hentry","category-news-18","category-49","description-off"],"img_url":"https:\/\/www.radiopiu.net\/wordpress\/wp-content\/uploads\/2018\/08\/METEO-PREVISIONI.jpeg","_links":{"self":[{"href":"https:\/\/www.radiopiu.net\/wordpress\/wp-json\/wp\/v2\/posts\/66218","targetHints":{"allow":["GET"]}}],"collection":[{"href":"https:\/\/www.radiopiu.net\/wordpress\/wp-json\/wp\/v2\/posts"}],"about":[{"href":"https:\/\/www.radiopiu.net\/wordpress\/wp-json\/wp\/v2\/types\/post"}],"author":[{"embeddable":true,"href":"https:\/\/www.radiopiu.net\/wordpress\/wp-json\/wp\/v2\/users\/1"}],"replies":[{"embeddable":true,"href":"https:\/\/www.radiopiu.net\/wordpress\/wp-json\/wp\/v2\/comments?post=66218"}],"version-history":[{"count":0,"href":"https:\/\/www.radiopiu.net\/wordpress\/wp-json\/wp\/v2\/posts\/66218\/revisions"}],"wp:featuredmedia":[{"embeddable":true,"href":"https:\/\/www.radiopiu.net\/wordpress\/wp-json\/wp\/v2\/media\/57212"}],"wp:attachment":[{"href":"https:\/\/www.radiopiu.net\/wordpress\/wp-json\/wp\/v2\/media?parent=66218"}],"wp:term":[{"taxonomy":"category","embeddable":true,"href":"https:\/\/www.radiopiu.net\/wordpress\/wp-json\/wp\/v2\/categories?post=66218"},{"taxonomy":"post_tag","embeddable":true,"href":"https:\/\/www.radiopiu.net\/wordpress\/wp-json\/wp\/v2\/tags?post=66218"}],"curies":[{"name":"wp","href":"https:\/\/api.w.org\/{rel}","templated":true}]}}