{"id":66221,"date":"2018-11-11T13:43:55","date_gmt":"2018-11-11T12:43:55","guid":{"rendered":"http:\/\/www.radiopiu.net\/wordpress\/?p=66221"},"modified":"2018-11-11T13:43:55","modified_gmt":"2018-11-11T12:43:55","slug":"alluvione-dario-bond-forza-italia-intervenire-presto-sul-lago-di-alleghe","status":"publish","type":"post","link":"https:\/\/www.radiopiu.net\/wordpress\/alluvione-dario-bond-forza-italia-intervenire-presto-sul-lago-di-alleghe\/","title":{"rendered":"ALLUVIONE &#8211; DARIO BOND (FORZA ITALIA): \u00abINTERVENIRE PRESTO SUL LAGO DI ALLEGHE\u00bb."},"content":{"rendered":"<p>Bisogna intervenire quanto prima sul lago di Alleghe per una pulizia importante\u00bb. \u00c8 quanto afferma Dario Bond. Il deputato di Forza Italia \u00e8 stato pi\u00f9 volte in visita ai luoghi dell\u2019Alto Bellunese colpiti dal disastro dell\u2019alluvione, e ha potuto raccogliere la lista dei danni e<br \/>\ndelle situazioni da sistemare quanto prima.<br \/>\n\u00abIl lago di Alleghe \u00e8 una bomba dal punto di vista ambientale e idrogeologico\u00bb afferma Dario Bond. \u00ab\u00c8 pieno di detriti e di tronchi. Bisogna regimare i cumuli di ghiaia perch\u00e9 costituiscono un grande pericolo\u00bb.<br \/>\nDario Bond chiede un intervento rapido anche nella zona delle Miniere, ad Agordo. \u00abCi sono danni sulle coperture degli edifici, il cui restauro \u00e8 stato realizzato con fondi europei per un valore complessivo di 6-7 milioni di euro. Bisogna intervenire per evitare che questi edifici restaurati subiscano danni dall\u2019entrata dell\u2019acqua e dalle intemperie. Basterebbe mettere un telo per protezione, almeno per il momento\u00bb<\/p>\n","protected":false},"excerpt":{"rendered":"<p>Bisogna intervenire quanto prima sul lago di Alleghe per una pulizia importante\u00bb. \u00c8 quanto afferma Dario Bond. Il deputato di Forza Italia \u00e8 stato pi\u00f9 volte in visita ai luoghi dell\u2019Alto Bellunese colpiti dal disastro dell\u2019alluvione, e ha potuto raccogliere la lista dei danni e delle situazioni da sistemare quanto prima. \u00abIl lago di Alleghe&hellip;<\/p>\n","protected":false},"author":1,"featured_media":44428,"comment_status":"closed","ping_status":"closed","sticky":false,"template":"","format":"standard","meta":{"_monsterinsights_skip_tracking":false,"_monsterinsights_sitenote_active":false,"_monsterinsights_sitenote_note":"","_monsterinsights_sitenote_category":0,"footnotes":""},"categories":[49],"tags":[],"class_list":["post-66221","post","type-post","status-publish","format-standard","has-post-thumbnail","hentry","category-news-18","category-49","description-off"],"img_url":"https:\/\/www.radiopiu.net\/wordpress\/wp-content\/uploads\/2018\/03\/BOND.jpg","_links":{"self":[{"href":"https:\/\/www.radiopiu.net\/wordpress\/wp-json\/wp\/v2\/posts\/66221","targetHints":{"allow":["GET"]}}],"collection":[{"href":"https:\/\/www.radiopiu.net\/wordpress\/wp-json\/wp\/v2\/posts"}],"about":[{"href":"https:\/\/www.radiopiu.net\/wordpress\/wp-json\/wp\/v2\/types\/post"}],"author":[{"embeddable":true,"href":"https:\/\/www.radiopiu.net\/wordpress\/wp-json\/wp\/v2\/users\/1"}],"replies":[{"embeddable":true,"href":"https:\/\/www.radiopiu.net\/wordpress\/wp-json\/wp\/v2\/comments?post=66221"}],"version-history":[{"count":0,"href":"https:\/\/www.radiopiu.net\/wordpress\/wp-json\/wp\/v2\/posts\/66221\/revisions"}],"wp:featuredmedia":[{"embeddable":true,"href":"https:\/\/www.radiopiu.net\/wordpress\/wp-json\/wp\/v2\/media\/44428"}],"wp:attachment":[{"href":"https:\/\/www.radiopiu.net\/wordpress\/wp-json\/wp\/v2\/media?parent=66221"}],"wp:term":[{"taxonomy":"category","embeddable":true,"href":"https:\/\/www.radiopiu.net\/wordpress\/wp-json\/wp\/v2\/categories?post=66221"},{"taxonomy":"post_tag","embeddable":true,"href":"https:\/\/www.radiopiu.net\/wordpress\/wp-json\/wp\/v2\/tags?post=66221"}],"curies":[{"name":"wp","href":"https:\/\/api.w.org\/{rel}","templated":true}]}}