{"id":66228,"date":"2018-11-12T06:43:53","date_gmt":"2018-11-12T05:43:53","guid":{"rendered":"http:\/\/www.radiopiu.net\/wordpress\/?p=66228"},"modified":"2018-11-12T11:53:13","modified_gmt":"2018-11-12T10:53:13","slug":"giornale-radiopiu-12-novembre-2018-direttore-mirko-mezzacasa","status":"publish","type":"post","link":"https:\/\/www.radiopiu.net\/wordpress\/giornale-radiopiu-12-novembre-2018-direttore-mirko-mezzacasa\/","title":{"rendered":"GIORNALE RADIOPIU 12 NOVEMBRE 2018 DIRETTORE MIRKO MEZZACASA"},"content":{"rendered":"<p>&nbsp;<\/p>\n<h1>I FAGGI VENDUTI A 30 EURO AL METRO CUBO ANZICH\u00c9 A 35-40:\u00a0NON SVENDIAMO IL NOSTRO PATRIMONIO<\/h1>\n<p>Sono trascorsi 15 giorni dall&#8217;alluvione nel bellunese, sono ancora\u00a0 120 gli sfollati ( a Perarolo e Cibiana ma anche a Rivamonte), un centinaio di generatori tuttora in funzione e una quindicina di Centri operativi comunali<br \/>\nattivi. Oggi a Gosaldo riapriranno le scuole dell\u2019infanzia e primaria, finora prive di corrente e riscaldamento. Il<br \/>\nconsorzio Dolomiti Superski\u00a0assicura che le date di avvio degli impianti sciistici saranno rispettate. L\u2019avvio della stagione invernale \u00e8 fissato fra il 30 novembre e il 6 dicembre. Nei boschi si contano gli animali morti, una strage e le associazioni chiedono il blocco totale della caccia anche in attesa del censimento. Intanto come facilmente ipotizzabile crolla il prezzo del legno ed ha inizio una speculazione senza precedenti, i prezzi alla segheria sono crollati del 30 per cento, a terra ci sono 14 milioni di alberi. Ieri la comunit\u00e0 di Falcade ha ricordato\u00a0l\u2019alluvione del 1966, con in prima fila le associazioni, a Somor commemorate\u00a0 le 11 vittime del\u00a04 novembre di 52 anni fa quando, alle 16.30, parte del paese venne sommerso da fango e acqua.\u00a0A ricordarlo il sindaco Michele Costa che ha aggiunto alla lista il nome di Ennio Piccolin vittima della recente alluvione.<\/p>\n<p><span style=\"color: #ff0000;\"><strong>IL SINDACO MICHELE COSTA<\/strong><\/span><\/p>\n<audio class=\"wp-audio-shortcode\" id=\"audio-66228-1\" preload=\"none\" style=\"width: 100%;\" controls=\"controls\"><source type=\"audio\/ogg\" src=\"http:\/\/www.radiopiu.net\/wordpress\/wp-content\/uploads\/2018\/11\/MICHELE.ogg?_=1\" \/><a href=\"http:\/\/www.radiopiu.net\/wordpress\/wp-content\/uploads\/2018\/11\/MICHELE.ogg\">http:\/\/www.radiopiu.net\/wordpress\/wp-content\/uploads\/2018\/11\/MICHELE.ogg<\/a><\/audio>\n<p>&nbsp;<\/p>\n\n\t\t\t<style type='text\/css'>\n\t\t\t\t#gallery-1 {\n\t\t\t\t\tmargin: auto;\n\t\t\t\t}\n\t\t\t\t#gallery-1 .gallery-item {\n\t\t\t\t\tfloat: left;\n\t\t\t\t\tmargin-top: 10px;\n\t\t\t\t\ttext-align: center;\n\t\t\t\t\twidth: 33%;\n\t\t\t\t}\n\t\t\t\t#gallery-1 img {\n\t\t\t\t\tborder: 2px solid #cfcfcf;\n\t\t\t\t}\n\t\t\t\t#gallery-1 .gallery-caption {\n\t\t\t\t\tmargin-left: 0;\n\t\t\t\t}\n\t\t\t\t\/* see gallery_shortcode() in wp-includes\/media.php *\/\n\t\t\t<\/style>\n\t\t<div id='gallery-1' class='dt-gallery-container gallery galleryid-66228 gallery-columns-3 gallery-size-thumbnail'><dl class='gallery-item'>\n\t\t\t\t<dt class='gallery-icon portrait'>\n\t\t\t\t\t<a class=\"rollover\" href='https:\/\/www.radiopiu.net\/wordpress\/giornale-radiopiu-12-novembre-2018-direttore-mirko-mezzacasa\/7420533a-2686-403b-814e-ac6fe7e4c7ba\/'><img loading=\"lazy\" decoding=\"async\" width=\"150\" height=\"150\" src=\"https:\/\/www.radiopiu.net\/wordpress\/wp-content\/uploads\/2018\/11\/7420533a-2686-403b-814e-ac6fe7e4c7ba-150x150.jpg\" class=\"attachment-thumbnail size-thumbnail\" alt=\"\" \/><\/a>\n\t\t\t\t<\/dt><\/dl><dl class='gallery-item'>\n\t\t\t\t<dt class='gallery-icon landscape'>\n\t\t\t\t\t<a class=\"rollover\" href='https:\/\/www.radiopiu.net\/wordpress\/giornale-radiopiu-12-novembre-2018-direttore-mirko-mezzacasa\/be3e1fe1-3168-4fb3-ab4c-965f7c567440\/'><img loading=\"lazy\" decoding=\"async\" width=\"150\" height=\"150\" src=\"https:\/\/www.radiopiu.net\/wordpress\/wp-content\/uploads\/2018\/11\/be3e1fe1-3168-4fb3-ab4c-965f7c567440-150x150.jpg\" class=\"attachment-thumbnail size-thumbnail\" alt=\"\" \/><\/a>\n\t\t\t\t<\/dt><\/dl><dl class='gallery-item'>\n\t\t\t\t<dt class='gallery-icon landscape'>\n\t\t\t\t\t<a class=\"rollover\" href='https:\/\/www.radiopiu.net\/wordpress\/giornale-radiopiu-12-novembre-2018-direttore-mirko-mezzacasa\/cf3b22ee-7764-46a4-babb-a7669c51a975\/'><img loading=\"lazy\" decoding=\"async\" width=\"150\" height=\"150\" src=\"https:\/\/www.radiopiu.net\/wordpress\/wp-content\/uploads\/2018\/11\/cf3b22ee-7764-46a4-babb-a7669c51a975-150x150.jpg\" class=\"attachment-thumbnail size-thumbnail\" alt=\"\" \/><\/a>\n\t\t\t\t<\/dt><\/dl><br style=\"clear: both\" \/><dl class='gallery-item'>\n\t\t\t\t<dt class='gallery-icon portrait'>\n\t\t\t\t\t<a class=\"rollover\" href='https:\/\/www.radiopiu.net\/wordpress\/giornale-radiopiu-12-novembre-2018-direttore-mirko-mezzacasa\/e0fa6dc4-d34a-4888-b581-5be5e34e0496\/'><img loading=\"lazy\" decoding=\"async\" width=\"150\" height=\"150\" src=\"https:\/\/www.radiopiu.net\/wordpress\/wp-content\/uploads\/2018\/11\/e0fa6dc4-d34a-4888-b581-5be5e34e0496-150x150.jpg\" class=\"attachment-thumbnail size-thumbnail\" alt=\"\" \/><\/a>\n\t\t\t\t<\/dt><\/dl><dl class='gallery-item'>\n\t\t\t\t<dt class='gallery-icon landscape'>\n\t\t\t\t\t<a class=\"rollover\" href='https:\/\/www.radiopiu.net\/wordpress\/giornale-radiopiu-12-novembre-2018-direttore-mirko-mezzacasa\/e9153b90-4718-4d19-8ce7-35608704c784\/'><img loading=\"lazy\" decoding=\"async\" width=\"150\" height=\"150\" src=\"https:\/\/www.radiopiu.net\/wordpress\/wp-content\/uploads\/2018\/11\/e9153b90-4718-4d19-8ce7-35608704c784-150x150.jpg\" class=\"attachment-thumbnail size-thumbnail\" alt=\"\" \/><\/a>\n\t\t\t\t<\/dt><\/dl><dl class='gallery-item'>\n\t\t\t\t<dt class='gallery-icon landscape'>\n\t\t\t\t\t<a class=\"rollover\" href='https:\/\/www.radiopiu.net\/wordpress\/giornale-radiopiu-12-novembre-2018-direttore-mirko-mezzacasa\/f51c4083-034a-4d19-9653-501805e1bab1\/'><img loading=\"lazy\" decoding=\"async\" width=\"150\" height=\"150\" src=\"https:\/\/www.radiopiu.net\/wordpress\/wp-content\/uploads\/2018\/11\/f51c4083-034a-4d19-9653-501805e1bab1-150x150.jpg\" class=\"attachment-thumbnail size-thumbnail\" alt=\"\" \/><\/a>\n\t\t\t\t<\/dt><\/dl><br style=\"clear: both\" \/><dl class='gallery-item'>\n\t\t\t\t<dt class='gallery-icon landscape'>\n\t\t\t\t\t<a class=\"rollover\" href='https:\/\/www.radiopiu.net\/wordpress\/giornale-radiopiu-12-novembre-2018-direttore-mirko-mezzacasa\/fdcbeb2e-1cc4-4097-9f9c-4165c34daf7c\/'><img loading=\"lazy\" decoding=\"async\" width=\"150\" height=\"150\" src=\"https:\/\/www.radiopiu.net\/wordpress\/wp-content\/uploads\/2018\/11\/fdcbeb2e-1cc4-4097-9f9c-4165c34daf7c-150x150.jpg\" class=\"attachment-thumbnail size-thumbnail\" alt=\"\" \/><\/a>\n\t\t\t\t<\/dt><\/dl><dl class='gallery-item'>\n\t\t\t\t<dt class='gallery-icon landscape'>\n\t\t\t\t\t<a class=\"rollover\" href='https:\/\/www.radiopiu.net\/wordpress\/giornale-radiopiu-12-novembre-2018-direttore-mirko-mezzacasa\/6f6cc830-69d0-4ed8-b822-d87408cf2df9\/'><img loading=\"lazy\" decoding=\"async\" width=\"150\" height=\"150\" src=\"https:\/\/www.radiopiu.net\/wordpress\/wp-content\/uploads\/2018\/11\/6f6cc830-69d0-4ed8-b822-d87408cf2df9-150x150.jpg\" class=\"attachment-thumbnail size-thumbnail\" alt=\"\" \/><\/a>\n\t\t\t\t<\/dt><\/dl><dl class='gallery-item'>\n\t\t\t\t<dt class='gallery-icon portrait'>\n\t\t\t\t\t<a class=\"rollover\" href='https:\/\/www.radiopiu.net\/wordpress\/giornale-radiopiu-12-novembre-2018-direttore-mirko-mezzacasa\/7bbe938f-d1b5-4065-97d1-710b8d3d42bd\/'><img loading=\"lazy\" decoding=\"async\" width=\"150\" height=\"150\" src=\"https:\/\/www.radiopiu.net\/wordpress\/wp-content\/uploads\/2018\/11\/7bbe938f-d1b5-4065-97d1-710b8d3d42bd-150x150.jpg\" class=\"attachment-thumbnail size-thumbnail\" alt=\"\" \/><\/a>\n\t\t\t\t<\/dt><\/dl><br style=\"clear: both\" \/><dl class='gallery-item'>\n\t\t\t\t<dt class='gallery-icon landscape'>\n\t\t\t\t\t<a class=\"rollover\" href='https:\/\/www.radiopiu.net\/wordpress\/giornale-radiopiu-12-novembre-2018-direttore-mirko-mezzacasa\/17e3e65f-7b24-44c8-a089-7e499d5c94c1\/'><img loading=\"lazy\" decoding=\"async\" width=\"150\" height=\"150\" src=\"https:\/\/www.radiopiu.net\/wordpress\/wp-content\/uploads\/2018\/11\/17e3e65f-7b24-44c8-a089-7e499d5c94c1-150x150.jpg\" class=\"attachment-thumbnail size-thumbnail\" alt=\"\" \/><\/a>\n\t\t\t\t<\/dt><\/dl><dl class='gallery-item'>\n\t\t\t\t<dt class='gallery-icon landscape'>\n\t\t\t\t\t<a class=\"rollover\" href='https:\/\/www.radiopiu.net\/wordpress\/giornale-radiopiu-12-novembre-2018-direttore-mirko-mezzacasa\/515dfeab-378d-48b6-b075-7a7c0dcf0bbe\/'><img loading=\"lazy\" decoding=\"async\" width=\"150\" height=\"150\" src=\"https:\/\/www.radiopiu.net\/wordpress\/wp-content\/uploads\/2018\/11\/515dfeab-378d-48b6-b075-7a7c0dcf0bbe-150x150.jpg\" class=\"attachment-thumbnail size-thumbnail\" alt=\"\" \/><\/a>\n\t\t\t\t<\/dt><\/dl><dl class='gallery-item'>\n\t\t\t\t<dt class='gallery-icon landscape'>\n\t\t\t\t\t<a class=\"rollover\" href='https:\/\/www.radiopiu.net\/wordpress\/giornale-radiopiu-12-novembre-2018-direttore-mirko-mezzacasa\/4505ace4-7a25-4d2b-85bd-88b4966410dc\/'><img loading=\"lazy\" decoding=\"async\" width=\"150\" height=\"150\" src=\"https:\/\/www.radiopiu.net\/wordpress\/wp-content\/uploads\/2018\/11\/4505ace4-7a25-4d2b-85bd-88b4966410dc-150x150.jpg\" class=\"attachment-thumbnail size-thumbnail\" alt=\"\" \/><\/a>\n\t\t\t\t<\/dt><\/dl><br style=\"clear: both\" \/>\n\t\t\t<\/div>\n\n<p>&nbsp;<\/p>\n<p>&nbsp;<\/p>\n<p>&nbsp;<\/p>\n<h1>FORESTE DEL VENETO DOPO GLI SCHIANTI, UNCEM: &#8220;COINVOLGERE LE IMPRESE LOCALI, BENE LA REGIONE. ATTIVIAMO FEDERLEGNO ARREDA E LE ASSOCIAZIONI DATORIALI&#8221;<\/h1>\n<p><a class=\"dt-pswp-item\" href=\"http:\/\/www.radiopiu.net\/wordpress\/wp-content\/uploads\/2018\/11\/Massaro-Soprallugo-Nevegal-11.jpg\" data-dt-img-description=\"\" data-large_image_width=\"5184\" data-large_image_height=\"3456\"><img loading=\"lazy\" decoding=\"async\" class=\"size-medium wp-image-66153 alignleft\" src=\"http:\/\/www.radiopiu.net\/wordpress\/wp-content\/uploads\/2018\/11\/Massaro-Soprallugo-Nevegal-11-300x200.jpg\" alt=\"\" width=\"300\" height=\"200\" srcset=\"https:\/\/www.radiopiu.net\/wordpress\/wp-content\/uploads\/2018\/11\/Massaro-Soprallugo-Nevegal-11-300x200.jpg 300w, https:\/\/www.radiopiu.net\/wordpress\/wp-content\/uploads\/2018\/11\/Massaro-Soprallugo-Nevegal-11-768x512.jpg 768w, https:\/\/www.radiopiu.net\/wordpress\/wp-content\/uploads\/2018\/11\/Massaro-Soprallugo-Nevegal-11-1024x683.jpg 1024w\" sizes=\"auto, (max-width: 300px) 100vw, 300px\" \/><\/a>&#8220;Le dichiarazioni rilasciate nei giorni scorsi dall&#8217;Assessore all&#8217;Agricoltura Pan della Regione Veneto sono molto positive. Il legname delle foreste dove gli alberi si sono schiantati a terra per colpa delle raffiche di vento che hanno superato i 150 chilometri orari, andr\u00e0 rimosso. E a farlo dovranno essere imprese locali, che conoscono bene l&#8217;area bellunese e quelle foreste. Serve un&#8217;attenta pianificazione e sono convinto anche io che la soluzione stia in Veneto Agricoltura per la pianificazione forestale e la gestione del post emergenza, dopo aver fatto tutti i rilevamenti e le analisi necessarie&#8221;. Cos\u00ec Ennio Vigne, Presidente Uncem Veneto, a seguito dell&#8217;emergenza maltempo e della gestione dei boschi fortemente compromessi dalle calamit\u00e0 naturali degli ultimi giorni.\u00a0 &#8220;\u00c8 positivo si possa avere un dato certo sul legname da recuperare e che questa analisi sia fatta dall&#8217;Agenzia regionale per i pagamenti in agricoltura, anche utilizzando i droni &#8211; afferma ancora Vigne &#8211; Dovranno essere coinvolti i Comuni e le Unioni montane per fare insieme a Veneto Agricoltura i piani adeguati, scientifici e capaci di valorizzare al massimo il materiale da asportare. A proposito, riteniamo importante coinvolgere Federlegno Arreda, ma anche le associazioni di categoria dell&#8217;artigianato, affinch\u00e9 possano acquistare quel legname di pregio. Di certo, non dovr\u00e0 essere tutto triturato e destinato alla produzione energetica&#8221;. Anche Uncem potr\u00e0 far parte del tavolo regionale che la Regione insedier\u00e0 per far fronte alla catastrofe e alla rigenerazione dei boschi. Sar\u00e0 il tavolo regionale di coordinamento a scegliere la via migliore per coordinare la fase di raccolta, stoccaggio e vendita dei tronchi abbattuti.<\/p>\n<p>&nbsp;<\/p>\n<blockquote><p><em><strong>Gestione Servizi Pubblici informa che \u00e8 di nuovo potabile ed utilizzabile per scopi alimentari l&#8217;acqua erogata dalla rete idrica nei comuni di\u00a0 &#8211; Arsi\u00e8 localit\u00e0 Rivai e Mellame;\u00a0 &#8211; Alpago in localit\u00e0 Curago, Querz, Valzella, Torres, Schiucaz &#8211; Calalzo di Cadore in tutto il comune, esclusa Rizzios; &#8211; Chies d&#8217;Alpago in tutto il comune;\u00a0<\/strong><strong>&#8211; Cortina in tutto il comune, ospedali compresi, esclusi Cadin di sotto e di sopra, Cademai, Chiave e Chiamulera;\u00a0 &#8211; Danta di Cadore in tutto il comune; &#8211; Domegge nelle localit\u00e0 Centro, Somacros e Deppo;\u00a0\u00a0<\/strong><strong>&#8211; Farra d\u2019Alpago in localit\u00e0 Spert; &#8211; Seren del Grappa via Pietena.\u00a0E&#8217;di nuovo potabile ed utilizzabile per scopi alimentari l&#8217;acqua erogata dalla rete idrica nei comuni di\u00a0 &#8211; Auronzo\u00a0tutto il comune, ad eccezione della localit\u00e0 Palus San Marco; &#8211;\u00a0Belluno\u00a0nelle localit\u00e0\u00a0Cet, Rivamaor, Sossai e Visome;\u00a0 \u00a0&#8211; Longarone nelle frazioni di Castellavazzo centro, Provagna e Zona industriale; &#8211; Limana in localit\u00e0 Valmorel; &#8211; Val Di Zoldo nelle localit\u00e0 Fusine, Pianaz, Mareson, Pecol, Palafavera, Coi, Brusadaz, Costa, Iral e Rutorbol.<br \/>\n<\/strong><\/em><\/p>\n<p><em><strong> Nuovi aggiornamenti verranno forniti nei prossimi giorni. E\u2019 non potabile, invece, l\u2019acqua erogata a Seren del Grappa in localit\u00e0 Porcen e ad Arsi\u00e8 in frazione Fastro e San Vito: l\u2019uso alimentare \u00e8 consenti solo previa adeguata bollitura.<\/strong><\/em><\/p><\/blockquote>\n<p>&nbsp;<\/p>\n<p>&nbsp;<\/p>\n<p>&nbsp;<\/p>\n<p>&nbsp;<\/p>\n<p><strong>DA ROCCA PIETORE ANDREA DE BERNARDIN IN RISPOSTA AL SINDACO SIRO DE BIASIO<\/strong><\/p>\n<audio class=\"wp-audio-shortcode\" id=\"audio-66228-2\" preload=\"none\" style=\"width: 100%;\" controls=\"controls\"><source type=\"audio\/ogg\" src=\"http:\/\/www.radiopiu.net\/wordpress\/wp-content\/uploads\/2018\/11\/andrea.ogg?_=2\" \/><a href=\"http:\/\/www.radiopiu.net\/wordpress\/wp-content\/uploads\/2018\/11\/andrea.ogg\">http:\/\/www.radiopiu.net\/wordpress\/wp-content\/uploads\/2018\/11\/andrea.ogg<\/a><\/audio>\n<p><strong>IL PRIMO INTERVENTO DI SIRO DE BIASIO<\/strong><\/p>\n<audio class=\"wp-audio-shortcode\" id=\"audio-66228-3\" preload=\"none\" style=\"width: 100%;\" controls=\"controls\"><source type=\"audio\/ogg\" src=\"http:\/\/www.radiopiu.net\/wordpress\/wp-content\/uploads\/2018\/11\/SIRO.ogg?_=3\" \/><a href=\"http:\/\/www.radiopiu.net\/wordpress\/wp-content\/uploads\/2018\/11\/SIRO.ogg\">http:\/\/www.radiopiu.net\/wordpress\/wp-content\/uploads\/2018\/11\/SIRO.ogg<\/a><\/audio>\n<p><strong>DA TAIBON, LA SITUAZIONE CON IL VICE SINDACO LORIS DE COL<\/strong><\/p>\n<audio class=\"wp-audio-shortcode\" id=\"audio-66228-4\" preload=\"none\" style=\"width: 100%;\" controls=\"controls\"><source type=\"audio\/ogg\" src=\"http:\/\/www.radiopiu.net\/wordpress\/wp-content\/uploads\/2018\/11\/loris.ogg?_=4\" \/><a href=\"http:\/\/www.radiopiu.net\/wordpress\/wp-content\/uploads\/2018\/11\/loris.ogg\">http:\/\/www.radiopiu.net\/wordpress\/wp-content\/uploads\/2018\/11\/loris.ogg<\/a><\/audio>\n<p><strong>SPECIALE VAL CORPASSA CLICCA:\u00a0<\/strong><\/p>\n<p><strong> <a href=\"https:\/\/www.facebook.com\/mirko.mezzacasa\/videos\/10218252904060863\/\">VIDEO 1\u00a0<\/a><\/strong><\/p>\n<p><strong><a href=\"https:\/\/www.facebook.com\/mirko.mezzacasa\/videos\/10218254308335969\/\">VIDEO 2<\/a><\/strong><\/p>\n<p><strong><a href=\"https:\/\/www.facebook.com\/mirko.mezzacasa\/videos\/10218254314016111\/\">VIDEO 3<\/a><\/strong><\/p>\n<p><strong>VIABILITA&#8217; IN VALLE DI SAN LUCANO, CLICCA PER INGRANDIRE<\/strong><\/p>\n\n\t\t\t<style type='text\/css'>\n\t\t\t\t#gallery-2 {\n\t\t\t\t\tmargin: auto;\n\t\t\t\t}\n\t\t\t\t#gallery-2 .gallery-item {\n\t\t\t\t\tfloat: left;\n\t\t\t\t\tmargin-top: 10px;\n\t\t\t\t\ttext-align: center;\n\t\t\t\t\twidth: 33%;\n\t\t\t\t}\n\t\t\t\t#gallery-2 img {\n\t\t\t\t\tborder: 2px solid #cfcfcf;\n\t\t\t\t}\n\t\t\t\t#gallery-2 .gallery-caption {\n\t\t\t\t\tmargin-left: 0;\n\t\t\t\t}\n\t\t\t\t\/* see gallery_shortcode() in wp-includes\/media.php *\/\n\t\t\t<\/style>\n\t\t<div id='gallery-2' class='dt-gallery-container gallery galleryid-66228 gallery-columns-3 gallery-size-thumbnail'><dl class='gallery-item'>\n\t\t\t\t<dt class='gallery-icon landscape'>\n\t\t\t\t\t<a class=\"rollover\" href='https:\/\/www.radiopiu.net\/wordpress\/viabilita-a-taibon-zona-valle-di-san-lucano\/schermata-2018-11-10-alle-20-51-58\/'><img loading=\"lazy\" decoding=\"async\" width=\"150\" height=\"150\" src=\"https:\/\/www.radiopiu.net\/wordpress\/wp-content\/uploads\/2018\/11\/Schermata-2018-11-10-alle-20.51.58-150x150.png\" class=\"attachment-thumbnail size-thumbnail\" alt=\"\" \/><\/a>\n\t\t\t\t<\/dt><\/dl><dl class='gallery-item'>\n\t\t\t\t<dt class='gallery-icon portrait'>\n\t\t\t\t\t<a class=\"rollover\" href='https:\/\/www.radiopiu.net\/wordpress\/viabilita-a-taibon-zona-valle-di-san-lucano\/orari-2\/'><img loading=\"lazy\" decoding=\"async\" width=\"150\" height=\"150\" src=\"https:\/\/www.radiopiu.net\/wordpress\/wp-content\/uploads\/2018\/11\/orari-150x150.jpeg\" class=\"attachment-thumbnail size-thumbnail\" alt=\"\" \/><\/a>\n\t\t\t\t<\/dt><\/dl>\n\t\t\t\t<br style='clear: both' \/>\n\t\t\t<\/div>\n\n<h1><\/h1>\n<p>&nbsp;<\/p>\n<p>&nbsp;<\/p>\n<h1>ALLUVIONE &#8211; DARIO BOND (FORZA ITALIA): \u00abINTERVENIRE PRESTO SUL LAGO DI ALLEGHE\u00bb.<\/h1>\n<p><strong><a class=\"dt-pswp-item\" href=\"http:\/\/www.radiopiu.net\/wordpress\/wp-content\/uploads\/2018\/11\/45583914_2341927789155506_2317823786126147584_n.jpg\" data-dt-img-description=\"\" data-large_image_width=\"960\" data-large_image_height=\"720\"><img loading=\"lazy\" decoding=\"async\" class=\"size-medium wp-image-66032 alignleft\" src=\"http:\/\/www.radiopiu.net\/wordpress\/wp-content\/uploads\/2018\/11\/45583914_2341927789155506_2317823786126147584_n-300x225.jpg\" alt=\"\" width=\"300\" height=\"225\" srcset=\"https:\/\/www.radiopiu.net\/wordpress\/wp-content\/uploads\/2018\/11\/45583914_2341927789155506_2317823786126147584_n-300x225.jpg 300w, https:\/\/www.radiopiu.net\/wordpress\/wp-content\/uploads\/2018\/11\/45583914_2341927789155506_2317823786126147584_n-768x576.jpg 768w, https:\/\/www.radiopiu.net\/wordpress\/wp-content\/uploads\/2018\/11\/45583914_2341927789155506_2317823786126147584_n.jpg 960w\" sizes=\"auto, (max-width: 300px) 100vw, 300px\" \/><\/a><\/strong><\/p>\n<p>&nbsp;<\/p>\n<p>&nbsp;<\/p>\n<p><strong>ALLEGHE<\/strong> \u00abBisogna intervenire quanto prima sul lago di Alleghe per una pulizia importante\u00bb. \u00c8 quanto afferma Dario Bond. Il deputato di Forza Italia \u00e8 stato pi\u00f9 volte in visita ai luoghi dell\u2019Alto Bellunese colpiti dal disastro dell\u2019alluvione, e ha potuto raccogliere la lista dei danni e delle situazioni da sistemare quanto prima.<\/p>\n<audio class=\"wp-audio-shortcode\" id=\"audio-66228-5\" preload=\"none\" style=\"width: 100%;\" controls=\"controls\"><source type=\"audio\/mpeg\" src=\"http:\/\/www.radiopiu.net\/wordpress\/wp-content\/uploads\/2018\/11\/BOND.mp3?_=5\" \/><a href=\"http:\/\/www.radiopiu.net\/wordpress\/wp-content\/uploads\/2018\/11\/BOND.mp3\">http:\/\/www.radiopiu.net\/wordpress\/wp-content\/uploads\/2018\/11\/BOND.mp3<\/a><\/audio>\n<p>&nbsp;<\/p>\n<p>&nbsp;<\/p>\n<h1><\/h1>\n<h1>SPECIALE VALLE DI GARES, LE FOTO DI IERI<\/h1>\n\n\t\t\t<style type='text\/css'>\n\t\t\t\t#gallery-3 {\n\t\t\t\t\tmargin: auto;\n\t\t\t\t}\n\t\t\t\t#gallery-3 .gallery-item {\n\t\t\t\t\tfloat: left;\n\t\t\t\t\tmargin-top: 10px;\n\t\t\t\t\ttext-align: center;\n\t\t\t\t\twidth: 33%;\n\t\t\t\t}\n\t\t\t\t#gallery-3 img {\n\t\t\t\t\tborder: 2px solid #cfcfcf;\n\t\t\t\t}\n\t\t\t\t#gallery-3 .gallery-caption {\n\t\t\t\t\tmargin-left: 0;\n\t\t\t\t}\n\t\t\t\t\/* see gallery_shortcode() in wp-includes\/media.php *\/\n\t\t\t<\/style>\n\t\t<div id='gallery-3' class='dt-gallery-container gallery galleryid-66228 gallery-columns-3 gallery-size-thumbnail'><dl class='gallery-item'>\n\t\t\t\t<dt class='gallery-icon landscape'>\n\t\t\t\t\t<a class=\"rollover\" href='https:\/\/www.radiopiu.net\/wordpress\/giornale-radiopiu-12-novembre-2018-direttore-mirko-mezzacasa\/0b8a3397-c1eb-440a-bf8e-bc9c25ea6067\/'><img loading=\"lazy\" decoding=\"async\" width=\"150\" height=\"150\" src=\"https:\/\/www.radiopiu.net\/wordpress\/wp-content\/uploads\/2018\/11\/0b8a3397-c1eb-440a-bf8e-bc9c25ea6067-150x150.jpg\" class=\"attachment-thumbnail size-thumbnail\" alt=\"\" \/><\/a>\n\t\t\t\t<\/dt><\/dl><dl class='gallery-item'>\n\t\t\t\t<dt class='gallery-icon landscape'>\n\t\t\t\t\t<a class=\"rollover\" href='https:\/\/www.radiopiu.net\/wordpress\/giornale-radiopiu-12-novembre-2018-direttore-mirko-mezzacasa\/2e45d673-0d11-4c2b-9597-3cdc2275d591\/'><img loading=\"lazy\" decoding=\"async\" width=\"150\" height=\"150\" src=\"https:\/\/www.radiopiu.net\/wordpress\/wp-content\/uploads\/2018\/11\/2e45d673-0d11-4c2b-9597-3cdc2275d591-150x150.jpg\" class=\"attachment-thumbnail size-thumbnail\" alt=\"\" \/><\/a>\n\t\t\t\t<\/dt><\/dl><dl class='gallery-item'>\n\t\t\t\t<dt class='gallery-icon landscape'>\n\t\t\t\t\t<a class=\"rollover\" href='https:\/\/www.radiopiu.net\/wordpress\/giornale-radiopiu-12-novembre-2018-direttore-mirko-mezzacasa\/9aabc7d0-2f57-444c-b53d-f833cde0f363\/'><img loading=\"lazy\" decoding=\"async\" width=\"150\" height=\"150\" src=\"https:\/\/www.radiopiu.net\/wordpress\/wp-content\/uploads\/2018\/11\/9aabc7d0-2f57-444c-b53d-f833cde0f363-150x150.jpg\" class=\"attachment-thumbnail size-thumbnail\" alt=\"\" \/><\/a>\n\t\t\t\t<\/dt><\/dl><br style=\"clear: both\" \/><dl class='gallery-item'>\n\t\t\t\t<dt class='gallery-icon landscape'>\n\t\t\t\t\t<a class=\"rollover\" href='https:\/\/www.radiopiu.net\/wordpress\/giornale-radiopiu-12-novembre-2018-direttore-mirko-mezzacasa\/9b6ce81d-3ea3-4d51-8743-902c8863b07e\/'><img loading=\"lazy\" decoding=\"async\" width=\"150\" height=\"150\" src=\"https:\/\/www.radiopiu.net\/wordpress\/wp-content\/uploads\/2018\/11\/9b6ce81d-3ea3-4d51-8743-902c8863b07e-150x150.jpg\" class=\"attachment-thumbnail size-thumbnail\" alt=\"\" \/><\/a>\n\t\t\t\t<\/dt><\/dl><dl class='gallery-item'>\n\t\t\t\t<dt class='gallery-icon landscape'>\n\t\t\t\t\t<a class=\"rollover\" href='https:\/\/www.radiopiu.net\/wordpress\/giornale-radiopiu-12-novembre-2018-direttore-mirko-mezzacasa\/51f198cb-ac75-43aa-9dd5-81b304be8224\/'><img loading=\"lazy\" decoding=\"async\" width=\"150\" height=\"150\" src=\"https:\/\/www.radiopiu.net\/wordpress\/wp-content\/uploads\/2018\/11\/51f198cb-ac75-43aa-9dd5-81b304be8224-150x150.jpg\" class=\"attachment-thumbnail size-thumbnail\" alt=\"\" \/><\/a>\n\t\t\t\t<\/dt><\/dl><dl class='gallery-item'>\n\t\t\t\t<dt class='gallery-icon landscape'>\n\t\t\t\t\t<a class=\"rollover\" href='https:\/\/www.radiopiu.net\/wordpress\/giornale-radiopiu-12-novembre-2018-direttore-mirko-mezzacasa\/60ab6f1c-166c-4004-8112-4e048c0fbd5e\/'><img loading=\"lazy\" decoding=\"async\" width=\"150\" height=\"150\" src=\"https:\/\/www.radiopiu.net\/wordpress\/wp-content\/uploads\/2018\/11\/60ab6f1c-166c-4004-8112-4e048c0fbd5e-150x150.jpg\" class=\"attachment-thumbnail size-thumbnail\" alt=\"\" \/><\/a>\n\t\t\t\t<\/dt><\/dl><br style=\"clear: both\" \/><dl class='gallery-item'>\n\t\t\t\t<dt class='gallery-icon landscape'>\n\t\t\t\t\t<a class=\"rollover\" href='https:\/\/www.radiopiu.net\/wordpress\/giornale-radiopiu-12-novembre-2018-direttore-mirko-mezzacasa\/826b9e40-4c10-4489-b91f-f4a0619566d3\/'><img loading=\"lazy\" decoding=\"async\" width=\"150\" height=\"150\" src=\"https:\/\/www.radiopiu.net\/wordpress\/wp-content\/uploads\/2018\/11\/826b9e40-4c10-4489-b91f-f4a0619566d3-150x150.jpg\" class=\"attachment-thumbnail size-thumbnail\" alt=\"\" \/><\/a>\n\t\t\t\t<\/dt><\/dl><dl class='gallery-item'>\n\t\t\t\t<dt class='gallery-icon landscape'>\n\t\t\t\t\t<a class=\"rollover\" href='https:\/\/www.radiopiu.net\/wordpress\/giornale-radiopiu-12-novembre-2018-direttore-mirko-mezzacasa\/2653cce8-8169-4818-afd2-034206e627a3\/'><img loading=\"lazy\" decoding=\"async\" width=\"150\" height=\"150\" src=\"https:\/\/www.radiopiu.net\/wordpress\/wp-content\/uploads\/2018\/11\/2653cce8-8169-4818-afd2-034206e627a3-150x150.jpg\" class=\"attachment-thumbnail size-thumbnail\" alt=\"\" \/><\/a>\n\t\t\t\t<\/dt><\/dl><dl class='gallery-item'>\n\t\t\t\t<dt class='gallery-icon landscape'>\n\t\t\t\t\t<a class=\"rollover\" href='https:\/\/www.radiopiu.net\/wordpress\/giornale-radiopiu-12-novembre-2018-direttore-mirko-mezzacasa\/7533d865-bdc9-4f1f-96f6-ae74d5bebe61\/'><img loading=\"lazy\" decoding=\"async\" width=\"150\" height=\"150\" src=\"https:\/\/www.radiopiu.net\/wordpress\/wp-content\/uploads\/2018\/11\/7533d865-bdc9-4f1f-96f6-ae74d5bebe61-150x150.jpg\" class=\"attachment-thumbnail size-thumbnail\" alt=\"\" \/><\/a>\n\t\t\t\t<\/dt><\/dl><br style=\"clear: both\" \/><dl class='gallery-item'>\n\t\t\t\t<dt class='gallery-icon portrait'>\n\t\t\t\t\t<a class=\"rollover\" href='https:\/\/www.radiopiu.net\/wordpress\/giornale-radiopiu-12-novembre-2018-direttore-mirko-mezzacasa\/4974633d-e437-4eec-9538-2d6980328a9f\/'><img loading=\"lazy\" decoding=\"async\" width=\"150\" height=\"150\" src=\"https:\/\/www.radiopiu.net\/wordpress\/wp-content\/uploads\/2018\/11\/4974633d-e437-4eec-9538-2d6980328a9f-150x150.jpg\" class=\"attachment-thumbnail size-thumbnail\" alt=\"\" \/><\/a>\n\t\t\t\t<\/dt><\/dl><dl class='gallery-item'>\n\t\t\t\t<dt class='gallery-icon landscape'>\n\t\t\t\t\t<a class=\"rollover\" href='https:\/\/www.radiopiu.net\/wordpress\/giornale-radiopiu-12-novembre-2018-direttore-mirko-mezzacasa\/a0a042b6-bb54-4018-abef-9ee1721f797f\/'><img loading=\"lazy\" decoding=\"async\" width=\"150\" height=\"150\" src=\"https:\/\/www.radiopiu.net\/wordpress\/wp-content\/uploads\/2018\/11\/a0a042b6-bb54-4018-abef-9ee1721f797f-150x150.jpg\" class=\"attachment-thumbnail size-thumbnail\" alt=\"\" \/><\/a>\n\t\t\t\t<\/dt><\/dl><dl class='gallery-item'>\n\t\t\t\t<dt class='gallery-icon landscape'>\n\t\t\t\t\t<a class=\"rollover\" href='https:\/\/www.radiopiu.net\/wordpress\/giornale-radiopiu-12-novembre-2018-direttore-mirko-mezzacasa\/d12c2857-06f6-4115-895f-8af7b80e692b\/'><img loading=\"lazy\" decoding=\"async\" width=\"150\" height=\"150\" src=\"https:\/\/www.radiopiu.net\/wordpress\/wp-content\/uploads\/2018\/11\/d12c2857-06f6-4115-895f-8af7b80e692b-150x150.jpg\" class=\"attachment-thumbnail size-thumbnail\" alt=\"\" \/><\/a>\n\t\t\t\t<\/dt><\/dl><br style=\"clear: both\" \/><dl class='gallery-item'>\n\t\t\t\t<dt class='gallery-icon landscape'>\n\t\t\t\t\t<a class=\"rollover\" href='https:\/\/www.radiopiu.net\/wordpress\/giornale-radiopiu-12-novembre-2018-direttore-mirko-mezzacasa\/f15cf8e4-b64e-40b5-bdb0-2b0ce45bbaa5\/'><img loading=\"lazy\" decoding=\"async\" width=\"150\" height=\"150\" src=\"https:\/\/www.radiopiu.net\/wordpress\/wp-content\/uploads\/2018\/11\/f15cf8e4-b64e-40b5-bdb0-2b0ce45bbaa5-150x150.jpg\" class=\"attachment-thumbnail size-thumbnail\" alt=\"\" \/><\/a>\n\t\t\t\t<\/dt><\/dl><dl class='gallery-item'>\n\t\t\t\t<dt class='gallery-icon landscape'>\n\t\t\t\t\t<a class=\"rollover\" href='https:\/\/www.radiopiu.net\/wordpress\/giornale-radiopiu-12-novembre-2018-direttore-mirko-mezzacasa\/f51c6be2-0676-474e-9e61-9b68a1ed7569\/'><img loading=\"lazy\" decoding=\"async\" width=\"150\" height=\"150\" src=\"https:\/\/www.radiopiu.net\/wordpress\/wp-content\/uploads\/2018\/11\/f51c6be2-0676-474e-9e61-9b68a1ed7569-150x150.jpg\" class=\"attachment-thumbnail size-thumbnail\" alt=\"\" \/><\/a>\n\t\t\t\t<\/dt><\/dl><dl class='gallery-item'>\n\t\t\t\t<dt class='gallery-icon landscape'>\n\t\t\t\t\t<a class=\"rollover\" href='https:\/\/www.radiopiu.net\/wordpress\/giornale-radiopiu-12-novembre-2018-direttore-mirko-mezzacasa\/f7060dc9-dcf0-4f6d-b621-062928b63529\/'><img loading=\"lazy\" decoding=\"async\" width=\"150\" height=\"150\" src=\"https:\/\/www.radiopiu.net\/wordpress\/wp-content\/uploads\/2018\/11\/f7060dc9-dcf0-4f6d-b621-062928b63529-150x150.jpg\" class=\"attachment-thumbnail size-thumbnail\" alt=\"\" \/><\/a>\n\t\t\t\t<\/dt><\/dl><br style=\"clear: both\" \/>\n\t\t\t<\/div>\n\n<p>&nbsp;<\/p>\n<p>&nbsp;<\/p>\n<blockquote class=\"wp-embedded-content\" data-secret=\"7kiwwS5nT8\"><p><a href=\"http:\/\/www.radiopiu.net\/wordpress\/caccia-e-pesca-presidente-zaia-proroga-stop-per-la-provincia-di-belluno-fino-a-venerdi-16-novembre\/\">CACCIA E PESCA: PRESIDENTE ZAIA PROROGA STOP PER LA PROVINCIA DI BELLUNO FINO A VENERD\u00cc 16 NOVEMBRE<\/a><\/p><\/blockquote>\n<p><iframe loading=\"lazy\" class=\"wp-embedded-content\" sandbox=\"allow-scripts\" security=\"restricted\" style=\"position: absolute; clip: rect(1px, 1px, 1px, 1px);\" src=\"http:\/\/www.radiopiu.net\/wordpress\/caccia-e-pesca-presidente-zaia-proroga-stop-per-la-provincia-di-belluno-fino-a-venerdi-16-novembre\/embed\/#?secret=7kiwwS5nT8\" data-secret=\"7kiwwS5nT8\" width=\"600\" height=\"338\" title=\"&#8220;CACCIA E PESCA: PRESIDENTE ZAIA PROROGA STOP PER LA PROVINCIA DI BELLUNO FINO A VENERD\u00cc 16 NOVEMBRE&#8221; &#8212; Radio Pi\u00f9\" frameborder=\"0\" marginwidth=\"0\" marginheight=\"0\" scrolling=\"no\"><\/iframe><\/p>\n<p>&nbsp;<\/p>\n<h1><\/h1>\n<h1>IL PARAPANEDIO PRECIPITATO, FALSO ALLARME<\/h1>\n<p><strong>FELTRE\u00a0<\/strong> \u00a0Un parapendio che atterra nella semioscurit\u00e0 in un prato a Pedavena ha fatto scattare ieri alle 17 la macchina dei soccorsi, risultati fortunatamente inutili. A dare l\u2019allarme una donna che ha notato il parapendio scendere a una velocit\u00e0 giudicata pi\u00f9 veloce del normale: i pompieri hanno incrociato il pilota che abita proprio a Pedavena, che camminava tranquillamente e ha rassicurato i soccorritori.<\/p>\n<p>&nbsp;<\/p>\n<p>&nbsp;<\/p>\n<blockquote class=\"wp-embedded-content\" data-secret=\"LhhV5Y3snh\"><p><a href=\"http:\/\/www.radiopiu.net\/wordpress\/tasse-paghiamo-600-euro-in-piu-degli-europei\/\">TASSE: PAGHIAMO 600 EURO  IN PIU\u2019 DEGLI EUROPEI<\/a><\/p><\/blockquote>\n<p><iframe loading=\"lazy\" class=\"wp-embedded-content\" sandbox=\"allow-scripts\" security=\"restricted\" style=\"position: absolute; clip: rect(1px, 1px, 1px, 1px);\" src=\"http:\/\/www.radiopiu.net\/wordpress\/tasse-paghiamo-600-euro-in-piu-degli-europei\/embed\/#?secret=LhhV5Y3snh\" data-secret=\"LhhV5Y3snh\" width=\"600\" height=\"338\" title=\"&#8220;TASSE: PAGHIAMO 600 EURO  IN PIU\u2019 DEGLI EUROPEI&#8221; &#8212; Radio Pi\u00f9\" frameborder=\"0\" marginwidth=\"0\" marginheight=\"0\" scrolling=\"no\"><\/iframe><\/p>\n<p>&nbsp;<\/p>\n<p>&nbsp;<\/p>\n<p>&nbsp;<\/p>\n<h1>FOTO COPERTINA GIORNALE<\/h1>\n<p><span style=\"color: #ff0000;\"><strong>SCAFFALI VUOTI<\/strong><\/span><\/p>\n<p><a class=\"dt-pswp-item\" href=\"http:\/\/www.radiopiu.net\/wordpress\/wp-content\/uploads\/2018\/11\/SCAFFALIVUOTI.jpg\" data-dt-img-description=\"\" data-large_image_width=\"768\" data-large_image_height=\"900\"><img loading=\"lazy\" decoding=\"async\" class=\"alignnone wp-image-66251 size-full\" src=\"http:\/\/www.radiopiu.net\/wordpress\/wp-content\/uploads\/2018\/11\/SCAFFALIVUOTI.jpg\" alt=\"\" width=\"768\" height=\"900\" srcset=\"https:\/\/www.radiopiu.net\/wordpress\/wp-content\/uploads\/2018\/11\/SCAFFALIVUOTI.jpg 768w, https:\/\/www.radiopiu.net\/wordpress\/wp-content\/uploads\/2018\/11\/SCAFFALIVUOTI-256x300.jpg 256w\" sizes=\"auto, (max-width: 768px) 100vw, 768px\" \/><\/a><\/p>\n<p><strong>TAIBON<\/strong> Chiude lo storico negozio e panificio Savio fondato da Renato e Bianca, negli anni il grande impegno dell&#8217;indimenticato Fulvio, Luigi e Bruno i tre fratelli Savio. Recentemente prima dell&#8217;alluvione e altri problemi famigliari a mandare avanti il forno ci ha pensato il giovane Leonardo. Una grande perdita per Taibon, l&#8217;ennesimo negozio chiuso, l&#8217;ennesimo con il cartello affittasi. Speriamo non si parli di costruire con i soldi dei fondi di confine altre attivit\u00e0 da mettere in affitto, ce ne sono gi\u00e0 fin troppe, ma che quei soldi vengano spesi per il rilancio del paese disastrato dall&#8217;alluvione dove i giovani fanno la valigia e se ne vanno, non si vive di sale di incontri (ipotizzata la costruzione della seconda) e nemmeno di piazze tirate a lucido o arene per uno spettacolo estivo tempo permettendo. Le poche attivit\u00e0 rimaste sul territorio meriterebbero l&#8217;attenzione e soprattutto il sostegno e non solo della popolazione&#8230;<\/p>\n<p>&nbsp;<\/p>\n<p>&nbsp;<\/p>\n<blockquote class=\"wp-embedded-content\" data-secret=\"8Pn2X6TLvu\"><p><a href=\"http:\/\/www.radiopiu.net\/wordpress\/calendario-ferie-luxottica-per-lo-stabilimento-di-agordo\/\">CALENDARIO FERIE LUXOTTICA, PER LO STABILIMENTO DI AGORDO<\/a><\/p><\/blockquote>\n<p><iframe loading=\"lazy\" class=\"wp-embedded-content\" sandbox=\"allow-scripts\" security=\"restricted\" style=\"position: absolute; clip: rect(1px, 1px, 1px, 1px);\" src=\"http:\/\/www.radiopiu.net\/wordpress\/calendario-ferie-luxottica-per-lo-stabilimento-di-agordo\/embed\/#?secret=8Pn2X6TLvu\" data-secret=\"8Pn2X6TLvu\" width=\"600\" height=\"338\" title=\"&#8220;CALENDARIO FERIE LUXOTTICA, PER LO STABILIMENTO DI AGORDO&#8221; &#8212; Radio Pi\u00f9\" frameborder=\"0\" marginwidth=\"0\" marginheight=\"0\" scrolling=\"no\"><\/iframe><\/p>\n<p>&nbsp;<\/p>\n<p>&nbsp;<\/p>\n<h1>I NOMADI, A SANTO STEFANO A FALCADE<\/h1>\n<p>&nbsp;<\/p>\n<div style=\"width: 480px;\" class=\"wp-video\"><video class=\"wp-video-shortcode\" id=\"video-66228-1\" width=\"480\" height=\"848\" preload=\"metadata\" controls=\"controls\"><source type=\"video\/mp4\" src=\"http:\/\/www.radiopiu.net\/wordpress\/wp-content\/uploads\/2018\/11\/WhatsApp-Video-2018-11-12-at-05.24.08.mp4?_=1\" \/><a href=\"http:\/\/www.radiopiu.net\/wordpress\/wp-content\/uploads\/2018\/11\/WhatsApp-Video-2018-11-12-at-05.24.08.mp4\">http:\/\/www.radiopiu.net\/wordpress\/wp-content\/uploads\/2018\/11\/WhatsApp-Video-2018-11-12-at-05.24.08.mp4<\/a><\/video><\/div>\n<p>&nbsp;<\/p>\n<p>&nbsp;<\/p>\n<h1>UNA NUOVA CASA PER WINTER, VIA ALLA SOLIDARIETA&#8217;<\/h1>\n\n\t\t\t<style type='text\/css'>\n\t\t\t\t#gallery-4 {\n\t\t\t\t\tmargin: auto;\n\t\t\t\t}\n\t\t\t\t#gallery-4 .gallery-item {\n\t\t\t\t\tfloat: left;\n\t\t\t\t\tmargin-top: 10px;\n\t\t\t\t\ttext-align: center;\n\t\t\t\t\twidth: 33%;\n\t\t\t\t}\n\t\t\t\t#gallery-4 img {\n\t\t\t\t\tborder: 2px solid #cfcfcf;\n\t\t\t\t}\n\t\t\t\t#gallery-4 .gallery-caption {\n\t\t\t\t\tmargin-left: 0;\n\t\t\t\t}\n\t\t\t\t\/* see gallery_shortcode() in wp-includes\/media.php *\/\n\t\t\t<\/style>\n\t\t<div id='gallery-4' class='dt-gallery-container gallery galleryid-66228 gallery-columns-3 gallery-size-thumbnail'><dl class='gallery-item'>\n\t\t\t\t<dt class='gallery-icon portrait'>\n\t\t\t\t\t<a class=\"rollover\" href='https:\/\/www.radiopiu.net\/wordpress\/rivamonte-agordino-i-proprietari-sono-deceduti-winter-cerca-adozione\/whatsapp-image-2018-11-11-at-09-21-13\/'><img loading=\"lazy\" decoding=\"async\" width=\"150\" height=\"150\" src=\"https:\/\/www.radiopiu.net\/wordpress\/wp-content\/uploads\/2018\/11\/WhatsApp-Image-2018-11-11-at-09.21.13-150x150.jpeg\" class=\"attachment-thumbnail size-thumbnail\" alt=\"\" \/><\/a>\n\t\t\t\t<\/dt><\/dl><dl class='gallery-item'>\n\t\t\t\t<dt class='gallery-icon portrait'>\n\t\t\t\t\t<a class=\"rollover\" href='https:\/\/www.radiopiu.net\/wordpress\/rivamonte-agordino-i-proprietari-sono-deceduti-winter-cerca-adozione\/3-38\/'><img loading=\"lazy\" decoding=\"async\" width=\"150\" height=\"150\" src=\"https:\/\/www.radiopiu.net\/wordpress\/wp-content\/uploads\/2018\/11\/3-3-150x150.jpeg\" class=\"attachment-thumbnail size-thumbnail\" alt=\"\" \/><\/a>\n\t\t\t\t<\/dt><\/dl><dl class='gallery-item'>\n\t\t\t\t<dt class='gallery-icon portrait'>\n\t\t\t\t\t<a class=\"rollover\" href='https:\/\/www.radiopiu.net\/wordpress\/rivamonte-agordino-i-proprietari-sono-deceduti-winter-cerca-adozione\/whatsapp-image-2018-11-11-at-09-21-12\/'><img loading=\"lazy\" decoding=\"async\" width=\"150\" height=\"150\" src=\"https:\/\/www.radiopiu.net\/wordpress\/wp-content\/uploads\/2018\/11\/WhatsApp-Image-2018-11-11-at-09.21.12-150x150.jpeg\" class=\"attachment-thumbnail size-thumbnail\" alt=\"\" \/><\/a>\n\t\t\t\t<\/dt><\/dl><br style=\"clear: both\" \/>\n\t\t\t<\/div>\n\n<p>Lo abbiamo chiamato Winter per ora perch\u00e8 nessuno sa il suo nome\u2026E\u2019 il cane delle due persone che sono rimaste vittime del monossido a Rivamonte, per cui ora \u00e8 solo nel suo box, c\u2019\u00e8 chi gli porta il cibo e gli fa fare qualche passeggiata ma certo ha bisogno di adozione. E\u2019 un siberian Husky di ben 15 anni, per cui chiediamo per lui persona che abbia voglia di fargli passare in in serenit\u00e0 la sua vecchiaia. E\u2019 un cane molto buono tranquillo con gli altri cani, i gatti non si sa\u2026Si fa portare bene al guinzaglio, in macchina sta tranquillo, di certo non pu\u00f2 fare passeggiate chilometriche. Una signora ha gi\u00e0 provato a portarlo in casa ma da bravo cane anziano e abitudinario \u00e8 una condizione che non accetta. I cani anziani per stare bene devono essere sereni, non gli si pu\u00f2 chiedere uno sforzo di adattamento come a un giovane, serve quindi replicare le condizioni di detenzione e magari migliorarle. Chiediamo quindi per lui persona che possa offrire un box ben fatto con una cuccia adeguata, cibo e qualche passeggiata. Non escludiamo che si possa adattare a stare dentro casa ma succeder\u00e0 nel tempo con l\u2019abitudine a una nuova situazione. Il cane \u00e8 Visibile a Rivamonte Agordino. Info: 3388767470 se non rispondo lasciatemi un messaggio su whats app molte grazie.<\/p>\n<p>&nbsp;<\/p>\n<p>&nbsp;<\/p>\n<p>&nbsp;<\/p>\n<blockquote class=\"wp-embedded-content\" data-secret=\"PciksjaOk6\"><p><a href=\"http:\/\/www.radiopiu.net\/wordpress\/appello-per-lattuazione-della-legge-sui-piccoli-comuni-appuntamento-alla-camera-dei-deputati-il-13-novembre-2018\/\">APPELLO PER L&#8217;ATTUAZIONE DELLA LEGGE SUI PICCOLI COMUNI | Appuntamento alla Camera dei Deputati il 13 novembre 2018<\/a><\/p><\/blockquote>\n<p><iframe loading=\"lazy\" class=\"wp-embedded-content\" sandbox=\"allow-scripts\" security=\"restricted\" style=\"position: absolute; clip: rect(1px, 1px, 1px, 1px);\" src=\"http:\/\/www.radiopiu.net\/wordpress\/appello-per-lattuazione-della-legge-sui-piccoli-comuni-appuntamento-alla-camera-dei-deputati-il-13-novembre-2018\/embed\/#?secret=PciksjaOk6\" data-secret=\"PciksjaOk6\" width=\"600\" height=\"338\" title=\"&#8220;APPELLO PER L&#8217;ATTUAZIONE DELLA LEGGE SUI PICCOLI COMUNI | Appuntamento alla Camera dei Deputati il 13 novembre 2018&#8221; &#8212; Radio Pi\u00f9\" frameborder=\"0\" marginwidth=\"0\" marginheight=\"0\" scrolling=\"no\"><\/iframe><\/p>\n<p>&nbsp;<\/p>\n<p>&nbsp;<\/p>\n<p>&nbsp;<\/p>\n<h1>IL FOLLADOR SUPERA IL RIZZARDA.<\/h1>\n<p><strong>DI GIANNI SANTOMASO<\/strong><\/p>\n<p><a class=\"dt-pswp-item\" href=\"http:\/\/www.radiopiu.net\/wordpress\/wp-content\/uploads\/2016\/12\/POLOTAMONICH.jpg\" data-dt-img-description=\"\" data-large_image_width=\"284\" data-large_image_height=\"158\"><img loading=\"lazy\" decoding=\"async\" class=\"size-full wp-image-26115 alignleft\" src=\"http:\/\/www.radiopiu.net\/wordpress\/wp-content\/uploads\/2016\/12\/POLOTAMONICH.jpg\" alt=\"\" width=\"284\" height=\"158\" \/><\/a>Anche il Follador \u00e8 tra i migliori istituti che aprono le strade verso un\u2019occupazione. A dirlo \u00e8 il dirigente scolastico<br \/>\ndel Follador-De Rossi di Agordo e Falcade, Paolo Zanin che ci tiene a precisare gli esiti della classifica di Eduscopio sugli istituti provinciali che preparano all\u2019universit\u00e0 e al lavoro. \u00abSe tra le scuole professionali<br \/>\ne tecniche c\u2019\u00e8 il Rizzarda con la percentuale di occupati del 81,24%; tra i professionali industria e artigianato il Fermi di Santo Stefano di Cadore ha l\u201988,24%, mentre tra i professionali servizi il Rizzarda ha il 70,58%,<br \/>\nmentre il Valboite di Cortina d\u2019Ampezzo ha l\u201980,64%. In particolare, infine, per l\u2019indirizzo tecnico-tecnologico oltre al Segato (che ha 71,75%), c\u2019\u00e8 anche il Follador che ha la percentuale maggiore in provincia in riferimento agli occupati (74,46%)\u00bb.<\/p>\n<p>&nbsp;<\/p>\n<p>&nbsp;<\/p>\n<p>&nbsp;<\/p>\n<blockquote class=\"wp-embedded-content\" data-secret=\"MTKhIqKtz0\"><p><a href=\"http:\/\/www.radiopiu.net\/wordpress\/grillo-indecente-chieda-scusa-e-devolva-gli-incassi-dei-suoi-spettacoli-ai-bellunesi-de-menech-attacca-il-capo-politico-del-m5s-troppo-pochi-12-milioni-per-tutto-il-veneto-stan\/\">\u00abGrillo indecente, chieda scusa e devolva gli incassi dei suoi spettacoli ai bellunesi\u00bb &#8211; De Menech attacca il capo politico del M5S: \u00ab Troppo pochi 12 milioni per tutto il Veneto, stanziare subito altre risorse\u00bb<\/a><\/p><\/blockquote>\n<p><iframe loading=\"lazy\" class=\"wp-embedded-content\" sandbox=\"allow-scripts\" security=\"restricted\" style=\"position: absolute; clip: rect(1px, 1px, 1px, 1px);\" src=\"http:\/\/www.radiopiu.net\/wordpress\/grillo-indecente-chieda-scusa-e-devolva-gli-incassi-dei-suoi-spettacoli-ai-bellunesi-de-menech-attacca-il-capo-politico-del-m5s-troppo-pochi-12-milioni-per-tutto-il-veneto-stan\/embed\/#?secret=MTKhIqKtz0\" data-secret=\"MTKhIqKtz0\" width=\"600\" height=\"338\" title=\"&#8220;\u00abGrillo indecente, chieda scusa e devolva gli incassi dei suoi spettacoli ai bellunesi\u00bb &#8211; De Menech attacca il capo politico del M5S: \u00ab Troppo pochi 12 milioni per tutto il Veneto, stanziare subito altre risorse\u00bb&#8221; &#8212; Radio Pi\u00f9\" frameborder=\"0\" marginwidth=\"0\" marginheight=\"0\" scrolling=\"no\"><\/iframe><\/p>\n<p>&nbsp;<\/p>\n<p>&nbsp;<\/p>\n<h1>DOMANI AL GIOVANNI XXIII &#8220;DENTRO L&#8217;ESODO&#8221;<\/h1>\n<p><em>Migranti sulla via Europea\u201d &amp; \u201cBack to life in Iraq. Arte, distruzione e rinascita\u201d di Emanuele Confortin \u2013 Mostra di foto e opere \u2013 Presentazione il 19 novembre ore 17:30<\/em><\/p>\n<p><strong><a class=\"dt-pswp-item\" href=\"http:\/\/www.radiopiu.net\/wordpress\/wp-content\/uploads\/2018\/11\/mostra_confortin_web.jpg\" data-dt-img-description=\"\" data-large_image_width=\"724\" data-large_image_height=\"1024\"><img loading=\"lazy\" decoding=\"async\" class=\"size-medium wp-image-66255 alignleft\" src=\"http:\/\/www.radiopiu.net\/wordpress\/wp-content\/uploads\/2018\/11\/mostra_confortin_web-212x300.jpg\" alt=\"\" width=\"212\" height=\"300\" srcset=\"https:\/\/www.radiopiu.net\/wordpress\/wp-content\/uploads\/2018\/11\/mostra_confortin_web-212x300.jpg 212w, https:\/\/www.radiopiu.net\/wordpress\/wp-content\/uploads\/2018\/11\/mostra_confortin_web.jpg 724w\" sizes=\"auto, (max-width: 212px) 100vw, 212px\" \/><\/a>BELLUNO\u00a0<\/strong> Le Scuole in rete per un mondo di solidariet\u00e0 e pace, l&#8217;Associazione amici delle scuole in rete, l&#8217;Associazione Nazionale Vittime Civili di Guerra e la Diocesi di Belluno Feltre con la collaborazione dell&#8217;Ufficio scolastico, Amnesty International coordinamento di Belluno, l&#8217;I.I.S. \u201cT.Catullo\u201d e il\u00a0 Comune di Belluno organizzano dal 19 novembre 2018 al 22 dicembre 2018 una doppia mostra sul tema dei diritti umani. La\u00a0 presentazione ufficiale si terr\u00e0 luned\u00ec 19 novembre alle ore 17:30 presso il Centro Giovanni XXIII a cui parteciper\u00e0 l&#8217;autore, che replicher\u00e0 per le scolaresche alle ore 11:00 presso l\u2019aula Magna dell\u2019I.T.I. Segato marted\u00ec 20 novembre, nella ricorrenza della Convenzione Internazionale sui diritti dell&#8217;infanzia. La mostra, che raccoglie foto, video, articoli di approfondimento del giornalista Emanuele Confortin e quadri dell\u2019artista iracheno Matti Al Kanun, racconta il dramma della fuga dalla guerra, la disperata ricerca della salvezza lungo la via balcanica, il desiderio del ritorno nella propria terra devastata dall\u2019ISIS, la difficile resilienza, attraverso il recupero della propria identit\u00e0 anche religiosa, che ritorna collante di solidariet\u00e0 e pace e non pretesto e strumento di oppressione. Domani\u00a0 conferenza stampa di presentazione del progetto. Saranno presenti il vicario del Vescovo, il dirigente dell&#8217;Ufficio Scolastico di Belluno, il Presidente dell&#8217;Associazione Nazionale Vittime Civili di guerra,\u00a0 il referente delle Scuole in Rete, il Dirigente dell&#8217;IIS Catullo, il Dirigente dell&#8217;IIS Galilei-Tiziano, la rappresentante del Coordinamento di Belluno di Amnesty International, la presidente dell&#8217;Associazione Amici delle Scuole in Rete, i rappresentanti delle altre associazioni che garantiranno l&#8217;apertura della mostra: Societ\u00e0 Dante Aligheri, Ana provinciale, Soroptistist International di Belluno, Auser, Amnesty, Lilt, Scout adulti, Amici scuole in rete.<\/p>\n<p>&nbsp;<\/p>\n<p>&nbsp;<\/p>\n<h2><em><strong>Un cuore grande e tanti \u201cgrazie\u201d da parte dei bambini delle elementari ai volontari e a tutti coloro che in questi giorni stanno lavorando per riportare la citt\u00e0 alla normalit\u00e0 dopo i disastri del maltempo dei giorni scorsi.<\/strong><\/em><\/h2>\n<p><strong><a class=\"dt-pswp-item\" href=\"http:\/\/www.radiopiu.net\/wordpress\/wp-content\/uploads\/2018\/11\/IC-FELTRE-140-volte-grazie-alla-Vittorino.jpg\" data-dt-img-description=\"\" data-large_image_width=\"4128\" data-large_image_height=\"3096\"><img loading=\"lazy\" decoding=\"async\" class=\"size-medium wp-image-66254 alignleft\" src=\"http:\/\/www.radiopiu.net\/wordpress\/wp-content\/uploads\/2018\/11\/IC-FELTRE-140-volte-grazie-alla-Vittorino-300x225.jpg\" alt=\"\" width=\"300\" height=\"225\" srcset=\"https:\/\/www.radiopiu.net\/wordpress\/wp-content\/uploads\/2018\/11\/IC-FELTRE-140-volte-grazie-alla-Vittorino-300x225.jpg 300w, https:\/\/www.radiopiu.net\/wordpress\/wp-content\/uploads\/2018\/11\/IC-FELTRE-140-volte-grazie-alla-Vittorino-768x576.jpg 768w, https:\/\/www.radiopiu.net\/wordpress\/wp-content\/uploads\/2018\/11\/IC-FELTRE-140-volte-grazie-alla-Vittorino-1024x768.jpg 1024w\" sizes=\"auto, (max-width: 300px) 100vw, 300px\" \/><\/a>FELTRE<\/strong> Centoquaranta volte grazie. Un cartellone per esprimere solidariet\u00e0 e vicinanza a tutte le persone che hanno lavorato duramente per sgombrare e ripulire il cortile della scuola primaria \u201cVittorino da Feltre\u201d, dell&#8217;IC di Feltre, dopo il violento maltempo che non ha risparmiato neppure gli spazi antistanti l&#8217;edificio di via Castaldi. Centoquaranta, quanti sono gli alunni delle elementari che al rientro a scuola si sono confrontati tra di loro e con gli insegnanti raccontando e ricordando i momenti di paura vissuti durante i giorni del nubifragio. \u201cNaturalmente l&#8217;argomento non poteva non essere affrontato \u2013 spiega la docente Tiziana Cossalter \u2013 E se alcuni ragazzi hanno avuto la fortuna di abitare in zone meno colpite dal disastro atmosferico, altri hanno passato la notte del 29 ottobre, hanno detto, tremando dalla paura. Un&#8217;alunna, poi, ha raccontato di essere rimasta sconvolta nel vedere il viale di fronte all&#8217;ingresso dell&#8217;ospedale senza pi\u00f9 alberi. Alla fine abbiamo voluto colorare un cartellone con 140 grazie disposti a forma di cuore per tutte le persone che, in questi giorni, stanno lavorando costantemente per riportare la normalit\u00e0 in citt\u00e0\u201d. L&#8217;elaborato rimarr\u00e0 esposto nell&#8217;atrio della scuola.<\/p>\n<p>&nbsp;<\/p>\n<p>&nbsp;<\/p>\n<p>&nbsp;<\/p>\n<h1>ABBATTISTA A SCUOLA DI ARBITRI<\/h1>\n<p><a class=\"dt-pswp-item\" href=\"http:\/\/www.radiopiu.net\/wordpress\/wp-content\/uploads\/2018\/11\/pp.jpg\" data-dt-img-description=\"\" data-large_image_width=\"640\" data-large_image_height=\"640\"><img loading=\"lazy\" decoding=\"async\" class=\" wp-image-66250 alignleft\" src=\"http:\/\/www.radiopiu.net\/wordpress\/wp-content\/uploads\/2018\/11\/pp-300x300.jpg\" alt=\"\" width=\"129\" height=\"129\" srcset=\"https:\/\/www.radiopiu.net\/wordpress\/wp-content\/uploads\/2018\/11\/pp-300x300.jpg 300w, https:\/\/www.radiopiu.net\/wordpress\/wp-content\/uploads\/2018\/11\/pp-150x150.jpg 150w, https:\/\/www.radiopiu.net\/wordpress\/wp-content\/uploads\/2018\/11\/pp.jpg 640w\" sizes=\"auto, (max-width: 129px) 100vw, 129px\" \/><\/a>Questa sera alle\u00a0 20.30 presso la sala riunioni della scuola edile di Sedico la Sezione AIA di Belluno avr\u00e0 l&#8217;onore di ospitare il collega Eugenio Abbattista appartenete alla Sezione AIA di Molfetta attualmente impiegato in serie B. Prima della riunione, alle ore 17 al polo di allenamento di Trichiana , Eugenio, guider\u00e0 una seduta di allenamento specifica ai giovani arbitri bellunesi, dove mostrer\u00e0 come si allenano gli arbitri a livello professionistico. La riunione tecnica poi sar\u00e0 incentrata sui racconti dell&#8217;esperienza di Abbattista sui vari stadi di serie B e di serie A corredata da numerosi video di episodi tratti dalle sue partite. Al termine la serata proseguir\u00e0 presso un locale per una cena conviviale.<\/p>\n<h2>DAL NOTIZIARIO DI RADIO PIU&#8217;, IL PRESIDENTE DEVIS DA RIZ<\/h2>\n<audio class=\"wp-audio-shortcode\" id=\"audio-66228-6\" preload=\"none\" style=\"width: 100%;\" controls=\"controls\"><source type=\"audio\/ogg\" src=\"http:\/\/www.radiopiu.net\/wordpress\/wp-content\/uploads\/2018\/11\/da-riz.ogg?_=6\" \/><a href=\"http:\/\/www.radiopiu.net\/wordpress\/wp-content\/uploads\/2018\/11\/da-riz.ogg\">http:\/\/www.radiopiu.net\/wordpress\/wp-content\/uploads\/2018\/11\/da-riz.ogg<\/a><\/audio>\n<p>&nbsp;<\/p>\n<p>&nbsp;<\/p>\n<p>&nbsp;<\/p>\n<p>&nbsp;<\/p>\n<h2>CON LA BANDA DI ARABBA<br \/>\n<em>La Banda da Fodom e la M\u00fcjiga de San Ciascian vi invitano al concerto intitolato \u201cTiera Ladina\u201d, sabato 24 novembre alle 20.30 nella Ciasa dla Cultura di La Villa (Val Badia, Bz). Una bellissima occasione per le due valli con la stessa identit\u00e0 ladina di suonare insieme.<\/em><\/h2>\n<p>&nbsp;<\/p>\n<p>&nbsp;<\/p>\n<p>&nbsp;<\/p>\n<h1>IL MESSAGGIO DI EROS LENA, DA CANALE D&#8217;AGORDO<\/h1>\n<p><em>&#8220;Ciao a tutti vi comunico che il mio cane Yacko (alluvionato) ha trovato una nuova famiglia ad Agordo, sono amici di famiglia! Oggi siamo andati all\u2019Apaca di Belluno a prenderlo e voglio ringraziare di cuore tutto i volontari che fanno parte di questa meravigliosa associazione! Hanno lasciato sicuramente una grande dimostrazione di amore e di affetto sia Yacko che a noi! Ringrazio Radio Pi\u00f9,\u00a0 Iliana Comina e Walter Capraro per l\u2019aiuto&#8221;<\/em><\/p>\n<p>&nbsp;<\/p>\n<p>&nbsp;<\/p>\n<p>&nbsp;<\/p>\n<h1>100 ANNI DOPO LA FINE DELLA GUERRA<\/h1>\n<p><strong><a class=\"dt-pswp-item\" href=\"http:\/\/www.radiopiu.net\/wordpress\/wp-content\/uploads\/2018\/11\/PB040382.jpg\" data-dt-img-description=\"\" data-large_image_width=\"4608\" data-large_image_height=\"3456\"><img loading=\"lazy\" decoding=\"async\" class=\"size-medium wp-image-66256 alignleft\" src=\"http:\/\/www.radiopiu.net\/wordpress\/wp-content\/uploads\/2018\/11\/PB040382-300x225.jpg\" alt=\"\" width=\"300\" height=\"225\" srcset=\"https:\/\/www.radiopiu.net\/wordpress\/wp-content\/uploads\/2018\/11\/PB040382-300x225.jpg 300w, https:\/\/www.radiopiu.net\/wordpress\/wp-content\/uploads\/2018\/11\/PB040382-768x576.jpg 768w, https:\/\/www.radiopiu.net\/wordpress\/wp-content\/uploads\/2018\/11\/PB040382-1024x768.jpg 1024w\" sizes=\"auto, (max-width: 300px) 100vw, 300px\" \/><\/a>SAN GREGORIO NELLE ALPI<\/strong> Anche il Gruppo Alpini Gen. Nasci di San Gregorio nelle Alpi ha voluto ricordare i cent\u2019anni della fine della Grande Guerra. Sabato 3 novembre come tutti Gruppi Alpini d\u2019Italia davanti al Monumento ai Caduti \u00e8 stato acceso un lumino e letto il messaggio del Presidente nazionale Favero. E\u2019 seguito poi nella Chiesa Parrocchiale lo spettacolo \u201cLe scarpe al sole\u201d con letture di brani liberamente tratti dall\u2019omonimo libro di Paolo Monelli ed accompagnate dai canti del Coro Oio. Domenica si \u00e8 celebrato solennemente il 4 Novembre con l\u2019omaggio ai Caduti e alle 11.30 nella Sala Consiliare si \u00e8 Inaugurata la splendida mostra \u201cMemorie di ferro\u201d allestita dal Capogruppo Fabio Minella con l\u2019aiuto dell\u2019alpino Stefano Cassol. L\u2019esposizione offre un percorso di visita attraverso pannelli didattici, documenti, stampe, fotografie, illustrazioni, cimeli, reperti e divise. D\u2019impatto la trincea con accurate ricostruzioni di camminamenti, postazioni e diorama che fanno rivivere l\u2019atmosfera dell\u2019epoca. La mostra si concluder\u00e0 domenica 18 novembre 2019 con orario il venerd\u00ec e sabato dalle 15 alle 18 e la domenica dalle 10 alle 12 e dalle 15 alle 18.<\/p>\n<p>&nbsp;<\/p>\n<blockquote class=\"wp-embedded-content\" data-secret=\"yK5YPdv5x9\"><p><a href=\"http:\/\/www.radiopiu.net\/wordpress\/lappello-di-laura-ballis-per-ircostruire-il-suo-passato-artistico\/\">L&#8217;APPELLO DI Laura Ballis &#8211; una delle pi\u00f9 pregiate artiste agordine per ricostruire il suo passato artistico<\/a><\/p><\/blockquote>\n<p><iframe loading=\"lazy\" class=\"wp-embedded-content\" sandbox=\"allow-scripts\" security=\"restricted\" style=\"position: absolute; clip: rect(1px, 1px, 1px, 1px);\" src=\"http:\/\/www.radiopiu.net\/wordpress\/lappello-di-laura-ballis-per-ircostruire-il-suo-passato-artistico\/embed\/#?secret=yK5YPdv5x9\" data-secret=\"yK5YPdv5x9\" width=\"600\" height=\"338\" title=\"&#8220;L&#8217;APPELLO DI Laura Ballis &#8211; una delle pi\u00f9 pregiate artiste agordine per ricostruire il suo passato artistico&#8221; &#8212; Radio Pi\u00f9\" frameborder=\"0\" marginwidth=\"0\" marginheight=\"0\" scrolling=\"no\"><\/iframe><\/p>\n<p>&nbsp;<\/p>\n<p>&nbsp;<\/p>\n<p>&nbsp;<\/p>\n<p><a class=\"dt-pswp-item\" href=\"http:\/\/www.radiopiu.net\/wordpress\/wp-content\/uploads\/2018\/09\/sport.jpg\" data-dt-img-description=\"\" data-large_image_width=\"800\" data-large_image_height=\"100\"><img loading=\"lazy\" decoding=\"async\" class=\"alignnone wp-image-60761 size-full\" src=\"http:\/\/www.radiopiu.net\/wordpress\/wp-content\/uploads\/2018\/09\/sport.jpg\" alt=\"\" width=\"800\" height=\"100\" srcset=\"https:\/\/www.radiopiu.net\/wordpress\/wp-content\/uploads\/2018\/09\/sport.jpg 800w, https:\/\/www.radiopiu.net\/wordpress\/wp-content\/uploads\/2018\/09\/sport-300x38.jpg 300w, https:\/\/www.radiopiu.net\/wordpress\/wp-content\/uploads\/2018\/09\/sport-768x96.jpg 768w\" sizes=\"auto, (max-width: 800px) 100vw, 800px\" \/><\/a><\/p>\n<h1>CALCIO, AGORDINA SECONDA CATEGORIA IL CASTION DONA L&#8217;INCASSO AGLI AGORDINI, VITTORIA DELLA SOLIDARIETA&#8217;<\/h1>\n<p>Con la doppietta di Luca Ackon il Castion batte l&#8217;Agordina 2-1 (rete biancoceleste al 5&#8242; autogol di Da Canal). Due gol di testa di Ackon, quello della vittoria al 94&#8242; sfruttando la confusione in area<\/p>\n<blockquote class=\"wp-embedded-content\" data-secret=\"6VYrFbfFVQ\"><p><a href=\"http:\/\/www.radiopiu.net\/wordpress\/calcio-e-hockey-del-fine-settimana\/\">CALCIO E HOCKEY DEL FINE SETTIMANA<\/a><\/p><\/blockquote>\n<p><iframe loading=\"lazy\" class=\"wp-embedded-content\" sandbox=\"allow-scripts\" security=\"restricted\" style=\"position: absolute; clip: rect(1px, 1px, 1px, 1px);\" src=\"http:\/\/www.radiopiu.net\/wordpress\/calcio-e-hockey-del-fine-settimana\/embed\/#?secret=6VYrFbfFVQ\" data-secret=\"6VYrFbfFVQ\" width=\"600\" height=\"338\" title=\"&#8220;CALCIO E HOCKEY DEL FINE SETTIMANA&#8221; &#8212; Radio Pi\u00f9\" frameborder=\"0\" marginwidth=\"0\" marginheight=\"0\" scrolling=\"no\"><\/iframe><\/p>\n<p>&nbsp;<\/p>\n<p>&nbsp;<\/p>\n<h1><span style=\"color: #333333;\"><span style=\"font-family: verdana, sans-serif; font-size: large;\"><b>In 900 alla prima prova del Campionato provinciale di corsa campestre del Centro sportivo italiano<\/b><\/span><\/span><\/h1>\n<p><span style=\"color: #333333;\"><span style=\"font-family: verdana, sans-serif;\"><b>Sui prati di Lentiai domina la societ\u00e0 organizzatrice, il Gs La Piave 2000. A livello individuale successi assoluti per Sabrina Boldrin e Lorenzo Cagnati<\/b><\/span><\/span><\/p>\n<p><span style=\"font-family: verdana, sans-serif;\"><span style=\"color: #333333;\">\u00a0<a class=\"dt-pswp-item\" href=\"http:\/\/www.radiopiu.net\/wordpress\/wp-content\/uploads\/2018\/11\/ronchena-lentiai-provinciale-cross-11.11.2018.jpg\" data-dt-img-description=\"\" data-large_image_width=\"3500\" data-large_image_height=\"2333\"><img loading=\"lazy\" decoding=\"async\" class=\" wp-image-66252 alignleft\" src=\"http:\/\/www.radiopiu.net\/wordpress\/wp-content\/uploads\/2018\/11\/ronchena-lentiai-provinciale-cross-11.11.2018-300x200.jpg\" alt=\"\" width=\"411\" height=\"274\" srcset=\"https:\/\/www.radiopiu.net\/wordpress\/wp-content\/uploads\/2018\/11\/ronchena-lentiai-provinciale-cross-11.11.2018-300x200.jpg 300w, https:\/\/www.radiopiu.net\/wordpress\/wp-content\/uploads\/2018\/11\/ronchena-lentiai-provinciale-cross-11.11.2018-768x512.jpg 768w, https:\/\/www.radiopiu.net\/wordpress\/wp-content\/uploads\/2018\/11\/ronchena-lentiai-provinciale-cross-11.11.2018-1024x683.jpg 1024w\" sizes=\"auto, (max-width: 411px) 100vw, 411px\" \/><\/a>Sono stati 900 i concorrenti che domenica 11 novembre a Ronchena di Lentiai hanno dato vita alla prima prova del Campionato provinciale di corsa campestre del Centro sportivo italiano di Belluno in sinergia con il comitato Csi di Feltre e il comitato Fidal provinciale, evento che mette in palio il 21.mo memorial giovanile Serafino Barp. In gara, oltre ai tesserati Csi (<\/span>nati dall\u2019anno 2011 compreso) anche <span style=\"color: #333333;\">gli alunni dei plessi scolastici della Sinistra Piave. Nella speciale classifica riservata a questi ultimi (oltre 300 in gara), la vittoria \u00e8 andata alla scuola elementare Villapiana (62 % la percentuale dei partecipanti) davanti a Lentiai (49,45%) e Mel (40,88%).\u00a0<\/span><\/span><span style=\"font-family: verdana, sans-serif;\"><span style=\"color: #333333;\">Per quanto riguarda le gare Csi, la societ\u00e0 organizzatrice, il Gs La Piave 2000, ha fatto la parte del leone. Le ragazze e i ragazzi del presidente Andrea Zanivan hanno vinto la graduatoria complessiva per societ\u00e0 totalizzando 683 punti. Secondo e terzo posto rispettivamente per Gs Castionese (559) e Gs Astra Quero (479).\u00a0<\/span><\/span><span style=\"font-family: verdana, sans-serif;\">La Piave 2000 davanti a tutti anche nella classifica giovanile con 572 punti. Sul podio Gs Castionese (382 punti) e Polisportiva Santa Giustina (380). Nella graduatoria per le categorie assolute il successo \u00e8 andato all&#8217;Atletica Lamon (266 punti) davanti a Virtus Nemeggio (238) e Astra Quero (230).\u00a0<\/span><span style=\"font-family: verdana, sans-serif;\"><span style=\"color: #333333;\">Per quanto riguarda le graduatorie individuali, successi assoluti per la cortinese Sabrina Boldrin e per l&#8217;agordino Lorenzo Cagnati. <\/span> <\/span><\/p>\n<p><b><span style=\"color: #333333; font-family: verdana, sans-serif;\">Il dettaglio delle classifiche al seguente link:\u00a0<\/span><span style=\"color: #333333; font-family: verdana, sans-serif;\"><a href=\"http:\/\/www.csibelluno.it\/article755.html\">http:\/\/www.csibelluno.it\/article755.html<\/a><\/span><\/b><\/p>\n<p><span style=\"font-family: verdana, sans-serif;\">Il prossimo appuntamento \u00e8 previsto a Pralongo, in Val di Zoldo, a cura dell&#8217;Atletica Zoldo, domenica 18 novembre. Domenica 25 novembre si garegger\u00e0 invece a Quero (organizzazione Gs Astra) mentre la prova prevista per il 4 novembre a Melere di Trichiana (organizzazione Atletica Trichiana) verr\u00e0 recuperata in primavera.\u00a0<\/span><\/p>\n<p>&nbsp;<\/p>\n<p>&nbsp;<\/p>\n<p>&nbsp;<\/p>\n<p>&nbsp;<\/p>\n<p><a class=\"dt-pswp-item\" href=\"http:\/\/www.radiopiu.net\/wordpress\/wp-content\/uploads\/2018\/09\/WhatsApp-Image-2018-09-20-at-16.04.06.jpeg\" data-dt-img-description=\"\" data-large_image_width=\"800\" data-large_image_height=\"100\"><img loading=\"lazy\" decoding=\"async\" class=\"alignnone wp-image-61378 size-full\" src=\"http:\/\/www.radiopiu.net\/wordpress\/wp-content\/uploads\/2018\/09\/WhatsApp-Image-2018-09-20-at-16.04.06.jpeg\" alt=\"\" width=\"800\" height=\"100\" srcset=\"https:\/\/www.radiopiu.net\/wordpress\/wp-content\/uploads\/2018\/09\/WhatsApp-Image-2018-09-20-at-16.04.06.jpeg 800w, https:\/\/www.radiopiu.net\/wordpress\/wp-content\/uploads\/2018\/09\/WhatsApp-Image-2018-09-20-at-16.04.06-300x38.jpeg 300w, https:\/\/www.radiopiu.net\/wordpress\/wp-content\/uploads\/2018\/09\/WhatsApp-Image-2018-09-20-at-16.04.06-768x96.jpeg 768w\" sizes=\"auto, (max-width: 800px) 100vw, 800px\" \/><\/a><\/p>\n<h1>PREVISIONI DEL TEMPO DA OGGI A GIOVEDI<\/h1>\n<p><strong>Lunedi 12<\/strong><br \/>\nTempo atteso: Tempo in prevalenza soleggiato con cielo sereno o poco nuvoloso, salvo la presenza di nubi basse\/foschie\/locali nebbie, specie nelle valli prealpine, nelle ore pi\u00f9 fredde, in diradamento durante le ore diurne. Transito di qualche velatura nel corso del pomeriggio.<br \/>\nPrecipitazioni: Assenti (0%).<br \/>\nTemperature: Minime generalmente stazionarie o in lieve calo, specie nelle valli, massime in aumento specie in quota. Lieve inversione termica. Su Prealpi a 1500 m min 4\u00b0C max 10\u00b0C, a 2000 m min 1\u00b0C max 8\u00b0C. Su Dolomiti a 2000 m min 1\u00b0C max 8\u00b0C, a 3000 m min -3\u00b0C max 3\u00b0C.<br \/>\nVenti: Nelle valli deboli di direzione variabile; in quota in prevalenza moderati\/tesi da sud-ovest, a 25-35 km\/h a 2000 m, 40-45 km\/h a 3000 m.<br \/>\n<strong>Martedi 13<\/strong><br \/>\nTempo atteso: Tempo in prevalenza soleggiato con cielo perlopi\u00f9 sereno o poco nuvoloso, specie in quota, sugli altipiani e sulle zone dolomitiche. Probabili nubi basse\/foschie\/nebbie in alcuni fondovalle prealpini durante le ore pi\u00f9 fredde.<br \/>\nPrecipitazioni: Assenti (0%).<br \/>\nTemperature: Temperature minime in leggero calo nelle valli ed in lieve aumento in quota, massime in ulteriore aumento, su valori ben sopra le medie del periodo. Nelle valli, nelle ore pi\u00f9 fredde, inversione termica anche marcata e significativo aumento dell&#8217;escursione termica giornaliera. Su Prealpi a 1500 m min 5\u00b0C max 11\u00b0C, a 2000 m min 2\u00b0C max 9\u00b0C. Su Dolomiti a 2000 m min 2\u00b0C max 9\u00b0C, a 3000 m min -2\u00b0C max 6\u00b0C.<br \/>\nVenti: Nelle valli deboli di direzione variabile; in quota in prevalenza moderati\/tesi da sud-ovest, a 30-35 km\/h a 2000 m, 35-45 km\/h a 3000 m, tendenti ad una parziale attenuazione in serata e a divenire settentrionali.<br \/>\n<strong>Mercoledi 14<\/strong><br \/>\nTempo ancora in prevalenza soleggiato con cielo perlopi\u00f9 sereno o poco nuvoloso. Probabili nubi basse\/foschie\/locali nebbie in alcuni fondovalle durante le ore pi\u00f9 fredde. Temperature in leggero calo con parziale attenuazione dell&#8217;inversione termica. Venti in quota in prevalenza deboli settentrionali.<br \/>\n<strong>Giovedi 15<\/strong><br \/>\nLa situazione non cambia molto; tempo ancora in prevalenza soleggiato con cielo perlopi\u00f9 sereno o poco nuvoloso e probabili nubi basse\/foschie\/locali nebbie in alcuni fondovalle durante le ore pi\u00f9 fredde. Temperature senza notevoli variazioni con persistenza dell&#8217;inversione termica. Previsore: M.Padoan<\/p>\n","protected":false},"excerpt":{"rendered":"<p>&nbsp; I FAGGI VENDUTI A 30 EURO AL METRO CUBO ANZICH\u00c9 A 35-40:\u00a0NON SVENDIAMO IL NOSTRO PATRIMONIO Sono trascorsi 15 giorni dall&#8217;alluvione nel bellunese, sono ancora\u00a0 120 gli sfollati ( a Perarolo e Cibiana ma anche a Rivamonte), un centinaio di generatori tuttora in funzione e una quindicina di Centri operativi comunali attivi. Oggi a&hellip;<\/p>\n","protected":false},"author":1,"featured_media":66251,"comment_status":"closed","ping_status":"closed","sticky":false,"template":"","format":"standard","meta":{"_monsterinsights_skip_tracking":false,"_monsterinsights_sitenote_active":false,"_monsterinsights_sitenote_note":"","_monsterinsights_sitenote_category":0,"footnotes":""},"categories":[86],"tags":[],"class_list":["post-66228","post","type-post","status-publish","format-standard","has-post-thumbnail","hentry","category-gr","category-86","description-off"],"img_url":"https:\/\/www.radiopiu.net\/wordpress\/wp-content\/uploads\/2018\/11\/SCAFFALIVUOTI.jpg","_links":{"self":[{"href":"https:\/\/www.radiopiu.net\/wordpress\/wp-json\/wp\/v2\/posts\/66228","targetHints":{"allow":["GET"]}}],"collection":[{"href":"https:\/\/www.radiopiu.net\/wordpress\/wp-json\/wp\/v2\/posts"}],"about":[{"href":"https:\/\/www.radiopiu.net\/wordpress\/wp-json\/wp\/v2\/types\/post"}],"author":[{"embeddable":true,"href":"https:\/\/www.radiopiu.net\/wordpress\/wp-json\/wp\/v2\/users\/1"}],"replies":[{"embeddable":true,"href":"https:\/\/www.radiopiu.net\/wordpress\/wp-json\/wp\/v2\/comments?post=66228"}],"version-history":[{"count":0,"href":"https:\/\/www.radiopiu.net\/wordpress\/wp-json\/wp\/v2\/posts\/66228\/revisions"}],"wp:featuredmedia":[{"embeddable":true,"href":"https:\/\/www.radiopiu.net\/wordpress\/wp-json\/wp\/v2\/media\/66251"}],"wp:attachment":[{"href":"https:\/\/www.radiopiu.net\/wordpress\/wp-json\/wp\/v2\/media?parent=66228"}],"wp:term":[{"taxonomy":"category","embeddable":true,"href":"https:\/\/www.radiopiu.net\/wordpress\/wp-json\/wp\/v2\/categories?post=66228"},{"taxonomy":"post_tag","embeddable":true,"href":"https:\/\/www.radiopiu.net\/wordpress\/wp-json\/wp\/v2\/tags?post=66228"}],"curies":[{"name":"wp","href":"https:\/\/api.w.org\/{rel}","templated":true}]}}