{"id":66297,"date":"2018-11-13T06:25:21","date_gmt":"2018-11-13T05:25:21","guid":{"rendered":"http:\/\/www.radiopiu.net\/wordpress\/?p=66297"},"modified":"2018-11-13T06:27:58","modified_gmt":"2018-11-13T05:27:58","slug":"calendario-ferie-luxottica-per-lo-stabilimento-di-agordo","status":"publish","type":"post","link":"https:\/\/www.radiopiu.net\/wordpress\/calendario-ferie-luxottica-per-lo-stabilimento-di-agordo\/","title":{"rendered":"CALENDARIO FERIE LUXOTTICA, PER LO STABILIMENTO DI AGORDO"},"content":{"rendered":"<h3 class=\"post-title entry-title\">Concordato il calendario ferie natalizio.<\/h3>\n<div id=\"post-body-4092722577857569054\" class=\"post-body entry-content\">\n<div class=\"separator\"><a href=\"https:\/\/2.bp.blogspot.com\/-Pzz-QX2IRx0\/W-lVoin7CAI\/AAAAAAAAAdw\/jShqacp0kXUd9k_XDhe8FuTUTXpe_fz8QCLcBGAs\/s1600\/midnight-snow-1915907_640.jpg\"><img loading=\"lazy\" decoding=\"async\" class=\"alignleft\" src=\"https:\/\/2.bp.blogspot.com\/-Pzz-QX2IRx0\/W-lVoin7CAI\/AAAAAAAAAdw\/jShqacp0kXUd9k_XDhe8FuTUTXpe_fz8QCLcBGAs\/s320\/midnight-snow-1915907_640.jpg\" width=\"320\" height=\"213\" border=\"0\" data-original-height=\"426\" data-original-width=\"640\" \/><\/a><\/div>\n<div>E&#8217; stato siglato il calendario lavorativo per il prossimo periodo natalizio, valevole sia per la produzione che per gli impiegati; l&#8217;accordo viene esposto oggi stesso nei reparti e negli uffici e prevede due settimane complessive a casa per la maggior parte delle persone.<\/div>\n<p>Per la produzione verranno utilizzati 4 giorni di ferie (uno era gi\u00e0 stato utilizzato per il ponte del 1 novembre) e 3 giornate di flessibilit\u00e0 negativa; fa eccezione l&#8217;officina che ha necessit\u00e0 di rientrare in anticipo. Per la maggior parte degli uffici, oltre ai 4 giorni di ferie, una giornata verr\u00e0 coperta da permesso collettivo mentre per le restanti due giornate viene prevista l&#8217;alternativa volontaria tra smonetizzazione oppure utilizzo di istituti individuali. Alcuni uffici hanno tuttavia un periodo di chiusura pi\u00f9 breve con rientro anticipato mentre per altri enti \u00e8 previsto l&#8217;abituale calendario scaglionato.<\/p><\/div>\n<blockquote>\n<div class=\"post-body entry-content\"><em>&#8220;Un accordo arrivato con qualche giorno di ritardo rispetto ai termini abituali &#8211; dice Emilio Bez cooridinatore Uiltec-Uil Rsu Agordo &#8211;\u00a0 ma, visti gli avvenimenti e l&#8217;emergenza delle scorse settimane, era ovviamente difficile fare di meglio&#8221;.<\/em><\/p>\n<\/div>\n<\/blockquote>\n<div><strong>BACHECA, CLICCA PER INGRANDIRE<\/strong><\/div>\n<div>\n\n\t\t\t<style type='text\/css'>\n\t\t\t\t#gallery-1 {\n\t\t\t\t\tmargin: auto;\n\t\t\t\t}\n\t\t\t\t#gallery-1 .gallery-item {\n\t\t\t\t\tfloat: left;\n\t\t\t\t\tmargin-top: 10px;\n\t\t\t\t\ttext-align: center;\n\t\t\t\t\twidth: 33%;\n\t\t\t\t}\n\t\t\t\t#gallery-1 img {\n\t\t\t\t\tborder: 2px solid #cfcfcf;\n\t\t\t\t}\n\t\t\t\t#gallery-1 .gallery-caption {\n\t\t\t\t\tmargin-left: 0;\n\t\t\t\t}\n\t\t\t\t\/* see gallery_shortcode() in wp-includes\/media.php *\/\n\t\t\t<\/style>\n\t\t<div id='gallery-1' class='dt-gallery-container gallery galleryid-66297 gallery-columns-3 gallery-size-thumbnail'><dl class='gallery-item'>\n\t\t\t\t<dt class='gallery-icon portrait'>\n\t\t\t\t\t<a class=\"rollover\" href='https:\/\/www.radiopiu.net\/wordpress\/calendario-ferie-luxottica-per-lo-stabilimento-di-agordo\/whatsapp-image-2018-11-12-at-10-48-33\/'><img loading=\"lazy\" decoding=\"async\" width=\"150\" height=\"150\" src=\"https:\/\/www.radiopiu.net\/wordpress\/wp-content\/uploads\/2018\/11\/WhatsApp-Image-2018-11-12-at-10.48.33-150x150.jpeg\" class=\"attachment-thumbnail size-thumbnail\" alt=\"\" \/><\/a>\n\t\t\t\t<\/dt><\/dl>\n\t\t\t\t<br style='clear: both' \/>\n\t\t\t<\/div>\n\n<\/div>\n","protected":false},"excerpt":{"rendered":"<p>Concordato il calendario ferie natalizio. E&#8217; stato siglato il calendario lavorativo per il prossimo periodo natalizio, valevole sia per la produzione che per gli impiegati; l&#8217;accordo viene esposto oggi stesso nei reparti e negli uffici e prevede due settimane complessive a casa per la maggior parte delle persone. Per la produzione verranno utilizzati 4 giorni&hellip;<\/p>\n","protected":false},"author":1,"featured_media":66298,"comment_status":"closed","ping_status":"closed","sticky":false,"template":"","format":"standard","meta":{"_monsterinsights_skip_tracking":false,"_monsterinsights_sitenote_active":false,"_monsterinsights_sitenote_note":"","_monsterinsights_sitenote_category":0,"footnotes":""},"categories":[49],"tags":[],"class_list":["post-66297","post","type-post","status-publish","format-standard","has-post-thumbnail","hentry","category-news-18","category-49","description-off"],"img_url":"https:\/\/www.radiopiu.net\/wordpress\/wp-content\/uploads\/2018\/11\/WhatsApp-Image-2018-11-12-at-10.48.33.jpeg","_links":{"self":[{"href":"https:\/\/www.radiopiu.net\/wordpress\/wp-json\/wp\/v2\/posts\/66297","targetHints":{"allow":["GET"]}}],"collection":[{"href":"https:\/\/www.radiopiu.net\/wordpress\/wp-json\/wp\/v2\/posts"}],"about":[{"href":"https:\/\/www.radiopiu.net\/wordpress\/wp-json\/wp\/v2\/types\/post"}],"author":[{"embeddable":true,"href":"https:\/\/www.radiopiu.net\/wordpress\/wp-json\/wp\/v2\/users\/1"}],"replies":[{"embeddable":true,"href":"https:\/\/www.radiopiu.net\/wordpress\/wp-json\/wp\/v2\/comments?post=66297"}],"version-history":[{"count":0,"href":"https:\/\/www.radiopiu.net\/wordpress\/wp-json\/wp\/v2\/posts\/66297\/revisions"}],"wp:featuredmedia":[{"embeddable":true,"href":"https:\/\/www.radiopiu.net\/wordpress\/wp-json\/wp\/v2\/media\/66298"}],"wp:attachment":[{"href":"https:\/\/www.radiopiu.net\/wordpress\/wp-json\/wp\/v2\/media?parent=66297"}],"wp:term":[{"taxonomy":"category","embeddable":true,"href":"https:\/\/www.radiopiu.net\/wordpress\/wp-json\/wp\/v2\/categories?post=66297"},{"taxonomy":"post_tag","embeddable":true,"href":"https:\/\/www.radiopiu.net\/wordpress\/wp-json\/wp\/v2\/tags?post=66297"}],"curies":[{"name":"wp","href":"https:\/\/api.w.org\/{rel}","templated":true}]}}