{"id":66351,"date":"2018-11-13T06:20:08","date_gmt":"2018-11-13T05:20:08","guid":{"rendered":"http:\/\/www.radiopiu.net\/wordpress\/?p=66351"},"modified":"2018-11-13T06:20:28","modified_gmt":"2018-11-13T05:20:28","slug":"8-milioni-di-euro-prima-stima-dei-danni-nel-feltrino","status":"publish","type":"post","link":"https:\/\/www.radiopiu.net\/wordpress\/8-milioni-di-euro-prima-stima-dei-danni-nel-feltrino\/","title":{"rendered":"8 MILIONI DI EURO, PRIMA STIMA DEI DANNI NEL FELTRINO"},"content":{"rendered":"<h1><\/h1>\n<p><a class=\"dt-pswp-item\" href=\"http:\/\/www.radiopiu.net\/wordpress\/wp-content\/uploads\/2018\/11\/IMG_20181112_104412-1.jpg\" data-dt-img-description=\"\" data-large_image_width=\"5312\" data-large_image_height=\"2988\"><img loading=\"lazy\" decoding=\"async\" class=\"alignnone wp-image-66336 size-large\" src=\"http:\/\/www.radiopiu.net\/wordpress\/wp-content\/uploads\/2018\/11\/IMG_20181112_104412-1-1024x576.jpg\" alt=\"\" width=\"1024\" height=\"576\" srcset=\"https:\/\/www.radiopiu.net\/wordpress\/wp-content\/uploads\/2018\/11\/IMG_20181112_104412-1-1024x576.jpg 1024w, https:\/\/www.radiopiu.net\/wordpress\/wp-content\/uploads\/2018\/11\/IMG_20181112_104412-1-300x169.jpg 300w, https:\/\/www.radiopiu.net\/wordpress\/wp-content\/uploads\/2018\/11\/IMG_20181112_104412-1-768x432.jpg 768w\" sizes=\"auto, (max-width: 1024px) 100vw, 1024px\" \/><\/a><\/p>\n<p><strong><a class=\"dt-pswp-item\" href=\"http:\/\/www.radiopiu.net\/wordpress\/wp-content\/uploads\/2018\/11\/WhatsApp-Image-2018-11-06-at-12.09.55.jpeg\" data-dt-img-description=\"\" data-large_image_width=\"1323\" data-large_image_height=\"745\"><img loading=\"lazy\" decoding=\"async\" class=\" wp-image-66323 alignleft\" src=\"http:\/\/www.radiopiu.net\/wordpress\/wp-content\/uploads\/2018\/11\/WhatsApp-Image-2018-11-06-at-12.09.55-300x169.jpeg\" alt=\"\" width=\"236\" height=\"133\" srcset=\"https:\/\/www.radiopiu.net\/wordpress\/wp-content\/uploads\/2018\/11\/WhatsApp-Image-2018-11-06-at-12.09.55-300x169.jpeg 300w, https:\/\/www.radiopiu.net\/wordpress\/wp-content\/uploads\/2018\/11\/WhatsApp-Image-2018-11-06-at-12.09.55-768x432.jpeg 768w, https:\/\/www.radiopiu.net\/wordpress\/wp-content\/uploads\/2018\/11\/WhatsApp-Image-2018-11-06-at-12.09.55-1024x577.jpeg 1024w, https:\/\/www.radiopiu.net\/wordpress\/wp-content\/uploads\/2018\/11\/WhatsApp-Image-2018-11-06-at-12.09.55.jpeg 1323w\" sizes=\"auto, (max-width: 236px) 100vw, 236px\" \/><\/a>FELTRE<\/strong> Quasi 5 milioni di danni al patrimonio pubblico, oltre 3 milioni a quello privato. E\u2019 la prima stima, estremamente provvisoria ancorch\u00e9 documentata, che l\u2019amministrazione comunale di Feltre ha stilato a due settimane esatte dalla violentissima ondata di maltempo che ha messo in ginocchio l\u2019intero territorio.<br \/>\nIl punto della situazione \u00e8 emerso nel corso di una conferenza stampa svoltasi presso i Magazzini Comunali di via Vignigole a cui hanno preso parte il sindaco Paolo Perenzin, l\u2019assessore alla Gestione del Territorio Adis Zatta e la dirigente Enrica De Paulis. All\u2019incontro, a cui erano stati invitati vari esponenti istituzionali, erano presenti anche i parlamentari Dario Bond e Roger De Menech.<\/p>\n<p><strong>IL SINDACO PAOLO PERENZIN<\/strong><\/p>\n<audio class=\"wp-audio-shortcode\" id=\"audio-66351-1\" preload=\"none\" style=\"width: 100%;\" controls=\"controls\"><source type=\"audio\/mpeg\" src=\"http:\/\/www.radiopiu.net\/wordpress\/wp-content\/uploads\/2018\/11\/PERENZIN.mp3?_=1\" \/><a href=\"http:\/\/www.radiopiu.net\/wordpress\/wp-content\/uploads\/2018\/11\/PERENZIN.mp3\">http:\/\/www.radiopiu.net\/wordpress\/wp-content\/uploads\/2018\/11\/PERENZIN.mp3<\/a><\/audio>\n<p><a class=\"dt-pswp-item\" href=\"http:\/\/www.radiopiu.net\/wordpress\/wp-content\/uploads\/2018\/11\/WhatsApp-Image-2018-11-06-at-12.09.46-1.jpeg\" data-dt-img-description=\"\" data-large_image_width=\"1600\" data-large_image_height=\"922\"><img loading=\"lazy\" decoding=\"async\" class=\"size-medium wp-image-66321 alignright\" src=\"http:\/\/www.radiopiu.net\/wordpress\/wp-content\/uploads\/2018\/11\/WhatsApp-Image-2018-11-06-at-12.09.46-1-300x173.jpeg\" alt=\"\" width=\"300\" height=\"173\" srcset=\"https:\/\/www.radiopiu.net\/wordpress\/wp-content\/uploads\/2018\/11\/WhatsApp-Image-2018-11-06-at-12.09.46-1-300x173.jpeg 300w, https:\/\/www.radiopiu.net\/wordpress\/wp-content\/uploads\/2018\/11\/WhatsApp-Image-2018-11-06-at-12.09.46-1-768x443.jpeg 768w, https:\/\/www.radiopiu.net\/wordpress\/wp-content\/uploads\/2018\/11\/WhatsApp-Image-2018-11-06-at-12.09.46-1-1024x590.jpeg 1024w, https:\/\/www.radiopiu.net\/wordpress\/wp-content\/uploads\/2018\/11\/WhatsApp-Image-2018-11-06-at-12.09.46-1.jpeg 1600w\" sizes=\"auto, (max-width: 300px) 100vw, 300px\" \/><\/a>L\u2019assessore Zatta ha tracciato una breve cronistoria degli interventi di prima emergenza messi in campo dalla macchina comunale, supportata da tutte le forze istituzionali e di volontariato in campo, lungo alcune direttrici primarie, tra cui la copertura, quanto meno provvisoria, delle abitazioni scoperchiate (una cinquantina quelle rimaste prive del tetto in questi giorni), la rimozione delle piante abbattute dal vento e la riapertura delle strade, la riattivazione \u2013 come gi\u00e0 detto &#8211; dell\u2019erogazione dell\u2019energia elettrica e dell\u2019acqua potabile.<br \/>\nLa dirigente Enrica De Paulis ha quindi illustrato i risultati di una prima ricognizione dei danni causati dal maltempo sul territorio comunale. Ammontano a quasi 5 milioni di euro quello stimati al patrimonio pubblico comunale, di cui 1,5 milioni a carico degli edifici, oltre 1,2 milioni alla viabilit\u00e0, 560 mila euro in conseguenza di frane e smottamenti, quasi 1,5 milioni per danni al verde urbano, senza conteggiare il danno ambientale e ornamentale che difficilmente potr\u00e0 essere riparato.<br \/>\n<a class=\"dt-pswp-item\" href=\"http:\/\/www.radiopiu.net\/wordpress\/wp-content\/uploads\/2018\/11\/WhatsApp-Image-2018-11-06-at-12.09.46.jpeg\" data-dt-img-description=\"\" data-large_image_width=\"1600\" data-large_image_height=\"956\"><img loading=\"lazy\" decoding=\"async\" class=\"size-medium wp-image-66322 alignleft\" src=\"http:\/\/www.radiopiu.net\/wordpress\/wp-content\/uploads\/2018\/11\/WhatsApp-Image-2018-11-06-at-12.09.46-300x179.jpeg\" alt=\"\" width=\"300\" height=\"179\" srcset=\"https:\/\/www.radiopiu.net\/wordpress\/wp-content\/uploads\/2018\/11\/WhatsApp-Image-2018-11-06-at-12.09.46-300x179.jpeg 300w, https:\/\/www.radiopiu.net\/wordpress\/wp-content\/uploads\/2018\/11\/WhatsApp-Image-2018-11-06-at-12.09.46-768x459.jpeg 768w, https:\/\/www.radiopiu.net\/wordpress\/wp-content\/uploads\/2018\/11\/WhatsApp-Image-2018-11-06-at-12.09.46-1024x612.jpeg 1024w, https:\/\/www.radiopiu.net\/wordpress\/wp-content\/uploads\/2018\/11\/WhatsApp-Image-2018-11-06-at-12.09.46.jpeg 1600w\" sizes=\"auto, (max-width: 300px) 100vw, 300px\" \/><\/a>Non va meglio per gli immobili privati dove la stima, che riguarda i tetti divelti (circa 50) e quelli danneggiati (oltre un centinaio) si aggira in maniera ancora provvisoria attorno ai 3,2 milioni di euro, ma pare inevitabilmente destinata a crescere. Tutto questo senza contare le conseguenze riportate dalle attivit\u00e0 economiche, agricole e non della zona, che paiono comunque rilevantissime. Dai due parlamentari bellunesi intervenuti all\u2019incontro, Dario Bond e Roger De Menech, \u00e8 arrivata la disponibilit\u00e0 ad adoperarsi per rendere quanto pi\u00f9 possibile veloce e sostanziale, anche in occasione della prossima legge di bilancio, il sostegno da parte del governo nell\u2019iter di risarcimento che dovr\u00e0 vedere coinvolta anche la Regione Veneto e tutti i soggetti istituzionali del territorio.<\/p>\n<p><strong>DARIO BOND<\/strong><\/p>\n<audio class=\"wp-audio-shortcode\" id=\"audio-66351-2\" preload=\"none\" style=\"width: 100%;\" controls=\"controls\"><source type=\"audio\/ogg\" src=\"http:\/\/www.radiopiu.net\/wordpress\/wp-content\/uploads\/2018\/11\/WhatsApp-Ptt-2018-11-12-at-13.19.37.ogg?_=2\" \/><a href=\"http:\/\/www.radiopiu.net\/wordpress\/wp-content\/uploads\/2018\/11\/WhatsApp-Ptt-2018-11-12-at-13.19.37.ogg\">http:\/\/www.radiopiu.net\/wordpress\/wp-content\/uploads\/2018\/11\/WhatsApp-Ptt-2018-11-12-at-13.19.37.ogg<\/a><\/audio>\n<p>&nbsp;<\/p>\n","protected":false},"excerpt":{"rendered":"<p>FELTRE Quasi 5 milioni di danni al patrimonio pubblico, oltre 3 milioni a quello privato. E\u2019 la prima stima, estremamente provvisoria ancorch\u00e9 documentata, che l\u2019amministrazione comunale di Feltre ha stilato a due settimane esatte dalla violentissima ondata di maltempo che ha messo in ginocchio l\u2019intero territorio. Il punto della situazione \u00e8 emerso nel corso di&hellip;<\/p>\n","protected":false},"author":1,"featured_media":66326,"comment_status":"closed","ping_status":"closed","sticky":false,"template":"","format":"standard","meta":{"_monsterinsights_skip_tracking":false,"_monsterinsights_sitenote_active":false,"_monsterinsights_sitenote_note":"","_monsterinsights_sitenote_category":0,"footnotes":""},"categories":[49],"tags":[],"class_list":["post-66351","post","type-post","status-publish","format-standard","has-post-thumbnail","hentry","category-news-18","category-49","description-off"],"img_url":"https:\/\/www.radiopiu.net\/wordpress\/wp-content\/uploads\/2018\/11\/IMG_20181112_104412.jpg","_links":{"self":[{"href":"https:\/\/www.radiopiu.net\/wordpress\/wp-json\/wp\/v2\/posts\/66351","targetHints":{"allow":["GET"]}}],"collection":[{"href":"https:\/\/www.radiopiu.net\/wordpress\/wp-json\/wp\/v2\/posts"}],"about":[{"href":"https:\/\/www.radiopiu.net\/wordpress\/wp-json\/wp\/v2\/types\/post"}],"author":[{"embeddable":true,"href":"https:\/\/www.radiopiu.net\/wordpress\/wp-json\/wp\/v2\/users\/1"}],"replies":[{"embeddable":true,"href":"https:\/\/www.radiopiu.net\/wordpress\/wp-json\/wp\/v2\/comments?post=66351"}],"version-history":[{"count":0,"href":"https:\/\/www.radiopiu.net\/wordpress\/wp-json\/wp\/v2\/posts\/66351\/revisions"}],"wp:featuredmedia":[{"embeddable":true,"href":"https:\/\/www.radiopiu.net\/wordpress\/wp-json\/wp\/v2\/media\/66326"}],"wp:attachment":[{"href":"https:\/\/www.radiopiu.net\/wordpress\/wp-json\/wp\/v2\/media?parent=66351"}],"wp:term":[{"taxonomy":"category","embeddable":true,"href":"https:\/\/www.radiopiu.net\/wordpress\/wp-json\/wp\/v2\/categories?post=66351"},{"taxonomy":"post_tag","embeddable":true,"href":"https:\/\/www.radiopiu.net\/wordpress\/wp-json\/wp\/v2\/tags?post=66351"}],"curies":[{"name":"wp","href":"https:\/\/api.w.org\/{rel}","templated":true}]}}