{"id":66548,"date":"2018-11-16T06:47:27","date_gmt":"2018-11-16T05:47:27","guid":{"rendered":"http:\/\/www.radiopiu.net\/wordpress\/?p=66548"},"modified":"2018-11-16T10:32:36","modified_gmt":"2018-11-16T09:32:36","slug":"giornale-radiopiu-16-novembre-2018-direttore-mirko-mezzacasa","status":"publish","type":"post","link":"https:\/\/www.radiopiu.net\/wordpress\/giornale-radiopiu-16-novembre-2018-direttore-mirko-mezzacasa\/","title":{"rendered":"GIORNALE RADIOPIU 16 NOVEMBRE 2018 DIRETTORE MIRKO MEZZACASA"},"content":{"rendered":"<h1>LADRI RICERCATI DALLA POLIZIA<\/h1>\n<p><strong>ALPAGO<\/strong>\u00a0Mecoledi&#8217; l&#8217;allarme mette in fuga i ladri e la polizia cerca gli ignoti che lo hanno fatto scattare, ci sarebbero indizi importanti per risalire ai delinquenti che hanno agito tra Ponte nelle Alpi e Alpago. Altro tentativo di furto a Soccher dove i ladri hanno provato ad entrare in casa ma non riuscendoci hanno desistito. I\u00a0ladri hanno anche preso di mira tre auto nel piazzale del palasport di Ponte e poi sono entrati nel bar, scarso il bottino (280 euro in contanti)<\/p>\n<p>&nbsp;<\/p>\n<p>&nbsp;<\/p>\n<p>&nbsp;<\/p>\n<h1>SOCCORSA ESCURSIONISTA SOTTO FORCELLA DEI MAT<\/h1>\n<p><strong>OSPITALE DI CADORE\u00a0<\/strong>Nel primo pomeriggio di ieri\u00a0 l&#8217;elicottero del Suem di Pieve di Cadore \u00e8 intervenuto sotto Forcella dei Mat, dove un&#8217;escursionista si era infortunata. Partita con il padre in mattinata per la traversata del Bosconero, 100 metri circa sotto la Forcella verso il Bivacco Campestrin, versante longaronese, la ragazza era scivolata lungo il sentiero rovinato, ruzzolando per alcuni metri. Poich\u00e9 non c&#8217;era copertura, l&#8217;uomo era salito a dare l&#8217;allarme al 118 per poi tornare da lei. Giunta sul posto l&#8217;eliambulanza ha sbarcato con un verricello di 30 metri il tecnico di elisoccorso e il medico, che ha prestato le prime cure all&#8217;infortunata, una ventottenne di Val di Zoldo (BL). L&#8217;escursionista, che aveva riportato un probabile trauma al volto e varie escoriazioni, \u00e8 stata imbarellata e recuperata assieme al padre, per essere trasportata all&#8217;ospedale di Belluno. Pronta per eventuale supporto una squadra del Soccorso alpino di Longarone<\/p>\n<h1><\/h1>\n<p>&nbsp;<\/p>\n<p>&nbsp;<\/p>\n<h1>MALTEMPO, AIUTI,\u00a0 INIZIATIVE SOLIDALI. IERI IN VALLATA IL CAVALIER LEONARDO DEL VECCHIO A FESTEGGIARE FRANCAVILLA E RENON<\/h1>\n<p><a class=\"dt-pswp-item\" href=\"http:\/\/www.radiopiu.net\/wordpress\/wp-content\/uploads\/2015\/09\/Del-Vecchio-Francavilla-salutano-dipendenti-e-ex-dipendenti.jpg\" data-dt-img-description=\"\" data-large_image_width=\"1000\" data-large_image_height=\"667\"><img loading=\"lazy\" decoding=\"async\" class=\"alignnone wp-image-10658 size-full\" src=\"http:\/\/www.radiopiu.net\/wordpress\/wp-content\/uploads\/2015\/09\/Del-Vecchio-Francavilla-salutano-dipendenti-e-ex-dipendenti.jpg\" alt=\"\" width=\"1000\" height=\"667\" \/><\/a>L&#8217;Unesco \u00e8 intenzionata a mettere mano ai Serrai di Sottoguda. Con 200 mila euro finanzier\u00e0 l progettazione, lavori per almeno 6 milioni di euro.\u00a0Gli uomini e i mezzi del Consorzio di bonifica Alta Pianura Veneta sono arrivati in soccorso dell\u2019Agordino. Ad Agordo \u00e8 arrivato un escavatore da 80 quintali, un camion della portata di<br \/>\n50 quintali 4&#215;4 ed un furgone con cisterna con tre operai escavatoristi, in supporto al personale del Comune.\u00a0 A San Tomaso la solidaret\u00e0 va incontro alla signora rimasta senz&#8217;auto dopo l&#8217;appello del sindaco e c&#8217;\u00e8 anche chi pensa all&#8217;Auser che c&#8217;ha rimesso il mezzo parcheggiato nel garage di Zunaia. Buone notizie dalle piste di sci, l&#8217;energia elettrica sar\u00e0 garantita per gli impianti, Enel in campo con i grandi lavori per ripristinare tutte le linee. Intanto l&#8217;acqua torna potabile in quasi tutta la provincia anche se ieri in ospedale a Feltre usciva liquido torbido, pazienti in dialisi trasferiti a Belluno e Agordo. Sono pi\u00f9 di 20 i conti correnti aperti per aiutare le popolazioni colpite dall&#8217;alluvione in Regione, nei singoli Comuni in Unione Montana, nei fondi welfare. A gennaio al Geox di Padova \u00e8 ipotizzato un grande concerto con il ricavato a favore del bellunese, saranno presenti artisti nazionali e internazionali se il progetto andr\u00e0 in porto. Tante le iniziative solidali delle associazioni che stanno raccogliendo fondi. Cuore, cibo, futuro: quattro big stanno preparando \u00a0una grande serata gourmet mentre la pagina Fb dei Dolomitici si sta muovendo per votare i Serrai di Sottoguda a luoghi del Fai.<\/p>\n<blockquote><p><strong><em> Ieri nell&#8217;Agordino \u00e8 arrivato anche il cavalier Leonardo Del Vecchio che ha potuto vedere i danni dell&#8217;alluvione, ma soprattutto festeggiare Claudio Renon (classe 1952) che in Luxottica ha iniziato a lavorare nel 1968 a soli 16 anni e Luigi Francavilla (classe 1937), il primo capo officina. Per le nozze d&#8217;oro pranzo, festa, premiazioni e strette di mano all&#8217;Hotel Posta di Caprile.<\/em><\/strong><\/p><\/blockquote>\n<h1><\/h1>\n<p>&nbsp;<\/p>\n<p>&nbsp;<\/p>\n<p>&nbsp;<\/p>\n<h1>SERRAI DI SOTTOGUDA, CI PENSA L&#8217;UNESCO<\/h1>\n<p><strong>DI GIANNI SANTOMASO<\/strong><\/p>\n<audio class=\"wp-audio-shortcode\" id=\"audio-66548-1\" preload=\"none\" style=\"width: 100%;\" controls=\"controls\"><source type=\"audio\/ogg\" src=\"http:\/\/www.radiopiu.net\/wordpress\/wp-content\/uploads\/2018\/11\/GIANNI-SERRAI.ogg?_=1\" \/><a href=\"http:\/\/www.radiopiu.net\/wordpress\/wp-content\/uploads\/2018\/11\/GIANNI-SERRAI.ogg\">http:\/\/www.radiopiu.net\/wordpress\/wp-content\/uploads\/2018\/11\/GIANNI-SERRAI.ogg<\/a><\/audio>\n<p><strong><a class=\"dt-pswp-item\" href=\"http:\/\/www.radiopiu.net\/wordpress\/wp-content\/uploads\/2018\/11\/serrai-sottoguda-ph.moreno.geremetta.jpg\" data-dt-img-description=\"\" data-large_image_width=\"1600\" data-large_image_height=\"2400\"><img loading=\"lazy\" decoding=\"async\" class=\"size-medium wp-image-66550 alignleft\" src=\"http:\/\/www.radiopiu.net\/wordpress\/wp-content\/uploads\/2018\/11\/serrai-sottoguda-ph.moreno.geremetta-200x300.jpg\" alt=\"\" width=\"200\" height=\"300\" srcset=\"https:\/\/www.radiopiu.net\/wordpress\/wp-content\/uploads\/2018\/11\/serrai-sottoguda-ph.moreno.geremetta-200x300.jpg 200w, https:\/\/www.radiopiu.net\/wordpress\/wp-content\/uploads\/2018\/11\/serrai-sottoguda-ph.moreno.geremetta-768x1152.jpg 768w, https:\/\/www.radiopiu.net\/wordpress\/wp-content\/uploads\/2018\/11\/serrai-sottoguda-ph.moreno.geremetta-683x1024.jpg 683w, https:\/\/www.radiopiu.net\/wordpress\/wp-content\/uploads\/2018\/11\/serrai-sottoguda-ph.moreno.geremetta.jpg 1600w\" sizes=\"auto, (max-width: 200px) 100vw, 200px\" \/><\/a>ROCCA PIETORE<\/strong> Dopo gli eventi naturali estremi che hanno devastato un luogo simbolico come i Serrai di Sottoguda) \u00e8 partita un\u2019azione di squadra per il loro recupero. Il Consiglio d\u2019Amministrazione della Fondazione Dolomiti UNESCO ha deliberato all\u2019unanimit\u00e0 l\u2019impegno per la progettazione del recupero dei Serrai di Sottoguda. <em>\u201cGli eventi calamitosi che hanno colpito l\u2019intera area dolomitica, hanno sconvolto anche alcuni luoghi altamente simbolici di accesso al Patrimonio Dolomiti UNESCO\u201d, commenta il\u00a0presidente della Fondazione Dolomiti UNESCO Graziano Pizzimenti, \u201ctra questi ci sono sicuramente i Serrai di Sottoguda che rappresentano un\u2019importante attrazione turistica e il cui recupero diventer\u00e0 l\u2019occasione per tutelarne il valore paesaggistico e geologico e per valorizzarne le qualit\u00e0 estetiche e scientifiche\u201d.<\/em><\/p>\n<p><strong>I DANNI\u00a0<\/strong>L\u2019alluvione di fine ottobre ha sostanzialmente distrutto il tracciato stradale, ha reso inservibili ponti, muri d\u2019argine, muri a retta e ha asportato tutto il materiale che formava il greto del torrente Pettorina.\u00a0<strong>IL PROGETTO DI RECUPERO\u00a0\u00a0<\/strong>Ripristinare i quasi 2 km del percorso \u00e8 una necessit\u00e0.\u00a0 La Fondazione Dolomiti UNESCO intende rispondere alla volont\u00e0 del Comune di Rocca Pietore di promuovere soluzioni innovative attraverso un concorso di idee, che tengano in considerazione l\u2019ipotesi che eventi come quello di ottobre possano ripetersi. Occorrer\u00e0 quindi: Intervenire sulla funzionalit\u00e0 idraulica dell\u2019alveo e la messa in sicurezza idrogeologica progettando soluzioni che riducano al minimo l\u2019impatto e che siano innovative dal punto di vista dell\u2019adattamento ai cambiamenti climatici. ripristinare un percorso accessibile a tutti, tenendo in considerazione anche i diversi tipi di disabilit\u00e0, e fortemente integrato nel contesto paesaggistico della gola; valorizzare le peculiarit\u00e0 geologiche, geomorfologiche, paesaggistiche, storico-documentali di una delle porte di accesso privilegiate al Patrimonio;<\/p>\n<p><strong><a class=\"dt-pswp-item\" href=\"http:\/\/www.radiopiu.net\/wordpress\/wp-content\/uploads\/2018\/11\/de-bernardin-sottoguda.jpeg\" data-dt-img-description=\"\" data-large_image_width=\"1599\" data-large_image_height=\"1200\"><img loading=\"lazy\" decoding=\"async\" class=\"size-medium wp-image-66549 alignright\" src=\"http:\/\/www.radiopiu.net\/wordpress\/wp-content\/uploads\/2018\/11\/de-bernardin-sottoguda-300x225.jpeg\" alt=\"\" width=\"300\" height=\"225\" srcset=\"https:\/\/www.radiopiu.net\/wordpress\/wp-content\/uploads\/2018\/11\/de-bernardin-sottoguda-300x225.jpeg 300w, https:\/\/www.radiopiu.net\/wordpress\/wp-content\/uploads\/2018\/11\/de-bernardin-sottoguda-768x576.jpeg 768w, https:\/\/www.radiopiu.net\/wordpress\/wp-content\/uploads\/2018\/11\/de-bernardin-sottoguda-1024x768.jpeg 1024w, https:\/\/www.radiopiu.net\/wordpress\/wp-content\/uploads\/2018\/11\/de-bernardin-sottoguda.jpeg 1599w\" sizes=\"auto, (max-width: 300px) 100vw, 300px\" \/><\/a>IL RUOLO DELLA FONDAZIONE DOLOMITI UNESCO\u00a0<\/strong>In collaborazione con le Amministrazioni, forte dell\u2019esperienza maturata nella valorizzazione del Patrimonio, la Fondazione Dolomiti UNESCO intende promuovere un concorso di idee per sviluppare il progetto di recupero, tenendo in considerazione le diverse esigenze ricostruttive.\u00a0<strong>I COSTI\u00a0<\/strong>L\u2019intervento complessivo comporter\u00e0 una spesa di circa 6 milioni di euro, di cui circa 200.000 per la progettazione. <strong>IL FINANZIAMENTO\u00a0<\/strong>Il costo dell\u2019opera vedr\u00e0: il contributo della Fondazione Dolomiti UNESCO per la progettazione il contributo degli enti che formano la Fondazione (Province autonome di Trento e Bolzano, Provincia di Belluno, Provincia di Udine, Provincia di Pordenone, Regione Veneto e Regione Friuli Venezia Giulia), anche attraverso la messa a disposizione dei propri mezzi e servizi; il concorso (nella misura del 10-15%) di un crowdfunding che preveda la possibilit\u00e0 essere riconosciuti tra i sostenitori della Fondazione o di essere inclusi in una lista di benemeriti (\u201cAmici del Patrimonio Dolomiti UNESCO\u201d).\u00a0 \u00a0 \u00a0 foto di Moreno Geremetta<\/p>\n<p><strong>IL SINDACO ANDREA DE BERNARDIN<\/strong><\/p>\n<audio class=\"wp-audio-shortcode\" id=\"audio-66548-2\" preload=\"none\" style=\"width: 100%;\" controls=\"controls\"><source type=\"audio\/ogg\" src=\"http:\/\/www.radiopiu.net\/wordpress\/wp-content\/uploads\/2018\/11\/ANDREA-2.ogg?_=2\" \/><a href=\"http:\/\/www.radiopiu.net\/wordpress\/wp-content\/uploads\/2018\/11\/ANDREA-2.ogg\">http:\/\/www.radiopiu.net\/wordpress\/wp-content\/uploads\/2018\/11\/ANDREA-2.ogg<\/a><\/audio>\n<p><strong>IL PRESIDENTE DELLA PROVINCIA ROBERTO PADRIN\u00a0<\/strong><\/p>\n<audio class=\"wp-audio-shortcode\" id=\"audio-66548-3\" preload=\"none\" style=\"width: 100%;\" controls=\"controls\"><source type=\"audio\/ogg\" src=\"http:\/\/www.radiopiu.net\/wordpress\/wp-content\/uploads\/2018\/11\/PADRIN.ogg?_=3\" \/><a href=\"http:\/\/www.radiopiu.net\/wordpress\/wp-content\/uploads\/2018\/11\/PADRIN.ogg\">http:\/\/www.radiopiu.net\/wordpress\/wp-content\/uploads\/2018\/11\/PADRIN.ogg<\/a><\/audio>\n<p>&nbsp;<\/p>\n<p>&nbsp;<\/p>\n<p>&nbsp;<\/p>\n<p>&nbsp;<\/p>\n<h1>IL SINDACO SILVIA TORMEN RACCONTA I GIORNI DOPO L&#8217;EMERGENZA A TAIBON. IL PUNTO.<\/h1>\n\n\t\t\t<style type='text\/css'>\n\t\t\t\t#gallery-1 {\n\t\t\t\t\tmargin: auto;\n\t\t\t\t}\n\t\t\t\t#gallery-1 .gallery-item {\n\t\t\t\t\tfloat: left;\n\t\t\t\t\tmargin-top: 10px;\n\t\t\t\t\ttext-align: center;\n\t\t\t\t\twidth: 33%;\n\t\t\t\t}\n\t\t\t\t#gallery-1 img {\n\t\t\t\t\tborder: 2px solid #cfcfcf;\n\t\t\t\t}\n\t\t\t\t#gallery-1 .gallery-caption {\n\t\t\t\t\tmargin-left: 0;\n\t\t\t\t}\n\t\t\t\t\/* see gallery_shortcode() in wp-includes\/media.php *\/\n\t\t\t<\/style>\n\t\t<div id='gallery-1' class='dt-gallery-container gallery galleryid-66548 gallery-columns-3 gallery-size-thumbnail'><dl class='gallery-item'>\n\t\t\t\t<dt class='gallery-icon landscape'>\n\t\t\t\t\t<a class=\"rollover\" href='https:\/\/www.radiopiu.net\/wordpress\/giornale-radiopiu-27-ottobre-2018-direttore-mirko-mezzacasa\/bottacin-gava-per-sopralluogo-in-agordino_7-elicottero\/'><img loading=\"lazy\" decoding=\"async\" width=\"150\" height=\"150\" src=\"https:\/\/www.radiopiu.net\/wordpress\/wp-content\/uploads\/2018\/10\/Bottacin-Gava-per-sopralluogo-in-Agordino_7-Elicottero-150x150.jpg\" class=\"attachment-thumbnail size-thumbnail\" alt=\"\" \/><\/a>\n\t\t\t\t<\/dt><\/dl><dl class='gallery-item'>\n\t\t\t\t<dt class='gallery-icon portrait'>\n\t\t\t\t\t<a class=\"rollover\" href='https:\/\/www.radiopiu.net\/wordpress\/giornale-radiopiu-27-ottobre-2018-direttore-mirko-mezzacasa\/bottacin-gava-per-sopralluogo-in-agordino_6-bosco-bruciato\/'><img loading=\"lazy\" decoding=\"async\" width=\"150\" height=\"150\" src=\"https:\/\/www.radiopiu.net\/wordpress\/wp-content\/uploads\/2018\/10\/Bottacin-Gava-per-sopralluogo-in-Agordino_6-bosco-bruciato-150x150.jpg\" class=\"attachment-thumbnail size-thumbnail\" alt=\"\" \/><\/a>\n\t\t\t\t<\/dt><\/dl><dl class='gallery-item'>\n\t\t\t\t<dt class='gallery-icon portrait'>\n\t\t\t\t\t<a class=\"rollover\" href='https:\/\/www.radiopiu.net\/wordpress\/giornale-radiopiu-27-ottobre-2018-direttore-mirko-mezzacasa\/bottacin-gava-per-sopralluogo-in-agordino_5-elicotteri\/'><img loading=\"lazy\" decoding=\"async\" width=\"150\" height=\"150\" src=\"https:\/\/www.radiopiu.net\/wordpress\/wp-content\/uploads\/2018\/10\/Bottacin-Gava-per-sopralluogo-in-Agordino_5-Elicotteri-150x150.jpg\" class=\"attachment-thumbnail size-thumbnail\" alt=\"\" \/><\/a>\n\t\t\t\t<\/dt><\/dl><br style=\"clear: both\" \/>\n\t\t\t<\/div>\n\n<audio class=\"wp-audio-shortcode\" id=\"audio-66548-4\" preload=\"none\" style=\"width: 100%;\" controls=\"controls\"><source type=\"audio\/mpeg\" src=\"http:\/\/www.radiopiu.net\/wordpress\/wp-content\/uploads\/2018\/11\/SILVIA.mp3?_=4\" \/><a href=\"http:\/\/www.radiopiu.net\/wordpress\/wp-content\/uploads\/2018\/11\/SILVIA.mp3\">http:\/\/www.radiopiu.net\/wordpress\/wp-content\/uploads\/2018\/11\/SILVIA.mp3<\/a><\/audio>\n<h2><\/h2>\n<blockquote>\n<h2><\/h2>\n<\/blockquote>\n<p>&nbsp;<\/p>\n<p>&nbsp;<\/p>\n<blockquote><p>&nbsp;<\/p><\/blockquote>\n<h2>FRAZIONE ISOLATA, SIGNORA SENZ&#8217;AUTO. LA CONCESSIONARIA DE BONA VIENE IN AIUTO DOPO L&#8217;APPELLO DEL SINDACO MORENO DE VAL<\/h2>\n<p><strong>DI GIANNI SANTOMASO<\/strong><\/p>\n<audio class=\"wp-audio-shortcode\" id=\"audio-66548-5\" preload=\"none\" style=\"width: 100%;\" controls=\"controls\"><source type=\"audio\/ogg\" src=\"http:\/\/www.radiopiu.net\/wordpress\/wp-content\/uploads\/2018\/11\/LE-AUTO-GIANNI.ogg?_=5\" \/><a href=\"http:\/\/www.radiopiu.net\/wordpress\/wp-content\/uploads\/2018\/11\/LE-AUTO-GIANNI.ogg\">http:\/\/www.radiopiu.net\/wordpress\/wp-content\/uploads\/2018\/11\/LE-AUTO-GIANNI.ogg<\/a><\/audio>\n<p><strong>SAN TOMASO<\/strong> Sar\u00e0 consegnata oggi l&#8217;auto alla signora il cui mezzo \u00e8 rimasto isolato a Canacede. Per interessamento del sindaco (suo l&#8217;appello sui sociale a alla radio) la risposta da Belluno.<br \/>\n<strong>IL SINDACO, MORENO DE VAL<\/strong><\/p>\n<audio class=\"wp-audio-shortcode\" id=\"audio-66548-6\" preload=\"none\" style=\"width: 100%;\" controls=\"controls\"><source type=\"audio\/ogg\" src=\"http:\/\/www.radiopiu.net\/wordpress\/wp-content\/uploads\/2018\/11\/moreno-1.ogg?_=6\" \/><a href=\"http:\/\/www.radiopiu.net\/wordpress\/wp-content\/uploads\/2018\/11\/moreno-1.ogg\">http:\/\/www.radiopiu.net\/wordpress\/wp-content\/uploads\/2018\/11\/moreno-1.ogg<\/a><\/audio>\n<p>&nbsp;<\/p>\n<p>&nbsp;<\/p>\n<p>&nbsp;<\/p>\n<p>&nbsp;<\/p>\n<h1>RICHIESTE DANNI, I COMUNI INVITATI DALLA REGIONE A FARE L&#8217;ELENCO DEI DANNI<\/h1>\n<p>Il Dipartimento della Protezione Civile Nazionale ha chiesto alle Regioni di procedere alla ricognizione speditiva della stima delle spese di prima emergenza e degli eventuali danni al patrimonio pubblico di competenza delle Amministrazioni, al patrimonio privato, alle attivit\u00e0 economiche e produttive, alle infrastrutture a rete di servizi essenziali, nonch\u00e9 alla quantificazione dei danni al patrimonio di competenza di altri Enti. Per poter quantificare l\u2019entit\u00e0 totali dei danni provocati dalle eccezionali avversit\u00e0 atmosferiche la Regione ha chiesto ai Comuni di segnalare i dati totali disponibili entro e non oltre gioved\u00ec 22 novembre, di conseguenza i cittadini danneggiati prendano contatti con i propri amministratori.<\/p>\n<p>&nbsp;<\/p>\n<p>&nbsp;<\/p>\n<p>&nbsp;<\/p>\n<p>&nbsp;<\/p>\n<h1>AUTO E CASE DANNEGGIATE RIMBORSI FINO A 5000 EURO PER I LAVORATORI DELLE IMPRESE ARTIGIANE<\/h1>\n<blockquote><p><em>Sportelli Cisl di Feltre, Belluno, Agordo, Pieve di Cadore, Santo Stefano di Cadore e Cortina a disposizione dei lavoratori per inoltrare le richieste<\/em><\/p><\/blockquote>\n<p><a class=\"dt-pswp-item\" href=\"http:\/\/www.radiopiu.net\/wordpress\/wp-content\/uploads\/2018\/11\/45178865_10214761050611542_8637380365574471680_n.jpg\" data-dt-img-description=\"\" data-large_image_width=\"528\" data-large_image_height=\"960\"><img loading=\"lazy\" decoding=\"async\" class=\"size-medium wp-image-66566 alignleft\" src=\"http:\/\/www.radiopiu.net\/wordpress\/wp-content\/uploads\/2018\/11\/45178865_10214761050611542_8637380365574471680_n-165x300.jpg\" alt=\"\" width=\"165\" height=\"300\" srcset=\"https:\/\/www.radiopiu.net\/wordpress\/wp-content\/uploads\/2018\/11\/45178865_10214761050611542_8637380365574471680_n-165x300.jpg 165w, https:\/\/www.radiopiu.net\/wordpress\/wp-content\/uploads\/2018\/11\/45178865_10214761050611542_8637380365574471680_n.jpg 528w\" sizes=\"auto, (max-width: 165px) 100vw, 165px\" \/><\/a>Rimborsi fino a 5.000 euro per i danni alla casa o all\u2019automobile subiti dai lavoratori dipendenti delle imprese artigiane della provincia di Belluno in seguito all\u2019alluvione e al maltempo che ha colpito il territorio nelle scorse settimane. Li mette a disposizione Ebav, l\u2019ente bilaterale per l\u2019artigianato veneto. La Cisl, attraverso la rete di sportelli presenti sul territorio, \u00e8 a disposizione con il suo team di operatori per fornire informazioni e inoltrare le pratiche di richiesta rimborso per i lavoratori dell\u2019artigianato. A Feltre lo sportello \u00e8 aperto il venerd\u00ec (9-12.30 e 15-18), a Belluno il luned\u00ec (9-13 e 15-18) e ad Agordo, Pieve di Cadore, Santo Stefano di Cadore e Cortina su appuntamento (tel. 348 2306211). Il sussidio Ebav per le calamit\u00e0 naturali \u00e8 previsto per i dipendenti di aziende artigiane che abbiano subito danni alla propria abitazione o alla propria automobile a causa del maltempo e dello stato di calamit\u00e0 naturale nei comuni del Veneto indicati nel decreto dello stato di emergenza. Il contributo \u00e8 pari al 20% della stima dei danni effettuata da un perito professionista, per un minimo di 200 euro e un massimo di 5.000 euro di danni rimborsabili. La domanda va presentata a Ebav tramite gli sportelli Cisl \u00a0entro tre mesi dalla stima dei danni presentando copia della stima e di un documento dei vigili del fuoco, Ulss e\/o protezione civile e Comune che confermi l\u2019evento atmosferico avvenuto.<\/p>\n<p>&nbsp;<\/p>\n<p>&nbsp;<\/p>\n<p>&nbsp;<\/p>\n<p>&nbsp;<\/p>\n<h1>ANEF INCONTRA I VERTICI DELL&#8217;ENEL<\/h1>\n<blockquote><p><em>Energia elettrica garantita nei comprensori sciistici della provincia. Salva la stagione invernale.\u00a0L\u2019incontro era stato chiesto da ANEF Veneto nei giorni scorsi per fare il punto sulla situazione degli allacciamenti elettrici delle societ\u00e0 funiviarie associate e sulle tempistiche per il ripristino delle linee ancora non funzionanti.<\/em><\/p><\/blockquote>\n<p><strong>DI DAMIANO TORMEN<\/strong><\/p>\n<audio class=\"wp-audio-shortcode\" id=\"audio-66548-7\" preload=\"none\" style=\"width: 100%;\" controls=\"controls\"><source type=\"audio\/ogg\" src=\"http:\/\/www.radiopiu.net\/wordpress\/wp-content\/uploads\/2018\/11\/STAGIONE-INVERNALE-DAMIANO.ogg?_=7\" \/><a href=\"http:\/\/www.radiopiu.net\/wordpress\/wp-content\/uploads\/2018\/11\/STAGIONE-INVERNALE-DAMIANO.ogg\">http:\/\/www.radiopiu.net\/wordpress\/wp-content\/uploads\/2018\/11\/STAGIONE-INVERNALE-DAMIANO.ogg<\/a><\/audio>\n<p style=\"text-align: left;\"><strong><a class=\"dt-pswp-item\" href=\"http:\/\/www.radiopiu.net\/wordpress\/wp-content\/uploads\/2018\/11\/IMG-20181114-WA0011.jpg\" data-dt-img-description=\"\" data-large_image_width=\"1600\" data-large_image_height=\"900\"><img loading=\"lazy\" decoding=\"async\" class=\" wp-image-66552 alignleft\" src=\"http:\/\/www.radiopiu.net\/wordpress\/wp-content\/uploads\/2018\/11\/IMG-20181114-WA0011-300x169.jpg\" alt=\"\" width=\"321\" height=\"181\" srcset=\"https:\/\/www.radiopiu.net\/wordpress\/wp-content\/uploads\/2018\/11\/IMG-20181114-WA0011-300x169.jpg 300w, https:\/\/www.radiopiu.net\/wordpress\/wp-content\/uploads\/2018\/11\/IMG-20181114-WA0011-768x432.jpg 768w, https:\/\/www.radiopiu.net\/wordpress\/wp-content\/uploads\/2018\/11\/IMG-20181114-WA0011-1024x576.jpg 1024w, https:\/\/www.radiopiu.net\/wordpress\/wp-content\/uploads\/2018\/11\/IMG-20181114-WA0011.jpg 1600w\" sizes=\"auto, (max-width: 321px) 100vw, 321px\" \/><\/a>BELLUNO\u00a0<\/strong> \u00a0Si \u00e8 svolto ieri un incontro tra Anef Veneto e i vertici di E-Distribuzione per fare il punto della situazione sulla rete elettrica che garantisce il funzionamento degli impianti sciistici della provincia dopo l\u2019ondata di grave maltempo di fine di ottobre. Erano presenti Renzo Minella presidente di ANEF Veneto, Diego De Battista Vice Presidente di ANEF Veneto, l\u2019ing. Francesco Rondi e l\u2019ing. Roberto Zapelloni rispettivamente Responsabile E- Distribuzione Macro Area Territoriale Nord Italia e Responsabile Triveneto. \u00abLa stagione sciistica \u00e8 assicurata. \u2013 dichiara Diego De Battista vice presidente di ANEF Veneto &#8211; Dall\u2019incontro odierno sono emerse ampie rassicurazioni da parte di\u00a0 E-Distribuzione sullo stato delle singole linee elettriche degli impianti funiviari. Tranne un paio di situazioni di disalimentazione che verranno risolte nei prossimi giorni, le forniture di energia elettrica dei vari comprensori sciistici sono tutte stabili e <a class=\"dt-pswp-item\" href=\"http:\/\/www.radiopiu.net\/wordpress\/wp-content\/uploads\/2018\/11\/IMG-20181114-WA0006.jpg\" data-dt-img-description=\"\" data-large_image_width=\"1600\" data-large_image_height=\"900\"><img loading=\"lazy\" decoding=\"async\" class=\"size-medium wp-image-66553 alignright\" src=\"http:\/\/www.radiopiu.net\/wordpress\/wp-content\/uploads\/2018\/11\/IMG-20181114-WA0006-300x169.jpg\" alt=\"\" width=\"300\" height=\"169\" srcset=\"https:\/\/www.radiopiu.net\/wordpress\/wp-content\/uploads\/2018\/11\/IMG-20181114-WA0006-300x169.jpg 300w, https:\/\/www.radiopiu.net\/wordpress\/wp-content\/uploads\/2018\/11\/IMG-20181114-WA0006-768x432.jpg 768w, https:\/\/www.radiopiu.net\/wordpress\/wp-content\/uploads\/2018\/11\/IMG-20181114-WA0006-1024x576.jpg 1024w, https:\/\/www.radiopiu.net\/wordpress\/wp-content\/uploads\/2018\/11\/IMG-20181114-WA0006.jpg 1600w\" sizes=\"auto, (max-width: 300px) 100vw, 300px\" \/><\/a>funzionanti\u00bb. \u00abSiamo molto soddisfatti \u2013 aggiunge De Battista \u2013 manterremo aperto il tavolo con E-Distribuzione per discutere\u00a0 degli sviluppi futuri riguardanti l\u2019utilizzo di energia elettrica da parte degli impianti sciistici\u00a0 e, in un\u2019ottica di scambio reciproco, anche dell\u2019eventuale potenziamento della rete di distribuzione gestita dalla societ\u00e0\u00bb. Francesco Rondi,\u00a0 Responsabile E- Distribuzione Macro Area Territoriale Nord Italia di E-Distribuzione afferma: \u00abCon lo straordinario impegno profuso da tutte le risorse messe in campo durante l\u2019emergenza ed in questo periodo, si \u00e8 riusciti ad assicurare il pieno funzionamento di tutti gli impianti sciistici dei vari comprensori per la stagione turistica\u00bb.<\/p>\n<p><strong>ai microfoni di RADIO PIU il presidente Renzo Minella<\/strong><\/p>\n<audio class=\"wp-audio-shortcode\" id=\"audio-66548-8\" preload=\"none\" style=\"width: 100%;\" controls=\"controls\"><source type=\"audio\/ogg\" src=\"http:\/\/www.radiopiu.net\/wordpress\/wp-content\/uploads\/2018\/11\/RENZO.ogg?_=8\" \/><a href=\"http:\/\/www.radiopiu.net\/wordpress\/wp-content\/uploads\/2018\/11\/RENZO.ogg\">http:\/\/www.radiopiu.net\/wordpress\/wp-content\/uploads\/2018\/11\/RENZO.ogg<\/a><\/audio>\n<p>L\u2019incontro era stato chiesto da ANEF Veneto nei giorni scorsi per fare il punto sulla situazione degli allacciamenti elettrici delle societ\u00e0 funiviarie associate e sulle tempistiche per il ripristino delle linee ancora non funzionanti.<\/p>\n\n\t\t\t<style type='text\/css'>\n\t\t\t\t#gallery-2 {\n\t\t\t\t\tmargin: auto;\n\t\t\t\t}\n\t\t\t\t#gallery-2 .gallery-item {\n\t\t\t\t\tfloat: left;\n\t\t\t\t\tmargin-top: 10px;\n\t\t\t\t\ttext-align: center;\n\t\t\t\t\twidth: 33%;\n\t\t\t\t}\n\t\t\t\t#gallery-2 img {\n\t\t\t\t\tborder: 2px solid #cfcfcf;\n\t\t\t\t}\n\t\t\t\t#gallery-2 .gallery-caption {\n\t\t\t\t\tmargin-left: 0;\n\t\t\t\t}\n\t\t\t\t\/* see gallery_shortcode() in wp-includes\/media.php *\/\n\t\t\t<\/style>\n\t\t<div id='gallery-2' class='dt-gallery-container gallery galleryid-66548 gallery-columns-3 gallery-size-thumbnail'><dl class='gallery-item'>\n\t\t\t\t<dt class='gallery-icon landscape'>\n\t\t\t\t\t<a class=\"rollover\" href='https:\/\/www.radiopiu.net\/wordpress\/giornale-radiopiu-16-novembre-2018-direttore-mirko-mezzacasa\/20181115_112140\/'><img loading=\"lazy\" decoding=\"async\" width=\"150\" height=\"150\" src=\"https:\/\/www.radiopiu.net\/wordpress\/wp-content\/uploads\/2018\/11\/20181115_112140-150x150.jpg\" class=\"attachment-thumbnail size-thumbnail\" alt=\"\" \/><\/a>\n\t\t\t\t<\/dt><\/dl><dl class='gallery-item'>\n\t\t\t\t<dt class='gallery-icon landscape'>\n\t\t\t\t\t<a class=\"rollover\" href='https:\/\/www.radiopiu.net\/wordpress\/giornale-radiopiu-16-novembre-2018-direttore-mirko-mezzacasa\/img-20181111-wa0007\/'><img loading=\"lazy\" decoding=\"async\" width=\"150\" height=\"150\" src=\"https:\/\/www.radiopiu.net\/wordpress\/wp-content\/uploads\/2018\/11\/IMG-20181111-WA0007-150x150.jpg\" class=\"attachment-thumbnail size-thumbnail\" alt=\"\" \/><\/a>\n\t\t\t\t<\/dt><\/dl>\n\t\t\t\t<br style='clear: both' \/>\n\t\t\t<\/div>\n\n<p>&nbsp;<\/p>\n<p>&nbsp;<\/p>\n<p>&nbsp;<\/p>\n<p>&nbsp;<\/p>\n<h1>INIZIATI I LAVORI DI RIPRISTINO DELLE COPERTURE AL MACELLO E ALLA SCUOLA DELL&#8217;INFANZIA DI TOMO.<\/h1>\n<p><strong><a class=\"dt-pswp-item\" href=\"http:\/\/www.radiopiu.net\/wordpress\/wp-content\/uploads\/2018\/11\/WhatsApp-Image-2018-11-15-at-16.15.57.jpeg\" data-dt-img-description=\"\" data-large_image_width=\"1599\" data-large_image_height=\"1200\"><img loading=\"lazy\" decoding=\"async\" class=\" wp-image-66561 alignleft\" src=\"http:\/\/www.radiopiu.net\/wordpress\/wp-content\/uploads\/2018\/11\/WhatsApp-Image-2018-11-15-at-16.15.57-300x225.jpeg\" alt=\"\" width=\"208\" height=\"156\" srcset=\"https:\/\/www.radiopiu.net\/wordpress\/wp-content\/uploads\/2018\/11\/WhatsApp-Image-2018-11-15-at-16.15.57-300x225.jpeg 300w, https:\/\/www.radiopiu.net\/wordpress\/wp-content\/uploads\/2018\/11\/WhatsApp-Image-2018-11-15-at-16.15.57-768x576.jpeg 768w, https:\/\/www.radiopiu.net\/wordpress\/wp-content\/uploads\/2018\/11\/WhatsApp-Image-2018-11-15-at-16.15.57-1024x768.jpeg 1024w, https:\/\/www.radiopiu.net\/wordpress\/wp-content\/uploads\/2018\/11\/WhatsApp-Image-2018-11-15-at-16.15.57.jpeg 1599w\" sizes=\"auto, (max-width: 208px) 100vw, 208px\" \/><\/a>FELTRE<\/strong> Hanno preso il via, dopo le perizie tecniche dei giorni scorsi, i lavori di riparazione e ripristino ai manti di copertura di due edifici pubblici particolarmente rilevanti per il nostro territorio: il MACELLO intercomunale di via Montelungo (zona Peschiera) e la SCUOLA DELL&#8217;INFANZIA DI TOMO. Le strutture, come noto, sono state gravemente danneggiate dalle fortissime raffiche di vento di fine ottobre. Gli interventi sui due immobili non sono n\u00e9 semplici n\u00e9 immediati, ma le maestranze sono al lavoro per renderli agibili e quindi fruibili nel minor tempo possibile.<\/p>\n<p>&nbsp;<\/p>\n<p>&nbsp;<\/p>\n<p>&nbsp;<\/p>\n<p>&nbsp;<\/p>\n<h1>POTABILITA&#8217; ACQUA<\/h1>\n<div><a class=\"dt-pswp-item\" href=\"http:\/\/www.radiopiu.net\/wordpress\/wp-content\/uploads\/2018\/11\/a0a042b6-bb54-4018-abef-9ee1721f797f.jpg\" data-dt-img-description=\"\" data-large_image_width=\"1599\" data-large_image_height=\"1200\"><img loading=\"lazy\" decoding=\"async\" class=\" wp-image-66245 alignleft\" src=\"http:\/\/www.radiopiu.net\/wordpress\/wp-content\/uploads\/2018\/11\/a0a042b6-bb54-4018-abef-9ee1721f797f-300x225.jpg\" alt=\"\" width=\"152\" height=\"114\" srcset=\"https:\/\/www.radiopiu.net\/wordpress\/wp-content\/uploads\/2018\/11\/a0a042b6-bb54-4018-abef-9ee1721f797f-300x225.jpg 300w, https:\/\/www.radiopiu.net\/wordpress\/wp-content\/uploads\/2018\/11\/a0a042b6-bb54-4018-abef-9ee1721f797f-768x576.jpg 768w, https:\/\/www.radiopiu.net\/wordpress\/wp-content\/uploads\/2018\/11\/a0a042b6-bb54-4018-abef-9ee1721f797f-1024x768.jpg 1024w, https:\/\/www.radiopiu.net\/wordpress\/wp-content\/uploads\/2018\/11\/a0a042b6-bb54-4018-abef-9ee1721f797f.jpg 1599w\" sizes=\"auto, (max-width: 152px) 100vw, 152px\" \/><\/a>Gestione Servizi Pubblici informa che \u00e8 di nuovo potabile ed utilizzabile per scopi alimentari l&#8217;acqua erogata dalla rete idrica nei comuni di\u00a0 Alpago in tutto in comune; Borca di Cadore, in tutto il comune; Cesiomaggiore, localit\u00e0 Cesiomaggiore, Cesiominore, zona industriale Pradenich, Montebello e Tussui; Cibiana di Cadore, tutto il comune; Longarone, zone Igne, Muda Ma\u00e8, Pirago, Fa\u00e8 Alto, Pian de Sedego, Fortogna e Dogna; Feltre, zona centro, Ospedale, viale Pedavena e laterali, via Farra e laterali, Lasen, Pren, Cardenzan, Arson, Lamen, Vellai, Cart, Zermen, Umin, Colli di Murle, Col Fiorito, via Casonetto, Pont, Nemeggio, Villapaiera, Celarda, Anz\u00f9, Canal, Sanzan, Foen, Mugnai; Fonzaso, localit\u00e0 Arten, Frassen\u00e8 e Agana Perarolo di Cadore, tutto il comune<\/div>\n<div>Pieve di Cadore, tutto il comune San Vito di Cadore, tutto il comune; San Gregorio nelle Alpi, localit\u00e0 Gasnich, Roncoi di Dentro e di Fuori, Cort, Cargnach, Sot Cort, Barp, Muiach, Masarolle, Fumach, Paluch, vie Belvedere e Caduti del lavoro; Valle di Cadore in localit\u00e0 Fies; Vodo di Cadore, tutto il comune.<\/div>\n<p>&nbsp;<\/p>\n<p>&nbsp;<\/p>\n<p>&nbsp;<\/p>\n<p>&nbsp;<\/p>\n<h1><strong>CLASS ACTION, SE NE PARLA STASERA IN RIVA AL LAGO. DITO PUNTATO CONTRO L&#8217;ENEL E IL LIVELLO DEL LAGO NEI GIORNI DEL MALTEMPO<\/strong><\/h1>\n<blockquote><p><em><strong>ALLEGHE<\/strong> Questa sera incontro tra i proprietari delle abitazioni danneggiate dall&#8217;alluvione di fine ottobre. E&#8217; stata convocata dal sindaco, Siro De Biasio<\/em><\/p><\/blockquote>\n<p><strong><a class=\"dt-pswp-item\" href=\"http:\/\/www.radiopiu.net\/wordpress\/wp-content\/uploads\/2018\/11\/WhatsApp-Image-2018-11-15-at-15.51.58.jpeg\" data-dt-img-description=\"\" data-large_image_width=\"1600\" data-large_image_height=\"1200\"><img loading=\"lazy\" decoding=\"async\" class=\"alignnone wp-image-66560 size-large\" src=\"http:\/\/www.radiopiu.net\/wordpress\/wp-content\/uploads\/2018\/11\/WhatsApp-Image-2018-11-15-at-15.51.58-1024x768.jpeg\" alt=\"\" width=\"1024\" height=\"768\" srcset=\"https:\/\/www.radiopiu.net\/wordpress\/wp-content\/uploads\/2018\/11\/WhatsApp-Image-2018-11-15-at-15.51.58-1024x768.jpeg 1024w, https:\/\/www.radiopiu.net\/wordpress\/wp-content\/uploads\/2018\/11\/WhatsApp-Image-2018-11-15-at-15.51.58-300x225.jpeg 300w, https:\/\/www.radiopiu.net\/wordpress\/wp-content\/uploads\/2018\/11\/WhatsApp-Image-2018-11-15-at-15.51.58-768x576.jpeg 768w, https:\/\/www.radiopiu.net\/wordpress\/wp-content\/uploads\/2018\/11\/WhatsApp-Image-2018-11-15-at-15.51.58.jpeg 1600w\" sizes=\"auto, (max-width: 1024px) 100vw, 1024px\" \/><\/a><\/strong><\/p>\n<p><em>&#8221; Questa foto &#8211; ci scrive un nostro ascoltatore &#8211;\u00a0 l&#8217;ho scattata il 28 ottobre e testimonia che il lago era alto, eppure si dice\u00a0 che il lago era al minimo secondo le concessioni. Se questo \u00e8 al minimo perch\u00e9 in estate lo tengono molto pi\u00f9 basso?&#8221;.<\/em><\/p>\n<p><strong>IL SINDACO SIRO DE BIASIO (NOTIZIAZIO 15 NOVEMBRE)<\/strong><\/p>\n<audio class=\"wp-audio-shortcode\" id=\"audio-66548-9\" preload=\"none\" style=\"width: 100%;\" controls=\"controls\"><source type=\"audio\/mpeg\" src=\"http:\/\/www.radiopiu.net\/wordpress\/wp-content\/uploads\/2018\/11\/SIRO-DE-BIASIO-1.mp3?_=9\" \/><a href=\"http:\/\/www.radiopiu.net\/wordpress\/wp-content\/uploads\/2018\/11\/SIRO-DE-BIASIO-1.mp3\">http:\/\/www.radiopiu.net\/wordpress\/wp-content\/uploads\/2018\/11\/SIRO-DE-BIASIO-1.mp3<\/a><\/audio>\n<p>&nbsp;<\/p>\n<p>&nbsp;<\/p>\n<p>&nbsp;<\/p>\n<p>&nbsp;<\/p>\n<h1>QUALITA&#8217; DELL&#8217;ARIA\u00a0 A TISOI<\/h1>\n<p><strong><a class=\"dt-pswp-item\" href=\"http:\/\/www.radiopiu.net\/wordpress\/wp-content\/uploads\/2018\/11\/Mezzo_Mobile_Belluno_Tisoi.jpg\" data-dt-img-description=\"\" data-large_image_width=\"673\" data-large_image_height=\"437\"><img loading=\"lazy\" decoding=\"async\" class=\"alignnone wp-image-66615 size-full\" src=\"http:\/\/www.radiopiu.net\/wordpress\/wp-content\/uploads\/2018\/11\/Mezzo_Mobile_Belluno_Tisoi.jpg\" alt=\"\" width=\"673\" height=\"437\" srcset=\"https:\/\/www.radiopiu.net\/wordpress\/wp-content\/uploads\/2018\/11\/Mezzo_Mobile_Belluno_Tisoi.jpg 673w, https:\/\/www.radiopiu.net\/wordpress\/wp-content\/uploads\/2018\/11\/Mezzo_Mobile_Belluno_Tisoi-300x195.jpg 300w\" sizes=\"auto, (max-width: 673px) 100vw, 673px\" \/><\/a>PADOVA\u00a0\u00a0<\/strong>\u00a0Inizia oggi, la seconda campagna di monitoraggio prevista per l\u2019anno in corso nel comune di Belluno. La centralina, posizionata presso la ex scuola primaria di Tisoi, rilever\u00e0 i principali inquinanti atmosferici per due mesi. L&#8217;attivit\u00e0 rientra nel piano che l&#8217;Agenzia ambientale ha programmato per il 2018. Il monitoraggio ha lo scopo di verificare la qualit\u00e0 dell\u2019aria in una zona del comune di Belluno ad una quota pi\u00f9 elevata rispetto alle stazioni fisse cittadine per confrontarne i dati. I parametri rilevati sono: PM10, Ozono, Benzene, Idrocarburi Policiclici Aromatici.<\/p>\n<p>&nbsp;<\/p>\n<p>&nbsp;<\/p>\n<h1><\/h1>\n<h1>ZAIA RINGRAZIA PATUELLI PER \u201cSOLIDARIETA\u2019 E VICINANZA AI TERRITORI\u201d<\/h1>\n<p><strong><a class=\"dt-pswp-item\" href=\"http:\/\/www.radiopiu.net\/wordpress\/wp-content\/uploads\/2018\/11\/PONTE-4.jpg\" data-dt-img-description=\"\" data-large_image_width=\"1600\" data-large_image_height=\"1200\"><img loading=\"lazy\" decoding=\"async\" class=\"size-medium wp-image-66191 alignleft\" src=\"http:\/\/www.radiopiu.net\/wordpress\/wp-content\/uploads\/2018\/11\/PONTE-4-300x225.jpg\" alt=\"\" width=\"300\" height=\"225\" srcset=\"https:\/\/www.radiopiu.net\/wordpress\/wp-content\/uploads\/2018\/11\/PONTE-4-300x225.jpg 300w, https:\/\/www.radiopiu.net\/wordpress\/wp-content\/uploads\/2018\/11\/PONTE-4-768x576.jpg 768w, https:\/\/www.radiopiu.net\/wordpress\/wp-content\/uploads\/2018\/11\/PONTE-4-1024x768.jpg 1024w, https:\/\/www.radiopiu.net\/wordpress\/wp-content\/uploads\/2018\/11\/PONTE-4.jpg 1600w\" sizes=\"auto, (max-width: 300px) 100vw, 300px\" \/><\/a>VENEZIA\u00a0\u00a0<\/strong><em>\u201cRingrazio l\u2019Associazione Bancaria Italiana e il suo Presidente Patuelli per la sensibilit\u00e0 dimostrata nell\u2019accogliere la nostra richiesta, nella certezza che gli Istituti di Credito associati daranno seguito all\u2019indicazione\u201d.\u00a0<\/em>Con queste parole, il Presidente della Regione Veneto, Luca Zaia, esprime il suo apprezzamento per la decisione dell\u2019ABI di chiedere a tutte le banche associate di accogliere la richiesta del Veneto e del Friuli Venezia Giulia di non far pagare commissioni su bonifici o altre forme di trasferimento di fondi disposti a favore di iniziative a sostegno delle popolazioni colpite dalle calamit\u00e0 naturali, e di destinare gli importi corrispondenti alle commissioni eventualmente gi\u00e0 applicate a favore delle iniziative di raccolta fondi. <em>\u201cLo spirito di solidariet\u00e0 e di vicinanza ai territori che ha mosso il mondo bancario \u2013 aggiunge Zaia \u2013 \u00e8 di grande significato. Se da un lato, come avevamo chiesto, \u00e8 giusto non gravare di spese chi in questi giorni sta versando il suo contributo di generosit\u00e0, dall\u2019altro \u00e8 anche importante la destinazione alle popolazioni colpite degli importi gi\u00e0 eventualmente applicati. La squadra della solidariet\u00e0 \u2013 conclude il Governatore \u2013 si allarga ogni giorno di nuovi protagonisti, e questo \u00e8 bello e incoraggiante per il futuro\u201d.<\/em><\/p>\n<p>&nbsp;<\/p>\n<p>&nbsp;<\/p>\n<h1><\/h1>\n<h1>POSTE ITALIANE: SERVIZIO \u201cSEGUIMI\u201d GRATUITO<\/h1>\n<p>I cittadini e le imprese dei Comuni del bellunese colpiti dalla eccezionale ondata di maltempo potranno fruire gratuitamente del servizio \u201cSeguimi\u201d di Poste Italiane. L\u2019iniziativa \u00e8 rivolta a tutti i residenti delle seguenti zone:<br \/>\nLocalit\u00e0 Mas, frazione del Comune di Sedico (BL), per la sola Via Dolomite, 6 Perarolo di Cadore (BL)<br \/>\ncostretti ad abbandonare le abitazioni danneggiate per trasferirsi altrove. I cittadini possono attivare gratuitamente il servizio entro il 31 maggio 2019; grazie a \u201cSeguimi\u201d riceveranno automaticamente la corrispondenza dal vecchio al nuovo indirizzo, sia in Italia, che all\u2019estero. Per richiedere il servizio baster\u00e0 chiamare da telefono fisso o mobile il numero verde gratuito 800.003.333 attivo dal luned\u00ec al sabato dalle 8 alle 20. L\u2019iniziativa ribadisce la vicinanza di Poste Italiane al territorio e in particolare alle popolazioni colpite dal maltempo e punta a favorirne il pi\u00f9 rapido ritorno alla normalit\u00e0.<\/p>\n<p>&nbsp;<\/p>\n<p>&nbsp;<\/p>\n<p>&nbsp;<\/p>\n<h1>IMPEGNO E SOLIDARIETA&#8217; ALPINI<\/h1>\n<p>Nella gara di generosit\u00e0 a favore delle popolazioni colpite dall\u2019alluvione delle settimane scorse non poteva mancare la presenza dell\u2019Associazione Nazionale Alpini i cui volontari e addetti della Protezione civile sono costantemente al lavoro nelle zone interessate della nostra provincia. Per quanto riguarda la sottoscrizione di fondi la Sezione di Belluno ha deliberato di aderire all\u2019iniziativa lanciata dal Consiglio Direttivo Nazionale dell\u2019ANA che ha aperto un conto corrente gi\u00e0 operativo. La denominazione del conto \u00e8: Fondazione ANA Onlus CTO calamit\u00e0 novembre 2018, Iban: IT 64 I 06230 01627 000046045918, Bic\/Swift: CRPPIT2P227, banca di riferimento Cr\u00e8dit Agricole, Filiale di Milano, via Armorari 4. Per chi volesse effettuare la propria donazione direttamente alla Sezione si rende noto che la stessa provveder\u00e0 poi a versarla nel succitato conto corrente nazionale.<\/p>\n<p>&nbsp;<\/p>\n<p>&nbsp;<\/p>\n<p>&nbsp;<\/p>\n<p>&nbsp;<\/p>\n<h1>LA LETTERA, DA TISER DI GOSALDO<\/h1>\n<p><strong>di Corrado Campedel<\/strong><\/p>\n<p><em><a class=\"dt-pswp-item\" href=\"http:\/\/www.radiopiu.net\/wordpress\/wp-content\/uploads\/2018\/11\/45434342_1596075780492532_93421508692541440_n.jpg\" data-dt-img-description=\"\" data-large_image_width=\"960\" data-large_image_height=\"720\"><img loading=\"lazy\" decoding=\"async\" class=\"size-medium wp-image-66563 alignleft\" src=\"http:\/\/www.radiopiu.net\/wordpress\/wp-content\/uploads\/2018\/11\/45434342_1596075780492532_93421508692541440_n-300x225.jpg\" alt=\"\" width=\"300\" height=\"225\" srcset=\"https:\/\/www.radiopiu.net\/wordpress\/wp-content\/uploads\/2018\/11\/45434342_1596075780492532_93421508692541440_n-300x225.jpg 300w, https:\/\/www.radiopiu.net\/wordpress\/wp-content\/uploads\/2018\/11\/45434342_1596075780492532_93421508692541440_n-768x576.jpg 768w, https:\/\/www.radiopiu.net\/wordpress\/wp-content\/uploads\/2018\/11\/45434342_1596075780492532_93421508692541440_n.jpg 960w\" sizes=\"auto, (max-width: 300px) 100vw, 300px\" \/><\/a>Apprendo oggi 14 novembre 2018 che per la regione l&#8217;emergenza alluvione si \u00e8 conclusa. Vorrei portare all&#8217;attenzione la situazione del comune di Gosaldo, provincia di Belluno, dove l&#8217;emergenza non pare proprio terminata. Signor governatore se avesse la possibilit\u00e0 di dedicarci un po&#8217; di tempo le faremo vedere la situazione generale del comune dove molte frazioni non sono ancora raggiungibili in sicurezza (Gosaldo ne conta pi\u00f9 di 90) le strade di comunicazione sono un disastro; inoltre Gosaldo \u00e8 raggiungibile dalla strada provinciale n. 3 che da<\/em><br \/>\n<em>Ponte Alto si snoda verso Rivamonte tuttora interrotta al km 8 circa fino al km 14 circa, ci stanno lavorando. L&#8217; altra strada \u00e8 la provinciale n. 2 che collega Gosaldo e l&#8217;agordino alla val Belluna. La strada del Mis, cos\u00ec chiamata, pi\u00f9 volte in questi ultimi venti anni, in occasione di eventi particolari che hanno visto la chiusura temporanea della 203, \u00e8 diventata la strada principale per tutti gli Agordini e per i turisti. Oggi mi sento rispondere in sede Veneto Strade che hanno problemi ben pi\u00f9 importanti da risolvere che pensare alla valle del Mis. Faranno, chiss\u00e0 quando, ma faranno, intanto resta chiusa. Da notare comunque che oggi ancora sulla 203 vige una situazione di pericolo guardata 24 ore su 24, se degenera, forse dovremo preoccuparci nuovamente di\u00a0<\/em><em>trovare una viabilit\u00e0 alternativa. Avesse, come dicevo un pochino di tempo da riservarci la porterei volentieri a vedere lo stato della provinciale 2 sia in valle e sia nella parte terminale verso Tiser. Potremo cos\u00ec vedere anche lo stato della linea telefonica e fibra, che mi sembra sia stata realizzata con soldi pubblici, al momento buona parte a terra. Ho sentito che alcuni giorni fa affermava dell\u2019assoluta necessit\u00e0 di aiutare i montanari che altrimenti si vedranno costretti ad abbandonare il territorio. Proprio cos\u00ec L\u2019alta valle del Mis ha alcune piccole attivit\u00e0 turistiche che, se non rassicurate da tempestivi interventi sceglieranno e pu\u00f2 immaginare cosa sceglieranno Signor Governatore se pu\u00f2 trovare un po&#8217; di tempo anche per noi le sarei grato. Ah una piccola nota: in valle del Mis ci sarebbe ancora quel problemino irrisolto della centralina che la regione aveva erroneamente? Autorizzato si ricorda? La ringrazio per il tempo che mi dedica ed anche di quello che eventualmente ci potr\u00e0 dedicare per la nostra emergenza.\u00a0 Un cortese saluto da un\u2019ostinato Montanaro<\/em><\/p>\n<p><strong>FOTO DALLA PAGINA FACEBOOK\u00a0 SEI DI GOSALDO SE&#8230;<\/strong><\/p>\n\n\t\t\t<style type='text\/css'>\n\t\t\t\t#gallery-3 {\n\t\t\t\t\tmargin: auto;\n\t\t\t\t}\n\t\t\t\t#gallery-3 .gallery-item {\n\t\t\t\t\tfloat: left;\n\t\t\t\t\tmargin-top: 10px;\n\t\t\t\t\ttext-align: center;\n\t\t\t\t\twidth: 33%;\n\t\t\t\t}\n\t\t\t\t#gallery-3 img {\n\t\t\t\t\tborder: 2px solid #cfcfcf;\n\t\t\t\t}\n\t\t\t\t#gallery-3 .gallery-caption {\n\t\t\t\t\tmargin-left: 0;\n\t\t\t\t}\n\t\t\t\t\/* see gallery_shortcode() in wp-includes\/media.php *\/\n\t\t\t<\/style>\n\t\t<div id='gallery-3' class='dt-gallery-container gallery galleryid-66548 gallery-columns-3 gallery-size-thumbnail'><dl class='gallery-item'>\n\t\t\t\t<dt class='gallery-icon landscape'>\n\t\t\t\t\t<a class=\"rollover\" href='https:\/\/www.radiopiu.net\/wordpress\/giornale-radiopiu-16-novembre-2018-direttore-mirko-mezzacasa\/45553259_1596075817159195_2050089513601990656_n\/'><img loading=\"lazy\" decoding=\"async\" width=\"150\" height=\"150\" src=\"https:\/\/www.radiopiu.net\/wordpress\/wp-content\/uploads\/2018\/11\/45553259_1596075817159195_2050089513601990656_n-150x150.jpg\" class=\"attachment-thumbnail size-thumbnail\" alt=\"\" \/><\/a>\n\t\t\t\t<\/dt><\/dl><dl class='gallery-item'>\n\t\t\t\t<dt class='gallery-icon landscape'>\n\t\t\t\t\t<a class=\"rollover\" href='https:\/\/www.radiopiu.net\/wordpress\/giornale-radiopiu-16-novembre-2018-direttore-mirko-mezzacasa\/45434342_1596075780492532_93421508692541440_n\/'><img loading=\"lazy\" decoding=\"async\" width=\"150\" height=\"150\" src=\"https:\/\/www.radiopiu.net\/wordpress\/wp-content\/uploads\/2018\/11\/45434342_1596075780492532_93421508692541440_n-150x150.jpg\" class=\"attachment-thumbnail size-thumbnail\" alt=\"\" \/><\/a>\n\t\t\t\t<\/dt><\/dl><dl class='gallery-item'>\n\t\t\t\t<dt class='gallery-icon portrait'>\n\t\t\t\t\t<a class=\"rollover\" href='https:\/\/www.radiopiu.net\/wordpress\/giornale-radiopiu-16-novembre-2018-direttore-mirko-mezzacasa\/45189851_10214761052171581_7619312171112988672_n\/'><img loading=\"lazy\" decoding=\"async\" width=\"150\" height=\"150\" src=\"https:\/\/www.radiopiu.net\/wordpress\/wp-content\/uploads\/2018\/11\/45189851_10214761052171581_7619312171112988672_n-150x150.jpg\" class=\"attachment-thumbnail size-thumbnail\" alt=\"\" \/><\/a>\n\t\t\t\t<\/dt><\/dl><br style=\"clear: both\" \/><dl class='gallery-item'>\n\t\t\t\t<dt class='gallery-icon landscape'>\n\t\t\t\t\t<a class=\"rollover\" href='https:\/\/www.radiopiu.net\/wordpress\/giornale-radiopiu-16-novembre-2018-direttore-mirko-mezzacasa\/45247759_10214761051251558_7702788073146286080_n\/'><img loading=\"lazy\" decoding=\"async\" width=\"150\" height=\"150\" src=\"https:\/\/www.radiopiu.net\/wordpress\/wp-content\/uploads\/2018\/11\/45247759_10214761051251558_7702788073146286080_n-150x150.jpg\" class=\"attachment-thumbnail size-thumbnail\" alt=\"\" \/><\/a>\n\t\t\t\t<\/dt><\/dl><dl class='gallery-item'>\n\t\t\t\t<dt class='gallery-icon portrait'>\n\t\t\t\t\t<a class=\"rollover\" href='https:\/\/www.radiopiu.net\/wordpress\/giornale-radiopiu-16-novembre-2018-direttore-mirko-mezzacasa\/45178865_10214761050611542_8637380365574471680_n\/'><img loading=\"lazy\" decoding=\"async\" width=\"150\" height=\"150\" src=\"https:\/\/www.radiopiu.net\/wordpress\/wp-content\/uploads\/2018\/11\/45178865_10214761050611542_8637380365574471680_n-150x150.jpg\" class=\"attachment-thumbnail size-thumbnail\" alt=\"\" \/><\/a>\n\t\t\t\t<\/dt><\/dl>\n\t\t\t\t<br style='clear: both' \/>\n\t\t\t<\/div>\n\n<p>&nbsp;<\/p>\n<p>&nbsp;<\/p>\n<p>&nbsp;<\/p>\n<p>&nbsp;<\/p>\n<h1>\u00abESENZIONE IRAP PER LA MONTAGNA VENETA\u00bb.<\/h1>\n<p>\u00abIl Friuli Venezia Giulia cancella l\u2019Irap per le imprese insediate in montagna. Pensiamo qualcosa di simile anche in Veneto?\u00bb. A lanciare la proposta \u00e8 Dario Bond. Il deputato di Forza Italia osserva cosa ha deliberato il presidente Fedriga e suggerisce alla Regione Veneto di fare altrettanto. \u00abLa giunta regionale del Friuli Venezia Giulia ha deciso l\u2019esenzione totale dell\u2019Irap per tutte le imprese della montagna. \u00c8 un segnale forte per le terre alte. Non \u00e8 che cambi la vita e la situazione economica delle imprese, per\u00f2 si tratta di un gesto di attenzione e<br \/>\ncondivisione dei problemi che la montagna ha\u00bb. \u00abAnche in Veneto si potrebbe pensare ad un segnale di vicinanza simile\u00bb prosegue Dario Bond. \u00abPenso soprattutto al Bellunese, che oltre a pagare storicamente la concorrenza sleale con le vicine localit\u00e0 trentine e altoatesine, deve fare i conti in queste settimane con l\u2019emergenza maltempo. La montagna ha bisogno di segnali forti, anche sul sistema fiscale e sul riconoscimento di zone franche, per il quale la battaglia \u00e8 lunga e tortuosa anche con la Commissione Europea. Per\u00f2 mi auguro che il consiglio e la giunta regionale possano adottare, per tutta la montagna veneta e quella bellunese in particolare, un provvedimento simile a quello del Friuli Venezia Giulia. L\u2019esenzione Irap potrebbe essere un piccolo aiuto al rilancio delle imprese montane. La richiesta di autonomia del Bellunese potrebbe avere una primissima risposta proprio a partire da qui\u00bb.<\/p>\n<p>&nbsp;<\/p>\n<p>&nbsp;<\/p>\n<p>&nbsp;<\/p>\n<h1>LA GIORNATA\u00a0 MONDIALE DELLA PREMATURITA&#8217;, DOMANI IL SEGNO CONCRETO CON MANI DI MAMMA<\/h1>\n<p><strong>DI GIANNI SANTOMASO<\/strong><\/p>\n<audio class=\"wp-audio-shortcode\" id=\"audio-66548-10\" preload=\"none\" style=\"width: 100%;\" controls=\"controls\"><source type=\"audio\/ogg\" src=\"http:\/\/www.radiopiu.net\/wordpress\/wp-content\/uploads\/2018\/11\/GIORNATA-PREMAUTIRA.ogg?_=10\" \/><a href=\"http:\/\/www.radiopiu.net\/wordpress\/wp-content\/uploads\/2018\/11\/GIORNATA-PREMAUTIRA.ogg\">http:\/\/www.radiopiu.net\/wordpress\/wp-content\/uploads\/2018\/11\/GIORNATA-PREMAUTIRA.ogg<\/a><\/audio>\n<p>&nbsp;<\/p>\n<p>&nbsp;<\/p>\n<p>&nbsp;<\/p>\n<h1>LUDOPATIA: ASSESSORE LANZARIN DOMANI A BELLUNO, \u201cIL VERO GIOCO NON \u00c8 MAI AZZARDO\u201d<\/h1>\n<p><strong>VENEZIA\u00a0\u00a0<\/strong>\u201cLudopatia, io non gioco, scommessa vincente!\u201d \u00e8 il tema del convegno promosso dal Consiglio regionale del Veneto a Belluno,\u00a0 domani alle 10 in\u00a0 sala Bianchi di viale Giuseppe Fantuzzi 11: l\u2019assessore regionale al sociale Manuela Lanzarin e il direttore del dipartimento delle dipendenze dell\u2019Ulss 1 Dolomiti, Alfio De Sandre, si confronteranno su obiettivi e strategie del piano regionale di prevenzione e cura del gioco patologico. Al convegno, coordinato dal sindaco di Tambre Oscar Facchin, interverranno anche il direttore generale dell\u2019Ulss 1 Dolomiti Adriano Rasi Caldogno, il senatore Paolo Saviane e il consigliere regionale Franco Gidoni, entrambi esponenti della Lega. I dati dell&#8217;agenzia del Monopolio evidenziano un continuo incremento dei volumi del gioco d&#8217;azzardo &#8211; segnala l\u2019assessore Lanzarin &#8211; II Veneto risulta essere la quinta regione in Italia, dopo Lombardia, Lazio Campania ed Emilia Romagna. Ma schizza al terzo posto per cifre giocate alle cosiddette &#8216;macchinette&#8217;, Awp (pi\u00f9 semplici e a basse giocate) e VIt (di nuova generazione e con possibilit\u00e0 di vincite pi\u00f9 lucrose), preceduto solo dalle pi\u00f9 popolose Lombardia e Lazio\u00bb. &#8220;I bellunesi, con 779 euro di giocate a testa \u2013 prosegue l\u2019assessore \u2013 sono i meno propensi all\u2019azzardo tra i veneti. Il gioco \u00e8 una dimensione importante della vita, ma il vero gioco \u00e8 sfida con se stessi e non \u00e8 mai d\u2019azzardo\u201d. L\u2019assessore infine ricorda che in Veneto, dallo scorso anno, \u00e8 attivo il piano regionale di prevenzione e contrasto al gioco di azzardo in collaborazione con UIss, Serd e associazioni del territorio: un piano che stanzia 5,3 milioni di euro per campagne di sensibilizzazione, formazione degli operatori, interventi di cura ed esperienze di mutuo-auto-aiuto.<\/p>\n<p>&nbsp;<\/p>\n<p>&nbsp;<\/p>\n<p>&nbsp;<\/p>\n<h1>DOMANI: UNA GIORNATA DE LIBER. TERZO APPUNTAMENTO IN VALLE DEL BIOIS A 10 ANNI DALLA MORTE DI RIGONI STERN<\/h1>\n<p><strong>DI GIANNI SANTOMASO<\/strong><\/p>\n<audio class=\"wp-audio-shortcode\" id=\"audio-66548-11\" preload=\"none\" style=\"width: 100%;\" controls=\"controls\"><source type=\"audio\/ogg\" src=\"http:\/\/www.radiopiu.net\/wordpress\/wp-content\/uploads\/2018\/11\/MONTAGNA-LIBER.ogg?_=11\" \/><a href=\"http:\/\/www.radiopiu.net\/wordpress\/wp-content\/uploads\/2018\/11\/MONTAGNA-LIBER.ogg\">http:\/\/www.radiopiu.net\/wordpress\/wp-content\/uploads\/2018\/11\/MONTAGNA-LIBER.ogg<\/a><\/audio>\n<p>&nbsp;<\/p>\n<p>&nbsp;<\/p>\n<p>&nbsp;<\/p>\n<h1>CONCLUSIONE DEL PROGETTO TEATRO CON LA GUERRA DEI BOTTONI<\/h1>\n<p><strong><a class=\"dt-pswp-item\" href=\"http:\/\/www.radiopiu.net\/wordpress\/wp-content\/uploads\/2018\/11\/IC-FELTRE-Pon-Teatro-1.jpg\" data-dt-img-description=\"\" data-large_image_width=\"2560\" data-large_image_height=\"1440\"><img loading=\"lazy\" decoding=\"async\" class=\"size-medium wp-image-66558 alignleft\" src=\"http:\/\/www.radiopiu.net\/wordpress\/wp-content\/uploads\/2018\/11\/IC-FELTRE-Pon-Teatro-1-300x169.jpg\" alt=\"\" width=\"300\" height=\"169\" srcset=\"https:\/\/www.radiopiu.net\/wordpress\/wp-content\/uploads\/2018\/11\/IC-FELTRE-Pon-Teatro-1-300x169.jpg 300w, https:\/\/www.radiopiu.net\/wordpress\/wp-content\/uploads\/2018\/11\/IC-FELTRE-Pon-Teatro-1-768x432.jpg 768w, https:\/\/www.radiopiu.net\/wordpress\/wp-content\/uploads\/2018\/11\/IC-FELTRE-Pon-Teatro-1-1024x576.jpg 1024w\" sizes=\"auto, (max-width: 300px) 100vw, 300px\" \/><\/a>FELTRE\u00a0<\/strong> Due bande che si scontrano. Due gruppi che si affrontano. E che poi si incontrano. E\u2019 la fiction teatrale a dettare i movimenti della Guerra dei bottoni, riduzione drammatica del volume di Luis Pergaud. Protagonisti i ragazzi della scuola media \u201cRocca\u201d dell\u2019IC di Feltre che hanno portato a completamento il progetto Pon Teatro con uno spettacolo messo in scena nell\u2019aula magna della scuola. \u201cE\u2019 una iniziativa che ha visto coinvolti alunni di seconda e terza \u2013 spiega Giuliana Samaria, tutor del progetto \u2013. Quindici incontri nei quali abbiamo lavorato sulle espressioni corporee, sull\u2019intenzione del gesto, sulla prossemica insomma. L\u2019importanza del rapporto con lo spazio intorno a s\u00e9: la valenza della comunicazione corporea\u201d. E\u2019 stato realizzato un copione, e ogni studente ha avuto assegnate delle battute da recitare in continuo movimento. \u201cSi \u00e8 trattato di un percorso di educazione teatrale \u2013 spiega la regista dello spettacolo, Daniela Nicosia del Tib Teatro di Belluno \u2013 Abbiamo utilizzato gli stessi esercizi che fanno gli attori professionisti puntando a concetti come l\u2019ascolto e la concentrazione, il rispetto degli altri, la solidariet\u00e0 in scena. Dare a questi ragazzi un pizzico di idea di cosa significhi fare l\u2019attore\u201d. E alla fine, tutti Le Brac, come il protagonista del copione che corre e si chiede: \u201cMa voi l\u2019avete mai scalato un albero? Provateci. Perch\u00e9 ogni tanto, a noi ragazzi, fa bene guardare le cose dall\u2019alto\u201d.<\/p>\n<p>&nbsp;<\/p>\n<p>&nbsp;<\/p>\n<h1>FILIPPIDE RUN&#8230; WLLIAM AL VIA, IN GRECIA 490 CHILOMETRI DA PERCORRERE<\/h1>\n<p><strong><a class=\"dt-pswp-item\" href=\"http:\/\/www.radiopiu.net\/wordpress\/wp-content\/uploads\/2018\/11\/WhatsApp-Image-2018-11-16-at-06.49.01.jpeg\" data-dt-img-description=\"\" data-large_image_width=\"900\" data-large_image_height=\"1600\"><img loading=\"lazy\" decoding=\"async\" class=\"alignnone wp-image-66609 size-large\" src=\"http:\/\/www.radiopiu.net\/wordpress\/wp-content\/uploads\/2018\/11\/WhatsApp-Image-2018-11-16-at-06.49.01-576x1024.jpeg\" alt=\"\" width=\"576\" height=\"1024\" srcset=\"https:\/\/www.radiopiu.net\/wordpress\/wp-content\/uploads\/2018\/11\/WhatsApp-Image-2018-11-16-at-06.49.01-576x1024.jpeg 576w, https:\/\/www.radiopiu.net\/wordpress\/wp-content\/uploads\/2018\/11\/WhatsApp-Image-2018-11-16-at-06.49.01-169x300.jpeg 169w, https:\/\/www.radiopiu.net\/wordpress\/wp-content\/uploads\/2018\/11\/WhatsApp-Image-2018-11-16-at-06.49.01-768x1365.jpeg 768w, https:\/\/www.radiopiu.net\/wordpress\/wp-content\/uploads\/2018\/11\/WhatsApp-Image-2018-11-16-at-06.49.01.jpeg 900w\" sizes=\"auto, (max-width: 576px) 100vw, 576px\" \/><\/a><\/strong><\/p>\n<p><strong>CON CLAUDIO DA ROIT<\/strong><\/p>\n<audio class=\"wp-audio-shortcode\" id=\"audio-66548-12\" preload=\"none\" style=\"width: 100%;\" controls=\"controls\"><source type=\"audio\/ogg\" src=\"http:\/\/www.radiopiu.net\/wordpress\/wp-content\/uploads\/2018\/11\/WILLIAM1.ogg?_=12\" \/><a href=\"http:\/\/www.radiopiu.net\/wordpress\/wp-content\/uploads\/2018\/11\/WILLIAM1.ogg\">http:\/\/www.radiopiu.net\/wordpress\/wp-content\/uploads\/2018\/11\/WILLIAM1.ogg<\/a><\/audio>\n<p><strong>LE PRIME PAROLE DI WILLIAM DA ROIT<\/strong><\/p>\n<audio class=\"wp-audio-shortcode\" id=\"audio-66548-13\" preload=\"none\" style=\"width: 100%;\" controls=\"controls\"><source type=\"audio\/ogg\" src=\"http:\/\/www.radiopiu.net\/wordpress\/wp-content\/uploads\/2018\/11\/WILLIAM2.ogg?_=13\" \/><a href=\"http:\/\/www.radiopiu.net\/wordpress\/wp-content\/uploads\/2018\/11\/WILLIAM2.ogg\">http:\/\/www.radiopiu.net\/wordpress\/wp-content\/uploads\/2018\/11\/WILLIAM2.ogg<\/a><\/audio>\n<p>&nbsp;<\/p>\n<p>&nbsp;<\/p>\n<p>&nbsp;<\/p>\n<h1>INDIMENTICATI MANUEL E SEBASTIANO,\u00a0 A SAN TOMASO SPORT E SOLIDARIETA&#8217;<a class=\"dt-pswp-item\" href=\"http:\/\/www.radiopiu.net\/wordpress\/wp-content\/uploads\/2018\/11\/c5e2bdcc-b8d1-4f0e-9218-e637835d97ca.jpg\" data-dt-img-description=\"\" data-large_image_width=\"1600\" data-large_image_height=\"1200\"><img loading=\"lazy\" decoding=\"async\" class=\"alignnone wp-image-66574 size-large\" src=\"http:\/\/www.radiopiu.net\/wordpress\/wp-content\/uploads\/2018\/11\/c5e2bdcc-b8d1-4f0e-9218-e637835d97ca-1024x768.jpg\" alt=\"\" width=\"1024\" height=\"768\" srcset=\"https:\/\/www.radiopiu.net\/wordpress\/wp-content\/uploads\/2018\/11\/c5e2bdcc-b8d1-4f0e-9218-e637835d97ca-1024x768.jpg 1024w, https:\/\/www.radiopiu.net\/wordpress\/wp-content\/uploads\/2018\/11\/c5e2bdcc-b8d1-4f0e-9218-e637835d97ca-300x225.jpg 300w, https:\/\/www.radiopiu.net\/wordpress\/wp-content\/uploads\/2018\/11\/c5e2bdcc-b8d1-4f0e-9218-e637835d97ca-768x576.jpg 768w, https:\/\/www.radiopiu.net\/wordpress\/wp-content\/uploads\/2018\/11\/c5e2bdcc-b8d1-4f0e-9218-e637835d97ca.jpg 1600w\" sizes=\"auto, (max-width: 1024px) 100vw, 1024px\" \/><\/a><\/h1>\n<p><strong>DI GIANNI SANTOMASO<\/strong><\/p>\n<audio class=\"wp-audio-shortcode\" id=\"audio-66548-14\" preload=\"none\" style=\"width: 100%;\" controls=\"controls\"><source type=\"audio\/ogg\" src=\"http:\/\/www.radiopiu.net\/wordpress\/wp-content\/uploads\/2018\/11\/NEL-RICORDO-DI-MANUEL-E-SEBASTIANO.ogg?_=14\" \/><a href=\"http:\/\/www.radiopiu.net\/wordpress\/wp-content\/uploads\/2018\/11\/NEL-RICORDO-DI-MANUEL-E-SEBASTIANO.ogg\">http:\/\/www.radiopiu.net\/wordpress\/wp-content\/uploads\/2018\/11\/NEL-RICORDO-DI-MANUEL-E-SEBASTIANO.ogg<\/a><\/audio>\n<p>&nbsp;<\/p>\n<p>&nbsp;<\/p>\n<p>&nbsp;<\/p>\n<blockquote>\n<h1>NEL RICORDO DI DEBORA NARDI<\/h1>\n<p><b><i>VENERDI&#8217; 30 NOVEMBRE\u00a0 alle\u00a0 18.15<\/i><\/b>, presso la Sala Dolomiti di Falcade (palestra) si terr\u00e0 l&#8217;annuale cerimonia di CONSEGNA DEI DIPLOMI\u00a0agli allievi che hanno terminato il loro percorso di studi nello scorso anno scolastico presso l&#8217;IIS Follador. In tale occasione verranno anche assegnate le BORSE DI STUDIO in memoria di Debora Nardi e verr\u00e0 ricordato il compianto professor Fulvio Mazzarol.<\/p><\/blockquote>\n<p>&nbsp;<\/p>\n<p>&nbsp;<\/p>\n<p>&nbsp;<\/p>\n<h1>TRICHIANA CON LA PROLOCO TURISMO E MONTAGNA, TRE SERATA AL SABATO, IL VIA DA DOMANI CON PAOLA FAVERO<\/h1>\n<p><strong>DI DAMIANO TORMEN<\/strong><\/p>\n<audio class=\"wp-audio-shortcode\" id=\"audio-66548-15\" preload=\"none\" style=\"width: 100%;\" controls=\"controls\"><source type=\"audio\/ogg\" src=\"http:\/\/www.radiopiu.net\/wordpress\/wp-content\/uploads\/2018\/11\/PRO-LOCO-TRICHIAN-DAMIANO.ogg?_=15\" \/><a href=\"http:\/\/www.radiopiu.net\/wordpress\/wp-content\/uploads\/2018\/11\/PRO-LOCO-TRICHIAN-DAMIANO.ogg\">http:\/\/www.radiopiu.net\/wordpress\/wp-content\/uploads\/2018\/11\/PRO-LOCO-TRICHIAN-DAMIANO.ogg<\/a><\/audio>\n<p>&nbsp;<\/p>\n<p>&nbsp;<\/p>\n<h1>AUTUNNO CON LA PROLOCO A SAN TOMASO<\/h1>\n<p>Domani alle 17 nella sala parrocchiale a Celat appuntamento con la Pro loco dal titolo \u00abUna montagna di fantasia\u00bb, merenda di storie al profumo d\u2019inverno, letture animate con Patrizia Bartoli &amp; Co.<\/p>\n<p>&nbsp;<\/p>\n<p>&nbsp;<\/p>\n<p>&nbsp;<\/p>\n<h1 align=\"CENTER\"><span style=\"color: #000000;\"><span style=\"font-family: Candara, sans-serif;\"><span style=\"font-size: large;\"><b>TORNA \u201cA SCUOLA DI LIBERT<\/b><\/span><\/span><span style=\"font-family: Candara, sans-serif;\"><span style=\"font-size: large;\"><b>\u00c0<\/b><\/span><\/span><span style=\"font-family: Candara, sans-serif;\"><span style=\"font-size: large;\"><b>\u201d\u00a0<\/b><\/span><\/span><span style=\"font-family: Candara, sans-serif;\"><span style=\"font-size: large;\"><b>PERCORSO DI EDUCAZIONE ALLA LEGALIT<\/b><\/span><\/span><span style=\"font-family: Candara, sans-serif;\"><span style=\"font-size: large;\"><b>\u00c0 IN CLASSE<\/b><\/span><\/span><\/span><\/h1>\n<blockquote>\n<p align=\"CENTER\"><span style=\"color: #000000;\"><em><span style=\"font-family: Candara, sans-serif;\"><span style=\"font-size: large;\"><b>Parte oggi in tutta Italia il progetto promosso da CNVG e Miur<\/b><\/span><\/span><\/em><\/span><\/p>\n<p align=\"CENTER\"><span style=\"color: #000000;\"><em><span style=\"font-family: Candara, sans-serif;\"><span style=\"font-size: large;\"><b>A Belluno se ne fa promotrice l&#8217;associazione Jabar<\/b><\/span><\/span><\/em><\/span><\/p>\n<\/blockquote>\n<p align=\"JUSTIFY\"><span style=\"font-family: Corbel, sans-serif;\"><strong>BELLUNO.<\/strong> Torna anche in provincia di Belluno per la sesta edizione il progetto nazionale \u201c<\/span><span style=\"font-family: Corbel, sans-serif;\"><b>A scuola di libert\u00e0. Le scuole imparano a conoscere il carcere<\/b><\/span><span style=\"font-family: Corbel, sans-serif;\">\u201d, reso possibile dall&#8217;impegno di operatori carcerari e associazioni di volontariato attive in tutta Italia. L&#8217;anno scorso il percorso ha coinvolto oltre 12 mila studenti grazie all&#8217;apporto di un migliaio di volontari. Per Belluno \u00e8 scesa in campo l&#8217;<\/span><span style=\"font-family: Corbel, sans-serif;\"><b>associazione Jabar<\/b><\/span><span style=\"font-family: Corbel, sans-serif;\">, che ha svolto un percorso di formazione all&#8217;istituto Catullo coinvolgendo una sessantina di studenti, 20 dei quali hanno anche potuto fare una visita all&#8217;interno della Casa circondariale di Baldenich. Quest&#8217;anno il progetto \u00e8 ripartito con <\/span><span style=\"font-family: Corbel, sans-serif;\"><b>due classi dell&#8217;istituto superiore \u201cLeonardo da Vinci\u201d<\/b><\/span><span style=\"font-family: Corbel, sans-serif;\">, che all&#8217;inizio del prossimo anno avr\u00e0 la possibilit\u00e0 di conoscere pi\u00f9 da vicino la realt\u00e0 del carcere cittadino. Tutte le scuole secondarie di primo e secondo grado possono aderire presentando una richiesta ad <\/span><span style=\"color: #0000ff;\"><u><a href=\"mailto:associazione.jabar@gmail.com\"><span style=\"font-family: Corbel, sans-serif;\">associazione.jabar@gmail.com<\/span><\/a><\/u><\/span><span style=\"font-family: Corbel, sans-serif;\"> o al 351 8377769. L&#8217;associazione si offre di costruire percorsi di educazione alla legalit\u00e0 personalizzati, anche a seconda delle esigenze del singolo docente o istituto richiedente.\u00a0<\/span><span style=\"font-family: Corbel, sans-serif;\">Il tema individuato quest&#8217;anno \u00e8 ancora una volta il diritto agli affetti delle persone private della libert\u00e0 personale, che verr\u00e0 trattato al fianco del tema dei minori, dei loro comportamenti a rischio, dei reati commessi pi\u00f9 di frequente, di carceri minorili e pene alternative. Il 15 novembre, nelle scuole di tante citt\u00e0 italiane, si parler\u00e0 in modo nuovo di carcere, pene, giustizia, cercando di sconfiggere luoghi comuni e pregiudizi. A Scuola di Libert\u00e0 \u00e8 un progetto sostenuto dalla Conferenza Nazionale Volontariato e Giustizia (CNVG) e patrocinato dal Ministero dell&#8217;Istruzione (Miur).<\/span><\/p>\n<p>&nbsp;<\/p>\n<p>&nbsp;<\/p>\n<p>&nbsp;<\/p>\n<p>&nbsp;<\/p>\n<p><a class=\"dt-pswp-item\" href=\"http:\/\/www.radiopiu.net\/wordpress\/wp-content\/uploads\/2018\/09\/WhatsApp-Image-2018-09-20-at-16.04.06.jpeg\" data-dt-img-description=\"\" data-large_image_width=\"800\" data-large_image_height=\"100\"><img loading=\"lazy\" decoding=\"async\" class=\"alignnone wp-image-61378 size-full\" src=\"http:\/\/www.radiopiu.net\/wordpress\/wp-content\/uploads\/2018\/09\/WhatsApp-Image-2018-09-20-at-16.04.06.jpeg\" alt=\"\" width=\"800\" height=\"100\" srcset=\"https:\/\/www.radiopiu.net\/wordpress\/wp-content\/uploads\/2018\/09\/WhatsApp-Image-2018-09-20-at-16.04.06.jpeg 800w, https:\/\/www.radiopiu.net\/wordpress\/wp-content\/uploads\/2018\/09\/WhatsApp-Image-2018-09-20-at-16.04.06-300x38.jpeg 300w, https:\/\/www.radiopiu.net\/wordpress\/wp-content\/uploads\/2018\/09\/WhatsApp-Image-2018-09-20-at-16.04.06-768x96.jpeg 768w\" sizes=\"auto, (max-width: 800px) 100vw, 800px\" \/><\/a><\/p>\n<h1>PREVISIONI DEL TEMPO DA OGGI A LUNEDI<\/h1>\n<p><center><b>Venerdi 16<\/b><\/center><b>Tempo atteso: <\/b>Possibile temporanea formazione di addensamenti medio-bassi stratiformi soprattutto a ridosso dei rilievi esposti a Est, specie quelli prealpini, poi ampi rasserenamenti con cielo perlopi\u00f9 sereno entro sera ovunque. Sensibile calo termico entro sera, con moderato rinforzo dei venti nord-orientali.<br \/>\n<b>Precipitazioni: <\/b>Assenti (0%)<br \/>\n<b>Temperature: <\/b>In calo, pi\u00f9 sensibile sulle Prealpi, con minime alla sera. Su Prealpi a 1500 m min 0\u00b0C max 5\u00b0C, a 2000 m min -3\u00b0C max 4\u00b0C. Su Dolomiti a 2000 m min -3\u00b0C max 4\u00b0C, a 3000 m min -8\u00b0C max -1\u00b0C.<br \/>\n<b>Venti: <\/b>Nelle valli deboli di direzione variabile; in quota deboli\/moderati da Nord Nord-Est, a 5-15 km\/h a 2000 m, 10-25 km\/h a 3000 m.<\/p>\n<hr \/>\n<p><center><b>Sabato 17<\/b><\/center><b>Tempo atteso: <\/b>Cielo pressoch\u00e8 sereno con aria tersa ed ottima visibilit\u00e0 ovunque. Clima freddo al mattino con estese gelate, mitigato di giorno dall&#8217;ampio soleggiamento. Clima a tratti ventoso specie sulle Prealpi.<br \/>\n<b>Precipitazioni: <\/b>Assenti (0%).<br \/>\n<b>Temperature: <\/b>In calo a tutte le quote, con estese gelate mattutine e clima freddo anche di giorno in quota nonostante il soleggiamento. Su Prealpi a 1500 m min -2\u00b0C max 0\u00b0C, a 2000 m min -7\u00b0C max -3\u00b0C. Su Dolomiti a 2000 m min -5\u00b0C max -3\u00b0C, a 3000 m min -11\u00b0C max -8\u00b0C.<br \/>\n<b>Venti: <\/b>Nelle valli deboli di direzione variabile con qualche rinforzo da Nord-Est; in quota moderati, a tratti tesi soprattutto sulle dorsali prealpine, orientali, a 15-30 km\/h a 2000 m, 25-45 km\/h a 3000 m.<\/p>\n<hr \/>\n<p><center><b>Domenica 18<\/b><\/center>Possibile temporaneo rientro di nuvolosit\u00e0 medio-bassa da Est con parziale e temporanea riduzione del soleggiamento. Poi in giornata cielo sereno con aria tersa ed ottima visibilit\u00e0, e possibile aumento della nuvolosit\u00e0 in tarda serata\/notte. Clima freddo, con estese gelate mattutine. Venti orientali in attenuazione.<\/p>\n<hr \/>\n<p><center><b>Lunedi 19<\/b><\/center>Possibile debole peggioramento con nuvolosit\u00e0 in aumento fino a molto nuvoloso o coperto e possibili deboli precipitazioni, eventualmente nevose fino a fondovalle, con quantitativi che ad oggi sembrano modesti. Clima freddo di stampo pienamente invernale. Previsore: G.M. Aggiornamento bollettino Dolomiti Neve e Valanghe: 14\/11\/2018<\/p>\n<hr \/>\n<p>&nbsp;<\/p>\n","protected":false},"excerpt":{"rendered":"<p>LADRI RICERCATI DALLA POLIZIA ALPAGO\u00a0Mecoledi&#8217; l&#8217;allarme mette in fuga i ladri e la polizia cerca gli ignoti che lo hanno fatto scattare, ci sarebbero indizi importanti per risalire ai delinquenti che hanno agito tra Ponte nelle Alpi e Alpago. Altro tentativo di furto a Soccher dove i ladri hanno provato ad entrare in casa ma&hellip;<\/p>\n","protected":false},"author":1,"featured_media":66552,"comment_status":"closed","ping_status":"closed","sticky":false,"template":"","format":"standard","meta":{"_monsterinsights_skip_tracking":false,"_monsterinsights_sitenote_active":false,"_monsterinsights_sitenote_note":"","_monsterinsights_sitenote_category":0,"footnotes":""},"categories":[86],"tags":[],"class_list":["post-66548","post","type-post","status-publish","format-standard","has-post-thumbnail","hentry","category-gr","category-86","description-off"],"img_url":"https:\/\/www.radiopiu.net\/wordpress\/wp-content\/uploads\/2018\/11\/IMG-20181114-WA0011.jpg","_links":{"self":[{"href":"https:\/\/www.radiopiu.net\/wordpress\/wp-json\/wp\/v2\/posts\/66548","targetHints":{"allow":["GET"]}}],"collection":[{"href":"https:\/\/www.radiopiu.net\/wordpress\/wp-json\/wp\/v2\/posts"}],"about":[{"href":"https:\/\/www.radiopiu.net\/wordpress\/wp-json\/wp\/v2\/types\/post"}],"author":[{"embeddable":true,"href":"https:\/\/www.radiopiu.net\/wordpress\/wp-json\/wp\/v2\/users\/1"}],"replies":[{"embeddable":true,"href":"https:\/\/www.radiopiu.net\/wordpress\/wp-json\/wp\/v2\/comments?post=66548"}],"version-history":[{"count":0,"href":"https:\/\/www.radiopiu.net\/wordpress\/wp-json\/wp\/v2\/posts\/66548\/revisions"}],"wp:featuredmedia":[{"embeddable":true,"href":"https:\/\/www.radiopiu.net\/wordpress\/wp-json\/wp\/v2\/media\/66552"}],"wp:attachment":[{"href":"https:\/\/www.radiopiu.net\/wordpress\/wp-json\/wp\/v2\/media?parent=66548"}],"wp:term":[{"taxonomy":"category","embeddable":true,"href":"https:\/\/www.radiopiu.net\/wordpress\/wp-json\/wp\/v2\/categories?post=66548"},{"taxonomy":"post_tag","embeddable":true,"href":"https:\/\/www.radiopiu.net\/wordpress\/wp-json\/wp\/v2\/tags?post=66548"}],"curies":[{"name":"wp","href":"https:\/\/api.w.org\/{rel}","templated":true}]}}