{"id":66651,"date":"2018-11-17T06:12:50","date_gmt":"2018-11-17T05:12:50","guid":{"rendered":"http:\/\/www.radiopiu.net\/wordpress\/?p=66651"},"modified":"2018-11-17T09:55:47","modified_gmt":"2018-11-17T08:55:47","slug":"giornale-radiopiu-17-novembre-2018-direttore-mirko-mezzacasa","status":"publish","type":"post","link":"https:\/\/www.radiopiu.net\/wordpress\/giornale-radiopiu-17-novembre-2018-direttore-mirko-mezzacasa\/","title":{"rendered":"GIORNALE RADIOPIU 17 NOVEMBRE 2018 DIRETTORE MIRKO MEZZACASA"},"content":{"rendered":"<h1><\/h1>\n<p><strong><em>Sono in arrivo i primi contributi per le famiglie che hanno visto le loro proprieta&#8217; devastate dal maltempo. L&#8217;indennizzo iniziale sar\u00e0 di 5000 euro, 20 mila per le aziende. L&#8217;ordinanza \u00e8 gi\u00e0 alla firma per la concessione di 53 milioni di euro. Sindaci preoccupati per la burocrazia, i bilanci da chiudere,\u00a0 Bottacin e il capo della protezione civile cercano di rassicurarli. Ieri \u00e8 stata riaperta la provinciale 3 tra Rivamonte e Gosaldo. Ad Alleghe la popolazione protesta contro l&#8217;Enel per l&#8217;innalzamento del lago, ma Enel invita il Comune ad informarsi meglio, soprattutto a rivolgersi altrove (Regione, Provincia, Genio Civile) e la class action resta nel cassetto. A Feltre riaperto il cimitero dopo tre settimane di lavori, a Sovramonte altro vergognoso episodio, rubati 800 litri di gasolio del generatore.\u00a0A Cesiomaggiore ci sono ancora famiglie isolate e la conta dei danni supera il milione e mezzo di euro. A Lamon di nuovo percorribile la strada per Zavena.\u00a0 I Comuni informano che c&#8217;\u00e8 tempo fino a martedi per presentare la documentazione per la richiesta danni subiti dal maltempo, poi gli uffici avranno 48 ore di tempo per inviare le pratiche alla Regione. Poco tempo per la ricognizione sui danni. A Feltre altol\u00e0 della forestale ai volontari impegnati nel lavoro di sgombero dei sentieri, il Cai rischia la contestazione per danno erariale visto che le piante cadute sono del Demanio. Il governatore Luca Zaia \u00e8 stato nominato commissario del dopo alluvione, la nomina del capo della protezione civile Borelli.\u00a0 (mirko mezzacasa)<\/em><\/strong><\/p>\n<p>&nbsp;<\/p>\n<p>&nbsp;<\/p>\n<blockquote class=\"wp-embedded-content\" data-secret=\"xtQ8ykfuJP\"><p><a href=\"http:\/\/www.radiopiu.net\/wordpress\/sciacalli-vergognosi-privi-di-cuore-e-dignita\/\">SCIACALLI VERGOGNOSI PRIVI DI CUORE E DIGNITA&#8217;<\/a><\/p><\/blockquote>\n<p><iframe loading=\"lazy\" class=\"wp-embedded-content\" sandbox=\"allow-scripts\" security=\"restricted\" style=\"position: absolute; clip: rect(1px, 1px, 1px, 1px);\" src=\"http:\/\/www.radiopiu.net\/wordpress\/sciacalli-vergognosi-privi-di-cuore-e-dignita\/embed\/#?secret=xtQ8ykfuJP\" data-secret=\"xtQ8ykfuJP\" width=\"600\" height=\"338\" title=\"&#8220;SCIACALLI VERGOGNOSI PRIVI DI CUORE E DIGNITA&#8217;&#8221; &#8212; Radio Pi\u00f9\" frameborder=\"0\" marginwidth=\"0\" marginheight=\"0\" scrolling=\"no\"><\/iframe><\/p>\n<p>&nbsp;<\/p>\n<p>&nbsp;<\/p>\n<h1>SVALIGIATA LA CASA DELL&#8217;OTTANTENNE<\/h1>\n<p><strong>FELTRE<\/strong>\u00a0\u00a0Un uomo e una donna sui 35-40 anni,\u00a0 gentili, sono riusciti a carpire la fiducia di una vedova 80enne che abita a Feltre. La donna ha aperto la porta e si \u00e8 ritrovata la casa svaligiata. \u00c8 accaduto gioved\u00ec pomeriggio intorno alle 13.30, in un appartamento al secondo piano di una palazzina di Feltre. Il bottino \u00e8 di migliaia di euro in oro rubato alla vedova, che per\u00f2, dopo un po&#8217;, si \u00e8 accorta che qualcosa non quadrava e ha fatto uscire gli estranei, troppo tardi e non gli \u00e8 rimasto che sporgere denuncia ai Carabinieri.<\/p>\n<p>&nbsp;<\/p>\n<p>&nbsp;<\/p>\n<h1>SCONTRO LATERALE TRA AUTO E AUTOCARRO<\/h1>\n<p><strong>FONZASO<\/strong> Un autocarro Iveco e un&#8217;auto Seat Cordoba sono entrati in collisione (lateralmente) in prossimit\u00e0 di un incrocio. A bordo dell&#8217;auto anche due bimbe di 6 e 8 anni al pronto soccorso ma solo per accertamenti, \u00e8 ricorsa ai sanitari per le ferite anche la donna Z.S. di 31 anni residente ad Arten. Alla guida dell&#8217;autocarro 40enne di Pedavena, illeso.<\/p>\n<p>&nbsp;<\/p>\n<p>&nbsp;<\/p>\n<h3><em>Gestione Servizi Pubblici informa che a TAIBON AGORDINO nelle LOCALITA&#8217; LISTOLADE E SAN CIPRIANO;\u00a0ad AGORDO in localit\u00e0 FARENZENA,\u00a0 l&#8217;acqua erogata dall&#8217;acquedotto \u00e8 di nuovo potabile e pu\u00f2 essere usata, quindi, per scopi alimentari<\/em><\/h3>\n<blockquote>\n<h2><\/h2>\n<h2><\/h2>\n<\/blockquote>\n<p><strong>ORARI DI ACCESSO ALLA VALLE DI SAN LUCANO\u00a0<\/strong>I proprietari e i conduttori DI EDIFICI ubicati in Valle di San Lucano e le imprese impegnate nei lavori su fabbricati privati, previa registrazione dei nominativi presso<br \/>\nil municipio di Taibon Agordino, potranno accedere alla valle, con la scorta delle autorit\u00e0 preposte, nei seguenti orari: SABATO 17 NOVEMBRE 2018 ENTRATA (ritrovo presso il presidio) 06.40 13.00 17.00 22.30 USCITA (ritrovo presso locanda Col di Pr\u00e0) 07.00 13.20 17.20 22.45 DOMENICA 18 E LUNEDI\u2019 19 NOVEMBRE 2018 ENTRATA (ritrovo presso il presidio) 06.40 13.00 14.30 17.00 22.30 USCITA (ritrovo presso locanda Col di Pr\u00e0) 07.00 13.20 14.45 17.20 22.45<\/p>\n<p>&nbsp;<\/p>\n<p>&nbsp;<\/p>\n<p>&nbsp;<\/p>\n<p>&nbsp;<\/p>\n<h1>UNA POLTRONA&#8230; PER TRE<\/h1>\n<p>Chi sar\u00e0 il nuovo presidente del Parco Nazionale delle Dolomiti Bellunesi? La sfida abbia inizio, tre i candati: <strong>Franco Zaetta,<\/strong> attuale vicepresidente ( Assessore e vicesindaco a Pedavena fra il 1990 e il 1999, \u00e8 stato sindaco di quel Comune dal \u201999 al 2009. Dal 2009 \u00e8 consigliere comunale e dell\u2019Unione montana) Feltrina Ha 70 anni). il sindaco di Santa Giustina <strong>Ennio Vigne<\/strong>\u00a0 (57 anni, il suo mandato scade la prossima primavera e non potr\u00e0 ricandidarsi perch\u00e9 ne ha gi\u00e0 fatti due di seguito. L\u2019ex delegato provinciale del Soccorso alpino e amministratore di lungo corso <strong>Fabio Rufus Bristot<\/strong>\u00a0 area centrosinistra,\u00a0 cinquant\u2019anni, \u00e8 diventato,\u00a0 consigliere comunale nel 1997, \u00e8 stato assessore a Belluno dal 1999 al 2003, nuovamente consigliere dal 2005. Lo \u00e8 tutt\u2019ora. Dal 1998 ricopre ruoli di vertice all\u2019interno del Soccorso alpino, di cui \u00e8 stato presidente provinciale)<\/p>\n<p>&nbsp;<\/p>\n<p>&nbsp;<\/p>\n<p>&nbsp;<\/p>\n<p>&nbsp;<\/p>\n<h1>INNALZAMENTO DEL LAGO DI ALLEGHE<\/h1>\n<p><em><strong>NESSUN CLASS ACTION CONTRO L&#8217;ENEL CHE IN MUNIPIO AD ALLEGHE INVITA IL SINDACO A &#8220;BATTERE CASSA&#8221; IN REGIONE E AL GENIO CIVILE<\/strong><\/em><\/p>\n<p><strong>DI GIANNI SANTOMASO<\/strong><\/p>\n<audio class=\"wp-audio-shortcode\" id=\"audio-66651-1\" preload=\"none\" style=\"width: 100%;\" controls=\"controls\"><source type=\"audio\/ogg\" src=\"http:\/\/www.radiopiu.net\/wordpress\/wp-content\/uploads\/2018\/11\/GIANNI-CLASS.ogg?_=1\" \/><a href=\"http:\/\/www.radiopiu.net\/wordpress\/wp-content\/uploads\/2018\/11\/GIANNI-CLASS.ogg\">http:\/\/www.radiopiu.net\/wordpress\/wp-content\/uploads\/2018\/11\/GIANNI-CLASS.ogg<\/a><\/audio>\n<p><span style=\"color: #ff0000;\"><strong>LE INTERVISTE, AL SINDACO DI ALLEGHE SIRO DE BIASIO, ALL&#8217;ALBERGATORE SERGIO PRA, AL VICESINDACO DI ROCCA PIETORE ALESSANDRO DARMAN<\/strong><\/span><\/p>\n<audio class=\"wp-audio-shortcode\" id=\"audio-66651-2\" preload=\"none\" style=\"width: 100%;\" controls=\"controls\"><source type=\"audio\/mpeg\" src=\"http:\/\/www.radiopiu.net\/wordpress\/wp-content\/uploads\/2018\/11\/INT-ALLEGHE.mp3?_=2\" \/><a href=\"http:\/\/www.radiopiu.net\/wordpress\/wp-content\/uploads\/2018\/11\/INT-ALLEGHE.mp3\">http:\/\/www.radiopiu.net\/wordpress\/wp-content\/uploads\/2018\/11\/INT-ALLEGHE.mp3<\/a><\/audio>\n<p><span style=\"color: #0000ff;\"><strong><a style=\"color: #0000ff;\" href=\"https:\/\/www.facebook.com\/mirko.mezzacasa\/videos\/10218289877305171\/\">VIDEO CLICCA QUI\u00a0<\/a><\/strong><\/span><\/p>\n<blockquote><p><strong>GALLERIA FOTOGRAFICA CLICCA PER INGRANDIRE<\/strong><\/p><\/blockquote>\n\n\t\t\t<style type='text\/css'>\n\t\t\t\t#gallery-1 {\n\t\t\t\t\tmargin: auto;\n\t\t\t\t}\n\t\t\t\t#gallery-1 .gallery-item {\n\t\t\t\t\tfloat: left;\n\t\t\t\t\tmargin-top: 10px;\n\t\t\t\t\ttext-align: center;\n\t\t\t\t\twidth: 33%;\n\t\t\t\t}\n\t\t\t\t#gallery-1 img {\n\t\t\t\t\tborder: 2px solid #cfcfcf;\n\t\t\t\t}\n\t\t\t\t#gallery-1 .gallery-caption {\n\t\t\t\t\tmargin-left: 0;\n\t\t\t\t}\n\t\t\t\t\/* see gallery_shortcode() in wp-includes\/media.php *\/\n\t\t\t<\/style>\n\t\t<div id='gallery-1' class='dt-gallery-container gallery galleryid-66651 gallery-columns-3 gallery-size-thumbnail'><dl class='gallery-item'>\n\t\t\t\t<dt class='gallery-icon landscape'>\n\t\t\t\t\t<a class=\"rollover\" href='https:\/\/www.radiopiu.net\/wordpress\/giornale-radiopiu-17-novembre-2018-direttore-mirko-mezzacasa\/5a49f0fb-f07d-469a-951b-f732a8e89a98\/'><img loading=\"lazy\" decoding=\"async\" width=\"150\" height=\"150\" src=\"https:\/\/www.radiopiu.net\/wordpress\/wp-content\/uploads\/2018\/11\/5a49f0fb-f07d-469a-951b-f732a8e89a98-150x150.jpg\" class=\"attachment-thumbnail size-thumbnail\" alt=\"\" \/><\/a>\n\t\t\t\t<\/dt><\/dl><dl class='gallery-item'>\n\t\t\t\t<dt class='gallery-icon landscape'>\n\t\t\t\t\t<a class=\"rollover\" href='https:\/\/www.radiopiu.net\/wordpress\/giornale-radiopiu-17-novembre-2018-direttore-mirko-mezzacasa\/1edb83df-2d47-4997-866c-4b661768d8de\/'><img loading=\"lazy\" decoding=\"async\" width=\"150\" height=\"150\" src=\"https:\/\/www.radiopiu.net\/wordpress\/wp-content\/uploads\/2018\/11\/1edb83df-2d47-4997-866c-4b661768d8de-150x150.jpg\" class=\"attachment-thumbnail size-thumbnail\" alt=\"\" \/><\/a>\n\t\t\t\t<\/dt><\/dl><dl class='gallery-item'>\n\t\t\t\t<dt class='gallery-icon landscape'>\n\t\t\t\t\t<a class=\"rollover\" href='https:\/\/www.radiopiu.net\/wordpress\/giornale-radiopiu-17-novembre-2018-direttore-mirko-mezzacasa\/9cac41b8-290c-49fc-a5cb-a16b9edbcad4\/'><img loading=\"lazy\" decoding=\"async\" width=\"150\" height=\"150\" src=\"https:\/\/www.radiopiu.net\/wordpress\/wp-content\/uploads\/2018\/11\/9cac41b8-290c-49fc-a5cb-a16b9edbcad4-150x150.jpg\" class=\"attachment-thumbnail size-thumbnail\" alt=\"\" \/><\/a>\n\t\t\t\t<\/dt><\/dl><br style=\"clear: both\" \/><dl class='gallery-item'>\n\t\t\t\t<dt class='gallery-icon landscape'>\n\t\t\t\t\t<a class=\"rollover\" href='https:\/\/www.radiopiu.net\/wordpress\/giornale-radiopiu-17-novembre-2018-direttore-mirko-mezzacasa\/6ff05372-d3a8-46ef-9dfe-7bc3d6756e44\/'><img loading=\"lazy\" decoding=\"async\" width=\"150\" height=\"150\" src=\"https:\/\/www.radiopiu.net\/wordpress\/wp-content\/uploads\/2018\/11\/6ff05372-d3a8-46ef-9dfe-7bc3d6756e44-150x150.jpg\" class=\"attachment-thumbnail size-thumbnail\" alt=\"\" \/><\/a>\n\t\t\t\t<\/dt><\/dl><dl class='gallery-item'>\n\t\t\t\t<dt class='gallery-icon landscape'>\n\t\t\t\t\t<a class=\"rollover\" href='https:\/\/www.radiopiu.net\/wordpress\/giornale-radiopiu-17-novembre-2018-direttore-mirko-mezzacasa\/49fdb49b-2f1c-45b5-9ef6-d4289408bef4\/'><img loading=\"lazy\" decoding=\"async\" width=\"150\" height=\"150\" src=\"https:\/\/www.radiopiu.net\/wordpress\/wp-content\/uploads\/2018\/11\/49fdb49b-2f1c-45b5-9ef6-d4289408bef4-150x150.jpg\" class=\"attachment-thumbnail size-thumbnail\" alt=\"\" \/><\/a>\n\t\t\t\t<\/dt><\/dl><dl class='gallery-item'>\n\t\t\t\t<dt class='gallery-icon landscape'>\n\t\t\t\t\t<a class=\"rollover\" href='https:\/\/www.radiopiu.net\/wordpress\/giornale-radiopiu-17-novembre-2018-direttore-mirko-mezzacasa\/f7963c3a-2fdd-4c69-8042-90b3b32cbb6a\/'><img loading=\"lazy\" decoding=\"async\" width=\"150\" height=\"150\" src=\"https:\/\/www.radiopiu.net\/wordpress\/wp-content\/uploads\/2018\/11\/f7963c3a-2fdd-4c69-8042-90b3b32cbb6a-150x150.jpg\" class=\"attachment-thumbnail size-thumbnail\" alt=\"\" \/><\/a>\n\t\t\t\t<\/dt><\/dl><br style=\"clear: both\" \/><dl class='gallery-item'>\n\t\t\t\t<dt class='gallery-icon landscape'>\n\t\t\t\t\t<a class=\"rollover\" href='https:\/\/www.radiopiu.net\/wordpress\/giornale-radiopiu-17-novembre-2018-direttore-mirko-mezzacasa\/48ee7b63-dbe3-4389-a966-0042d6dbf428\/'><img loading=\"lazy\" decoding=\"async\" width=\"150\" height=\"150\" src=\"https:\/\/www.radiopiu.net\/wordpress\/wp-content\/uploads\/2018\/11\/48ee7b63-dbe3-4389-a966-0042d6dbf428-150x150.jpg\" class=\"attachment-thumbnail size-thumbnail\" alt=\"\" \/><\/a>\n\t\t\t\t<\/dt><\/dl>\n\t\t\t\t<br style='clear: both' \/>\n\t\t\t<\/div>\n\n<p>&nbsp;<\/p>\n<p>&nbsp;<\/p>\n<p>&nbsp;<\/p>\n<p>&nbsp;<\/p>\n<h1>DANNI DA ALLUVIONE, MODULI IN DISTRIBUZIONE<\/h1>\n<blockquote><p><em>\u00abTempi stretti per le segnalazioni A Belluno e in tutti i Comuni disastrati\u00bb<\/em><\/p><\/blockquote>\n<p><strong><a class=\"dt-pswp-item\" href=\"http:\/\/www.radiopiu.net\/wordpress\/wp-content\/uploads\/2018\/11\/Massaro-Soprallugo-Nevegal-4.jpg\" data-dt-img-description=\"\" data-large_image_width=\"5184\" data-large_image_height=\"3456\"><img loading=\"lazy\" decoding=\"async\" class=\"size-medium wp-image-66160 alignleft\" src=\"http:\/\/www.radiopiu.net\/wordpress\/wp-content\/uploads\/2018\/11\/Massaro-Soprallugo-Nevegal-4-300x200.jpg\" alt=\"\" width=\"300\" height=\"200\" srcset=\"https:\/\/www.radiopiu.net\/wordpress\/wp-content\/uploads\/2018\/11\/Massaro-Soprallugo-Nevegal-4-300x200.jpg 300w, https:\/\/www.radiopiu.net\/wordpress\/wp-content\/uploads\/2018\/11\/Massaro-Soprallugo-Nevegal-4-768x512.jpg 768w, https:\/\/www.radiopiu.net\/wordpress\/wp-content\/uploads\/2018\/11\/Massaro-Soprallugo-Nevegal-4-1024x683.jpg 1024w\" sizes=\"auto, (max-width: 300px) 100vw, 300px\" \/><\/a>BELLUNO<\/strong> Sono disponibili sul sito del Comune di Belluno i moduli per la ricognizione dei danni subiti da privati cittadini e attivit\u00e0 produttive in occasione dei fenomeni meteo che tra fine ottobre e i primi giorni di novembre hanno sconvolto il Bellunese. La Regione ha messo a disposizione\u00a0 i moduli e i Comuni devono inviare tutto il materiale raccolto entro gioved\u00ec 22; sarebbe opportuno che le persone interessate facessero pervenire la documentazione appena possibile. Il modulo \u00e8 scaricabile dal sito del Comune di Belluno e pu\u00f2 anche essere ritirato in formato cartaceo presso lo Sportello dei Cittadini, in Piazza Duomo, 2; andr\u00e0 riconsegnato entro le ore 17.00 di marted\u00ec 20 novembre. Per qualsiasi necessit\u00e0 si potr\u00e0 chiamare il numero 0437\/913618 o inviare una mail a protezionecivile@comune.belluno.it<\/p>\n<p><strong>IL SINDACO JACOPO MASSARO<\/strong><\/p>\n<audio class=\"wp-audio-shortcode\" id=\"audio-66651-3\" preload=\"none\" style=\"width: 100%;\" controls=\"controls\"><source type=\"audio\/mpeg\" src=\"http:\/\/www.radiopiu.net\/wordpress\/wp-content\/uploads\/2018\/11\/Massaro-Raccolta-richieste-danni.mp3?_=3\" \/><a href=\"http:\/\/www.radiopiu.net\/wordpress\/wp-content\/uploads\/2018\/11\/Massaro-Raccolta-richieste-danni.mp3\">http:\/\/www.radiopiu.net\/wordpress\/wp-content\/uploads\/2018\/11\/Massaro-Raccolta-richieste-danni.mp3<\/a><\/audio>\n<p>&nbsp;<\/p>\n<p>&nbsp;<\/p>\n<p>&nbsp;<\/p>\n<h1>RIAPERTA LA PROVINCIALE 3 TRA RIVAMONTE E GOSALDO<\/h1>\n<p>DI GIANNI SANTOMASO<\/p>\n<audio class=\"wp-audio-shortcode\" id=\"audio-66651-4\" preload=\"none\" style=\"width: 100%;\" controls=\"controls\"><source type=\"audio\/ogg\" src=\"http:\/\/www.radiopiu.net\/wordpress\/wp-content\/uploads\/2018\/11\/GIANNI-STRADA.ogg?_=4\" \/><a href=\"http:\/\/www.radiopiu.net\/wordpress\/wp-content\/uploads\/2018\/11\/GIANNI-STRADA.ogg\">http:\/\/www.radiopiu.net\/wordpress\/wp-content\/uploads\/2018\/11\/GIANNI-STRADA.ogg<\/a><\/audio>\n<p>&nbsp;<\/p>\n<p>&nbsp;<\/p>\n<p>&nbsp;<\/p>\n<h1>Fns Cisl: vigili del fuoco e polizia penitenziaria bellunese in sit-in a Roma<br \/>\nManifestazione ieri per chiedere equiparazione stipendiale e assunzioni straordinarie<\/h1>\n<p><a class=\"dt-pswp-item\" href=\"http:\/\/www.radiopiu.net\/wordpress\/wp-content\/uploads\/2018\/11\/FNS_12.11.18_Roma.jpg\" data-dt-img-description=\"\" data-large_image_width=\"960\" data-large_image_height=\"640\"><img loading=\"lazy\" decoding=\"async\" class=\"size-medium wp-image-66695 alignleft\" src=\"http:\/\/www.radiopiu.net\/wordpress\/wp-content\/uploads\/2018\/11\/FNS_12.11.18_Roma-300x200.jpg\" alt=\"\" width=\"300\" height=\"200\" srcset=\"https:\/\/www.radiopiu.net\/wordpress\/wp-content\/uploads\/2018\/11\/FNS_12.11.18_Roma-300x200.jpg 300w, https:\/\/www.radiopiu.net\/wordpress\/wp-content\/uploads\/2018\/11\/FNS_12.11.18_Roma-768x512.jpg 768w, https:\/\/www.radiopiu.net\/wordpress\/wp-content\/uploads\/2018\/11\/FNS_12.11.18_Roma.jpg 960w\" sizes=\"auto, (max-width: 300px) 100vw, 300px\" \/><\/a>Equiparazione contributiva e previdenziale dei Vigili del Fuoco agli altri corpi dello Stato, stop alle aggressioni subite dai poliziotti penitenziari da parte dei detenuti, assunzioni straordinarie. Queste le richieste della Cisl Fns, la Federazione nazionale della sicurezza, all\u2019attuale Governo. Gioved\u00ec 15 novembre c\u2019era anche una delegazione della Cisl Fns di Belluno Treviso, assieme a centinaia di lavoratori dei Vigili del Fuoco e della Polizia penitenziaria provenienti da tutta Italia, al sit-in in piazza Montecitorio a Roma organizzato per sollecitare il Governo a rivedere le misure contenute nella Legge di Bilancio per le due categorie. Cisl Fns Belluno Treviso ha voluto partecipare per chiedere gli adeguamenti economici per il Corpo Nazionale dei Vigili del Fuoco, che ha condotto e diretto con estrema professionalit\u00e0 e spirito di sacrificio le operazioni di soccorso in seguito al maltempo e alla alluvione che hanno recentemente colpito il territorio bellunese. \u201cAbbiamo &#8211; spiega Robert Da Re della segreteria territoriale Cisl Fns Belluno Treviso &#8211; anche voluto dar voce a livello nazionale ai poliziotti penitenziari bellunesi impegnati da pi\u00f9 di due anni e mezzo nella battaglia per la chiusura della sezione psichiatrica della Casa Circondariale di Belluno, chiusura da tutti promessa ma che purtroppo sembra essersi persa nel labirinto della burocrazia\u201d. I manifestanti hanno incontrato nella piazza romana il deputato bellunese Luca De Carlo e una delegazione di parlamentari di Fratelli d\u2019Italia. \u201cCi auguriamo &#8211; conclude Da Re &#8211; che riescano a portare le istanze di Vigili del Fuoco e agenti penitenziari a livello parlamentare e di Governo\u201d.<\/p>\n<p>&nbsp;<\/p>\n<p>&nbsp;<\/p>\n<p>&nbsp;<\/p>\n<p>&nbsp;<\/p>\n<p>&nbsp;<\/p>\n<p>&nbsp;<\/p>\n<h1>ALICE FERRONI DOMANI A MEZZOGIORNO IN FAMIGLIA SU RAI2<\/h1>\n<p>&nbsp;<\/p>\n<p><a class=\"dt-pswp-item\" href=\"http:\/\/www.radiopiu.net\/wordpress\/wp-content\/uploads\/2018\/11\/0aa1ffa2-971f-4b21-8bcb-ca0adbd4cc76.jpg\" data-dt-img-description=\"\" data-large_image_width=\"150\" data-large_image_height=\"150\"><img loading=\"lazy\" decoding=\"async\" class=\"size-full wp-image-66722 alignleft\" src=\"http:\/\/www.radiopiu.net\/wordpress\/wp-content\/uploads\/2018\/11\/0aa1ffa2-971f-4b21-8bcb-ca0adbd4cc76.jpg\" alt=\"\" width=\"150\" height=\"150\" \/><\/a>Inizia oggi da Giancarlo Magalli a mezzogiorno in famiglia la sfida tra Primiero e\u00a0 Caulonia (Calabria). Due squadre che si cimenteranno in diverse prove, anche quella canora e qui entra in campo Alice, figlia d&#8217;arte di Daniela Lena e Eros Ferroni. Alice canter\u00e0 domani attorno alle 11.30-11.45, non si conosce la canzone con la quale sfider\u00e0 il cantante o la cantante del sud, ma sar\u00e0 possibile portarla in alto con il televoto\u00a0Televoto: 894433 da telefono fisso 4784784 Da SMS\u00a0 DIGITARE 2, sar\u00e0 aperto al termine della prova. In bocca al lupo alla nostra cantante di Agordo e alla squadra dei cugini del Primiero<\/p>\n<p><strong>NEL SERVIZIO D&#8217;ARCHIVIO ALICE FERRONI PREMIATA PER MOTIVI DI STUDIO ALLA CAMERA DEI DEPUTATI<\/strong><\/p>\n<blockquote class=\"wp-embedded-content\" data-secret=\"lTb6HVmi1I\"><p><a href=\"http:\/\/www.radiopiu.net\/wordpress\/alice-alla-camera-dei-deputati-audio\/\">ALICE ALLA CAMERA DEI DEPUTATI AUDIO INTERVISTA A RADIO PIU<\/a><\/p><\/blockquote>\n<p><iframe loading=\"lazy\" class=\"wp-embedded-content\" sandbox=\"allow-scripts\" security=\"restricted\" style=\"position: absolute; clip: rect(1px, 1px, 1px, 1px);\" src=\"http:\/\/www.radiopiu.net\/wordpress\/alice-alla-camera-dei-deputati-audio\/embed\/#?secret=lTb6HVmi1I\" data-secret=\"lTb6HVmi1I\" width=\"600\" height=\"338\" title=\"&#8220;ALICE ALLA CAMERA DEI DEPUTATI AUDIO INTERVISTA A RADIO PIU&#8221; &#8212; Radio Pi\u00f9\" frameborder=\"0\" marginwidth=\"0\" marginheight=\"0\" scrolling=\"no\"><\/iframe><\/p>\n<p>&nbsp;<\/p>\n<p>&nbsp;<\/p>\n<h1>80 MILA !!! DOLOMITICI SEMPRE PIU&#8217; IN CRESCITA<\/h1>\n<p><a class=\"dt-pswp-item\" href=\"http:\/\/www.radiopiu.net\/wordpress\/wp-content\/uploads\/2018\/11\/12369177_1011468882250675_208572902247289566_n-1.jpg\" data-dt-img-description=\"\" data-large_image_width=\"960\" data-large_image_height=\"750\"><img loading=\"lazy\" decoding=\"async\" class=\"size-medium wp-image-66721 alignleft\" src=\"http:\/\/www.radiopiu.net\/wordpress\/wp-content\/uploads\/2018\/11\/12369177_1011468882250675_208572902247289566_n-1-300x234.jpg\" alt=\"\" width=\"300\" height=\"234\" srcset=\"https:\/\/www.radiopiu.net\/wordpress\/wp-content\/uploads\/2018\/11\/12369177_1011468882250675_208572902247289566_n-1-300x234.jpg 300w, https:\/\/www.radiopiu.net\/wordpress\/wp-content\/uploads\/2018\/11\/12369177_1011468882250675_208572902247289566_n-1-768x600.jpg 768w, https:\/\/www.radiopiu.net\/wordpress\/wp-content\/uploads\/2018\/11\/12369177_1011468882250675_208572902247289566_n-1.jpg 960w\" sizes=\"auto, (max-width: 300px) 100vw, 300px\" \/><\/a>Il gruppo facebook ha iscritto ieri sera l&#8217;ottanta millesimo dolomitico. Una grande soddisfazione per i fondatori di una delle pagine pi\u00f9 interessanti e partecipate del social. In questi giorni Dolomitici ha proposto una campagna a favore dei Serrai di Sottoguda con interessamento dei luoghi del Fai<\/p>\n<p><strong>DARIO GANZ <em>&#8221;\u00a0<\/em><\/strong><em>Benvenuto\u00a0<a class=\"profileLink\" role=\"button\" href=\"https:\/\/www.facebook.com\/uomodellospazio?fref=gs&amp;__tn__=%2CdK-R-R&amp;eid=ARC701TwGC8ZxNAmAkVrS8e4_cojEaT60M45CChwAhXgGkOxIz9BRHJtE3itvtklk90qtD0lbfi9TO2Y&amp;dti=42492853273&amp;hc_location=group\" rel=\"dialog\" data-hovercard=\"\/ajax\/hovercard\/user.php?id=1485843278&amp;extragetparams=%7B%22__tn__%22%3A%22%2CdK-R-R%22%2C%22eid%22%3A%22ARC701TwGC8ZxNAmAkVrS8e4_cojEaT60M45CChwAhXgGkOxIz9BRHJtE3itvtklk90qtD0lbfi9TO2Y%22%2C%22fref%22%3A%22gs%22%2C%22directed_target_id%22%3A42492853273%2C%22dti%22%3A42492853273%2C%22hc_location%22%3A%22group%22%7D\" data-hovercard-prefer-more-content-show=\"1\">Mauro De Bettio<\/a>!<a class=\"_58cn\" href=\"https:\/\/www.facebook.com\/hashtag\/superdolomitico?source=feed_text\" data-ft=\"{&quot;type&quot;:104,&quot;tn&quot;:&quot;*N&quot;}\"><span class=\"_5afx\"><span class=\"_58cl _5afz\" aria-label=\"hashtag\">\u00a0#<\/span><span class=\"_58cm\">SuperDoloMitico<\/span><\/span><\/a>\u00a0numero\u00a0<a class=\"_58cn\" href=\"https:\/\/www.facebook.com\/hashtag\/ottantamila?source=feed_text\" data-ft=\"{&quot;type&quot;:104,&quot;tn&quot;:&quot;*N&quot;}\"><span class=\"_5afx\"><span class=\"_58cl _5afz\" aria-label=\"hashtag\">#<\/span><span class=\"_58cm\">ottantamila<\/span><\/span><\/a>! Questo numero speciale per tutti noi \u00e8 dedicato, oggi 16 novembre 2018, a un fotografo speciale: Mauro De Bettio.\u00a0\u00a0<a href=\"https:\/\/maurodebettio.com\/?fbclid=IwAR3UwuicB40fabTzd5QpzM8I1m7Fh6-oPqqXnbZXY5AbPqxjWShLpziL2K4\" target=\"_blank\" rel=\"noopener nofollow\" data-ft=\"{&quot;tn&quot;:&quot;-U&quot;}\" data-lynx-mode=\"asynclazy\" data-lynx-uri=\"https:\/\/l.facebook.com\/l.php?u=https%3A%2F%2Fmaurodebettio.com%2F%3Ffbclid%3DIwAR3UwuicB40fabTzd5QpzM8I1m7Fh6-oPqqXnbZXY5AbPqxjWShLpziL2K4&amp;h=AT0pUiU7m4ZKvCYciZjH5sNr0bXpejoC67dx5d_bn6cFJIHfl4OIJ0T0br6xzSzbe5kIUIIJG32o3ZaMVbaMjlguZa99gMm9QKYECuUub9QJYibHWgBpM1rELuVGvl-1pGqbpA\">https:\/\/maurodebettio.com<\/a>\u00a0 \u201cSento un\u2019enorme responsabilit\u00e0 nel trovare l\u2019approccio corretto con le persone che ritraggo e nel delineare, attraverso le immagini, quello che altre persone non conoscono\u201d Questa sera abbiamo portato nelle Dolomiti un p\u00f2 d\u2019emozione catalana! Grande passione, coraggio e tanto altro in questo documentario che ti consiglio senz\u2019altro&#8221;.<\/em><\/p>\n<p><strong>audio<\/strong><\/p>\n<audio class=\"wp-audio-shortcode\" id=\"audio-66651-5\" preload=\"none\" style=\"width: 100%;\" controls=\"controls\"><source type=\"audio\/mpeg\" src=\"http:\/\/www.radiopiu.net\/wordpress\/wp-content\/uploads\/2018\/11\/DARIO.mp3?_=5\" \/><a href=\"http:\/\/www.radiopiu.net\/wordpress\/wp-content\/uploads\/2018\/11\/DARIO.mp3\">http:\/\/www.radiopiu.net\/wordpress\/wp-content\/uploads\/2018\/11\/DARIO.mp3<\/a><\/audio>\n<p>&nbsp;<\/p>\n<p>&nbsp;<\/p>\n<p>&nbsp;<\/p>\n<h1>IL RUOLO DELLE UNITA&#8217; CINOFILE NEL SOCCORSO IN MONTAGNA<\/h1>\n<p><strong>FELTRE\u00a0 Come contribuiscono al soccorso in montagna le unit\u00e0 cinofile?<\/strong><br \/>\n<a class=\"dt-pswp-item\" href=\"http:\/\/www.radiopiu.net\/wordpress\/wp-content\/uploads\/2015\/10\/es-cansiglio-12-10-15-2.jpg\" data-dt-img-description=\"\" data-large_image_width=\"640\" data-large_image_height=\"465\"><img loading=\"lazy\" decoding=\"async\" class=\"size-medium wp-image-11890 alignleft\" src=\"http:\/\/www.radiopiu.net\/wordpress\/wp-content\/uploads\/2015\/10\/es-cansiglio-12-10-15-2-300x218.jpg\" alt=\"\" width=\"300\" height=\"218\" \/><\/a>Se ne parler\u00e0 mercoled\u00ec 21 novembre 2018, alle 18.00 nella sala convegni dell\u2019Ospedale di Feltre, nell\u2019ambito degli incontri dei \u201cMercoled\u00ec della salute\u201d. Il tema \u00e8 stato suggerito direttamente dai cittadini tramite i questionari di gradimento distribuiti durante le serate informative. I relatori saranno un Istruttore del Soccorso Alpino della Guardia di Finanza (S.A.G.F.) di Auronzo di Cadore e dei volontari del Soccorso Alpino Dolomiti Bellunesi CNSAS.\u00a0 Il Soccorso Alpino della Guardia di Finanza, infatti, che assolve prioritariamente le attivit\u00e0 di salvaguardia della vita umana e di pronto intervento operativo, svolte in zone di media ed alta montagna, caratterizzate da terreni innevati, ripidi, rocciosi o ghiacciati, si avvale, per l\u2019assolvimento dei predetti compiti di servizio, dell\u2019indispensabile apporto di unit\u00e0 cinofile per la ricerca in valanga, in superficie e in macerie. All\u2019interno del Soccorso Alpino Dolomiti Bellunesi operano anche le unit\u00e0 cinofile guidate dall\u2019istruttore nazionale Alessandro Darman. In Veneto sono presenti 13 unit\u00e0 cinofile. Le unit\u00e0 cinofile del CNSAS sono fondamentali in numerosi scenari. Dall\u2019intervento in valanga alla ricerca in superficie \u2013 senza dimenticare le lunghe \u201cpiste\u201d seguite dai cani molecolari \u2013 ogni anno decine di interventi sono risolti grazie all\u2019addestramento e alla preparazione di cani e conduttori del CNSAS. Le scuole che formano le unit\u00e0 cinofile all\u2019interno del Corpo Nazionale Soccorso Alpino e Speleologico sono specializzate nella ricerca in superficie (UCRS), in valanga (UCV) e con le UCRM, le unit\u00e0 cinofile molecolari. A queste vanno aggiunte anche le UCRC, le unit\u00e0 cinofile specializzate in catastrofi. A moderare l\u2019incontro sar\u00e0 Marco Dal Pont, coordinatore della sede di Feltre dell\u2019Universit\u00e0 di Padova. A Feltre, infatti, \u00e8 stata attivata la 3\u00b0 edizione del Master in 1\u00b0 livello in \u201cPrevenzione e soccorso in alta quota e in territorio montano\u201d grazie anche alla collaborazione di Soccorso Alpino e Vigili del Fuoco. Durante la serata sar\u00e0 chiarito anche cosa pu\u00f2 fare il cittadino per facilitare i soccorsi in montagna e le buone norme di prevenzione degli incidenti in inverno.<\/p>\n<p>&nbsp;<\/p>\n<p>&nbsp;<\/p>\n<p>&nbsp;<\/p>\n<p>&nbsp;<\/p>\n<p>&nbsp;<\/p>\n<h1>CONCORSO PER ALLIEVI AGENTI DI POLIZIA<\/h1>\n<p align=\"JUSTIFY\"><span style=\"font-size: medium;\"><a class=\"dt-pswp-item\" href=\"http:\/\/www.radiopiu.net\/wordpress\/wp-content\/uploads\/2018\/10\/IMG_5363.jpeg\" data-dt-img-description=\"\" data-large_image_width=\"339\" data-large_image_height=\"245\"><img loading=\"lazy\" decoding=\"async\" class=\"size-medium wp-image-63764 alignleft\" src=\"http:\/\/www.radiopiu.net\/wordpress\/wp-content\/uploads\/2018\/10\/IMG_5363-300x217.jpeg\" alt=\"\" width=\"300\" height=\"217\" srcset=\"https:\/\/www.radiopiu.net\/wordpress\/wp-content\/uploads\/2018\/10\/IMG_5363-300x217.jpeg 300w, https:\/\/www.radiopiu.net\/wordpress\/wp-content\/uploads\/2018\/10\/IMG_5363.jpeg 339w\" sizes=\"auto, (max-width: 300px) 100vw, 300px\" \/><\/a>Nella Gazzetta Ufficiale della Repubblica Italiana \u2013 4^ serie speciale \u201cConcorsi ed esami\u201d n. 89 del 9 novembre 2018 sono stati pubblicati i seguenti bandi di concorso:\u00a0<\/span><b style=\"font-size: large;\">Concorso pubblico, per titoli ed esami, per l\u2019assunzione di 654 allievi agenti della Polizia di Stato, riservato ai volontari in ferma prefissata di un anno o quadriennale ovvero in rafferma annuale in servizio o in congedo;\u00a0<\/b><b style=\"font-size: large;\">Scorrimento della graduatoria degli idonei non vincitori del concorso pubblico, per esame, a 893 posti, successivamente elevati a 1182;\u00a0<\/b><span style=\"font-size: large;\"><b>c<\/b><\/span><span style=\"font-size: large;\"><b>oncorso pubblico, <\/b><\/span><span style=\"font-size: large;\"><b>per titoli, per l\u2019assunzione di 30 atleti da assegnare ai gruppi sportivi della Polizia di Stato \u2013 Fiamme Oro, che saranno inquadrati nel ruolo degli agenti ed assistenti della Polizia di Stato, riservato ad atleti riconosciuti di interesse nazionale dal Comitato Olimpico Nazionale Italiano (C.O.N.I.) o dalle Federazioni sportive nazionali.\u00a0<\/b><\/span><span style=\"font-size: medium;\">La domanda di partecipazione ai concorsi deve essere compilata ed inviata entro il termine di trenta giorni, decorrente dal giorno successivo alla data di pubblicazione dei bandi nella suddetta Gazzetta Ufficiale della Repubblica italiana, utilizzando esclusivamente la procedura informatica disponibile all\u2019indirizzo <span style=\"color: #0000ff;\"><u>https:\/\/concorsionline.poliziadistato.it <\/u><\/span> (Concorso pubblico).\u00a0<\/span><span style=\"font-size: medium;\">Tali atti sono consultabili anch<em>e sul sito <span style=\"color: #0000ff;\"><u><a href=\"https:\/\/www.poliziadistato.it\/\">https:\/\/www.poliziadistato.it<\/a><\/u><\/span>.<\/em><\/span><\/p>\n<blockquote>\n<p align=\"JUSTIFY\">\n<\/blockquote>\n<h1 align=\"JUSTIFY\"><\/h1>\n<h1 align=\"JUSTIFY\"><\/h1>\n<h1 align=\"JUSTIFY\"><\/h1>\n<h1 align=\"JUSTIFY\"><\/h1>\n<blockquote>\n<h1 align=\"JUSTIFY\"><\/h1>\n<\/blockquote>\n<h1 align=\"JUSTIFY\"><em><strong>Cortina 2021 si presenta a Milano, sognando le Olimpiadi 2026<\/strong><\/em><\/h1>\n<blockquote>\n<h2 align=\"JUSTIFY\"><strong><em>Una serata alla Triennale con il Presidente di Fondazione Cortina 2021\u00a0Alessandro Benetton e i sindaci di Milano e Cortina, Beppe Sala e Gianpietro Ghedina<\/em><br \/>\n<\/strong><\/h2>\n<\/blockquote>\n<h4 align=\"JUSTIFY\"><strong><br \/>\n<img decoding=\"async\" src=\"http:\/\/eventi-omniarelations.com\/public\/Immagini\/Fondazione%20Cortina%202021\/15%20novembre_Fondazione%20Cortina%202021_3.png\" alt=\"\" \/><\/strong><br \/>\n<strong>MILANO<\/strong>\u00a0Si \u00e8 svolto alla Triennale di Milano un incontro di\u00a0presentazione dei Campionati del Mondo di Sci Alpino 2021,\u00a0con lo sguardo orientato alla candidatura di Milano-Cortina ai Giochi Olimpici Invernali del 2026.\u00a0L\u2019appuntamento \u2013 moderato da Luca Ubaldeschi \u2013 ha visto dialogare\u00a0Giuseppe Sala, Sindaco del Comune di Milano,\u00a0Gianpietro Ghedina,\u00a0Sindaco del Comune di Cortina d\u2019Ampezzo, e\u00a0Alessandro Benetton, Presidente di Fondazione Cortina 2021. Una serata per illustrare ai media il grande lavoro che si sta facendo a Cortina per preparare al meglio i Campionati del Mondo di Sci del 2021 che rappresentano al momento il pi\u00f9 importante evento sportivo organizzato in Italia nei prossimi anni.\u00a0Iniziando il suo intervento,\u00a0Alessandro Benetton\u00a0ha voluto ricordare i numeri dell\u2019appuntamento iridato: undici giorni di gare maschili e femminili di discesa, super G, gigante, slalom e, per la prima volta, di parallelo individuale, che porteranno a Cortina oltre 600 atleti da 70 nazioni, pronti ad aggiudicarsi gli 11 titoli mondiali in palio. Sono attese 6.000 persone tra addetti ai lavori, volontari, tecnici, preparatori atletici, skimen e dirigenti e 150 mila spettatori.<br \/>\n&#8220;Sar\u00e0 un&#8217;occasione per Cortina, il Veneto e sicuramente per tutta l&#8217;Italia. Abbiamo voluto impostare un lavoro basato sulla sostenibilit\u00e0, sui giovani, sul futuro e sul coinvolgimento del territorio. Anche alla luce di quello che \u00e8 recentemente successo con il maltempo, la sostenibilit\u00e0 \u00e8 davvero il driver strategico per costruire il domani. A questo criterio ci siamo attenuti anche per realizzare le nuove piste che testeremo nelle prossime settimane e per disegnare il nuovo arrivo di Rumerlo che dar\u00e0 vita ad un nuovo paesaggio. Riusciremo a sorprendere tutti, la nostra eredit\u00e0 sar\u00e0 fondamentale per la tappa successiva che mi auguro saranno le Olimpiadi!\u201d\u00a0Il sindaco di Milano\u00a0Giuseppe Sala\u00a0si \u00e8 soffermato sulle prospettive di ottenere le Olimpiadi 2026 che reputa buone:\u00a0&#8220;La nostra proposta \u00e8 fortemente innovativa e molto in linea con le linee del CIO, con pochi investimenti e rispettose dal punto di vista ambientale.\u00a0Possiamo mettere in campo la capacit\u00e0 di una grande citt\u00e0 internazionale come Milano con un luogo iconico come Cortina.\u00a0E poi, permettetemi: io sono un maniaco dello sci. \u00c8 un paio d\u2019anni che non scio, sar\u00f2 a Cortina dal 31 notte: ho una voglia folle di andare a sciare.\u201d\u00a0Il sindaco di Cortina d\u2019Ampezzo\u00a0Gianpietro Ghedina\u00a0ha scelto la metafora per commentare un binomio a suo dire fantastico per la corsa Olimpica:\u00a0\u201cNoi siamo la poesia, Milano \u00e8 la prosa. Montagna e citt\u00e0, due realt\u00e0 complementari. Ma stasera siamo qui per dirvi tutto il nostro impegno a lavorare per un grande Mondiale di Sci nel 2021, il punto di partenza di tutto questo processo. Ci stiamo attrezzando anche come localit\u00e0:\u00a0oltre 15 hotel hanno in corso lavori di forte ristrutturazione mentre 2 alberghi sorgeranno del tutto nuovi per i Mondiali. Aspetto tutti a gennaio quando con la Coppa del Mondo Femminile testeremo nuova pista e arrivo.\u201d\u00a0In chiusura, Alessandro Benetton ha voluto ringraziare tutti i partner del progetto Cortina 2021 che stanno attivamente supportando la costruzione del Mondiale, e specialmente i due nuovi arrivati Leitner e Gruppo Tecnica. Per maggiori informazioni:\u00a0www.cortina2021.com<\/h4>\n<p>&nbsp;<\/p>\n<p>&nbsp;<\/p>\n<p>&nbsp;<\/p>\n<p>&nbsp;<\/p>\n<h1>DOLOMITI STARS TORNA IN EUROPA PER TROVARE NUOVI MERCATI<\/h1>\n<blockquote>\n<h2><em><strong>ATTIVO IL SISTEMA DI PRENOTAZIONE DEL DOLOMITI SKI SHUTTLE<\/strong><\/em><\/h2>\n<\/blockquote>\n<p><strong><a class=\"dt-pswp-item\" href=\"http:\/\/www.radiopiu.net\/wordpress\/wp-content\/uploads\/2018\/11\/h.jpg\" data-dt-img-description=\"\" data-large_image_width=\"750\" data-large_image_height=\"213\"><img loading=\"lazy\" decoding=\"async\" class=\"alignnone wp-image-66690 size-full\" src=\"http:\/\/www.radiopiu.net\/wordpress\/wp-content\/uploads\/2018\/11\/h.jpg\" alt=\"\" width=\"750\" height=\"213\" srcset=\"https:\/\/www.radiopiu.net\/wordpress\/wp-content\/uploads\/2018\/11\/h.jpg 750w, https:\/\/www.radiopiu.net\/wordpress\/wp-content\/uploads\/2018\/11\/h-300x85.jpg 300w\" sizes=\"auto, (max-width: 750px) 100vw, 750px\" \/><\/a>ALLEGHE\u00a0<\/strong>\u00a0Come ogni anno, durante l\u2019autunno il Consorzio Turistico Dolomiti Stars si dedica alla promozione dell\u2019offerta invernale ed estiva con meeting ed educational in Italia ed Europa. L\u2019obiettivo \u00e8 sempre quello di espandere il raggio d\u2019azione e trovare nuovi mercati a cui proporre i comprensori sciistici e le localit\u00e0 del territorio, Alleghe, Selva di Cadore, Val di Zoldo, Falcade, Arabba e Marmolada come mete turistiche a breve distanza dall\u2019aeroporto di Venezia. A fine ottobre lo staff di Dolomiti Stars e dei diversi consorzi di valle \u00e8 volato a Copenaghen e Stoccolma per partecipare alle due giornate di workshop organizzate dalla DMO Dolomiti per tutte le aree dolomitiche bellunesi. \u201cIl Nord Europa rappresenta un bacino d\u2019utenza dalle potenzialit\u00e0 molto interessanti che siamo riusciti a sfruttare solo in parte, per questo vogliamo stringere partnership con un maggior numero di tour operator e agenzie fornendo agli operatori una conoscenza pi\u00f9 approfondita insieme a delle proposte gi\u00e0 confezionate e pronte per essere vendute\u201d afferma il direttore marketing Marco Sartori. L\u2019attivit\u00e0 di promozione di Dolomiti Stars, quindi, si sta sempre pi\u00f9 concentrando sulle nuove esigenze della domanda e, oltre alla presentazione generale dei plus del territorio e delle specifiche localit\u00e0, vengono proposti dei pacchetti studiati ad hoc e personalizzati. \u201cI prodotti turistici pi\u00f9 apprezzati in Svezia e Danimarca sono infatti l&#8217;enogastronomia e la cultura ma anche il paesaggio e l&#8217;ambiente, adatti sia per vacanze di relax che per una vacanza attiva\u201d conferma Marco Sartori. Dal 5 al 7 novembre si \u00e8 tenuto invece il World Travel Market, storica fiera internazionale di Londra per il settore turistico, a cui Dolomiti Stars prende parte ogni anno con la regione Veneto. Un\u2019occasione unica per incontrare migliaia di professionisti specializzati, giornalisti e visitatori, ma soprattutto per promuovere le diverse destinazioni in collaborazione con la DMO Dolomiti attraverso nuove partnership di rilievo come il National Geographic, GetYourGuide e il Club Alpino Inglese. Nel frattempo, proprio in questi giorni, sul sito www.dolomiti.org \u00e8 stato riattivato il sistema di prenotazione del transfer Dolomiti Ski Shuttle dedicato ai turisti che scelgono come mezzo di trasporto l\u2019aereo e il treno per raggiungere i comprensori sciistici Civetta, Falcade-San Pellegrino e Arabba-Marmolada. Un servizio che riscuote sempre grande successo garantendo un collegamento facile e veloce tra le Dolomiti e gli aeroporti di Venezia, Treviso, Bergamo-Orio al Serio, Linate, Malpensa e la stazione ferroviaria di Mestre con corse ogni sabato, domenica e gioved\u00ec. Per la stagione invernale che sta per iniziare il Dolomiti Ski Shuttle sar\u00e0 in funzione dal 6 dicembre 2018 al 31 marzo 2019.<\/p>\n<p>&nbsp;<\/p>\n<p>&nbsp;<\/p>\n<p>&nbsp;<\/p>\n<p>&nbsp;<\/p>\n<h1>CACCIA: PRESIDENTE ZAIA PROROGA STOP FINO A GIOVED\u00cc 29 NOVEMBRE<\/h1>\n<p><strong><a class=\"dt-pswp-item\" href=\"http:\/\/www.radiopiu.net\/wordpress\/wp-content\/uploads\/2018\/11\/cacciastop.jpg\" data-dt-img-description=\"\" data-large_image_width=\"1280\" data-large_image_height=\"853\"><img loading=\"lazy\" decoding=\"async\" class=\"size-medium wp-image-66196 alignleft\" src=\"http:\/\/www.radiopiu.net\/wordpress\/wp-content\/uploads\/2018\/11\/cacciastop-300x200.jpg\" alt=\"\" width=\"300\" height=\"200\" srcset=\"https:\/\/www.radiopiu.net\/wordpress\/wp-content\/uploads\/2018\/11\/cacciastop-300x200.jpg 300w, https:\/\/www.radiopiu.net\/wordpress\/wp-content\/uploads\/2018\/11\/cacciastop-768x512.jpg 768w, https:\/\/www.radiopiu.net\/wordpress\/wp-content\/uploads\/2018\/11\/cacciastop-1024x682.jpg 1024w, https:\/\/www.radiopiu.net\/wordpress\/wp-content\/uploads\/2018\/11\/cacciastop.jpg 1280w\" sizes=\"auto, (max-width: 300px) 100vw, 300px\" \/><\/a>VENEZIA\u00a0<\/strong>Il Presidente della Regione Veneto, Luca Zaia, ha prorogato sino a gioved\u00ec 29 novembre la sospensione della caccia nei comuni bellunesi di Canale d\u2019Agordo, Colle di Santa Lucia, Gosaldo, Livinallongo del Col di Lana, Rivamonte Agordino, Rocca Pietore, Taibon Agordino e Voltago Agordino, Auronzo di Cadore, Perarolo di Cadore, Lorenzago di Cadore, San Pietro di Cadore, Vigo di Cadore e Pieve di Cadore. La decisione \u00e8 motivata dalla prosecuzione degli interventi di messa in sicurezza e ripristino di infrastrutture, viabilit\u00e0 e insediamenti e dalle movimentazione di uomini e di mezzi per le operazioni di ripulitura di boschi, a seguito del grave maltempo che ha interessato l\u2019intera provincia dolomitica nelle scorse settimane. Lo stop temporaneo alla pratica venatoria \u00e8 prolungato sino a gioved\u00ec 29 novembre anche nelle aree boschive interessate da schianti totali o parziali e nelle aree interessate da frane, ove siano presenti cantieri e macchine operatrici, e nelle aree operative di ripristino, con una fascia di rispetto e sicurezza di 500 metri da tali aree. Alla Provincia di Belluno \u00e8 riconosciuta la facolt\u00e0 di proporre eventuali ulteriori restrizioni alla pratica venatoria, da recepire con un successivo decreto del presidente della Giunta regionale. Il presidente della Regione d\u00e0, inoltre, facolt\u00e0 ai Sindaci di disporre, con propria ordinanza, ulteriori divieti temporanei all\u2019esercizio della caccia &#8211; anche in ampliamento alle aree individuate con il decreto odierno &#8211; dove sia necessario garantire adeguata sicurezza agli operatori impegnati nelle operazioni di abbattimento tronchi, rimozione, ripristino della viabilit\u00e0 e dei collegamenti comunali.<\/p>\n<p>&nbsp;<\/p>\n<p>&nbsp;<\/p>\n<p>&nbsp;<\/p>\n<p>&nbsp;<\/p>\n<p>&nbsp;<\/p>\n<h1>ZAIA NOMINATO COMMISSARIO PER I DANNI DEL MALTEMPO IN VENETO.<\/h1>\n<p><strong><a class=\"dt-pswp-item\" href=\"http:\/\/www.radiopiu.net\/wordpress\/wp-content\/uploads\/2018\/11\/PONTE-4.jpg\" data-dt-img-description=\"\" data-large_image_width=\"1600\" data-large_image_height=\"1200\"><img loading=\"lazy\" decoding=\"async\" class=\"size-medium wp-image-66191 alignleft\" src=\"http:\/\/www.radiopiu.net\/wordpress\/wp-content\/uploads\/2018\/11\/PONTE-4-300x225.jpg\" alt=\"\" width=\"300\" height=\"225\" srcset=\"https:\/\/www.radiopiu.net\/wordpress\/wp-content\/uploads\/2018\/11\/PONTE-4-300x225.jpg 300w, https:\/\/www.radiopiu.net\/wordpress\/wp-content\/uploads\/2018\/11\/PONTE-4-768x576.jpg 768w, https:\/\/www.radiopiu.net\/wordpress\/wp-content\/uploads\/2018\/11\/PONTE-4-1024x768.jpg 1024w, https:\/\/www.radiopiu.net\/wordpress\/wp-content\/uploads\/2018\/11\/PONTE-4.jpg 1600w\" sizes=\"auto, (max-width: 300px) 100vw, 300px\" \/><\/a>VENEZIA\u00a0\u00a0<\/strong>\u201cMai come in questo caso vale il vecchio motto: pancia a terra e lavorare. I Veneti, e io con loro, ci sono abituati da sempre. Comincio un lavoro che in questi giorni drammatici \u00e8 stato di fatto gi\u00e0 improntato, e che costituisce una grandissima sfida il cui obbiettivo \u00e8 tornare come prima e pi\u00f9 di prima\u201d. Lo dice il Presidente della Regione, Luca Zaia, nominato oggi Commissario Delegato per gli interventi a seguito del maltempo che ha colpito il territorio del Veneto tra fine ottobre e inizio novembre, con un\u2019ordinanza firmata dal Capo Dipartimento della Protezione Civile Angelo Borrelli. \u201cLa grande sfida \u2013 aggiunge Zaia \u2013 \u00e8 recuperare i danni subiti dalle strutture pubbliche e private, ma il ritorno alla normalit\u00e0 non pu\u00f2 prescindere dalla necessit\u00e0 di rispondere all\u2019immane catastrofe che abbiamo subito nei boschi, con centomila ettari rasi al suolo. Questa \u00e8 una sfida unica e nuova, per il Veneto e per l\u2019Italia, dove un danno del genere non si era mai verificato prima\u201d. \u201cIn passato \u2013 ricorda Zaia \u2013 sono stato Commissario per l\u2019alluvione del 2010 e per il terremoto del 2012. Questa di oggi \u00e8 per\u00f2 la situazione pi\u00f9 complicata che mi sia mai capitato di affrontare\u201d. \u201cNel cammino che ci attende \u2013 prosegue il Governatore \u2013 abbiamo una squadra bella, motivata ed efficiente, ed \u00e8 un ottimo punto di partenza\u201d. Zaia annuncia infine che a breve proceder\u00e0 alla nomina dei Vicecommissari e dei Soggetti Attuatori della cui collaborazione si avvarr\u00e0. Ai Commissari delegati (come Zaia per il Veneto sono stati nominati altri Presidenti di Regione per i territori di loro competenza) spetta, tra l\u2019altro, la predisposizione di un piano di interventi urgenti che includa le attivit\u00e0 di soccorso e assistenza alla popolazione, rimozione delle situazioni di pericolo, ripristino della funzionalit\u00e0 dei servizi pubblici e infrastrutture di reti strategiche, gestione di rifiuti e macerie, misure volte a garantire la continuit\u00e0 amministrativa nei territori interessati. Per gli interventi sulla viabilit\u00e0, anche in gestione a Enti territoriali e locali, i Commissari delegati possono avvalersi di Anas Spa come soggetto attuatore.<\/p>\n<p>&nbsp;<\/p>\n<p>&nbsp;<\/p>\n<h1>EMERGENZA MALTEMPO &#8211; DARIO BOND (FORZA ITALIA): \u00abBENE LA NOMINA DEL COMMISSARIO ZAIA. MA SERVONO ALTRE RISORSE\u00bb<\/h1>\n<audio class=\"wp-audio-shortcode\" id=\"audio-66651-6\" preload=\"none\" style=\"width: 100%;\" controls=\"controls\"><source type=\"audio\/ogg\" src=\"http:\/\/www.radiopiu.net\/wordpress\/wp-content\/uploads\/2018\/11\/BOND-ZAIA.ogg?_=6\" \/><a href=\"http:\/\/www.radiopiu.net\/wordpress\/wp-content\/uploads\/2018\/11\/BOND-ZAIA.ogg\">http:\/\/www.radiopiu.net\/wordpress\/wp-content\/uploads\/2018\/11\/BOND-ZAIA.ogg<\/a><\/audio>\n<p>&nbsp;<\/p>\n<p>&nbsp;<\/p>\n<p>&nbsp;<\/p>\n<p align=\"CENTER\"><span style=\"color: #000000;\"><strong><span style=\"font-family: Candara, sans-serif;\"><span style=\"font-size: large;\">GIANLUCA CORSETTI NUOVO PRESIDENTE DEL COMITATO D&#8217;INTESA<\/span><\/span><\/strong><\/span><\/p>\n<p align=\"CENTER\"><span style=\"color: #000000;\"><strong><span style=\"font-family: Candara, sans-serif;\">La scelta a due settimane dalle elezioni<\/span><\/strong><\/span><\/p>\n<p align=\"CENTER\"><span style=\"color: #000000;\"><strong><span style=\"font-family: Candara, sans-serif;\">Entro fine mese la nomina del vicepresidente<\/span><\/strong><\/span><\/p>\n<p><a class=\"dt-pswp-item\" href=\"http:\/\/www.radiopiu.net\/wordpress\/wp-content\/uploads\/2018\/11\/Gianluca-Corsetti.jpg\" data-dt-img-description=\"\" data-large_image_width=\"811\" data-large_image_height=\"549\"><img loading=\"lazy\" decoding=\"async\" class=\"size-medium wp-image-66689 alignleft\" src=\"http:\/\/www.radiopiu.net\/wordpress\/wp-content\/uploads\/2018\/11\/Gianluca-Corsetti-300x203.jpg\" alt=\"\" width=\"300\" height=\"203\" srcset=\"https:\/\/www.radiopiu.net\/wordpress\/wp-content\/uploads\/2018\/11\/Gianluca-Corsetti-300x203.jpg 300w, https:\/\/www.radiopiu.net\/wordpress\/wp-content\/uploads\/2018\/11\/Gianluca-Corsetti-768x520.jpg 768w, https:\/\/www.radiopiu.net\/wordpress\/wp-content\/uploads\/2018\/11\/Gianluca-Corsetti.jpg 811w\" sizes=\"auto, (max-width: 300px) 100vw, 300px\" \/><\/a>ll nuovo consiglio direttivo del Comitato d&#8217;Intesa ha deciso: sar\u00e0 Gianluca Corsetti il nuovo presidente dell&#8217;ente. La scelta \u00e8 stata presa nella seduta di marted\u00ec sera, convocata a due settimane dalla votazione del 27 ottobre, durante la quale le associazioni aderenti hanno votato i nuovi rappresentanti dell&#8217;organismo. La scelta \u00e8 ricaduta su Corsetti, che in quanto vicepresidente uscente meglio poteva raccogliere il testimone lasciato sul tavolo da Giorgio Zampieri. Nella prossima riunione verr\u00e0 decisa anche la figura del vicepresidente. Al posto di Dario Emeri \u00e8 stato nominato segretario Romeo Bristot. Il primo degli impegni sar\u00e0 chiarire le azioni da intraprendere rispetto alla delibera con cui l&#8217;Organismo di Controllo Nazionale (ONC) ha stabilito l&#8217;accorpamento del Csv di Treviso in quello di Belluno: essendo il Comitato d&#8217;Intesa l&#8217;ente che gestisce il Centro di servizio per il volontariato provinciale, andr\u00e0 condivisa la linea operativa da intraprendere rispetto a questa decisione. \u00abGianluca Corsetti, che tutti abbiamo ringraziato per aver accettato di traghettarci verso i nuovi orizzonti, opera da anni come operatore e come volontario in due aree specifiche e impegnative quella dei minori e della disabilit\u00e0\u00bb, afferma Zampieri, \u00abha maturata una esperienza nei precedenti consigli direttivi ed \u00e8 stato rappresentante assieme alla presidente del Csv di Verona dei Csv del Veneto nella direzione nazionale di CSVnet (l\u2019organo che associa tutti i Csv d\u2019Italia). Questo lo ho visto interprete e portavoce delle istanze a livello nazionale delle esigenze territoriali. Ne ha data testimonianza con gli interventi alle assemblee del Comitato, alle quali trasferiva tutti i passi della Riforma del Terzo settore, dando un\u2019impronta decisa e con lucidit\u00e0 ne indicava pregi, difetti e conseguenze. Senz\u2019altro sapr\u00e0 accompagnare il volontariato locale verso i nuovi traguardi\u00bb.<\/p>\n<p>&nbsp;<\/p>\n<p>&nbsp;<\/p>\n<p>&nbsp;<\/p>\n<h1><\/h1>\n<h1><\/h1>\n<h1>IC FELTRE: Studenti della \u201cRocca\u201d volontari per l&#8217;ambiente.<\/h1>\n\n\t\t\t<style type='text\/css'>\n\t\t\t\t#gallery-2 {\n\t\t\t\t\tmargin: auto;\n\t\t\t\t}\n\t\t\t\t#gallery-2 .gallery-item {\n\t\t\t\t\tfloat: left;\n\t\t\t\t\tmargin-top: 10px;\n\t\t\t\t\ttext-align: center;\n\t\t\t\t\twidth: 33%;\n\t\t\t\t}\n\t\t\t\t#gallery-2 img {\n\t\t\t\t\tborder: 2px solid #cfcfcf;\n\t\t\t\t}\n\t\t\t\t#gallery-2 .gallery-caption {\n\t\t\t\t\tmargin-left: 0;\n\t\t\t\t}\n\t\t\t\t\/* see gallery_shortcode() in wp-includes\/media.php *\/\n\t\t\t<\/style>\n\t\t<div id='gallery-2' class='dt-gallery-container gallery galleryid-66651 gallery-columns-3 gallery-size-thumbnail'><dl class='gallery-item'>\n\t\t\t\t<dt class='gallery-icon landscape'>\n\t\t\t\t\t<a class=\"rollover\" href='https:\/\/www.radiopiu.net\/wordpress\/giornale-radiopiu-17-novembre-2018-direttore-mirko-mezzacasa\/ic-feltre-studenti-volontari-ambiente-1\/'><img loading=\"lazy\" decoding=\"async\" width=\"150\" height=\"150\" src=\"https:\/\/www.radiopiu.net\/wordpress\/wp-content\/uploads\/2018\/11\/IC-FELTRE-Studenti-volontari-ambiente-1-150x150.jpg\" class=\"attachment-thumbnail size-thumbnail\" alt=\"\" \/><\/a>\n\t\t\t\t<\/dt><\/dl><dl class='gallery-item'>\n\t\t\t\t<dt class='gallery-icon landscape'>\n\t\t\t\t\t<a class=\"rollover\" href='https:\/\/www.radiopiu.net\/wordpress\/giornale-radiopiu-17-novembre-2018-direttore-mirko-mezzacasa\/ic-feltre-studenti-volontari-ambiente-2\/'><img loading=\"lazy\" decoding=\"async\" width=\"150\" height=\"150\" src=\"https:\/\/www.radiopiu.net\/wordpress\/wp-content\/uploads\/2018\/11\/IC-FELTRE-Studenti-volontari-ambiente-2-150x150.jpg\" class=\"attachment-thumbnail size-thumbnail\" alt=\"\" \/><\/a>\n\t\t\t\t<\/dt><\/dl><dl class='gallery-item'>\n\t\t\t\t<dt class='gallery-icon landscape'>\n\t\t\t\t\t<a class=\"rollover\" href='https:\/\/www.radiopiu.net\/wordpress\/giornale-radiopiu-17-novembre-2018-direttore-mirko-mezzacasa\/ic-feltre-studenti-volontari-ambiente\/'><img loading=\"lazy\" decoding=\"async\" width=\"150\" height=\"150\" src=\"https:\/\/www.radiopiu.net\/wordpress\/wp-content\/uploads\/2018\/11\/IC-FELTRE-Studenti-volontari-ambiente-150x150.jpg\" class=\"attachment-thumbnail size-thumbnail\" alt=\"\" \/><\/a>\n\t\t\t\t<\/dt><\/dl><br style=\"clear: both\" \/>\n\t\t\t<\/div>\n\n<p><strong>FELTRE<\/strong> Scopa, paletta e sacco: gli studenti della media \u201cRocca\u201d si rimboccano le maniche e diventano per un giorno volontari dell&#8217;ambiente. Alunni di terza E e di seconda D, accompagnati da due docenti, nei giorni scorsi hanno pulito il cortile e gli spazi esterni della sede centrale di viale Arnaldo Fusinato a Feltre. \u201cE&#8217; una iniziativa che abbiamo voluto realizzare con alcuni ragazzi dando un contributo, seppur minimo, al concetto di volontariato \u2013 spiega la docente Patrizia Meneghel \u2013 Dopo il forte maltempo delle scorse settimane che ha colpito anche la nostra scuola, nei nostri spazi esterni era rimasta ancora traccia di resti portati dal vento, come parti metalliche, pezzi di grondaie e di isolante di tetti, carte, cartoni, plastiche indistinte, e altro. Abbiamo pensato che fosse giusto ed educativo che anche i nostri studenti potessero sperimentare azioni di volontariato e di solidariet\u00e0 cos\u00ec come tanti cittadini stanno facendo in questi giorni\u201d.<\/p>\n<p>&nbsp;<\/p>\n<p>&nbsp;<\/p>\n<p>&nbsp;<\/p>\n<h1><\/h1>\n<h1>OGGI RIAPRE IL CIMETERO URBANO<\/h1>\n<p style=\"text-align: left;\"><strong><a class=\"dt-pswp-item\" href=\"http:\/\/www.radiopiu.net\/wordpress\/wp-content\/uploads\/2018\/11\/IMG_20181116_1257581.jpg\" data-dt-img-description=\"\" data-large_image_width=\"5312\" data-large_image_height=\"2988\"><img loading=\"lazy\" decoding=\"async\" class=\"size-medium wp-image-66697 alignleft\" src=\"http:\/\/www.radiopiu.net\/wordpress\/wp-content\/uploads\/2018\/11\/IMG_20181116_1257581-300x169.jpg\" alt=\"\" width=\"300\" height=\"169\" srcset=\"https:\/\/www.radiopiu.net\/wordpress\/wp-content\/uploads\/2018\/11\/IMG_20181116_1257581-300x169.jpg 300w, https:\/\/www.radiopiu.net\/wordpress\/wp-content\/uploads\/2018\/11\/IMG_20181116_1257581-768x432.jpg 768w, https:\/\/www.radiopiu.net\/wordpress\/wp-content\/uploads\/2018\/11\/IMG_20181116_1257581-1024x576.jpg 1024w\" sizes=\"auto, (max-width: 300px) 100vw, 300px\" \/><\/a>FELTRE\u00a0<\/strong> A partire dalla giornata di oggi, sar\u00e0 riaperto il cimitero urbano di Feltre, in via Santo Spirito, chiuso a seguito dei gravi danni riportati durante la violenta ondata di maltempo che ha colpito la citt\u00e0 nelle scorse settimane. Il sindaco Paolo Perenzin ha firmato oggi l&#8217;ordinanza di riapertura, resa possibile grazie ai lavori di eliminazione dei pericoli per la pubblica incolumit\u00e0 e di realizzazione delle opere provvisionali di messa in sicurezza, nelle more dell&#8217;esecuzione degli interventi definitivi di ripristino, che saranno avviati nella prossima settimana. Si raccomanda in ogni caso ai cittadini di muoversi con cautela all&#8217;interno del cimitero, di non accedere alle zone interdette al transito e di mantenersi comunque a debita distanza dalle aree transennate.<\/p>\n<p>&nbsp;<\/p>\n<h1><\/h1>\n<p>&nbsp;<\/p>\n<h1>NASCE NEL CAPOLUOGO IL SERVIZIO DI CREMAZIONE PER ANIMALI DA COMPAGNIA<\/h1>\n<p><a class=\"dt-pswp-item\" href=\"http:\/\/www.radiopiu.net\/wordpress\/wp-content\/uploads\/2018\/11\/foto.jpg\" data-dt-img-description=\"\" data-large_image_width=\"1600\" data-large_image_height=\"914\"><img loading=\"lazy\" decoding=\"async\" class=\"size-medium wp-image-66696 alignleft\" src=\"http:\/\/www.radiopiu.net\/wordpress\/wp-content\/uploads\/2018\/11\/foto-300x171.jpg\" alt=\"\" width=\"300\" height=\"171\" srcset=\"https:\/\/www.radiopiu.net\/wordpress\/wp-content\/uploads\/2018\/11\/foto-300x171.jpg 300w, https:\/\/www.radiopiu.net\/wordpress\/wp-content\/uploads\/2018\/11\/foto-768x439.jpg 768w, https:\/\/www.radiopiu.net\/wordpress\/wp-content\/uploads\/2018\/11\/foto-1024x585.jpg 1024w, https:\/\/www.radiopiu.net\/wordpress\/wp-content\/uploads\/2018\/11\/foto.jpg 1600w\" sizes=\"auto, (max-width: 300px) 100vw, 300px\" \/><\/a>Da tempo in tutta la Provincia di Belluno, dove la ditta Vally s.a.s. da anni offre questo servizio con inceneritore a Bolzano, si chiedevano: &#8220;quando a Belluno?&#8221; Onoranze funebri per cani, gatti e tutti gli altri animali d&#8217;affezione: di questo si occupera&#8217; la ditta Vally s.a.s. di Vallarano Emanuele, societa&#8217; specializzata in questo settore.<br \/>\nL&#8217;iniziativa spiega bene il ruolo sempre importante che i piccoli amici a quattro o due zampe stanno assumendo nella societa&#8217;. Un ultimo saluto rispettoso, dignitoso e riservato per ringraziarlo di tutto cio&#8217; che ci ha donato spontaneamente: dire addio al proprio animale d&#8217;affezione non \u00e8 mai semplice e, spesso, nel momento del dolore \u00e8 difficile trovare il modo giusto per farlo. Un forno crematorio per animali domestici e, addirittura, una sala del commiato per dare l&#8217;estremo saluto al proprio amico con il quale si sono condivisi anni di vita.<br \/>\nIl servizio rimane quello che gia&#8217; la ditta Vally offre alla Provincia di Belluno: il ritiro del corpo da incenerire presso il domicilio o presso il veterinario. A disposizione dei proprietari degli animali ci sara&#8217; una sala del commiato per rimanere in attesa che il forno porti a termine il proprio compito, vengono offerte alcune urne personalizzate nelle quali sara&#8217; possibile conservare le ceneri di quello che fu un compagno di giochi, spensieratezze e dolori. Chi ha vissuto il dramma della morte del proprio amico a quattro o due zampe, o, peggio ancora, ha dovuto portarlo dal veterinario per farlo sopprimere a causa di una malattia incurabile, sa bene cosa si provi in questi momenti. Gli animali domestici ci accompagnano in ogni momento della nostra vita, chiedono poche attenzioni e ci ripagano con un affetto e una fiducia che non conoscono limiti. MAI! Per questo \u00e8 sempre piu&#8217; avvertita la necessita&#8217; di ricordarne la memoria attraverso un&#8217;urna cineraria da portare con se ovunque ci si sposti nella vita, diversamente dalla scelta della sepoltura che \u00e8 pur sempre vincolante al luogo in cui viviamo. Il sito \u00e8 gi\u00e0 stato acquisito e sono in corso le pratiche burocratiche per il completo allestimento.<\/p>\n<p>&nbsp;<\/p>\n<p>&nbsp;<\/p>\n<p>&nbsp;<\/p>\n<blockquote><p><strong>SAN TOMASO<\/strong><\/p>\n<p><strong>Autunno con la pro loco Oggi alle 17 nella sala parrocchiale a Celat appuntamento con la Pro loco dal titolo<\/strong><strong>\u00abUna montagna di fantasia\u00bb, merenda di storie al profumo d\u2019inverno, letture animate con Patrizia Bartoli<\/strong><\/p><\/blockquote>\n<p>&nbsp;<\/p>\n<p>&nbsp;<\/p>\n<p>&nbsp;<\/p>\n<p>&nbsp;<\/p>\n<p><a class=\"dt-pswp-item\" href=\"http:\/\/www.radiopiu.net\/wordpress\/wp-content\/uploads\/2018\/09\/sport.jpg\" data-dt-img-description=\"\" data-large_image_width=\"800\" data-large_image_height=\"100\"><img loading=\"lazy\" decoding=\"async\" class=\"alignnone wp-image-60761 size-full\" src=\"http:\/\/www.radiopiu.net\/wordpress\/wp-content\/uploads\/2018\/09\/sport.jpg\" alt=\"\" width=\"800\" height=\"100\" srcset=\"https:\/\/www.radiopiu.net\/wordpress\/wp-content\/uploads\/2018\/09\/sport.jpg 800w, https:\/\/www.radiopiu.net\/wordpress\/wp-content\/uploads\/2018\/09\/sport-300x38.jpg 300w, https:\/\/www.radiopiu.net\/wordpress\/wp-content\/uploads\/2018\/09\/sport-768x96.jpg 768w\" sizes=\"auto, (max-width: 800px) 100vw, 800px\" \/><\/a><\/p>\n<h1><\/h1>\n<div dir=\"ltr\">\n<h1>GLI APPUNTAMENTI SPORTIVI DEL FINE SETTIMANA<\/h1>\n<p><strong>di Marco Gaz<\/strong><\/p>\n<p><strong>HOCKEY: DOMANI ALLEGHE A VARESE\u00a0<\/strong>Alleghe in trasferta domani sera alle ore 19:30 contro il Varese, match valido per la dodicesima giornata della IHL che Radio Pi\u00f9 seguir\u00e0 in diretta all&#8217;interno di \u201cHockey Al Punto Giusto\u201d. Settore giovanile dell&#8217;Alleghe impegnato nel fine settimana con la under 19 che domani giocher\u00e0 ad Alba di Canazei contro il Cortina\/Pieve alle ore 19:30. Under 17 in campo oggi pomeriggio alle 15 in trasferta contro il Torino. L&#8217;under 15 giocher\u00e0 ad Alba di Canazei domani mattina alle 11 contro il Vipiteno mentre alla under 13 aspetta una trasferta in terra altoatesina, oggi alle 17 contro il Renon. In campo anche le ragazze dell&#8217;Alleghe Girls che oggi alle 20 sfideranno il Dobbiaco<\/p>\n<p><strong>VOLLEY: UNDER 16 AGORDINO VOLLEY CLUB IN TRASFERTA\u00a0<\/strong>Trasferta per le ragazze del Volley Club Agordino che domani mattina alle 10 giocheranno contro l&#8217;Alpago.<\/p>\n<p><strong>CALCIO: AGORDINA IN CASA CONTRO LO SCHIARA, FIORI BARP IN CASA CONTRO IL SAN GAETANO E LE VILLE A LA VALLE OGGI POMERIGGIO\u00a0<\/strong>Campionato Open CSI dove milita il Le Ville che oggi pomeriggio alle ore 15:30 giocher\u00e0 a La Valle contro il Pizzeria Al Parco Settore giovanile dell&#8217;Agordina con la juoniores di Piergiorgio De Bastiani che rispetta il turno di riposo. Gli allievi provinciali allenati da Renato Orzetti giocheranno domani mattina alle 10, in casa contro L&#8217;Alpago. In campo anche i giovanissimi di Alessandro De Lazzer che oggi alle 15:30 giocheranno in casa contro la Dynamo. Per quanto riguarda gli esordienti a 9 allenati da Giorgio Tormen, domani alle 10 si scontreranno con Lentiai in trasferta.<\/p>\n<blockquote><p><em>Domani pomeriggio su Radio Pi\u00f9 seguiremo la prima squadra dell&#8217;Agordina e il Fioribarp in diretta all&#8217;interno di DOMENICA PIU&#8217; SPORT a partire dalle 14:30.\u00a0<strong>Fiori Barp<\/strong>\u00a0 gioca in casa contro il San Gaetano (Prima Categoria gir. G del Veneto). Agordina in casa. Ad Agordo arriva lo Schiara (Seconda Categoria gir. R del Veneto).<\/em><\/p><\/blockquote>\n<\/div>\n<blockquote>\n<div id=\"DAB4FAD8-2DD7-40BB-A1B8-4E2AA1F9FDF2\"><\/div>\n<\/blockquote>\n<div><\/div>\n<div><\/div>\n<blockquote>\n<div><\/div>\n<\/blockquote>\n<h1><a class=\"dt-pswp-item\" href=\"http:\/\/www.radiopiu.net\/wordpress\/wp-content\/uploads\/2018\/09\/WhatsApp-Image-2018-09-20-at-16.04.06.jpeg\" data-dt-img-description=\"\" data-large_image_width=\"800\" data-large_image_height=\"100\"><img loading=\"lazy\" decoding=\"async\" class=\"alignnone wp-image-61378 size-full\" src=\"http:\/\/www.radiopiu.net\/wordpress\/wp-content\/uploads\/2018\/09\/WhatsApp-Image-2018-09-20-at-16.04.06.jpeg\" alt=\"\" width=\"800\" height=\"100\" srcset=\"https:\/\/www.radiopiu.net\/wordpress\/wp-content\/uploads\/2018\/09\/WhatsApp-Image-2018-09-20-at-16.04.06.jpeg 800w, https:\/\/www.radiopiu.net\/wordpress\/wp-content\/uploads\/2018\/09\/WhatsApp-Image-2018-09-20-at-16.04.06-300x38.jpeg 300w, https:\/\/www.radiopiu.net\/wordpress\/wp-content\/uploads\/2018\/09\/WhatsApp-Image-2018-09-20-at-16.04.06-768x96.jpeg 768w\" sizes=\"auto, (max-width: 800px) 100vw, 800px\" \/><\/a><\/h1>\n<h1><strong>DA OGGI A MARTEDI<\/strong><\/h1>\n<div><strong>Sabato 17<\/strong> Tempo atteso: Cielo sereno o poco nuvoloso con aria tersa ed ottima visibilit\u00e0 ovunque. Clima freddo al mattino con estese gelate, mitigato di giorno dall&#8217;ampio soleggiamento. Clima a tratti ventoso specie sulle Prealpi. Precipitazioni: Assenti (0%). Temperature: In calo a tutte le quote, eccetto le massime nelle valli, stazionarie, con estese gelate mattutine e clima freddo anche di giorno in quota nonostante il soleggiamento. Su Prealpi a 1500 m min -3\u00b0C max 1\u00b0C, a 2000 m min -6\u00b0C max -2\u00b0C. Su Dolomiti a 2000 m min -7\u00b0C max -1\u00b0C, a 3000 m min -12\u00b0C max -8\u00b0C. Venti: Nelle valli deboli di direzione variabile con qualche rinforzo da Nord-Est; in quota moderati, a tratti tesi soprattutto sulle dorsali prealpine, orientali, a 15-30 km\/h a 2000 m, 25-50 km\/h a 3000 m.<br \/>\n<strong>Domenica 18<\/strong> Tempo atteso: Cielo sereno con aria tersa ed ottima visibilit\u00e0 per tutto il giorno. Clima freddo, con estese gelate mattutine. Venti orientali in attenuazione. Precipitazioni: Assenti (0%). Temperature: Senza notevoli variazioni, o in lieve aumento le minime in alta quota. Su Prealpi a 1500 m min -1\u00b0C max 1\u00b0C, a 2000 m min -4\u00b0C max -2\u00b0C. Su Dolomiti a 2000 m min -4\u00b0C max -1\u00b0C, a 3000 m min -10\u00b0C max -8\u00b0C. Venti: Nelle valli deboli di direzione variabile con qualche rinforzo da Nord-Est; in quota moderati da Est Nord-Est, in attenuazione specie su Dolomiti, a 10-20 km\/h a 2000 m, 25-35 km\/h a 3000 m.<br \/>\n<strong>Lunedi 19\u00a0<\/strong>Possibile debole peggioramento con nuvolosit\u00e0 in aumento fino a molto nuvoloso e possibili deboli o debolissime precipitazioni, eventualmente nevose fino a fondovalle, con cumulati di pochi cm entro la mezzanotte, localmente irrisori, specie nei fondovalle pi\u00f9 bassi e sui settori dolomitici nord-orientali. Clima freddo di stampo pienamente invernale. Venti perlopi\u00f9 deboli.<br \/>\n<strong>Martedi 20<\/strong> Giornata perlopi\u00f9 nuvolosa, con possibili deboli o debolissime precipitazioni sparse, eventualmente nevose fino a fondovalle nella notte e al mattino, con tendenza a lieve rialzo della quota neve in giornata, fino attorno ai 500\/700 m. Clima sempre freddo di stampo invernale. Previsore: G.M<\/div>\n<p>&nbsp;<\/p>\n","protected":false},"excerpt":{"rendered":"<p>Sono in arrivo i primi contributi per le famiglie che hanno visto le loro proprieta&#8217; devastate dal maltempo. L&#8217;indennizzo iniziale sar\u00e0 di 5000 euro, 20 mila per le aziende. L&#8217;ordinanza \u00e8 gi\u00e0 alla firma per la concessione di 53 milioni di euro. Sindaci preoccupati per la burocrazia, i bilanci da chiudere,\u00a0 Bottacin e il capo&hellip;<\/p>\n","protected":false},"author":1,"featured_media":66709,"comment_status":"closed","ping_status":"closed","sticky":false,"template":"","format":"standard","meta":{"_monsterinsights_skip_tracking":false,"_monsterinsights_sitenote_active":false,"_monsterinsights_sitenote_note":"","_monsterinsights_sitenote_category":0,"footnotes":""},"categories":[1,86],"tags":[],"class_list":["post-66651","post","type-post","status-publish","format-standard","has-post-thumbnail","hentry","category-senza-categoria","category-gr","category-1","category-86","description-off"],"img_url":"https:\/\/www.radiopiu.net\/wordpress\/wp-content\/uploads\/2018\/11\/49fdb49b-2f1c-45b5-9ef6-d4289408bef4.jpg","_links":{"self":[{"href":"https:\/\/www.radiopiu.net\/wordpress\/wp-json\/wp\/v2\/posts\/66651","targetHints":{"allow":["GET"]}}],"collection":[{"href":"https:\/\/www.radiopiu.net\/wordpress\/wp-json\/wp\/v2\/posts"}],"about":[{"href":"https:\/\/www.radiopiu.net\/wordpress\/wp-json\/wp\/v2\/types\/post"}],"author":[{"embeddable":true,"href":"https:\/\/www.radiopiu.net\/wordpress\/wp-json\/wp\/v2\/users\/1"}],"replies":[{"embeddable":true,"href":"https:\/\/www.radiopiu.net\/wordpress\/wp-json\/wp\/v2\/comments?post=66651"}],"version-history":[{"count":0,"href":"https:\/\/www.radiopiu.net\/wordpress\/wp-json\/wp\/v2\/posts\/66651\/revisions"}],"wp:featuredmedia":[{"embeddable":true,"href":"https:\/\/www.radiopiu.net\/wordpress\/wp-json\/wp\/v2\/media\/66709"}],"wp:attachment":[{"href":"https:\/\/www.radiopiu.net\/wordpress\/wp-json\/wp\/v2\/media?parent=66651"}],"wp:term":[{"taxonomy":"category","embeddable":true,"href":"https:\/\/www.radiopiu.net\/wordpress\/wp-json\/wp\/v2\/categories?post=66651"},{"taxonomy":"post_tag","embeddable":true,"href":"https:\/\/www.radiopiu.net\/wordpress\/wp-json\/wp\/v2\/tags?post=66651"}],"curies":[{"name":"wp","href":"https:\/\/api.w.org\/{rel}","templated":true}]}}