{"id":66790,"date":"2018-11-17T16:44:07","date_gmt":"2018-11-17T15:44:07","guid":{"rendered":"http:\/\/www.radiopiu.net\/wordpress\/?p=66790"},"modified":"2018-11-17T16:50:40","modified_gmt":"2018-11-17T15:50:40","slug":"quero-26enne-nei-guai-per-proto-abusivo-darmi","status":"publish","type":"post","link":"https:\/\/www.radiopiu.net\/wordpress\/quero-26enne-nei-guai-per-proto-abusivo-darmi\/","title":{"rendered":"Quero &#8211; 26enne nei guai per porto abusivo d&#8217;armi"},"content":{"rendered":"<p>QUERO Un 29enne feltrino \u00e8 stato denunciato in stato di libert\u00e0 per porto abusivo d&#8217;armi. Nel corso di un controllo dei Carabinieri ad Alano di Piave lungo il parco \u00e8 stato ritrovato in possesso di un pugnale con lama da 26 centimetri .<\/p>\n","protected":false},"excerpt":{"rendered":"<p>QUERO Un 29enne feltrino \u00e8 stato denunciato in stato di libert\u00e0 per porto abusivo d&#8217;armi. Nel corso di un controllo dei Carabinieri ad Alano di Piave lungo il parco \u00e8 stato ritrovato in possesso di un pugnale con lama da 26 centimetri .<\/p>\n","protected":false},"author":1,"featured_media":66791,"comment_status":"closed","ping_status":"closed","sticky":false,"template":"","format":"standard","meta":{"_monsterinsights_skip_tracking":false,"_monsterinsights_sitenote_active":false,"_monsterinsights_sitenote_note":"","_monsterinsights_sitenote_category":0,"footnotes":""},"categories":[49],"tags":[],"class_list":["post-66790","post","type-post","status-publish","format-standard","has-post-thumbnail","hentry","category-news-18","category-49","description-off"],"img_url":"https:\/\/www.radiopiu.net\/wordpress\/wp-content\/uploads\/2018\/11\/armi.jpeg","_links":{"self":[{"href":"https:\/\/www.radiopiu.net\/wordpress\/wp-json\/wp\/v2\/posts\/66790","targetHints":{"allow":["GET"]}}],"collection":[{"href":"https:\/\/www.radiopiu.net\/wordpress\/wp-json\/wp\/v2\/posts"}],"about":[{"href":"https:\/\/www.radiopiu.net\/wordpress\/wp-json\/wp\/v2\/types\/post"}],"author":[{"embeddable":true,"href":"https:\/\/www.radiopiu.net\/wordpress\/wp-json\/wp\/v2\/users\/1"}],"replies":[{"embeddable":true,"href":"https:\/\/www.radiopiu.net\/wordpress\/wp-json\/wp\/v2\/comments?post=66790"}],"version-history":[{"count":0,"href":"https:\/\/www.radiopiu.net\/wordpress\/wp-json\/wp\/v2\/posts\/66790\/revisions"}],"wp:featuredmedia":[{"embeddable":true,"href":"https:\/\/www.radiopiu.net\/wordpress\/wp-json\/wp\/v2\/media\/66791"}],"wp:attachment":[{"href":"https:\/\/www.radiopiu.net\/wordpress\/wp-json\/wp\/v2\/media?parent=66790"}],"wp:term":[{"taxonomy":"category","embeddable":true,"href":"https:\/\/www.radiopiu.net\/wordpress\/wp-json\/wp\/v2\/categories?post=66790"},{"taxonomy":"post_tag","embeddable":true,"href":"https:\/\/www.radiopiu.net\/wordpress\/wp-json\/wp\/v2\/tags?post=66790"}],"curies":[{"name":"wp","href":"https:\/\/api.w.org\/{rel}","templated":true}]}}