{"id":66815,"date":"2018-11-19T06:15:57","date_gmt":"2018-11-19T05:15:57","guid":{"rendered":"http:\/\/www.radiopiu.net\/wordpress\/?p=66815"},"modified":"2018-11-19T10:04:51","modified_gmt":"2018-11-19T09:04:51","slug":"giornale-radiopiu-19-novembre-2018-direttore-mirko-mezzacasa","status":"publish","type":"post","link":"https:\/\/www.radiopiu.net\/wordpress\/giornale-radiopiu-19-novembre-2018-direttore-mirko-mezzacasa\/","title":{"rendered":"GIORNALE RADIOPIU 19 NOVEMBRE 2018 DIRETTORE MIRKO MEZZACASA"},"content":{"rendered":"<blockquote><p><strong><a class=\"dt-pswp-item\" href=\"http:\/\/www.radiopiu.net\/wordpress\/wp-content\/uploads\/2018\/11\/45553259_1596075817159195_2050089513601990656_n.jpg\" data-dt-img-description=\"\" data-large_image_width=\"960\" data-large_image_height=\"664\"><img loading=\"lazy\" decoding=\"async\" class=\" wp-image-66562 alignleft\" src=\"http:\/\/www.radiopiu.net\/wordpress\/wp-content\/uploads\/2018\/11\/45553259_1596075817159195_2050089513601990656_n-300x208.jpg\" alt=\"\" width=\"245\" height=\"170\" srcset=\"https:\/\/www.radiopiu.net\/wordpress\/wp-content\/uploads\/2018\/11\/45553259_1596075817159195_2050089513601990656_n-300x208.jpg 300w, https:\/\/www.radiopiu.net\/wordpress\/wp-content\/uploads\/2018\/11\/45553259_1596075817159195_2050089513601990656_n-768x531.jpg 768w, https:\/\/www.radiopiu.net\/wordpress\/wp-content\/uploads\/2018\/11\/45553259_1596075817159195_2050089513601990656_n.jpg 960w\" sizes=\"auto, (max-width: 245px) 100vw, 245px\" \/><\/a>Da mezzanotte revocato il limite di portata ai veicoli aventi massa complessiva a 20 tonnellate lungo la regionale 203 agordina in localit\u00e0 Le Campe soggetta a smottamento, \u00e8 un altro segno di un ritorno alla normalit\u00e0. Rimangono in vigore le limitazioni per la 347 del Duran (3,5 tonellate), provinciale 8 di San Tomaso (24 tonnellate senza rimorchio), provinciale 422 del Cansiglio (24 tonnellate). Rimane chiusa la provinciale 2 del Mis e la provinciale 20 della Val Fiorentina e la 641 di Passo Fedaia. Giornata di gran traffico ieri nell&#8217;Agordino, lunghe code al semaforo di Candaten, ma anche a Cencenighe al cantiere del Ghirlo,\u00a0 il semaforo non presidiato \u00e8 la causa del problema che invece non si \u00e8 ripetuto in localit\u00e0 Le Campe dove il presidio della frana prevede la presenza h24 del moviere, in questo modo il traffico viene regolato senza creare code se ad esempio i mezzi in arrivo da Belluno sono 3 mentre in senso contrario sono 50. E&#8217; invece ancora costante la presenza degli uomini dell&#8217;Esercito presenti al Ponte Rova e in localit\u00e0 Le Campe altro servizio che copre le 24 ore. <\/strong><\/p>\n<p><strong>Sabato ad Agordo la tangenziale \u00e8 stata messa alla prova, 17 camion da 38 tonnellate hanno permesso ai tecnici di portare a termine le prove di carico ed ecco la notizia: dal 17 dicembre apertura della tangenziale Pragrande-Polane campo di calcio. <\/strong><\/p>\n<p><strong>Dal governatore Luca Zaia critiche ai Forestali che a Feltre hanno intimato lo stop alla pulizia dei boschi &#8220;Dobbiamo fare presto&#8221;, dice e invita lo Stato a ringraziare i volontari. In Cadore il Cai sta ripristinando i sentieri dai tronchi.\u00a0 A Belluno in 60 hanno risposto all&#8217;appello del sindaco Jacopo Massaro per ripulire il Nevegal ed a dicembre apriranno gli impianti e le piste. In pochi giorni: riparato il tetto dello Spes Arena in tempo per ospitare le gare di scherma,\u00a0 inaugurata la mostra di illustrazioni per l\u2019infanzia a Palazzo Crepadona e, ieri la pulizia delle piste da sci. <\/strong><\/p>\n<p><strong>Nonostante incendi e alluvioni Belluno \u00e8 al terzo posto nella classifica 2018 della qualit\u00e0 della vita, prima Bolzano e poi Trento le due provincie autonome. L&#8217;indagine di Italia Oggi pone Belluno al terzo posto per la cura del territorio, per le condizioni economiche di sicurezza e senso di comunit\u00e0 oltre alle bellezze naturali.\u00a0Treviso in vetta per sicurezza, Trentino Alto Adige per lavoro. Nessuna veneta al top in sanit\u00e0: troppo pochi medici e posti letto.<\/strong><\/p>\n<p><strong> Nel fine settimana William Da Roit ha corso in Grecia per 246 chilometri, un&#8217;altra impresa per il panetteria di La Valle Agordina, a Roma Alice Ferroni ha cantato a mezzogiorno in famiglia (Rai2), splendida interpretazione di &#8220;Avrai&#8221; per la ragazza di Agordo portacolori della squadra del vicino Primiero.<\/strong><\/p>\n<p><strong> Intanto ieri sera il sindaco di Gosaldo, Giocondo Dalle Feste ha incontrato la popolazione a Tiser<\/strong><\/p>\n<p><span style=\"color: #ff0000;\"><strong>IL SINDACO DI GOSALDO<\/strong><\/span><\/p>\n<audio class=\"wp-audio-shortcode\" id=\"audio-66815-1\" preload=\"none\" style=\"width: 100%;\" controls=\"controls\"><source type=\"audio\/ogg\" src=\"http:\/\/www.radiopiu.net\/wordpress\/wp-content\/uploads\/2018\/11\/WhatsApp-Audio-2018-11-19-at-06.44.08.ogg?_=1\" \/><a href=\"http:\/\/www.radiopiu.net\/wordpress\/wp-content\/uploads\/2018\/11\/WhatsApp-Audio-2018-11-19-at-06.44.08.ogg\">http:\/\/www.radiopiu.net\/wordpress\/wp-content\/uploads\/2018\/11\/WhatsApp-Audio-2018-11-19-at-06.44.08.ogg<\/a><\/audio>\n<p>&nbsp;<\/p><\/blockquote>\n<p>&nbsp;<\/p>\n<p>&nbsp;<\/p>\n<h1>NELL&#8217;INCIDENTE FERITA LA PASSEGGERA<\/h1>\n<p><strong>LAMON<\/strong>\u00a0 Incidente stradale\u00a0sulla strada regionale 50 tra Ponte Serra e Ponte Oltra. Uscita autonoma per\u00a0 un fuoristrada Hyundai. Il conducente (illeso) ha perso il controllo del mezzo, che \u00e8 sbandato ed uscito di strada verso destra finendo addosso al muro laterale. Ad avere la peggio \u00e8 stata la donna che viaggiava a fianco del conducente: B.G., 67 anni, ha riportato alcune contusioni non gravi<\/p>\n<p>&nbsp;<\/p>\n<p>&nbsp;<\/p>\n<h1>VALBELLUNA FURTI CONTINUI<\/h1>\n<p><strong>SANTA GIUSTINA<\/strong> Sono due le abitazioni messe a soqquadro dai ladri, dopo un primo tentativo in via XX settembre dove i ladri sono stati messi in fuga dal sistema d&#8217;allarme \u00e8 stata scassinata la porta di un&#8217;altra abitazione, bottino ingente. Nell&#8217;ultimo fine settimana 4 i furti in paese oltre a quello di Limana con vittima un&#8217;anziana di\u00a073 anni di Navasa chiusa in una stanza (si \u00e8 liberata saltando dalla finestra) dal\u00a0 rapinatore le ha strappato la collana e\u00a0 rubato il portafoglio. Il delinquente un venditore ambulante che pi\u00f9 volte aveva fatto visita alla donna, straniero, venditore porta a porta che prima ha chiesto i soldi alla donna (che glieli ha dati) e poi gli ha strappato la collana chiudendola in una stanza.<\/p>\n<p>&nbsp;<\/p>\n<h1><\/h1>\n<h1>CONSEGNATE A FELTRE LE AQUILE DEL COMMERCIO<\/h1>\n<p><strong>60 ANNI DI ATTIVITA\u2019\u00a0<\/strong>\u00a0Caterina Filippin e Gemma Mazzorana di Longarone<\/p>\n<p><strong>50 ANNI DI ATTIVITA\u2019\u00a0<\/strong>Teresa Balbinot dell\u2019Alpago; Elena Bertelle di Feltre; Giorgio Bonanni di Sappada; Dino Campagnolo dell\u2019Alpago; Silvano Cascella della Val di Zoldo; Bettino Dalla Gasperina di Feltre; Iolanda<br \/>\nDavare di Rocca Pietore; Guglielmina De Demo dell\u2019Alpago; Maria Luisa De Fanti della Val di Zoldo; Giovanni De Filippo Roia di Auronzo di Cadore; Antonio Della Putta di Belluno; Maria Rosa Deon di Agordo; Giorgio Durighello di Alano di Piave; Dino Fabbro di Lorenzago di Cadore; Luigino Gerlin di Sedico; Dino Merlin di San Gregorio nelle Alpi; Valente Mussoi di Sedico; Lina Orzes di Ponte nelle Alpi; Gianni Pezz\u00e8 di Rocca Pietore;<br \/>\nFulvio Puicher Soravia di Sappada; Mirella Reolon della Val di Zoldo; Maria Rigo di Feltre; Luigi<br \/>\nRumor di Santa Giustina; Maria Tonet di Pedavena; Mario Tonon di Comelico Superiore; Luigi Tonon di Comelico Superiore.<\/p>\n<p><strong>40 ANNI DI ATTIVITA\u2019\u00a0<\/strong>Gian Ugo Bacchetti di Santa Giustina; Primo Casanova di San Pietro di Cadore; Anna Maria Cassol di San Gregorio nelle Alpi; Ornella Cimolai di Trichiana; Rosangela Da Roit di Agordo; Andrea<br \/>\nDal Pont di Belluno; Alba De Zorzi di Fonzaso; Lino Del Favero di San Vito di Cadore; Angiolina Fabbro di Lorenzago di Cadore; Idelma Faoro di Arsi\u00e8; Chineto Faoro di Arsi\u00e8; Viviana Lotto di Belluno; Rosella Lotto di Belluno; Teresina Menegus di San Vito di Cadore; Carla Mezzavilla di Belluno; Giovanna Olivotto di<br \/>\nPonte nelle Alpi; Anna Pia Orzes di Ponte nelle Alpi; Bruno Rampazzo di Ponte nelle Alpi; Roberto Schena di Agordo; Pietro Giorgio Schizzi dell\u2019Alpago; Enzo Giovanni Sponga di Sedico; Lucia Sposato di Santa Giustina; Giuliana Taverna di Arsi\u00e8.<\/p>\n<p><strong>25 ANNI DI ATTIVITA\u2019\u00a0<\/strong>Corrado Bartolini di Rocca Pietore; Bruno Canal di Feltre; Angela De Min di Belluno; Giuseppe Sacchet di Trichiana; Mirella Sacchet di Sovramonte; Artemio Tollardo di Feltre e Dorina Mores di<br \/>\nArsi\u00e8.<\/p>\n<h2>IL COMMENTO DI DARIO BOND<\/h2>\n<audio class=\"wp-audio-shortcode\" id=\"audio-66815-2\" preload=\"none\" style=\"width: 100%;\" controls=\"controls\"><source type=\"audio\/ogg\" src=\"http:\/\/www.radiopiu.net\/wordpress\/wp-content\/uploads\/2018\/11\/dario-bond.ogg?_=2\" \/><a href=\"http:\/\/www.radiopiu.net\/wordpress\/wp-content\/uploads\/2018\/11\/dario-bond.ogg\">http:\/\/www.radiopiu.net\/wordpress\/wp-content\/uploads\/2018\/11\/dario-bond.ogg<\/a><\/audio>\n<p>&nbsp;<\/p>\n<p>&nbsp;<\/p>\n<p>&nbsp;<\/p>\n<p>&nbsp;<\/p>\n<p>&nbsp;<\/p>\n<h1>METEO E PROTEZIONE CIVILE. SEMPRE SOTTO CONTROLLO LE FRANE DEL TESSINA E DELLA BUSA DEL CRISTO NEL BELLUNESE<\/h1>\n<p><strong>VENEZIA\u00a0<\/strong> Anche se le previsioni meteo sono tutto sommato favorevoli (deboli piogge sono attese per oggi), il Centro Funzionale Decentrato della Protezione Civile della Regione del Veneto mantiene lo stato di attenzione per rischio idrogeologico (allerta gialla) nei bacini idrografici Alto Piave e Piave Pedemontano, in provincia di Belluno, dove le abbondanti precipitazioni delle scorse settimane hanno riattivato alcuni movimenti franosi. Confermato lo specifico monitoraggio delle frane del Tessina in Comune di Chies d\u2019Alpago e della Busa del Cristo a Perarolo di Cadore; per quest\u2019ultimo Comune rimane localmente l\u2019allerta rossa.<\/p>\n<p>&nbsp;<\/p>\n<p>&nbsp;<\/p>\n<p>&nbsp;<\/p>\n<p>&nbsp;<\/p>\n<div class=\"page-title-head hgroup\">\n<h1 class=\"entry-title\">TANGENZIALE DI AGORDO, PROVE DI CARICO. APERTURA LUNEDI 17 DICEMBRE<\/h1>\n<p>di Gianni Santomaso<\/p>\n<\/div>\n<div class=\"page-title-breadcrumbs\">\n<audio class=\"wp-audio-shortcode\" id=\"audio-66815-3\" preload=\"none\" style=\"width: 100%;\" controls=\"controls\"><source type=\"audio\/ogg\" src=\"http:\/\/www.radiopiu.net\/wordpress\/wp-content\/uploads\/2018\/11\/WhatsApp-Ptt-2018-11-17-at-16.12.35.ogg?_=3\" \/><a href=\"http:\/\/www.radiopiu.net\/wordpress\/wp-content\/uploads\/2018\/11\/WhatsApp-Ptt-2018-11-17-at-16.12.35.ogg\">http:\/\/www.radiopiu.net\/wordpress\/wp-content\/uploads\/2018\/11\/WhatsApp-Ptt-2018-11-17-at-16.12.35.ogg<\/a><\/audio>\n<\/div>\n<p>&nbsp;<\/p>\n<blockquote class=\"wp-embedded-content\" data-secret=\"oljvYE1MgA\"><p><a href=\"https:\/\/www.radiopiu.net\/wordpress\/tangenziale-di-agordo-prove-di-carico-apertura-lunedi-17-dicembre\/\">TANGENZIALE DI AGORDO, PROVE DI CARICO. APERTURA LUNEDI 17 DICEMBRE<\/a><\/p><\/blockquote>\n<p><iframe loading=\"lazy\" class=\"wp-embedded-content\" sandbox=\"allow-scripts\" security=\"restricted\" style=\"position: absolute; clip: rect(1px, 1px, 1px, 1px);\" src=\"https:\/\/www.radiopiu.net\/wordpress\/tangenziale-di-agordo-prove-di-carico-apertura-lunedi-17-dicembre\/embed\/#?secret=oljvYE1MgA\" data-secret=\"oljvYE1MgA\" width=\"600\" height=\"338\" title=\"&#8220;TANGENZIALE DI AGORDO, PROVE DI CARICO. APERTURA LUNEDI 17 DICEMBRE&#8221; &#8212; Radio Pi\u00f9\" frameborder=\"0\" marginwidth=\"0\" marginheight=\"0\" scrolling=\"no\"><\/iframe><\/p>\n<p>&nbsp;<\/p>\n<p>&nbsp;<\/p>\n<p>&nbsp;<\/p>\n<h1>BRAVA ALICE!<\/h1>\n<p><a class=\"dt-pswp-item\" href=\"http:\/\/www.radiopiu.net\/wordpress\/wp-content\/uploads\/2018\/11\/a1e6d4e5-e95f-4a4d-94a2-a59a22a8f680.jpg\" data-dt-img-description=\"\" data-large_image_width=\"1600\" data-large_image_height=\"900\"><img loading=\"lazy\" decoding=\"async\" class=\"alignnone wp-image-66832 size-large\" src=\"http:\/\/www.radiopiu.net\/wordpress\/wp-content\/uploads\/2018\/11\/a1e6d4e5-e95f-4a4d-94a2-a59a22a8f680-1024x576.jpg\" alt=\"\" width=\"1024\" height=\"576\" srcset=\"https:\/\/www.radiopiu.net\/wordpress\/wp-content\/uploads\/2018\/11\/a1e6d4e5-e95f-4a4d-94a2-a59a22a8f680-1024x576.jpg 1024w, https:\/\/www.radiopiu.net\/wordpress\/wp-content\/uploads\/2018\/11\/a1e6d4e5-e95f-4a4d-94a2-a59a22a8f680-300x169.jpg 300w, https:\/\/www.radiopiu.net\/wordpress\/wp-content\/uploads\/2018\/11\/a1e6d4e5-e95f-4a4d-94a2-a59a22a8f680-768x432.jpg 768w, https:\/\/www.radiopiu.net\/wordpress\/wp-content\/uploads\/2018\/11\/a1e6d4e5-e95f-4a4d-94a2-a59a22a8f680.jpg 1600w\" sizes=\"auto, (max-width: 1024px) 100vw, 1024px\" \/><\/a><\/p>\n<blockquote><p><em>Con &#8220;Avrai&#8221; di Claudio Baglioni Alice Ferroni ha bucato il video a &#8220;mezzogiorno in famiglia&#8221;, ha cantato per la squadra del Primiero che purtroppo non \u00e8 riuscita a battere gli avversari calabresi di Caulonia. Ci\u00f2 che rimane \u00e8 il bel ricordo del volto sorridente dell&#8217;elegante Alice e soprattutto la sua voce da un territorio martoriato ma con la voglia di ritrovare dinamismo e sorrisi.<\/em><\/p><\/blockquote>\n<p><strong>ALICE FERRONI A RADIO PIU<\/strong><\/p>\n<audio class=\"wp-audio-shortcode\" id=\"audio-66815-4\" preload=\"none\" style=\"width: 100%;\" controls=\"controls\"><source type=\"audio\/mpeg\" src=\"http:\/\/www.radiopiu.net\/wordpress\/wp-content\/uploads\/2018\/11\/ALICE.mp3?_=4\" \/><a href=\"http:\/\/www.radiopiu.net\/wordpress\/wp-content\/uploads\/2018\/11\/ALICE.mp3\">http:\/\/www.radiopiu.net\/wordpress\/wp-content\/uploads\/2018\/11\/ALICE.mp3<\/a><\/audio>\n<p>&nbsp;<\/p>\n<p>&nbsp;<\/p>\n<p>&nbsp;<\/p>\n<h1>DANNI DAL MALTEMPO, PRIMA RICOGNIZIONE ENTRO GIOVEDI<\/h1>\n<p><strong><a class=\"dt-pswp-item\" href=\"http:\/\/www.radiopiu.net\/wordpress\/wp-content\/uploads\/2018\/11\/IMG_20181116_1257581.jpg\" data-dt-img-description=\"\" data-large_image_width=\"5312\" data-large_image_height=\"2988\"><img loading=\"lazy\" decoding=\"async\" class=\" wp-image-66697 alignleft\" src=\"http:\/\/www.radiopiu.net\/wordpress\/wp-content\/uploads\/2018\/11\/IMG_20181116_1257581-300x169.jpg\" alt=\"\" width=\"211\" height=\"119\" srcset=\"https:\/\/www.radiopiu.net\/wordpress\/wp-content\/uploads\/2018\/11\/IMG_20181116_1257581-300x169.jpg 300w, https:\/\/www.radiopiu.net\/wordpress\/wp-content\/uploads\/2018\/11\/IMG_20181116_1257581-768x432.jpg 768w, https:\/\/www.radiopiu.net\/wordpress\/wp-content\/uploads\/2018\/11\/IMG_20181116_1257581-1024x576.jpg 1024w\" sizes=\"auto, (max-width: 211px) 100vw, 211px\" \/><\/a>FELTRE<\/strong> E\u2019 stato pubblicato sul sito internet del Comune di Feltre (www.comune.feltre.bl.it) l\u2019avviso inerente la prima segnalazione ricognitiva dei danni riportati da privati cittadini, imprese, attivit\u00e0 economiche\/produttive ed Enti non commerciali proprietari di beni mobili e immobili, a seguito della violenta ondata di maltempo verificatasi dal 28 al 30 ottobre scorsi. Il relativo modulo \u00e8 scaricabile dallo stesso sito internet (o reperibile in forma cartacea presso i Magazzini Comunali negli orari di ufficio) e dovr\u00e0 essere consegnato ENTRO LE ORE 12.00 DI GIOVEDI PROSSIMO 22 NOVEMBRE con una delle seguenti modalit\u00e0:<\/p>\n<p>&nbsp;<\/p>\n<p>&nbsp;<\/p>\n<p>&nbsp;<\/p>\n<p>&nbsp;<\/p>\n<p>&nbsp;<\/p>\n<div class=\"page-title-head hgroup\">\n<h1 class=\"entry-title\">FILIPPIDE RUN\u2026 WILLIAM AL VIA, IN GRECIA 490 CHILOMETRI DA PERCORRERE<\/h1>\n<\/div>\n<div class=\"page-title-breadcrumbs\"><em>\u201cE poi succede che ci riesci davvero! In 246 km da Atene a Sparta realizzo il mio sogno da ultramaratoneta baciando la statua di Re Leonida. Vista la mia condizione fisica non ottimale e il meteo ancora inclemente ho deciso di fermarmi qui. Felice! Grazie di cuore a Claudio e Federico per aver reso tutto questo possibile. A Michela per aver fatto il pane al posto mio. A Trifon per le foto e a Sport Agordo \u2013 CMP Trail e a RADIO PIU\u2019 per il supporto!\u201d<\/em><\/div>\n<div><\/div>\n<div>\n<p><a class=\"dt-pswp-item\" href=\"http:\/\/www.radiopiu.net\/wordpress\/wp-content\/uploads\/2018\/11\/46434232_1955157411456232_127248851504463872_n.jpg\" data-dt-img-description=\"\" data-large_image_width=\"638\" data-large_image_height=\"960\"><img loading=\"lazy\" decoding=\"async\" class=\"size-medium wp-image-66816 alignleft\" src=\"http:\/\/www.radiopiu.net\/wordpress\/wp-content\/uploads\/2018\/11\/46434232_1955157411456232_127248851504463872_n-199x300.jpg\" alt=\"\" width=\"199\" height=\"300\" srcset=\"https:\/\/www.radiopiu.net\/wordpress\/wp-content\/uploads\/2018\/11\/46434232_1955157411456232_127248851504463872_n-199x300.jpg 199w, https:\/\/www.radiopiu.net\/wordpress\/wp-content\/uploads\/2018\/11\/46434232_1955157411456232_127248851504463872_n.jpg 638w\" sizes=\"auto, (max-width: 199px) 100vw, 199px\" \/><\/a>Grande\u00a0<a class=\"profileLink\" href=\"https:\/\/www.facebook.com\/profile.php?id=100008859767493&amp;__tn__=%2CdK-R-R&amp;eid=ARDFxEh4NMyqOeutkp4-YNajBeY3jwEKlPhMCkl5KaHpKM1LAkro3iwLpG9XHqd1QBpcnCse6EfcmSUR&amp;fref=mentions\" data-hovercard=\"\/ajax\/hovercard\/user.php?id=100008859767493&amp;extragetparams=%7B%22__tn__%22%3A%22%2CdK-R-R%22%2C%22eid%22%3A%22ARDFxEh4NMyqOeutkp4-YNajBeY3jwEKlPhMCkl5KaHpKM1LAkro3iwLpG9XHqd1QBpcnCse6EfcmSUR%22%2C%22fref%22%3A%22mentions%22%7D\" data-hovercard-prefer-more-content-show=\"1\">William<\/a>\u00a0!!! \u0395\u03ba\u03b5\u03af \u03c0\u03bf\u03c5 \u03bd\u03bf\u03bc\u03af\u03b6\u03b5\u03b9\u03c2 \u03c0\u03c9\u03c2 \u03c0\u03b1\u03c2 \u03bd\u03b1 \u03b2\u03c1\u03b5\u03b9\u03c2 \u03c4\u03b7 \u03a3\u03c0\u03ac\u03c1\u03c4\u03b7 \u03ba\u03b1\u03b9 \u03c3\u03c5\u03bd\u03b1\u03bd\u03c4\u03ac\u03c2 \u03c4\u03bf\u03bd \u03b5\u03b1\u03c5\u03c4\u03cc \u03c3\u03bf\u03c5&#8230; \u0391\u03c0\u03cc \u03c4\u03bf\u03c5\u03c2 22 \u03b4\u03c1\u03bf\u03bc\u03b5\u03af\u03c2 \u03c0\u03bf\u03c5 \u03be\u03b5\u03ba\u03af\u03bd\u03b7\u03c3\u03b1\u03bd \u03b1\u03c0\u03cc \u03c4\u03b7\u03bd \u0391\u03b8\u03ae\u03bd\u03b1 \u03ba\u03b1\u03c4\u03ac\u03c6\u03b5\u03c1\u03b1\u03bd \u03bd\u03b1 \u03c6\u03b8\u03ac\u03c3\u03bf\u03c5\u03bd \u03c3\u03c4\u03b7 \u03a3\u03c0\u03ac\u03c1\u03c4\u03b7 \u03bc\u03cc\u03bd\u03bf\u03bd \u03bf\u03b9 9,(\u03b1\u03bd\u03ac\u03bc\u03b5\u03c3\u03ac \u03c4\u03bf\u03c5\u03c2 \u03ba\u03b1\u03b9 \u03bc\u03b9\u03b1 \u03b3\u03c5\u03bd\u03b1\u03af\u03ba\u03b1),\u03ba\u03ac\u03c4\u03c9 \u03b1\u03c0\u03cc \u03ba\u03b1\u03c4\u03b1\u03c1\u03c1\u03b1\u03ba\u03c4\u03ce\u03b4\u03b7 \u03b2\u03c1\u03bf\u03c7\u03ae \u03c3\u03b5 \u03cc\u03bb\u03b7 \u03c4\u03b7 \u03b4\u03b9\u03b1\u03b4\u03c1\u03bf\u03bc\u03ae. \u03a3\u03c4\u03bf \u03c0\u03b1\u03c1\u03b8\u03ad\u03bd\u03b9\u03bf \u03cc\u03c1\u03bf\u03c2,\u03c0\u03ac\u03bd\u03c9 \u03b1\u03c0\u03cc \u03c4\u03b7 \u039d\u03b5\u03c3\u03c4\u03ac\u03bd\u03b7, \u03c3\u03c5\u03bd\u03ac\u03bd\u03c4\u03b7\u03c3\u03b1\u03bd \u03b3\u03b9\u03b1 5 \u03c7\u03b9\u03bb\u03b9\u03cc\u03bc\u03b5\u03c4\u03c1\u03b1, 15-20 \u03c0\u03cc\u03bd\u03bf\u03c5\u03c2 \u03bb\u03b1\u03c3\u03c0\u03c9\u03bc\u03ad\u03bd\u03bf \u03c7\u03b9\u03cc\u03bd\u03b9 . \u038a\u03c3\u03c9\u03c2 \u03bf \u03b4\u03c5\u03c3\u03ba\u03bf\u03bb\u03cc\u03c4\u03b5\u03c1\u03bf\u03c2 \u03b1\u03b3\u03ce\u03bd\u03b1\u03c2 \u03c0\u03b1\u03b3\u03ba\u03bf\u03c3\u03bc\u03af\u03c9\u03c2, \u03c3\u03cd\u03bc\u03c6\u03c9\u03bd\u03b1 \u03bc\u03b5 \u03c4\u03b1 \u03bb\u03b5\u03b3\u03cc\u03bc\u03b5\u03bd\u03ac \u03c4\u03bf\u03c5\u03c2. \u03a7\u03c9\u03c1\u03af\u03c2 \u03c4\u03bf \u03c0\u03b1\u03c1\u03b1\u03bc\u03b9\u03ba\u03c1\u03cc \u03bf\u03b9\u03ba\u03bf\u03bd\u03bf\u03bc\u03b9\u03ba\u03cc \u03ba\u03ad\u03c1\u03b4\u03bf\u03c2.\u03a0\u03bb\u03b7\u03c1\u03ce\u03bd\u03bf\u03bd\u03c4\u03b1\u03c2 \u03cc\u03bb\u03b1 \u03c4\u03b1 \u03ad\u03be\u03bf\u03b4\u03b1 \u03b1\u03c0\u03cc \u03c4\u03b7\u03bd \u03c4\u03c3\u03ad\u03c0\u03b7 \u03c4\u03bf\u03c5\u03c2 (\u03b5\u03b9\u03c3\u03b9\u03c4\u03ae\u03c1\u03b9\u03b1 \u03c3\u03c5\u03bd\u03bf\u03b4\u03ce\u03bd \u03ba\u03b1\u03b9 \u03b4\u03b9\u03ba\u03ac \u03c4\u03bf\u03c5\u03c2, \u03be\u03b5\u03bd\u03bf\u03b4\u03bf\u03c7\u03b5\u03af\u03b1,\u03c3\u03c5\u03bd 500 \u03b5\u03c5\u03c1\u03ce \u03bf\u03b9 \u03be\u03ad\u03bd\u03bf\u03b9 \u03ba\u03b1\u03b9 250 \u03bf\u03b9 \u0388\u03bb\u03bb\u03b7\u03bd\u03b5\u03c2 \u03c9\u03c2 \u03b4\u03b9\u03ba\u03b1\u03af\u03c9\u03bc\u03b1 \u03c3\u03c5\u03bc\u03bc\u03b5\u03c4\u03bf\u03c7\u03ae\u03c2) \u038c\u03bd\u03b5\u03b9\u03c1\u03bf \u03b6\u03c9\u03ae\u03c2 \u03b3\u03b9\u03b1 \u03c4\u03bf\u03c5\u03c2 \u03c0\u03b5\u03c1\u03b9\u03c3\u03c3\u03cc\u03c4\u03b5\u03c1\u03bf\u03c5\u03c2&#8230;\u03c0\u03bf\u03c5 \u03c3\u03c5\u03c7\u03bd\u03ac \u03bc\u03b5\u03af\u03bd\u03b5\u03b9 \u03b1\u03bd\u03b5\u03ba\u03c0\u03bb\u03ae\u03c1\u03c9\u03c4\u03bf&#8230;<\/p>\n<p><strong>TRADUZIONE<\/strong><\/p>\n<div class=\"_63tb\">\n<div class=\"_5wpt\">\n<div>Grande\u00a0<a class=\"profileLink\" href=\"https:\/\/www.facebook.com\/profile.php?id=100008859767493&amp;__tn__=K-R-R&amp;eid=ARCZHotCDYM6sONZpHA0RAmJ1q0T67rJWmJxEh-x8QV14Ii_KoUMVVeFzJAdHWhvs_w7PAuDekbBCLVY&amp;__xts__%5B0%5D=68.ARD9sL_JATc-covcUWcKR0YEgGOy4MwMnoQK1W9Ca6Noc2sN6kSe9jNw_YcFIj7pdc05RHGG5_HjFNFtBWUrcWcu2uVBqFvo5kM9mwOJgFTjMvx_vIvdKBfdvCvCmdxY_S2DVkSCLJLTT7cSZV2skxc-YvSRP9dutjLBhTqOJm89W2gxOCL9jUNKGWuEUz4QD7RbSjE5KposO1TU\" data-hovercard=\"\/ajax\/hovercard\/user.php?id=100008859767493&amp;extragetparams=%7B%22__tn__%22%3A%22%2CdK-R-R-R%22%2C%22eid%22%3A%22ARCZHotCDYM6sONZpHA0RAmJ1q0T67rJWmJxEh-x8QV14Ii_KoUMVVeFzJAdHWhvs_w7PAuDekbBCLVY%22%7D\" data-hovercard-prefer-more-content-show=\"1\">William<\/a>!!! Dove pensi di andare a trovare Sparta e incontrare te stesso&#8230; dei 22 corridori che hanno iniziato da Atene sono riusciti a raggiungere Sparta solo i 9, (tra loro e una donna), sotto torrenziale Pioggia fino in fondo. Sul termine parth\u00e9nio, sopra nest\u00e1n\u0113, si sono incontrati per 5 km, 15-20 dolori di neve fangosa. Forse la gara pi\u00f9 dura in tutto il mondo, secondo le loro parole. Senza il minimo guadagno finanziario. Pagando tutti i costi dalla loro tasca (biglietti di scorta e i propri, hotel, pi\u00f9 500 euro gli stranieri e 250 i greci come diritto di partecipazione) sogno di vita per la maggior parte&#8230; che spesso restano insoddisfatti&#8230;<\/div>\n<\/div>\n<\/div>\n<\/div>\n<p><strong>IL COMMENTO DEL PANETTIERE DALLE BUONE GAMBE<\/strong><\/p>\n<audio class=\"wp-audio-shortcode\" id=\"audio-66815-5\" preload=\"none\" style=\"width: 100%;\" controls=\"controls\"><source type=\"audio\/mpeg\" src=\"http:\/\/www.radiopiu.net\/wordpress\/wp-content\/uploads\/2018\/11\/william.mp3?_=5\" \/><a href=\"http:\/\/www.radiopiu.net\/wordpress\/wp-content\/uploads\/2018\/11\/william.mp3\">http:\/\/www.radiopiu.net\/wordpress\/wp-content\/uploads\/2018\/11\/william.mp3<\/a><\/audio>\n<p>&nbsp;<\/p>\n<div style=\"width: 640px;\" class=\"wp-video\"><video class=\"wp-video-shortcode\" id=\"video-66815-1\" width=\"640\" height=\"352\" preload=\"metadata\" controls=\"controls\"><source type=\"video\/mp4\" src=\"http:\/\/www.radiopiu.net\/wordpress\/wp-content\/uploads\/2018\/11\/WhatsApp-Video-2018-11-19-at-05.57.44.mp4?_=1\" \/><a href=\"http:\/\/www.radiopiu.net\/wordpress\/wp-content\/uploads\/2018\/11\/WhatsApp-Video-2018-11-19-at-05.57.44.mp4\">http:\/\/www.radiopiu.net\/wordpress\/wp-content\/uploads\/2018\/11\/WhatsApp-Video-2018-11-19-at-05.57.44.mp4<\/a><\/video><\/div>\n<p>&nbsp;<\/p>\n<blockquote class=\"wp-embedded-content\" data-secret=\"xnqg5u4ei8\"><p><a href=\"https:\/\/www.radiopiu.net\/wordpress\/filippide-run-wlliam-al-via-in-grecia-490-chilometri-da-percorrere\/\">FILIPPIDE RUN&#8230; WILLIAM AL VIA, IN GRECIA 490 CHILOMETRI DA PERCORRERE\u00a0<\/a><\/p><\/blockquote>\n<p><iframe loading=\"lazy\" class=\"wp-embedded-content\" sandbox=\"allow-scripts\" security=\"restricted\" style=\"position: absolute; clip: rect(1px, 1px, 1px, 1px);\" src=\"https:\/\/www.radiopiu.net\/wordpress\/filippide-run-wlliam-al-via-in-grecia-490-chilometri-da-percorrere\/embed\/#?secret=xnqg5u4ei8\" data-secret=\"xnqg5u4ei8\" width=\"600\" height=\"338\" title=\"&#8220;FILIPPIDE RUN&#8230; WILLIAM AL VIA, IN GRECIA 490 CHILOMETRI DA PERCORRERE\u00a0&#8221; &#8212; Radio Pi\u00f9\" frameborder=\"0\" marginwidth=\"0\" marginheight=\"0\" scrolling=\"no\"><\/iframe><\/p>\n<p>&nbsp;<\/p>\n<p>&nbsp;<\/p>\n<p>&nbsp;<\/p>\n<p>&nbsp;<\/p>\n<p>&nbsp;<\/p>\n<div dir=\"auto\">\n<h1><\/h1>\n<h1><\/h1>\n<blockquote>\n<h1><\/h1>\n<\/blockquote>\n<h1><\/h1>\n<h1>GELATO ARTIGIANALE, L&#8217;ORA DELLA MIG<\/h1>\n<p><strong><a class=\"dt-pswp-item\" href=\"http:\/\/www.radiopiu.net\/wordpress\/wp-content\/uploads\/2018\/11\/IMG_4120.jpg\" data-dt-img-description=\"\" data-large_image_width=\"2500\" data-large_image_height=\"1667\"><img loading=\"lazy\" decoding=\"async\" class=\"size-medium wp-image-66818 alignleft\" src=\"http:\/\/www.radiopiu.net\/wordpress\/wp-content\/uploads\/2018\/11\/IMG_4120-300x200.jpg\" alt=\"\" width=\"300\" height=\"200\" srcset=\"https:\/\/www.radiopiu.net\/wordpress\/wp-content\/uploads\/2018\/11\/IMG_4120-300x200.jpg 300w, https:\/\/www.radiopiu.net\/wordpress\/wp-content\/uploads\/2018\/11\/IMG_4120-768x512.jpg 768w, https:\/\/www.radiopiu.net\/wordpress\/wp-content\/uploads\/2018\/11\/IMG_4120-1024x683.jpg 1024w\" sizes=\"auto, (max-width: 300px) 100vw, 300px\" \/><\/a>LONGARONE<\/strong> A poche settimane dall\u2019apertura fervono gli ultimi preparativi a Longarone Fiere per la 59^ edizione della Mostra Internazionale del Gelato Artigianale, in programma da domenica 2 a mercoled\u00ec 5 dicembre prossimi. La pi\u00f9 antica tra le manifestazioni di settore per quattro giorni far\u00e0 anche quest\u2019anno di Longarone la capitale del gelato artigianale, confermandosi il punto di riferimento per i gelatieri italiani ed europei. Hanno confermato la loro presenza aziende leader internazionali in fatto di macchine, attrezzature, semilavorati, materie prime, arredamenti e accessori per la gelateria artigiana. In fiera sono attesi operatori e gelatieri provenienti da diversi Paesi del mondo: nel 2017 le presenze hanno registrato provenienze da 47 Paesi esteri, in particolare da Germania, Austria, Olanda, Spagna, Belgio e dai Paesi dell\u2019Est Europa.\u00a0 E la MIG continua a guardare sempre pi\u00f9 con maggior forza ai mercati esteri. Numerose infatti le iniziative che hanno portato le dimostrazioni e la distribuzione del gelato oltre confine, dall\u2019ITB di Berlino all\u2019ultima in ordine di tempo, la presenza al WTM London (World Trave Market), evento leader a livello mondiale nel settore turistico, dal 5 all&#8217;7 novembre scorsi. Sono previste inoltre in fiera diverse delegazioni di operatori del settore da Spagna, Polonia, Kazakistan, Slovacchia, Repubblica Ceca, Russia e Iraq. Un occhio di riguardo, come sempre, MIG lo avr\u00e0 per il mercato della Germania. UNITEIS, l\u2019Unione dei gelatieri artigiani operanti in terra tedesca organizzer\u00e0 infatti momenti di confronto su temi di stretta attualit\u00e0 e presenter\u00e0 la campagna del gusto ufficiale per la Germania 2019. Le sale della fiera ospiteranno inoltre le assemblee annuali di Artglace, la confederazione che riunisce le associazioni dei gelatieri operanti nell\u2019UE, e delle Associazioni dei gelatieri italiani in Olanda e nella stessa Germania, oltre che diverse Associazioni italiane tra cui il G.A., Comitato Nazionale per la Difesa e la Diffusione del Gelato Artigianale e di Produzione Propria. Non mancheranno anche in questa edizione di MIG i momenti di confronto su temi di stretta attualit\u00e0, che si affiancano a iniziative promozionali del comparto della gelateria artigianale e alle dimostrazioni dei migliori gelatieri con le ultime novit\u00e0 in fatto di gusti e tecniche di preparazione. Spazio poi come sempre ai concorsi, ormai storici, che caratterizzano la MIG: la 49. \u201cCoppa d\u2019Oro\u201d sar\u00e0 incentrata sul gusto Crema Vaniglia con inizio marted\u00ec 4 dicembre. Mercoled\u00ec 5 dicembre si terr\u00e0 la finale del 25. Concorso nazionale di gelateria \u201cCarlo Pozzi\u201d, riservato agli allievi delle scuole alberghiere qualificate dopo diverse selezioni in giro per l\u2019Italia. Saranno assegnati anche il premio \u201cGelaterie in web\u201d, riservato ai migliori siti internet delle gelaterie, e il 23. premio \u201cMastri Gelatieri\u201d. Novit\u00e0 invece di questa edizione il Longarone Eis Challenge, dedicato ai gelatieri operanti in Germania e la Gelato Tiramis\u00f9 Italian Cup, riservata ai gelatieri operanti in Italia. Confermato poi il Premio \u201cInnovazione MIG Longarone Fiere\u201d, destinato a premiare, tra le aziende espositrici, i contenuti fortemente innovativi in termini di tecnologie di lavorazione e di prodotti per la gelateria artigianale, che si va ad aggiungere agli appuntamenti sempre molto seguiti di dimostrazione di intaglio di frutta con il maestro Beppo Tonon, famoso in tutto il mondo per le sue composizioni. Da ricordare infine che Artglace compie 30 anni e per l\u2019occasione alla MIG proporr\u00e0 durante tutti i giorni di apertura, in collaborazione con Longarone Fiere, la degustazione dei \u201cGusti d\u2019Europa\u201d, ossia dei gusti proposti ogni anno per la Giornata Europea del Gelato Artigianale.<\/p>\n<\/div>\n<p>&nbsp;<\/p>\n<p>&nbsp;<\/p>\n<p>&nbsp;<\/p>\n<p>&nbsp;<\/p>\n<h1><\/h1>\n<div class=\"page-title-head hgroup\">\n<h1><\/h1>\n<h1>SPREAD A 300 PUNTI: PIU\u2019 RISCHI PER LE IMPRESE CHE PER LE FAMIGLIE<\/h1>\n<\/div>\n<blockquote class=\"wp-embedded-content\" data-secret=\"0O8XeWLcIX\"><p><a href=\"https:\/\/www.radiopiu.net\/wordpress\/spread-a-300-punti-piu-rischi-per-le-imprese-che-per-le-famiglie\/\">SPREAD A 300 PUNTI: PIU\u2019 RISCHI PER LE IMPRESE CHE PER LE FAMIGLIE<\/a><\/p><\/blockquote>\n<p><iframe loading=\"lazy\" class=\"wp-embedded-content\" sandbox=\"allow-scripts\" security=\"restricted\" style=\"position: absolute; clip: rect(1px, 1px, 1px, 1px);\" src=\"https:\/\/www.radiopiu.net\/wordpress\/spread-a-300-punti-piu-rischi-per-le-imprese-che-per-le-famiglie\/embed\/#?secret=0O8XeWLcIX\" data-secret=\"0O8XeWLcIX\" width=\"600\" height=\"338\" title=\"&#8220;SPREAD A 300 PUNTI: PIU\u2019 RISCHI PER LE IMPRESE CHE PER LE FAMIGLIE&#8221; &#8212; Radio Pi\u00f9\" frameborder=\"0\" marginwidth=\"0\" marginheight=\"0\" scrolling=\"no\"><\/iframe><\/p>\n<div dir=\"auto\"><\/div>\n<p>&nbsp;<\/p>\n<p>&nbsp;<\/p>\n<p>&nbsp;<\/p>\n<p>&nbsp;<\/p>\n<h1>MANOVRA, LE CRITICHE DI CONFINDUSTRIA BELLUNO DOLOMITI<\/h1>\n<p><strong><a class=\"dt-pswp-item\" href=\"http:\/\/www.radiopiu.net\/wordpress\/wp-content\/uploads\/2015\/09\/confindustria-500.jpg\" data-dt-img-description=\"\" data-large_image_width=\"500\" data-large_image_height=\"360\"><img loading=\"lazy\" decoding=\"async\" class=\" wp-image-10966 alignleft\" src=\"http:\/\/www.radiopiu.net\/wordpress\/wp-content\/uploads\/2015\/09\/confindustria-500-300x216.jpg\" alt=\"\" width=\"192\" height=\"138\" \/><\/a>BELLUNO<\/strong> \u00abLa domanda che come imprenditori ci facciamo \u2013 prosegue Luca Barbini &#8211; \u00e8 se questa manovra economica consideri adeguatamente il ruolo delle imprese e pi\u00f9 in generale se questo Governo crede nell&#8217;industria. Si depotenzia industria 4.0, si riduce della met\u00e0 il credito d&#8217;imposta sugli investimenti, si dibatte sulla chiusura di alcuni cantieri di opere strategiche, come la Tav. Di fronte a queste scelte gli imprenditori sono legittimati a pensare che non c&#8217;\u00e8 fiducia, o quanto meno c&#8217;\u00e8 disinteresse. Eppure, nonostante tutto e proprio grazie agli imprenditori, siamo ancora la seconda potenza manifatturiera europea, e la nostra resta una delle province pi\u00f9 industrializzate d\u2019Italia. Le stesse imprese che, insieme alle istituzioni locali e ai volontari, in questi giorni hanno contribuito a normalizzare la situazione, dopo l\u2019eccezionale ondata di mal tempo che ha flagellato la nostra provincia mettendo in luce ancora una volta la fragilit\u00e0 dei nostri collegamenti e delle nostre reti stradali, energetiche e telefoniche: un aspetto, questo, che non viene adeguatamente evidenziato. A ulteriore conferma di una incomprensibile e autolesionista cultura anti-industriale\u00bb.<\/p>\n<p>&nbsp;<\/p>\n<p>&nbsp;<\/p>\n<p>&nbsp;<\/p>\n<p>&nbsp;<\/p>\n<p>&nbsp;<\/p>\n<h1>COME PENSARE E VIVERE LO SPAZIO EDUCATIVO<\/h1>\n<div dir=\"auto\"><strong>BELLUNO <\/strong><i>&#8220;Marted\u00ec 20 novembre termina la rassegna &#8220;Voglio diventare grande&#8221; organizzata da un gruppo di associazioni (associazione Dafne, Unicef Belluno, comitato Gocce di Sole, Caff\u00e8 Pedagogico, Reseau international de Cit\u00e9s de l&#8217;education, comitato Belluno Citt\u00e0 che Educa, Sportivamente Belluno) in collaborazione con il Comune di Belluno per riflettere sui temi e i diritti dell&#8217;infanzia e dell&#8217;educazione.<\/i><\/div>\n<div dir=\"auto\"><i>Dalle 17 alle 20 in sala Bianchi si tiene la tavola rotonda &#8220;Come pensare e vivere lo spazio nell&#8217;esperienza educativa?&#8221;, con ospiti il sindaco Jacopo Massaro, il presidente della provincia Roberto Padrin, il dirigente dell&#8217;ufficio scolastico territoriale Gianni De Bastiani. Intervengono anche Raffaella Curioni (assessore del comune di Reggio Emilia), Marika Lorenzani (pedagogista), l&#8217;assessore bellunese Franco Frison, Michela Possamai (progeto Rice) e Mario Cucinella Architets (presentazione del progetto esecutivo della nuova scuola Gabelli). Subito dopo ci si sposta al teatro comunale per assistere allo spettacolo 2600 dell&#8217;associazione Dafne sul tema del bullismo e del cyberbullismo, messo in scena da un gruppo di studenti delle scuole superiori e diretto da Edoardo Fainello (spettacolo realizzato grazie a Cariverona, nell&#8217;ambito dei finanziamenti dedicati al progetto &#8220;un patto solidale a favore delle famiglie che vivono in montagna&#8221;, coordinato dall&#8217;ULSS 1 Dolomiti, di cui l&#8217;Ass. Dafne \u00e8 partner).&#8221;<\/i><\/div>\n<p>&nbsp;<\/p>\n<p>&nbsp;<\/p>\n<p>&nbsp;<\/p>\n<p>&nbsp;<\/p>\n<p>&nbsp;<\/p>\n<p>&nbsp;<\/p>\n<h1>NEVEGAL: TUTTI OPERATIVI PER LA STAGIONE\u00a0LA SCUOLA SCI E\u2019 PRONTA CON I SUOI TRENTA MAESTRI<\/h1>\n<p><strong><a class=\"dt-pswp-item\" href=\"http:\/\/www.radiopiu.net\/wordpress\/wp-content\/uploads\/2018\/11\/Scuola-sci-Nevegal_maestri.jpg\" data-dt-img-description=\"\" data-large_image_width=\"4573\" data-large_image_height=\"3044\"><img loading=\"lazy\" decoding=\"async\" class=\"size-medium wp-image-66817 alignleft\" src=\"http:\/\/www.radiopiu.net\/wordpress\/wp-content\/uploads\/2018\/11\/Scuola-sci-Nevegal_maestri-300x200.jpg\" alt=\"\" width=\"300\" height=\"200\" srcset=\"https:\/\/www.radiopiu.net\/wordpress\/wp-content\/uploads\/2018\/11\/Scuola-sci-Nevegal_maestri-300x200.jpg 300w, https:\/\/www.radiopiu.net\/wordpress\/wp-content\/uploads\/2018\/11\/Scuola-sci-Nevegal_maestri-768x511.jpg 768w, https:\/\/www.radiopiu.net\/wordpress\/wp-content\/uploads\/2018\/11\/Scuola-sci-Nevegal_maestri-1024x682.jpg 1024w\" sizes=\"auto, (max-width: 300px) 100vw, 300px\" \/><\/a>BELLUNO<\/strong> Il Nevegal \u00e8 pronto per la stagione invernale. La scuola sci con i suoi trenta maestri, coordinati da Alessandro Molin, \u00e8 ai nastri di partenza per accogliere le migliaia di bambini che ogni anno raggiungono il Colle bellunese per imparare a sciare o per perfezionarsi. Punto di forza della terrazza sulle Dolomiti \u00e8 l&#8217;accessibilit\u00e0: in pochi minuti il Nevegal \u00e8 raggiungibile dal capoluogo e dalla pianura veneta, anche perch\u00e9 fortunatamente il maltempo dei giorni scorsi non ha portato gravi criticit\u00e0 tale da compromettere la viabilit\u00e0 di accesso. L\u2019aiuto di tutti \u00e8 stato fondamentale per ripartire in fretta, perch\u00e9 il forte vento non ha risparmiato il Colle. Ottimo il lavoro svolto dagli operai dell&#8217;Alpe del Nevegal, dagli operatori e dai residenti, a dimostrazione che facendo squadra il Bellunese \u00e8 vincente. Enel e ditte private stanno riportando l&#8217;erogazione dell&#8217;energia alla normalit\u00e0, il rifugio La Grava, che aveva subito i danni peggiori, \u00e8 gia pronto per accogliere i turisti. Sistemato a tempo di record. Le strade secondarie sono state liberate. Le basi ci sono per una grande stagione, Vivaio Dolomiti, con all&#8217;interno il Gruppo Nevegal rappresentato da Daniele Libralon, \u00e8 gia operativo e pronto a lavorare per rilanciare il Colle come merita. Fieri dei nostri maestri di sci, che con loro professionalit\u00e0 da anni sono il cuore sociale ed economico dello sport invernale. \u00abLa scuola sci \u00e8 operativa con le prenotazioni online dei corsi collettivi\u00bb, fa sapere Alessandro Molin. Per informazioni visitare il sito www.scuolascinevegal.it, oppure contattare la segreteria al numero 0437-908104 (sar\u00e0 attiva dal 1\u00b0 dicembre).<\/p>\n<blockquote>\n<div dir=\"auto\"><\/div>\n<\/blockquote>\n<div dir=\"auto\"><\/div>\n<div dir=\"auto\">\n<h1><\/h1>\n<h1><\/h1>\n<h1><\/h1>\n<h1><\/h1>\n<\/div>\n<p>&nbsp;<\/p>\n<p><a class=\"dt-pswp-item\" href=\"http:\/\/www.radiopiu.net\/wordpress\/wp-content\/uploads\/2018\/10\/speciali.jpg\" data-dt-img-description=\"\" data-large_image_width=\"520\" data-large_image_height=\"100\"><img loading=\"lazy\" decoding=\"async\" class=\"alignnone wp-image-63296 size-full\" src=\"http:\/\/www.radiopiu.net\/wordpress\/wp-content\/uploads\/2018\/10\/speciali.jpg\" alt=\"\" width=\"520\" height=\"100\" srcset=\"https:\/\/www.radiopiu.net\/wordpress\/wp-content\/uploads\/2018\/10\/speciali.jpg 520w, https:\/\/www.radiopiu.net\/wordpress\/wp-content\/uploads\/2018\/10\/speciali-300x58.jpg 300w\" sizes=\"auto, (max-width: 520px) 100vw, 520px\" \/><\/a><\/p>\n<div class=\"page-title-head hgroup\">\n<h1 class=\"entry-title\">\u201cURAGANO\u201d IL RACCONTO DI FRANCO DEL MORO, I FATTI VISSUTI SULLA PELLE<\/h1>\n<\/div>\n<blockquote class=\"wp-embedded-content\" data-secret=\"qZ6jNvSSnI\"><p><a href=\"https:\/\/www.radiopiu.net\/wordpress\/uragano-il-racconto-di-franco-del-moro-i-fatti-vissuti-sulla-pelle\/\">&#8220;URAGANO&#8221; IL RACCONTO DI FRANCO DEL MORO, I FATTI VISSUTI SULLA PELLE<\/a><\/p><\/blockquote>\n<p><iframe loading=\"lazy\" class=\"wp-embedded-content\" sandbox=\"allow-scripts\" security=\"restricted\" style=\"position: absolute; clip: rect(1px, 1px, 1px, 1px);\" src=\"https:\/\/www.radiopiu.net\/wordpress\/uragano-il-racconto-di-franco-del-moro-i-fatti-vissuti-sulla-pelle\/embed\/#?secret=qZ6jNvSSnI\" data-secret=\"qZ6jNvSSnI\" width=\"600\" height=\"338\" title=\"&#8220;&#8220;URAGANO&#8221; IL RACCONTO DI FRANCO DEL MORO, I FATTI VISSUTI SULLA PELLE&#8221; &#8212; Radio Pi\u00f9\" frameborder=\"0\" marginwidth=\"0\" marginheight=\"0\" scrolling=\"no\"><\/iframe><\/p>\n<p>&nbsp;<\/p>\n<h1 class=\"entry-title\">RADIO PIU, PROVINCIA NELLO STUDIO2. OSPITI: PIERANTONIO ZANCHETTA, MASSIMO BORTOLUZZI, CARLO ZAMPIERI E IL PRESIDENTE ROBERTO PADRIN<\/h1>\n<blockquote class=\"wp-embedded-content\" data-secret=\"yRd0RXTY0J\"><p><a href=\"https:\/\/www.radiopiu.net\/wordpress\/radio-piu-provincia-nello-studio2-ospiti-pierantonio-zanchetta-massimo-bortoluzzi-carlo-zampieri-e-il-presidente-roberto-bottacin\/\">RADIO PIU, PROVINCIA NELLO STUDIO2. OSPITI: PIERANTONIO ZANCHETTA, MASSIMO BORTOLUZZI, CARLO ZAMPIERI E IL PRESIDENTE ROBERTO PADRIN<\/a><\/p><\/blockquote>\n<p><iframe loading=\"lazy\" class=\"wp-embedded-content\" sandbox=\"allow-scripts\" security=\"restricted\" style=\"position: absolute; clip: rect(1px, 1px, 1px, 1px);\" src=\"https:\/\/www.radiopiu.net\/wordpress\/radio-piu-provincia-nello-studio2-ospiti-pierantonio-zanchetta-massimo-bortoluzzi-carlo-zampieri-e-il-presidente-roberto-bottacin\/embed\/#?secret=yRd0RXTY0J\" data-secret=\"yRd0RXTY0J\" width=\"600\" height=\"338\" title=\"&#8220;RADIO PIU, PROVINCIA NELLO STUDIO2. OSPITI: PIERANTONIO ZANCHETTA, MASSIMO BORTOLUZZI, CARLO ZAMPIERI E IL PRESIDENTE ROBERTO PADRIN&#8221; &#8212; Radio Pi\u00f9\" frameborder=\"0\" marginwidth=\"0\" marginheight=\"0\" scrolling=\"no\"><\/iframe><\/p>\n<p>&nbsp;<\/p>\n<div class=\"page-title-head hgroup\">\n<h1 class=\"entry-title\">80 MILA !!! DOLOMITICI SEMPRE PIU\u2019 IN CRESCITA<\/h1>\n<\/div>\n<blockquote class=\"wp-embedded-content\" data-secret=\"sqf6KfFcxd\"><p><a href=\"https:\/\/www.radiopiu.net\/wordpress\/80-mila-dolomitici-sempre-piu-in-crescita\/\">80 MILA !!! DOLOMITICI SEMPRE PIU&#8217; IN CRESCITA<\/a><\/p><\/blockquote>\n<p><iframe loading=\"lazy\" class=\"wp-embedded-content\" sandbox=\"allow-scripts\" security=\"restricted\" style=\"position: absolute; clip: rect(1px, 1px, 1px, 1px);\" src=\"https:\/\/www.radiopiu.net\/wordpress\/80-mila-dolomitici-sempre-piu-in-crescita\/embed\/#?secret=sqf6KfFcxd\" data-secret=\"sqf6KfFcxd\" width=\"600\" height=\"338\" title=\"&#8220;80 MILA !!! DOLOMITICI SEMPRE PIU&#8217; IN CRESCITA&#8221; &#8212; Radio Pi\u00f9\" frameborder=\"0\" marginwidth=\"0\" marginheight=\"0\" scrolling=\"no\"><\/iframe><\/p>\n<p>&nbsp;<\/p>\n<p>&nbsp;<\/p>\n<p>&nbsp;<\/p>\n<p><a class=\"dt-pswp-item\" href=\"http:\/\/www.radiopiu.net\/wordpress\/wp-content\/uploads\/2018\/09\/sport.jpg\" data-dt-img-description=\"\" data-large_image_width=\"800\" data-large_image_height=\"100\"><img loading=\"lazy\" decoding=\"async\" class=\"alignnone wp-image-60761 size-full\" src=\"http:\/\/www.radiopiu.net\/wordpress\/wp-content\/uploads\/2018\/09\/sport.jpg\" alt=\"\" width=\"800\" height=\"100\" srcset=\"https:\/\/www.radiopiu.net\/wordpress\/wp-content\/uploads\/2018\/09\/sport.jpg 800w, https:\/\/www.radiopiu.net\/wordpress\/wp-content\/uploads\/2018\/09\/sport-300x38.jpg 300w, https:\/\/www.radiopiu.net\/wordpress\/wp-content\/uploads\/2018\/09\/sport-768x96.jpg 768w\" sizes=\"auto, (max-width: 800px) 100vw, 800px\" \/><\/a><\/p>\n<p>&nbsp;<\/p>\n<div class=\"page-title-head hgroup\">\n<h1 class=\"entry-title\">IL WEEKEND DELL\u2019ALLEGHE HOCKEY<\/h1>\n<\/div>\n<blockquote class=\"wp-embedded-content\" data-secret=\"97mQwJNqV3\"><p><a href=\"https:\/\/www.radiopiu.net\/wordpress\/il-weekend-dellalleghe-hockey\/\">IL WEEKEND DELL&#8217;ALLEGHE HOCKEY<\/a><\/p><\/blockquote>\n<p><iframe loading=\"lazy\" class=\"wp-embedded-content\" sandbox=\"allow-scripts\" security=\"restricted\" style=\"position: absolute; clip: rect(1px, 1px, 1px, 1px);\" src=\"https:\/\/www.radiopiu.net\/wordpress\/il-weekend-dellalleghe-hockey\/embed\/#?secret=97mQwJNqV3\" data-secret=\"97mQwJNqV3\" width=\"600\" height=\"338\" title=\"&#8220;IL WEEKEND DELL&#8217;ALLEGHE HOCKEY&#8221; &#8212; Radio Pi\u00f9\" frameborder=\"0\" marginwidth=\"0\" marginheight=\"0\" scrolling=\"no\"><\/iframe><\/p>\n<p>&nbsp;<\/p>\n<div class=\"page-title-head hgroup\">\n<h1 class=\"entry-title\">CALCIO: AGORDINA ANCORA KO, UN PUNTO PER IL FIORI BARP MAS<\/h1>\n<\/div>\n<blockquote class=\"wp-embedded-content\" data-secret=\"CfvIRJvelz\"><p><a href=\"https:\/\/www.radiopiu.net\/wordpress\/calcio-agordina-ancora-ko-un-punto-per-il-fiori-barp-mas\/\">CALCIO: AGORDINA ANCORA KO, UN PUNTO PER IL FIORI BARP MAS<\/a><\/p><\/blockquote>\n<p><iframe loading=\"lazy\" class=\"wp-embedded-content\" sandbox=\"allow-scripts\" security=\"restricted\" style=\"position: absolute; clip: rect(1px, 1px, 1px, 1px);\" src=\"https:\/\/www.radiopiu.net\/wordpress\/calcio-agordina-ancora-ko-un-punto-per-il-fiori-barp-mas\/embed\/#?secret=CfvIRJvelz\" data-secret=\"CfvIRJvelz\" width=\"600\" height=\"338\" title=\"&#8220;CALCIO: AGORDINA ANCORA KO, UN PUNTO PER IL FIORI BARP MAS&#8221; &#8212; Radio Pi\u00f9\" frameborder=\"0\" marginwidth=\"0\" marginheight=\"0\" scrolling=\"no\"><\/iframe><\/p>\n<p>&nbsp;<\/p>\n<p>&nbsp;<\/p>\n<h1><span style=\"color: #333333;\"><span style=\"font-family: verdana, sans-serif; font-size: large;\"><b>In 550 alla seconda prova del Campionato provinciale di corsa campestre del Centro sportivo italiano.\u00a0<\/b><\/span><\/span><\/h1>\n<p><span style=\"font-family: verdana, sans-serif;\"><a class=\"dt-pswp-item\" href=\"http:\/\/www.radiopiu.net\/wordpress\/wp-content\/uploads\/2018\/11\/zoldo-18.11.2018-la-gara-ALLIEVI.jpg\" data-dt-img-description=\"\" data-large_image_width=\"5184\" data-large_image_height=\"3456\"><img loading=\"lazy\" decoding=\"async\" class=\"size-medium wp-image-66828 alignleft\" src=\"http:\/\/www.radiopiu.net\/wordpress\/wp-content\/uploads\/2018\/11\/zoldo-18.11.2018-la-gara-ALLIEVI-300x200.jpg\" alt=\"\" width=\"300\" height=\"200\" srcset=\"https:\/\/www.radiopiu.net\/wordpress\/wp-content\/uploads\/2018\/11\/zoldo-18.11.2018-la-gara-ALLIEVI-300x200.jpg 300w, https:\/\/www.radiopiu.net\/wordpress\/wp-content\/uploads\/2018\/11\/zoldo-18.11.2018-la-gara-ALLIEVI-768x512.jpg 768w, https:\/\/www.radiopiu.net\/wordpress\/wp-content\/uploads\/2018\/11\/zoldo-18.11.2018-la-gara-ALLIEVI-1024x683.jpg 1024w\" sizes=\"auto, (max-width: 300px) 100vw, 300px\" \/><\/a>Val di Zoldo (Belluno), 18 novembre 2018 \u2013 Va al Gruppo sportivo Castionese la seconda prova del Campionato provinciale di corsa campestre del Centro sportivo italiano di Belluno \u2013 memorial Serafino Barp. Si \u00e8 corso, domenica 18 novembre, a Pralongo di Zoldo, per l&#8217;organizzazione dell&#8217;Atletica Zoldo, in una giornata tersa e di freddo piuttosto intenso. Nella classifica complessiva (giovanile pi\u00f9 assoluta) il Castionese ha totalizzato 657 punti, precedendo Virtus Nemeggio (568) e La Piave 2000 (552). In ambito giovanile vittoria per La Piave 2000 mentre nella graduatoria assoluta il successo \u00e8 andato alla Virtus Nemeggio. A livello individuale, vittorie assolute per il padrone di casa Isacco Costa, azzurro Juniores della corsa in montagna, e per Laura Mazzoleni Ferracini. La terza tappa del Provinciale \u00e8 fissata per domenica prossima, 25 novembre, a Quero.\u00a0<\/span><\/p>\n<p><b><span style=\"font-family: verdana, sans-serif;\">Il dettaglio delle graduatorie al seguente link:\u00a0<\/span><span style=\"color: #333333; font-family: verdana, sans-serif;\"><a href=\"http:\/\/www.csibelluno.it\/article761.html\">http:\/\/www.csibelluno.it\/article761.html\u00a0<\/a><\/span><\/b><\/p>\n<p>&nbsp;<\/p>\n<p>&nbsp;<\/p>\n<p>&nbsp;<\/p>\n<p>&nbsp;<\/p>\n<p>&nbsp;<\/p>\n<p>&nbsp;<\/p>\n<p>&nbsp;<\/p>\n<h1><a class=\"dt-pswp-item\" href=\"http:\/\/www.radiopiu.net\/wordpress\/wp-content\/uploads\/2018\/09\/WhatsApp-Image-2018-09-20-at-16.04.06.jpeg\" data-dt-img-description=\"\" data-large_image_width=\"800\" data-large_image_height=\"100\"><img loading=\"lazy\" decoding=\"async\" class=\"alignnone wp-image-61378 size-full\" src=\"http:\/\/www.radiopiu.net\/wordpress\/wp-content\/uploads\/2018\/09\/WhatsApp-Image-2018-09-20-at-16.04.06.jpeg\" alt=\"\" width=\"800\" height=\"100\" srcset=\"https:\/\/www.radiopiu.net\/wordpress\/wp-content\/uploads\/2018\/09\/WhatsApp-Image-2018-09-20-at-16.04.06.jpeg 800w, https:\/\/www.radiopiu.net\/wordpress\/wp-content\/uploads\/2018\/09\/WhatsApp-Image-2018-09-20-at-16.04.06-300x38.jpeg 300w, https:\/\/www.radiopiu.net\/wordpress\/wp-content\/uploads\/2018\/09\/WhatsApp-Image-2018-09-20-at-16.04.06-768x96.jpeg 768w\" sizes=\"auto, (max-width: 800px) 100vw, 800px\" \/><\/a><\/h1>\n<h1>PREVISIONI DEL TEMPO DA OGGI A GIOVEDI<\/h1>\n<p><strong>Lunedi 19<\/strong><br \/>\nTempo atteso: Al primo mattino residui squarci di sereno e nuvolosit\u00e0 in aumento fino a cielo molto nuvoloso. Nel corso del pomeriggio ulteriore intensificazione della nuvolosit\u00e0 e crescente rischio di fenomeni sparsi. Clima freddo di stampo pressoch\u00e9 invernale, specie oltre gli 800\/1000 m.<br \/>\nPrecipitazioni: Al mattinoo probabilit\u00e0 di qualche debolissima precipitazione, con nevischio oltre i 500 m (20%), specie sulle Dolomiti. Al pomeriggio la probabilit\u00e0 di debolissime precipitazioni aumenter\u00e0 (30\/40%) con nevischio oltre i 400\/600 m. Nel corso della notte il limite neve si abbasser\u00e0, interessando temporaneamente alcuni fondovalle prealpini.<br \/>\nTemperature: In generale diminuzione, eccetto lieve ripresa delle minime nelle valli. I massimi previsti saranno attorno ai 3\/4\u00b0C nei fondovalle prealpini e 0\/1\u00b0C a 1000 m. Su Prealpi a 1500 m min -5\u00b0C max -3\u00b0C, a 2000 m min -8\u00b0C max -6\u00b0C. Su Dolomiti a 2000 m min -8\u00b0C max -7\u00b0C, a 3000 m min -15\u00b0C max -12\u00b0C.<br \/>\nVenti: Nelle valli deboli di direzione variabile; in quota deboli\/moderati da Nord-Est al mattino e da Sud-Est al pomeriggio, a 5-15 km\/h a 2000 m, 15-25 km\/h a 3000 m.<br \/>\n<strong>Martedi 20<\/strong><br \/>\nTempo atteso: Tempo perturbato tra la notte ed il mattino con cielo perlopi\u00f9 coperto, associato a precipitazioni diffuse. Al pomeriggio cessazione dei fenomeni e attenuazione della nuvolosit\u00e0 con estensione delle schiarite a partire da Ovest. Formazione di nebbie serali nei fondovalle prealpini. Clima meno freddo, ma uggioso.<br \/>\nPrecipitazioni: Probabilit\u00e0 alta tra la notte ed il mattino per diffuse precipitazioni (70\/90%), deboli sui settori pi\u00f9 settentrionali, a tratti moderate altrove. Il limite della neve sar\u00e0 oltre i 500\/600 m, ma potr\u00e0 localmente e temporaneamente raggiungere alcuni fondovalle prealpini (quelli consuetamente pi\u00f9 freddi), con tracce o apporti di 1\/3 cm. Poi il limite risalir\u00e0 fino sui 900\/1100 m a fine episodio. I cumuli di pioggia previsti saranno di 5\/10 mm, localmente fino a 15 mm sulle Prealpi e Dolomiti meridionali, con altrettanti cm di neve fresca sui 1500 m, mentre saranno di 4\/10 cm sui 1000\/1200 m e sempre pi\u00f9 irrisori con l&#8217;abbassarsi della quota.<br \/>\nTemperature: In generale rialzo, specie le minime nelle valli. I massimi previsti saranno attorno ai 6\/7\u00b0C nei fondovalle prealpini e 3\/4\u00b0C a 1000 m. Su Prealpi a 1500 m min -3\u00b0C max -1\u00b0C, a 2000 m min -6\u00b0C max -3\u00b0C. Su Dolomiti a 2000 m min -7\u00b0C max -3\u00b0C, a 3000 m min -10\u00b0C max -6\u00b0C.<br \/>\nVenti: Nelle valli deboli di direzione variabile; in quota perlopi\u00f9 moderati, inizialmente anche tesi, dai quadranti meridionali a 3000 m, moderati da Nord-Est nei bassi strati, a 5-15 km\/h a 2000 m, 20-30 km\/h a 3000 m.<br \/>\n<strong>Mercoledi 21<\/strong><br \/>\nTempo in miglioramento con qualche residuo annuvolamento stratiforme, assieme a nebbie nelle valli prealpine durante le ore pi\u00f9 fredde. Temperature in generale rialzo, eccetto calo delle minime nelle valli. Venti deboli da Sud-Ovest in quota e deboli di direzione variabile nelle valli.<br \/>\n<strong>Giovedi 22<\/strong><br \/>\nTempo soleggiato con modesti annuvolamenti stratiformi, assieme a foschie o nebbie nelle valli prealpine durante le ore pi\u00f9 fredde. Temperature senza notevoli variazioni, eccetto diminuzione delle minime nelle valli. Venti deboli da Sud-Ovest in quota e deboli di direzione variabile nelle valli. Previsore: R.L.Th.<\/p>\n","protected":false},"excerpt":{"rendered":"<p>Da mezzanotte revocato il limite di portata ai veicoli aventi massa complessiva a 20 tonnellate lungo la regionale 203 agordina in localit\u00e0 Le Campe soggetta a smottamento, \u00e8 un altro segno di un ritorno alla normalit\u00e0. Rimangono in vigore le limitazioni per la 347 del Duran (3,5 tonellate), provinciale 8 di San Tomaso (24 tonnellate&hellip;<\/p>\n","protected":false},"author":1,"featured_media":66833,"comment_status":"closed","ping_status":"closed","sticky":false,"template":"","format":"standard","meta":{"_monsterinsights_skip_tracking":false,"_monsterinsights_sitenote_active":false,"_monsterinsights_sitenote_note":"","_monsterinsights_sitenote_category":0,"footnotes":""},"categories":[1,86],"tags":[],"class_list":["post-66815","post","type-post","status-publish","format-standard","has-post-thumbnail","hentry","category-senza-categoria","category-gr","category-1","category-86","description-off"],"img_url":"https:\/\/www.radiopiu.net\/wordpress\/wp-content\/uploads\/2018\/11\/20ec9269-e54d-483b-a51f-6fd999e1d8b8.jpg","_links":{"self":[{"href":"https:\/\/www.radiopiu.net\/wordpress\/wp-json\/wp\/v2\/posts\/66815","targetHints":{"allow":["GET"]}}],"collection":[{"href":"https:\/\/www.radiopiu.net\/wordpress\/wp-json\/wp\/v2\/posts"}],"about":[{"href":"https:\/\/www.radiopiu.net\/wordpress\/wp-json\/wp\/v2\/types\/post"}],"author":[{"embeddable":true,"href":"https:\/\/www.radiopiu.net\/wordpress\/wp-json\/wp\/v2\/users\/1"}],"replies":[{"embeddable":true,"href":"https:\/\/www.radiopiu.net\/wordpress\/wp-json\/wp\/v2\/comments?post=66815"}],"version-history":[{"count":0,"href":"https:\/\/www.radiopiu.net\/wordpress\/wp-json\/wp\/v2\/posts\/66815\/revisions"}],"wp:featuredmedia":[{"embeddable":true,"href":"https:\/\/www.radiopiu.net\/wordpress\/wp-json\/wp\/v2\/media\/66833"}],"wp:attachment":[{"href":"https:\/\/www.radiopiu.net\/wordpress\/wp-json\/wp\/v2\/media?parent=66815"}],"wp:term":[{"taxonomy":"category","embeddable":true,"href":"https:\/\/www.radiopiu.net\/wordpress\/wp-json\/wp\/v2\/categories?post=66815"},{"taxonomy":"post_tag","embeddable":true,"href":"https:\/\/www.radiopiu.net\/wordpress\/wp-json\/wp\/v2\/tags?post=66815"}],"curies":[{"name":"wp","href":"https:\/\/api.w.org\/{rel}","templated":true}]}}