{"id":66909,"date":"2018-11-19T11:11:52","date_gmt":"2018-11-19T10:11:52","guid":{"rendered":"http:\/\/www.radiopiu.net\/wordpress\/?p=66909"},"modified":"2018-11-19T11:11:52","modified_gmt":"2018-11-19T10:11:52","slug":"cerimonia-di-premiazione-maestri-del-commercio","status":"publish","type":"post","link":"https:\/\/www.radiopiu.net\/wordpress\/cerimonia-di-premiazione-maestri-del-commercio\/","title":{"rendered":"CERIMONIA DI PREMIAZIONE  \u201cMaestri del Commercio\u201d"},"content":{"rendered":"<div dir=\"ltr\">\n<blockquote>\n<p align=\"JUSTIFY\"><em>Sono cinquantotto gli esercenti \u201cstorici\u201d premiati nella cerimonia dei \u201cMaestri del commercio\u201d organizzata da 50&amp;PI\u00d9, aderente a Confcommercio &#8211; Imprese per l&#8217;Italia, presso la Basilica Santuario dei Ss. Vittore e Corona a Feltre, frazione Anz\u00f9.<\/em><\/p>\n<\/blockquote>\n<p><span style=\"font-family: verdana, sans-serif;\">Cinquantotto storie di lavoro e impresa. Di fantasia e coraggio. Di sacrificio e passione. Di coesione familiare e passaggi generazionali. Sono le storie raccontate domenica 18 novembre alla Basilica dei Santi Vittore e Corona a Feltre in occasione della\u00a0premiazione dei \u201cMaestri del Commercio\u201d, il riconoscimento che 50&amp;Pi\u00f9, l\u2019associazione di ultracinquantenni aderente a Confcommercio, d\u00e0 a coloro che hanno esercitato l\u2019attivit\u00e0 commerciale, turistica o dei servizi per pi\u00f9 di 25, 40 e 50 anni.\u00a0Dal Feltrino all&#8217;Alpago, dal Comelico alla Val di Zoldo, dall&#8217;Agordino al Cadore alla Valbelluna \u00e8 stata un&#8217;intera provincia ieri ad essere rappresentata e premiata.\u00a0<\/span><\/p>\n<p><span style=\"font-family: verdana, sans-serif;\">\u00abUna provincia nella quale ogni negozio rappresenta non solamente un&#8217;attivit\u00e0 economica ma anche un caposaldo della vita sociale\u00bb ha affermato il presidente dei Confcommercio Belluno, Paolo. Doglioni. \u00abNon esiste paese senza negozi, senza negozi muore qualsiasi paese\u00bb.<\/span><\/p>\n<p><span style=\"font-family: verdana, sans-serif;\">Giuseppe Benozzi, presidente di 50&amp;Pi\u00f9 Belluno, in apertura del suo intervento ha voluto rivolgere un ringraziamento particolare ai premiati arrivati da zone particolarmente colpite dagli eventi calamitosi delle scorse settimane ma con caparbiet\u00e0 ha gi\u00e0 saputo ripartire\u00bb ha detto Benozzi. \u00abLe attivit\u00e0 commerciali sono la vita per il tessuto socio economico delle nostre valli e noi vorremo che i &#8220;mestri&#8221; del commercio fossero un esempio per le giovani generazioni a non scoraggiarsi\u00bb.\u00a0<\/span><\/p>\n<p><span style=\"font-family: verdana, sans-serif;\">Alla cerimonia dei premiazione dei Maestri del Commercio, oltre agli interventi del sindaco di Feltre, Paolo Perenzin, del presidente della Provincia di Belluno, Roberto Padrin, e dell&#8217;onorevole Dario Bond, \u00e8 intervenuto anche il presidente nazionale di 50 &amp; Pi\u00f9, Renato Borghi.\u00a0\u00abQuesto premio \u00e8 un momento di riconoscenza per quello che avete fatto per i vostri paesi creando occupazione e sviluppo ma soprattutto creando relazioni sociali\u00bb ha detto Borghi.\u00a0\u00abE forse mai come in quest&#8217;epoca, caratterizzata da grande velocit\u00e0, c&#8217;\u00e8 bisogno di relazioni sociali. Grazie per la testimonianza che avete dato e date: la testimonianza che si pu\u00f2 vivere una vita come l&#8217;avete vissuta voi: una vita attaccati a certi valori e all&#8217;impresa. Un&#8217;impresa che nasce, innanzitutto, dal desiderio di un persona, del cuore della persona di fare costruire qualcosa, di creare qualcosa di proprio. Un&#8217;impresa insomma non \u00e8 solo un fatto economico. E il lavoro \u00e8 certo un diritto e certo un dovere ma \u00e8, soprattutto, passione ed espressione di una persona\u00bb.\u00a0<\/span><\/p>\n<p><a class=\"dt-pswp-item\" href=\"http:\/\/www.radiopiu.net\/wordpress\/wp-content\/uploads\/2018\/11\/ss-vittore-e-corona-feltre-18.11.2018-maestri-del-commercio.jpg\" data-dt-img-description=\"\" data-large_image_width=\"1772\" data-large_image_height=\"1183\"><img loading=\"lazy\" decoding=\"async\" class=\"alignnone wp-image-66910 \" src=\"http:\/\/www.radiopiu.net\/wordpress\/wp-content\/uploads\/2018\/11\/ss-vittore-e-corona-feltre-18.11.2018-maestri-del-commercio-1024x684.jpg\" alt=\"\" width=\"1246\" height=\"832\" srcset=\"https:\/\/www.radiopiu.net\/wordpress\/wp-content\/uploads\/2018\/11\/ss-vittore-e-corona-feltre-18.11.2018-maestri-del-commercio-1024x684.jpg 1024w, https:\/\/www.radiopiu.net\/wordpress\/wp-content\/uploads\/2018\/11\/ss-vittore-e-corona-feltre-18.11.2018-maestri-del-commercio-300x200.jpg 300w, https:\/\/www.radiopiu.net\/wordpress\/wp-content\/uploads\/2018\/11\/ss-vittore-e-corona-feltre-18.11.2018-maestri-del-commercio-768x513.jpg 768w, https:\/\/www.radiopiu.net\/wordpress\/wp-content\/uploads\/2018\/11\/ss-vittore-e-corona-feltre-18.11.2018-maestri-del-commercio.jpg 1772w\" sizes=\"auto, (max-width: 1246px) 100vw, 1246px\" \/><\/a><\/p>\n<\/div>\n<h1>CONSEGNATE A FELTRE LE AQUILE DEL COMMERCIO<\/h1>\n<p><strong>60 ANNI DI ATTIVITA\u2019\u00a0<\/strong>\u00a0Caterina Filippin e Gemma Mazzorana di Longarone<\/p>\n<p><strong>50 ANNI DI ATTIVITA\u2019\u00a0<\/strong>Teresa Balbinot dell\u2019Alpago; Elena Bertelle di Feltre; Giorgio Bonanni di Sappada; Dino Campagnolo dell\u2019Alpago; Silvano Cascella della Val di Zoldo; Bettino Dalla Gasperina di Feltre; Iolanda<br \/>\nDavare di Rocca Pietore; Guglielmina De Demo dell\u2019Alpago; Maria Luisa De Fanti della Val di Zoldo; Giovanni De Filippo Roia di Auronzo di Cadore; Antonio Della Putta di Belluno; Maria Rosa Deon di Agordo; Giorgio Durighello di Alano di Piave; Dino Fabbro di Lorenzago di Cadore; Luigino Gerlin di Sedico; Dino Merlin di San Gregorio nelle Alpi; Valente Mussoi di Sedico; Lina Orzes di Ponte nelle Alpi; Gianni Pezz\u00e8 di Rocca Pietore;<br \/>\nFulvio Puicher Soravia di Sappada; Mirella Reolon della Val di Zoldo; Maria Rigo di Feltre; Luigi<br \/>\nRumor di Santa Giustina; Maria Tonet di Pedavena; Mario Tonon di Comelico Superiore; Luigi Tonon di Comelico Superiore.<\/p>\n<p><strong>40 ANNI DI ATTIVITA\u2019\u00a0<\/strong>Gian Ugo Bacchetti di Santa Giustina; Primo Casanova di San Pietro di Cadore; Anna Maria Cassol di San Gregorio nelle Alpi; Ornella Cimolai di Trichiana; Rosangela Da Roit di Agordo; Andrea<br \/>\nDal Pont di Belluno; Alba De Zorzi di Fonzaso; Lino Del Favero di San Vito di Cadore; Angiolina Fabbro di Lorenzago di Cadore; Idelma Faoro di Arsi\u00e8; Chineto Faoro di Arsi\u00e8; Viviana Lotto di Belluno; Rosella Lotto di Belluno; Teresina Menegus di San Vito di Cadore; Carla Mezzavilla di Belluno; Giovanna Olivotto di<br \/>\nPonte nelle Alpi; Anna Pia Orzes di Ponte nelle Alpi; Bruno Rampazzo di Ponte nelle Alpi; Roberto Schena di Agordo; Pietro Giorgio Schizzi dell\u2019Alpago; Enzo Giovanni Sponga di Sedico; Lucia Sposato di Santa Giustina; Giuliana Taverna di Arsi\u00e8.<\/p>\n<p><strong>25 ANNI DI ATTIVITA\u2019\u00a0<\/strong>Corrado Bartolini di Rocca Pietore; Bruno Canal di Feltre; Angela De Min di Belluno; Giuseppe Sacchet di Trichiana; Mirella Sacchet di Sovramonte; Artemio Tollardo di Feltre e Dorina Mores di<br \/>\nArsi\u00e8.<\/p>\n<h2><\/h2>\n<div id=\"DAB4FAD8-2DD7-40BB-A1B8-4E2AA1F9FDF2\"><\/div>\n","protected":false},"excerpt":{"rendered":"<p>Sono cinquantotto gli esercenti \u201cstorici\u201d premiati nella cerimonia dei \u201cMaestri del commercio\u201d organizzata da 50&amp;PI\u00d9, aderente a Confcommercio &#8211; Imprese per l&#8217;Italia, presso la Basilica Santuario dei Ss. Vittore e Corona a Feltre, frazione Anz\u00f9. Cinquantotto storie di lavoro e impresa. Di fantasia e coraggio. Di sacrificio e passione. Di coesione familiare e passaggi generazionali.&hellip;<\/p>\n","protected":false},"author":1,"featured_media":66911,"comment_status":"closed","ping_status":"closed","sticky":false,"template":"","format":"standard","meta":{"_monsterinsights_skip_tracking":false,"_monsterinsights_sitenote_active":false,"_monsterinsights_sitenote_note":"","_monsterinsights_sitenote_category":0,"footnotes":""},"categories":[49],"tags":[],"class_list":["post-66909","post","type-post","status-publish","format-standard","has-post-thumbnail","hentry","category-news-18","category-49","description-off"],"img_url":"https:\/\/www.radiopiu.net\/wordpress\/wp-content\/uploads\/2018\/11\/ss-vittore-e-corona-feltre-18.11.2018-giuseppe-benozzi-presidente-50-e-pi\u00f9-Belluno.jpg","_links":{"self":[{"href":"https:\/\/www.radiopiu.net\/wordpress\/wp-json\/wp\/v2\/posts\/66909","targetHints":{"allow":["GET"]}}],"collection":[{"href":"https:\/\/www.radiopiu.net\/wordpress\/wp-json\/wp\/v2\/posts"}],"about":[{"href":"https:\/\/www.radiopiu.net\/wordpress\/wp-json\/wp\/v2\/types\/post"}],"author":[{"embeddable":true,"href":"https:\/\/www.radiopiu.net\/wordpress\/wp-json\/wp\/v2\/users\/1"}],"replies":[{"embeddable":true,"href":"https:\/\/www.radiopiu.net\/wordpress\/wp-json\/wp\/v2\/comments?post=66909"}],"version-history":[{"count":0,"href":"https:\/\/www.radiopiu.net\/wordpress\/wp-json\/wp\/v2\/posts\/66909\/revisions"}],"wp:featuredmedia":[{"embeddable":true,"href":"https:\/\/www.radiopiu.net\/wordpress\/wp-json\/wp\/v2\/media\/66911"}],"wp:attachment":[{"href":"https:\/\/www.radiopiu.net\/wordpress\/wp-json\/wp\/v2\/media?parent=66909"}],"wp:term":[{"taxonomy":"category","embeddable":true,"href":"https:\/\/www.radiopiu.net\/wordpress\/wp-json\/wp\/v2\/categories?post=66909"},{"taxonomy":"post_tag","embeddable":true,"href":"https:\/\/www.radiopiu.net\/wordpress\/wp-json\/wp\/v2\/tags?post=66909"}],"curies":[{"name":"wp","href":"https:\/\/api.w.org\/{rel}","templated":true}]}}