{"id":66916,"date":"2018-11-21T05:07:48","date_gmt":"2018-11-21T04:07:48","guid":{"rendered":"http:\/\/www.radiopiu.net\/wordpress\/?p=66916"},"modified":"2018-11-21T10:37:07","modified_gmt":"2018-11-21T09:37:07","slug":"luxottica-trasporti-e-parcheggi-situazione-in-evoluzione-continua","status":"publish","type":"post","link":"https:\/\/www.radiopiu.net\/wordpress\/luxottica-trasporti-e-parcheggi-situazione-in-evoluzione-continua\/","title":{"rendered":"LUXOTTICA: TRASPORTI E PARCHEGGI, SITUAZIONE IN EVOLUZIONE CONTINUA"},"content":{"rendered":"<h3 class=\"post-title entry-title\">L&#8217;alluvione di problemi ne ha creati molti anche ai gestori del servizio pubblico, l&#8217;interruzione delle strade, le limitazioni di carico, hanno costretto a variazioni di orari, percorsi, cancellazione del servizio. Inevitabile. Emilio Bez, coordinatore Uiltec della Rsu di Agordo nel post evento fa il punto della situazione partendo dalla considerazione sul come l&#8217;uragano di fine ottobre abbia causato danni talvolta ingenti a diverse strade. Alla ripresa dell&#8217;attivit\u00e0 lo scorso lunedi 5 novembre alcuni collegamenti gestiti da Dolomitibus (Lambroi-Rivamonte-Agordo, Mis Sagron-Gosaldo-Agordo, Caprile-Agordo) ma anche il collegamento dal Primiero (via Passo Cereda) gestito da Trentino Trasporti.<\/h3>\n<div id=\"post-body-5707720959707543587\" class=\"post-body entry-content\">\n<div class=\"separator\"><a href=\"https:\/\/4.bp.blogspot.com\/-eSuv8zjq2g8\/W_KeML03MAI\/AAAAAAAAAeI\/e879fefe-UI1KWRjSPXtSdrVnR6HATnnQCLcBGAs\/s1600\/neoplan-1272511_640.jpg\"><img loading=\"lazy\" decoding=\"async\" class=\"alignleft\" src=\"https:\/\/4.bp.blogspot.com\/-eSuv8zjq2g8\/W_KeML03MAI\/AAAAAAAAAeI\/e879fefe-UI1KWRjSPXtSdrVnR6HATnnQCLcBGAs\/s320\/neoplan-1272511_640.jpg\" width=\"320\" height=\"149\" border=\"0\" data-original-height=\"298\" data-original-width=\"640\" \/><\/a><em>&#8220;In alcuni casi, ad esempio il servizio dal\u00a0Primiero &#8211; dice Emilio Bez &#8211;\u00a0 il problema \u00e8 rientrato nel giro di poco tempo grazie alla veloce sistemazione dei tratti di strada coinvolti; per il servizio lungo l&#8217;Agordina il problema \u00e8 durato fin questa mattina. Infatti, a causa dello smottamento in zona Le Campe, era stato necessario imporre il limite delle 20 tonnellate ai veicoli in transito e questo aveva di fatto impedito l&#8217;utilizzo di autobus pi\u00f9 capienti\u00a0ma pi\u00f9\u00a0pesanti come quelli a due piani. Se ne erano accorti subito i nostri colleghi poich\u00e9 il numero di posti a sedere disponibili\u00a0era nettamente ridotto e i mezzi erano piuttosto affollati. La commissione Trasporti RSU aveva ricevuto molte segnalazioni su questo e si era confrontata sul tema con Dolomitibus, la quale aveva gi\u00e0\u00a0ben presente il problema ma trovare soluzioni efficaci era obiettivamente\u00a0difficile, pur impegnandosi attivamente\u00a0in questo senso,\u00a0visto che i problemi alla viabilit\u00e0 interessavano diverse strade in tutta la Provincia e condizionavano di fatto l&#8217;utilizzo di varie corriere del parco mezzi a disposizione. Erano state concordate alcune soluzioni tampone, quali la possibilit\u00e0 di trasbordo al Mas di Sedico per il rientro serale\u00a0dei turnisti,\u00a0in questo caso\u00a0per\u00a0consentire di sfruttare meglio\u00a0i posti disponibili su un autobus\u00a0meno affollato.\u00a0Tutti erano comunque consci che la vera\u00a0soluzione sarebbe arrivata con la sistemazione del tratto di strada a Le Campe e cos\u00ec \u00e8 stato poich\u00e9 la revoca della limitazione a 20 tonnellate\u00a0 permetter\u00e0 il ritorno alla normalit\u00e0&#8221;.<\/em><\/div>\n<\/div>\n<div><\/div>\n<h3 class=\"post-body entry-content\">Restano i sensi unici alternati a Le Campe e\u00a0 Cencenighe ma, a vedere il veloce avanzamento delle opere di ripristino, si spera sia questione di giorni o al massimo di settimane per tornare alla viabilit\u00e0 abituale. Anzi, migliore dell&#8217;abituale, vista l&#8217;annunciato completamento della tangenziale di Agordo per met\u00e0 dicembre.<\/h3>\n<p class=\"post-body entry-content\"><em>&#8220;L&#8217;apertura prevista per il 17 dicembre &#8211; conclude Bez &#8211;\u00a0 render\u00e0 per\u00f2 necessaria una variazione di percorso della navetta per turnisti e uffici, visto che la zona di Polane ovviamente\u00a0non sar\u00e0 pi\u00f9 accessibile direttamente dalla tangenziale. Comunque abbiamo gi\u00e0 fatto presente tempo\u00a0fa\u00a0la questione all&#8217;Azienda e a Dolomitibus: quando vi saranno\u00a0decisioni ufficiali in merito,\u00a0i colleghi ne saranno subito informati&#8221;.<\/em><\/p>\n<p>&nbsp;<\/p>\n","protected":false},"excerpt":{"rendered":"<p>L&#8217;alluvione di problemi ne ha creati molti anche ai gestori del servizio pubblico, l&#8217;interruzione delle strade, le limitazioni di carico, hanno costretto a variazioni di orari, percorsi, cancellazione del servizio. Inevitabile. Emilio Bez, coordinatore Uiltec della Rsu di Agordo nel post evento fa il punto della situazione partendo dalla considerazione sul come l&#8217;uragano di fine&hellip;<\/p>\n","protected":false},"author":1,"featured_media":65489,"comment_status":"closed","ping_status":"closed","sticky":false,"template":"","format":"standard","meta":{"_monsterinsights_skip_tracking":false,"_monsterinsights_sitenote_active":false,"_monsterinsights_sitenote_note":"","_monsterinsights_sitenote_category":0,"footnotes":""},"categories":[49],"tags":[],"class_list":["post-66916","post","type-post","status-publish","format-standard","has-post-thumbnail","hentry","category-news-18","category-49","description-off"],"img_url":"https:\/\/www.radiopiu.net\/wordpress\/wp-content\/uploads\/2018\/10\/WhatsApp-Image-2018-10-29-at-07.32.29.jpeg","_links":{"self":[{"href":"https:\/\/www.radiopiu.net\/wordpress\/wp-json\/wp\/v2\/posts\/66916","targetHints":{"allow":["GET"]}}],"collection":[{"href":"https:\/\/www.radiopiu.net\/wordpress\/wp-json\/wp\/v2\/posts"}],"about":[{"href":"https:\/\/www.radiopiu.net\/wordpress\/wp-json\/wp\/v2\/types\/post"}],"author":[{"embeddable":true,"href":"https:\/\/www.radiopiu.net\/wordpress\/wp-json\/wp\/v2\/users\/1"}],"replies":[{"embeddable":true,"href":"https:\/\/www.radiopiu.net\/wordpress\/wp-json\/wp\/v2\/comments?post=66916"}],"version-history":[{"count":0,"href":"https:\/\/www.radiopiu.net\/wordpress\/wp-json\/wp\/v2\/posts\/66916\/revisions"}],"wp:featuredmedia":[{"embeddable":true,"href":"https:\/\/www.radiopiu.net\/wordpress\/wp-json\/wp\/v2\/media\/65489"}],"wp:attachment":[{"href":"https:\/\/www.radiopiu.net\/wordpress\/wp-json\/wp\/v2\/media?parent=66916"}],"wp:term":[{"taxonomy":"category","embeddable":true,"href":"https:\/\/www.radiopiu.net\/wordpress\/wp-json\/wp\/v2\/categories?post=66916"},{"taxonomy":"post_tag","embeddable":true,"href":"https:\/\/www.radiopiu.net\/wordpress\/wp-json\/wp\/v2\/tags?post=66916"}],"curies":[{"name":"wp","href":"https:\/\/api.w.org\/{rel}","templated":true}]}}