{"id":66942,"date":"2018-11-20T05:59:20","date_gmt":"2018-11-20T04:59:20","guid":{"rendered":"http:\/\/www.radiopiu.net\/wordpress\/?p=66942"},"modified":"2018-11-21T14:44:18","modified_gmt":"2018-11-21T13:44:18","slug":"giornale-radiopiu-20-novembre-2018-direttore-mirko-mezzacasa","status":"publish","type":"post","link":"https:\/\/www.radiopiu.net\/wordpress\/giornale-radiopiu-20-novembre-2018-direttore-mirko-mezzacasa\/","title":{"rendered":"GIORNALE RADIOPIU 20 NOVEMBRE 2018 DIRETTORE MIRKO MEZZACASA"},"content":{"rendered":"<h2><span style=\"color: #ff0000;\">ACQUA, INTERRUZIONI PROGRAMMATE\u00a0<strong>CANALE D&#8217;AGORDO<\/strong><\/span> Gestione Servizi Pubblici informa che, per lavori alla rete idrica comunale, domani dalle 8.30 a FINE LAVORI verr\u00e0 sospesa l\u2019erogazione dell\u2019acqua a CANALE D&#8217;AGORDO in localit\u00e0 CARFON. Il personale addetto operer\u00e0 per limitare il pi\u00f9 possibile i disagi alla popolazione.<\/h2>\n<p>&nbsp;<\/p>\n<h2><span style=\"color: #ff0000;\">STRADA DEL DURAN APERTA A TUTTI I MEZZI<\/span> Revoca del limite di portata ai veicoli aventi massa complessiva superiore a 3,5 tonnellate del seguente tratto stradale: &#8211; S.P. 347 \u201cdel Passo Cereda e Passo Duran\u201d dalla progressiva km 44+200 (Passo Duran) al km 48+500 (loc. Chiesa); Limitazioni di portata nei seguenti tratti stradali: &#8211; S.P. 8 \u201cdi San Tomaso\u201d dalla progressiva km 0+000 (innesto a Cencenighe) alla progressiva km 7+700 (Avoscan) \u00e8 consentito il transito a veicoli con limitazione di carico fino a 24 tonnellate privi di rimorchio; &#8211; S.P. 422 \u201cdel Cansiglio\u201d al km 10+100 limite di transito ai mezzi aventi massa complessiva oltre 24 tonnellate.<\/h2>\n<p>&nbsp;<\/p>\n<h2><span style=\"color: #ff0000;\">LA SOLIDARIETA&#8217; CONTRO LO SPOPOLAMENTO<\/span>\u00a0Oggi Attilio Pietrogiovanna, originario di Digoman e residente a Ros\u00e0 di Vicenza sar\u00e0 all&#8217;Istituto Follador di Agordo, per consegnare un contributo di 2000 euro,\u00a0 da parte dell&#8217;Associazione CIF di Rosa&#8217;,\u00a0 per le scuole d&#8217;infanzia dell&#8217;istituto comprensivo di Alleghe, per trasmettere ai bambini e alle loro famiglie l&#8217;importanza di stare vicini alle proprie radici e non avere la tentazione di trasferirsi, per le difficolt\u00e0 del recente maltempo.<\/h2>\n<p>&nbsp;<\/p>\n<h2><span style=\"color: #ff0000;\">OGGI E DOMANI IN VALLE DI SAN LUCANO<\/span>\u00a0\u00a0I proprietari e i conduttori DI EDIFICI ubicati in Valle di San Lucano e le imprese impegnate nei lavori su fabbricati privati, previa registrazione dei nominativi presso il municipio di Taibon Agordino, potranno accedere alla valle, con la scorta delle autorit\u00e0 preposte, nei seguenti orari: MARTEDI\u2019 20 E MERCOLEDI\u2019 21 NOVEMBRE 2018 ENTRATA (ritrovo presso il presidio) 06.40 13.00 14.30 17.00 22.30 USCITA (ritrovo presso locanda Col di Pr\u00e0) 07.00 13.20 14.45 17.20 22.45<\/h2>\n<p>&nbsp;<\/p>\n<h2><span style=\"color: #ff0000;\">FALCADE AVVISO PER LA PRESENTAZIONE DI PROPOSTE AL PIANO INTERVENTI<\/span> L&#8217;amministrazione comunale ha dato avvio alle procedure per la revisione del Piano di assetto del territorio (pat) e Piano degli interventi (pi). Tutti i soggetti interessati sono invitati a presentare proposte ed esprimere i propri bisogni-interessi, lo possono fare mediante i moduli appositamente predisposti dall&#8217;ufficio tecnico, disponibili in Municipio oppure sul sito internet del Comune, entro e non oltre venerdi 18 gennaio.<\/h2>\n<p>&nbsp;<\/p>\n<p>&nbsp;<\/p>\n<p>&nbsp;<\/p>\n<p>&nbsp;<\/p>\n<p>&nbsp;<\/p>\n<h1>PAOLO CASARIN, 52 ANNI DI PONTE NELLE ALPI ENTRA NEL RECINTO IN CERCA DEL VITELLO, MUORE INCORNATO DAL TORO, IN PRIMIERO MUORE GIOVANE BOSCAIOLO DI PONTE NELLE ALPI<\/h1>\n<p><a class=\"dt-pswp-item\" href=\"http:\/\/www.radiopiu.net\/wordpress\/wp-content\/uploads\/2018\/11\/31047180_602946206726824_6667368386902622208_n-1.jpg\" data-dt-img-description=\"\" data-large_image_width=\"956\" data-large_image_height=\"960\"><img loading=\"lazy\" decoding=\"async\" class=\" wp-image-66976 alignright\" src=\"http:\/\/www.radiopiu.net\/wordpress\/wp-content\/uploads\/2018\/11\/31047180_602946206726824_6667368386902622208_n-1-300x300.jpg\" alt=\"\" width=\"190\" height=\"190\" srcset=\"https:\/\/www.radiopiu.net\/wordpress\/wp-content\/uploads\/2018\/11\/31047180_602946206726824_6667368386902622208_n-1-300x300.jpg 300w, https:\/\/www.radiopiu.net\/wordpress\/wp-content\/uploads\/2018\/11\/31047180_602946206726824_6667368386902622208_n-1-150x150.jpg 150w, https:\/\/www.radiopiu.net\/wordpress\/wp-content\/uploads\/2018\/11\/31047180_602946206726824_6667368386902622208_n-1-768x771.jpg 768w, https:\/\/www.radiopiu.net\/wordpress\/wp-content\/uploads\/2018\/11\/31047180_602946206726824_6667368386902622208_n-1.jpg 956w\" sizes=\"auto, (max-width: 190px) 100vw, 190px\" \/><\/a><strong>La cronaca<\/strong> registra la drammatica notizia della morte del veterinario Casarin. Dolore in tutta la provincia per la morte di Paolo Casarin, il veterinario bellunese morto ieri nell&#8217;azienda agricola di Cet (di propriet\u00e0 della suocera) mentre stava svolgendo il suo lavoro accudendo un vitellino nato da poco. L&#8217;uomo \u00e8 stato incornato da un toro, inutile l&#8217;immediato intervento di Polizia, Vigili del fuoco ed anche dell&#8217;elisoccorso inizialmente contattato, purtroppo l&#8217;uomo \u00e8 stato ritrovato privo di vita.\u00a0Il suocero lo ha visto esanime a terra <strong>\u00abEra venuto in cerca di un vitellino\u00bb<\/strong>\u00a0 \u00a0Casarin gestiva i due ambulatori di via Feltre a Belluno e di Lentiai.<\/p>\n<p><strong>Ponte nelle Alpi<\/strong> piange Vitali Mardari (foto)\u00a0 boscaiolo di 28 anni ucciso da un albero che stava tagliando a Sagron Mis.\u00a0Troppo gravi le conseguenze dei traumi provocati dalla caduta di un albero che lo ha colpito in pieno. Sull\u2019esatta ricostruzione di quanto successo, sono al lavoro i carabinieri che fanno capo alla Compagnia di Cavalese.<\/p>\n<p><strong>Limana<\/strong> ieri una donna \u00e8 stata truffata dal falso funzionario Inps che prospettava la vincita di un premio, l&#8217;uomo 65enne campano residente nel vicentino \u00e8 stato fermato dai Carabinieri del Norm e di Mel. A Limana un altro colpo dei ladri, furto nella casa sopra l&#8217;autofficina Casanova, i ladri sono entrati sfondando una finestra, il bottino non meno di 5000 euro e i gioielli di famiglia. Il furto scoperto attorno alle 18.30 nelle prime ore di buio dopo il tramonto del sole.<\/p>\n<p>&nbsp;<\/p>\n<p>&nbsp;<\/p>\n<h1>ROCCA PIETORE, BANDIERA ARANCIONE NELL&#8217;AGORDINO CHE SI RIALZA<\/h1>\n<p><strong>Sempre meglio<\/strong>, nell&#8217;Alto Agordino si produce neve artificiale e i problemi alla viabilit\u00e0 trovano soluzione. A Candaten ad esempio dove da ieri \u00e8 scomparso il semaforo che di code ne ha create fin troppe per lasciare spazio alla terza corsia, pi\u00f9 lontano dalla furia del torrente Cordevole. Per Veneto Strade si tratta di una pista provvisoria, quindi prevista la deviazione con il limite di 50 chilometri orari. Fino a revoca festivi e prefestivi inclusi. Gosaldo e Tiser sono sempre e comunque nella morsa dei disagi, lo ha confermato l&#8217;incontro dell&#8217;altra sera con il sindaco Giocondo Dalle Feste. Sulla situazione in vallata l&#8217;aggiornamento con il presidente dell&#8217;Unione Montana, Fabio Luchetta.<\/p>\n<audio class=\"wp-audio-shortcode\" id=\"audio-66942-1\" preload=\"none\" style=\"width: 100%;\" controls=\"controls\"><source type=\"audio\/mpeg\" src=\"http:\/\/www.radiopiu.net\/wordpress\/wp-content\/uploads\/2018\/11\/FABI-LUCHETTA.mp3?_=1\" \/><a href=\"http:\/\/www.radiopiu.net\/wordpress\/wp-content\/uploads\/2018\/11\/FABI-LUCHETTA.mp3\">http:\/\/www.radiopiu.net\/wordpress\/wp-content\/uploads\/2018\/11\/FABI-LUCHETTA.mp3<\/a><\/audio>\n<p><strong>Rocca Pietore,<\/strong> cuore dell&#8217;alluvione si impegna per tornare alla vita normale giorno dopo giorno, ieri la bella notizia: l\u2019assegnazione della \u201cBandiera Arancione\u201d da parte del Touring Club Italiano. Gsp \u00e8 al lavoro per ricostruire l&#8217;acquedotto, i 45 giorni di tempo ipotizzati per la risoluzione del problema potrebbero essere sufficienti,\u00a0 ma per saperne di pi\u00f9 sulla vita in paese ecco il resoconto del sindaco Andrea De Bernardin.<\/p>\n<audio class=\"wp-audio-shortcode\" id=\"audio-66942-2\" preload=\"none\" style=\"width: 100%;\" controls=\"controls\"><source type=\"audio\/ogg\" src=\"http:\/\/www.radiopiu.net\/wordpress\/wp-content\/uploads\/2018\/11\/andrea-1.ogg?_=2\" \/><a href=\"http:\/\/www.radiopiu.net\/wordpress\/wp-content\/uploads\/2018\/11\/andrea-1.ogg\">http:\/\/www.radiopiu.net\/wordpress\/wp-content\/uploads\/2018\/11\/andrea-1.ogg<\/a><\/audio>\n<blockquote><p><strong><em>RISOLTO IL PROBLEMA DELLE LUNGHE CODE A CANDATEN, VIA IL SEMAFORO, APERTA LA PISTA DI EMERGENZA. DA RISOLVERE IL PROBLEMA AL GHIRLO DI CENCENIGHE, DOVE LE CODE CHILOMETRICHE NEL FINE SETTIMANA SONO ALL&#8217;ORDINE DEL GIORNO.<\/em><\/strong><\/p>\n<p><strong>DARIO BOND<\/strong><\/p><\/blockquote>\n<audio class=\"wp-audio-shortcode\" id=\"audio-66942-3\" preload=\"none\" style=\"width: 100%;\" controls=\"controls\"><source type=\"audio\/mpeg\" src=\"http:\/\/www.radiopiu.net\/wordpress\/wp-content\/uploads\/2018\/11\/BOND-1.mp3?_=3\" \/><a href=\"http:\/\/www.radiopiu.net\/wordpress\/wp-content\/uploads\/2018\/11\/BOND-1.mp3\">http:\/\/www.radiopiu.net\/wordpress\/wp-content\/uploads\/2018\/11\/BOND-1.mp3<\/a><\/audio>\n<p>&nbsp;<\/p>\n<p>&nbsp;<\/p>\n<p>&nbsp;<\/p>\n<div class=\"page-title-head hgroup\">\n<h1 class=\"entry-title\">AUSER EL BROI: CORSA CONTRO IL TEMPO PER COMPRARE IL NUOVO MEZZO DISTRUTTO DAL MALTEMPO<\/h1>\n<\/div>\n<blockquote class=\"wp-embedded-content\" data-secret=\"SoRc39QmNR\"><p><a href=\"http:\/\/www.radiopiu.net\/wordpress\/auser-el-broi-corsa-contro-il-tempo-per-comprare-il-nuovo-mezzo-distrutto-dal-maltempo\/\">AUSER EL BROI: CORSA CONTRO IL TEMPO PER COMPRARE IL NUOVO MEZZO DISTRUTTO DAL MALTEMPO<\/a><\/p><\/blockquote>\n<p><iframe loading=\"lazy\" class=\"wp-embedded-content\" sandbox=\"allow-scripts\" security=\"restricted\" style=\"position: absolute; clip: rect(1px, 1px, 1px, 1px);\" src=\"http:\/\/www.radiopiu.net\/wordpress\/auser-el-broi-corsa-contro-il-tempo-per-comprare-il-nuovo-mezzo-distrutto-dal-maltempo\/embed\/#?secret=SoRc39QmNR\" data-secret=\"SoRc39QmNR\" width=\"600\" height=\"338\" title=\"&#8220;AUSER EL BROI: CORSA CONTRO IL TEMPO PER COMPRARE IL NUOVO MEZZO DISTRUTTO DAL MALTEMPO&#8221; &#8212; Radio Pi\u00f9\" frameborder=\"0\" marginwidth=\"0\" marginheight=\"0\" scrolling=\"no\"><\/iframe><\/p>\n<p>&nbsp;<\/p>\n<p>&nbsp;<\/p>\n<p>&nbsp;<\/p>\n<p>&nbsp;<\/p>\n<div class=\"page-title-head hgroup\">\n<h1 class=\"entry-title\">TISER \u201cPETTINATA\u201d DALL\u2019URAGANO, IERI SERA L\u2019INCONTRO CON IL SINDACO<\/h1>\n<\/div>\n<blockquote class=\"wp-embedded-content\" data-secret=\"ruouGQCDIS\"><p><a href=\"http:\/\/www.radiopiu.net\/wordpress\/tiser-pettinata-dalluragano-ieri-sera-lincontro-con-il-sindaco\/\">TISER &#8220;PETTINATA&#8221; DALL&#8217;URAGANO, IERI SERA L&#8217;INCONTRO CON IL SINDACO<\/a><\/p><\/blockquote>\n<p><iframe loading=\"lazy\" class=\"wp-embedded-content\" sandbox=\"allow-scripts\" security=\"restricted\" style=\"position: absolute; clip: rect(1px, 1px, 1px, 1px);\" src=\"http:\/\/www.radiopiu.net\/wordpress\/tiser-pettinata-dalluragano-ieri-sera-lincontro-con-il-sindaco\/embed\/#?secret=ruouGQCDIS\" data-secret=\"ruouGQCDIS\" width=\"600\" height=\"338\" title=\"&#8220;TISER &#8220;PETTINATA&#8221; DALL&#8217;URAGANO, IERI SERA L&#8217;INCONTRO CON IL SINDACO&#8221; &#8212; Radio Pi\u00f9\" frameborder=\"0\" marginwidth=\"0\" marginheight=\"0\" scrolling=\"no\"><\/iframe><\/p>\n<p>&nbsp;<\/p>\n<p>&nbsp;<\/p>\n<p>&nbsp;<\/p>\n<h1 class=\"entry-title\">LUXOTTICA: TRASPORTI E PARCHEGGI, SITUAZIONE IN EVOLUZIONE CONTINUA<\/h1>\n<blockquote class=\"wp-embedded-content\" data-secret=\"WoYlkhj7dB\"><p><a href=\"http:\/\/www.radiopiu.net\/wordpress\/luxottica-trasporti-e-parcheggi-situazione-in-evoluzione-continua\/\">LUXOTTICA: TRASPORTI E PARCHEGGI, SITUAZIONE IN EVOLUZIONE CONTINUA<\/a><\/p><\/blockquote>\n<p><iframe loading=\"lazy\" class=\"wp-embedded-content\" sandbox=\"allow-scripts\" security=\"restricted\" style=\"position: absolute; clip: rect(1px, 1px, 1px, 1px);\" src=\"http:\/\/www.radiopiu.net\/wordpress\/luxottica-trasporti-e-parcheggi-situazione-in-evoluzione-continua\/embed\/#?secret=WoYlkhj7dB\" data-secret=\"WoYlkhj7dB\" width=\"600\" height=\"338\" title=\"&#8220;LUXOTTICA: TRASPORTI E PARCHEGGI, SITUAZIONE IN EVOLUZIONE CONTINUA&#8221; &#8212; Radio Pi\u00f9\" frameborder=\"0\" marginwidth=\"0\" marginheight=\"0\" scrolling=\"no\"><\/iframe><\/p>\n<p>&nbsp;<\/p>\n<p>&nbsp;<\/p>\n<p>&nbsp;<\/p>\n<div class=\"page-title-head hgroup\">\n<h1 class=\"entry-title\">TRUFFA L\u2019ANZIANA, LO FERMANO I CARABINIERI<\/h1>\n<\/div>\n<blockquote class=\"wp-embedded-content\" data-secret=\"JgumJI1xvF\"><p><a href=\"http:\/\/www.radiopiu.net\/wordpress\/truffa-lanziana-lo-fermano-i-carabinieri\/\">TRUFFA L&#8217;ANZIANA, LO FERMANO I CARABINIERI<\/a><\/p><\/blockquote>\n<p><iframe loading=\"lazy\" class=\"wp-embedded-content\" sandbox=\"allow-scripts\" security=\"restricted\" style=\"position: absolute; clip: rect(1px, 1px, 1px, 1px);\" src=\"http:\/\/www.radiopiu.net\/wordpress\/truffa-lanziana-lo-fermano-i-carabinieri\/embed\/#?secret=JgumJI1xvF\" data-secret=\"JgumJI1xvF\" width=\"600\" height=\"338\" title=\"&#8220;TRUFFA L&#8217;ANZIANA, LO FERMANO I CARABINIERI&#8221; &#8212; Radio Pi\u00f9\" frameborder=\"0\" marginwidth=\"0\" marginheight=\"0\" scrolling=\"no\"><\/iframe><\/p>\n<p>&nbsp;<\/p>\n<p>&nbsp;<\/p>\n<p>&nbsp;<\/p>\n<p>&nbsp;<\/p>\n<h1>METEO. STATO DI ATTENZIONE PER FORTE VENTO NELLE PREALPI E COSTA CENTRO MERIDIONALE E PER NEVICATE NELLE ZONE COLLINARI E I FONDOVALLE PREALPINI<\/h1>\n<p><strong>VENEZIA\u00a0<\/strong> Il Centro Funzionale Decentrato della Regione del Veneto, al fine di garantire un monitoraggio costante della situazione e la massima prontezza operativa del Sistema di Protezione Civile, ha dichiarato: la fase operativa di \u201cattenzione\u201d per vento forte fino alle 14, ventilazione da est con venti tesi e a tratti forti sulle dorsali prealpine, sulla costa, in particolare quella centro meridionale, e pianura limitrofa; bora moderata\/tesa sul resto della pianura. Stato di \u201cattenzione\u201d per nevicate fino alle 14, per le zone collinari e i fondovalle prealpini: sono, infatti, previste tra la tarda serata di oggi e il primo modeste nevicate fino a quote collinari (oltre i 400-600 m), con possibili locali episodi fino a qualche fondovalle prealpino con accumuli comunque scarsi. Continuano, infine, a essere soggette a specifico monitoraggio le frane del Tessina nel Comune di Chies d&#8217;Alpago (Bl) e della Busa del Cristo a Perarolo di Cadore (Bl), riattivatesi dopo le abbondanti precipitazioni delle scorse settimane. In particolare nel comune di Perarolo di Cadore, viene mantenuta una fase operativa di \u201callarme\u201d localizzata.<\/p>\n<p>&nbsp;<\/p>\n<p>&nbsp;<\/p>\n<p>&nbsp;<\/p>\n<p>&nbsp;<\/p>\n<h1>UNIONE MONTANA: FABIO LUCHETTA RISPONDE ALL&#8217;INTERROGAZIONE DI SAVIO E FERRONI<\/h1>\n<p><strong>L&#8217;INTERROGAZIONE<\/strong><\/p>\n<p><strong><a class=\"dt-pswp-item\" href=\"http:\/\/www.radiopiu.net\/wordpress\/wp-content\/uploads\/2018\/07\/UNIONE-MONTANA.jpg\" data-dt-img-description=\"\" data-large_image_width=\"464\" data-large_image_height=\"660\"><img loading=\"lazy\" decoding=\"async\" class=\"size-medium wp-image-53717 alignleft\" src=\"http:\/\/www.radiopiu.net\/wordpress\/wp-content\/uploads\/2018\/07\/UNIONE-MONTANA-211x300.jpg\" alt=\"\" width=\"211\" height=\"300\" srcset=\"https:\/\/www.radiopiu.net\/wordpress\/wp-content\/uploads\/2018\/07\/UNIONE-MONTANA-211x300.jpg 211w, https:\/\/www.radiopiu.net\/wordpress\/wp-content\/uploads\/2018\/07\/UNIONE-MONTANA.jpg 464w\" sizes=\"auto, (max-width: 211px) 100vw, 211px\" \/><\/a>AGORDO<\/strong> Nuova interrogazione consigliare su Asca al presidente dell\u2019Uma, Fabio Luchetta (l\u2019altra volta fu il sindaco di Falcade, Michele Costa)\u00a0 i mittenti sono i consiglieri\u00a0 Silvano Savio e Vincenzo Ferroni\u00a0 che chiedono quali siano le motivazioni che hanno indotto l\u2019assemblea dei sindaci a individuare Maria Chiara Santin, proveniente dall\u2019Azienda Feltrina come amministratore unico di Asca (Azienda speciale consortile agordina). Chiedono anche \u00abdi chiarire la modalit\u00e0 di assunzione del direttore di Asca, Arrigo Boito assunto in forma diretta.<\/p>\n<p><strong>LA RISPOSTA\u00a0<\/strong><\/p>\n<p>In riferimento all&#8217; interrogazione dei Consiglieri Savio e Ferroni si fa presente che questo Consiglio non ha alcuna competenza a trattare tematiche riferite alla Azienda Speciale Consortile come peraltro risulta chiaro dalla lettura dello Statuto. Il Consiglio di Presidenza e L\u2019Assemblea di ASCA, che si riuniscono periodicamente per svolgere le funzioni sancite dallo Statuto stesso, ritengono assolutamente infondate, inesistenti e pretestuose le istanze avanzate dai due Consiglieri e considerano l&#8217;Azienda un patrimonio della Comunit\u00e0 Agordina che rischia di vederne pregiudicato il proprio valore da simili spregevoli iniziative. Ricordano che la dr.Santin, che da pensionata svolge le proprie funzioni gratuitamente, \u00e8 stata scelta come AU perch\u00e9 la complessit\u00e0 dell&#8217;Azienda da noi istituita richiedeva e richiede che tale figura sia in possesso delle massime competenze nell&#8217;area socio-sanitaria. Nello specifico, la dr. Santin, ha diretto per anni un&#8217; Azienda Consortile, e una S.p.A gestendo fra l&#8217;altro i servizi agli anziani dei comuni di Feltre, Lentiai, Cesiomaggiore, Belluno e raggiungendo eccellenti risultati da tutti riconosciuti. Nominata Amministratore Unico di <a class=\"dt-pswp-item\" href=\"http:\/\/www.radiopiu.net\/wordpress\/wp-content\/uploads\/2017\/10\/11201175_546893842116298_4188043545427527597_n.jpg\" data-dt-img-description=\"\" data-large_image_width=\"309\" data-large_image_height=\"206\"><img loading=\"lazy\" decoding=\"async\" class=\"size-medium wp-image-37146 alignright\" src=\"http:\/\/www.radiopiu.net\/wordpress\/wp-content\/uploads\/2017\/10\/11201175_546893842116298_4188043545427527597_n-300x200.jpg\" alt=\"\" width=\"300\" height=\"200\" \/><\/a>ASCA, ha stipulato una convenzione con l&#8217;Azienda Consortile Longarone\/Zoldo come previsto dallo Statuto sopracitato, che promuove le collaborazioni con le altre realt\u00e0 territoriali operanti nel settore per implementare la qualit\u00e0 dei servizi. La scelta e\u2019 stata fatta in primis per la precisa volont\u00e0 di affidare la direzione di ASCA al dr. Boito, considerato il miglior professionista del settore di cui poter disporre, dato che, fra l\u2019altro, aveva gi\u00e0 maturato un&#8217;esperienza specifica nella RSA di Agordo, diretto una struttura di medie dimensioni come Limana, perfezionata la conoscenza dell&#8217;area con la creazione e la gestione della consortile Longarone\/Zoldo. Il dr. Boito, peraltro, \u00e8 dipendente della suddetta Azienda e riveste le funzioni di direttore generale dopo aver partecipato a una pubblica selezione. Appare pertanto inqualificabile la volont\u00e0 di mettere qualsivoglia dubbio sulla correttezza amministrativa dell&#8217;operato di ASCA, come appare evidente il tentativo di danneggiare una societ\u00e0 nata grazie al grande impegno di tutti, fortemente voluta per garantire la continuit\u00e0 della governance pubblica dei servizi assistenziali e che sta dimostrando la bont\u00e0 della scelta fatta con i risultati gi\u00e0 raggiunti e gli ambiziosi obiettivi condivisi con noi. Infine, lascia sgomenti che l\u2019interrogazione sia datata 5 novembre 2018 : uno schiaffo alla comunit\u00e0 agordina, alle sofferenze di chi vive e lavora in questo territorio e all&#8217;istituzione che risponde ai bisogni delle persone pi\u00f9 fragili.<\/p>\n<p>&nbsp;<\/p>\n<p>&nbsp;<\/p>\n<p>&nbsp;<\/p>\n<p>&nbsp;<\/p>\n<p>&nbsp;<\/p>\n<p>&nbsp;<\/p>\n<p>&nbsp;<\/p>\n<h1><a class=\"dt-pswp-item\" href=\"http:\/\/www.radiopiu.net\/wordpress\/wp-content\/uploads\/2018\/05\/Roger_De_Menech_daticamera.jpg\" data-dt-img-description=\"\" data-large_image_width=\"165\" data-large_image_height=\"228\"><img loading=\"lazy\" decoding=\"async\" class=\"size-full wp-image-49599 alignleft\" src=\"http:\/\/www.radiopiu.net\/wordpress\/wp-content\/uploads\/2018\/05\/Roger_De_Menech_daticamera.jpg\" alt=\"\" width=\"165\" height=\"228\" \/><\/a><\/h1>\n<h1><\/h1>\n<h1><\/h1>\n<h1><\/h1>\n<h1><\/h1>\n<h1>LEGGE DI BILANCIO, GLI EMENDAMENTI DI ROGER DE MENECH<\/h1>\n<p>&nbsp;<\/p>\n<audio class=\"wp-audio-shortcode\" id=\"audio-66942-4\" preload=\"none\" style=\"width: 100%;\" controls=\"controls\"><source type=\"audio\/mpeg\" src=\"http:\/\/www.radiopiu.net\/wordpress\/wp-content\/uploads\/2018\/11\/ROGER-1.mp3?_=4\" \/><a href=\"http:\/\/www.radiopiu.net\/wordpress\/wp-content\/uploads\/2018\/11\/ROGER-1.mp3\">http:\/\/www.radiopiu.net\/wordpress\/wp-content\/uploads\/2018\/11\/ROGER-1.mp3<\/a><\/audio>\n<p>&nbsp;<\/p>\n<p>&nbsp;<\/p>\n<p>&nbsp;<\/p>\n<p>&nbsp;<\/p>\n<h1><\/h1>\n<h1><\/h1>\n<h1><\/h1>\n<h1><\/h1>\n<h1>FEDON, ACCORDO AZIENDA-SINDACATI. SCONGIURATI I LICENZIAMENTI<\/h1>\n<p style=\"text-align: left;\"><strong><a class=\"dt-pswp-item\" href=\"http:\/\/www.radiopiu.net\/wordpress\/wp-content\/uploads\/2018\/11\/download-2.jpg\" data-dt-img-description=\"\" data-large_image_width=\"275\" data-large_image_height=\"183\"><img loading=\"lazy\" decoding=\"async\" class=\"size-full wp-image-66951 alignleft\" src=\"http:\/\/www.radiopiu.net\/wordpress\/wp-content\/uploads\/2018\/11\/download-2.jpg\" alt=\"\" width=\"275\" height=\"183\" \/><\/a>ALPAGO<\/strong> Si uscir\u00e0 solo su base volontaria e con un incentivo a partire da 20 mila euro. E ad essere in esubero, non saranno pi\u00f9 35 lavoratori ma 29 (su un totale di 185 dipendenti). Raggiunto venerd\u00ec 16 novembre l\u2019accordo tra la dirigenza della Giorgio Fedon &amp; figli e le rappresentanze sindacali di Femca Cisl e Filctem Cgil sulla gestione della riduzione del personale della sede di Pieve d\u2019Alpago annunciata dall\u2019azienda lo scorso 17 ottobre.<\/p>\n<p><em> \u201c\u00c8 stato raggiunto un accordo importante &#8211; spiega Milena Cesca della Femca Cisl Belluno Treviso &#8211; abbiamo centrato l\u2019obiettivo che ci eravamo prefissati, cio\u00e8 quello di prevedere solo l\u2019uscita volontaria e incentivata. In questo senso l\u2019accordo prevede 29 esuberi anzich\u00e9 35, un incentivo che ha base di partenza di 20 mila euro, la possibilit\u00e0 di cercare una ricollocazione attraverso un\u2019agenzia di outsourcing che l\u2019azienda metter\u00e0 a disposizione, e anche la possibilit\u00e0 di diminuire ulteriormente il numero di esuberi attraverso una riorganizzazione del lavoro che incentivi l\u2019utilizzo su base volontaria del part-time. Nell\u2019area impiegatizia, ad esempio, dove il part time non \u00e8 mai stato visto in modo favorevole, questo potrebbe permettere di recuperare qualche posto e di ridurre ulteriormente il numero degli esuberi\u201d. \u201cCi auguriamo &#8211; prosegue Cesca &#8211; che gli obiettivi vengano raggiunti, e che l\u2019incentivo favorisca i lavoratori che, per ragioni di vicinanza alla pensione, di scelte di vita o di ricollocazione, sceglieranno di cogliere questa occasione. Dall\u2019azienda ora ci aspettiamo un piano industriale in cui ci spieghi strategie, investimenti e scelte per il futuro due sono gli aspetti che stiamo monitorando attentamente in questa delicata fase: da un lato la gestione degli esuberi, dall\u2019altro la garanzia della continuit\u00e0 dell\u2019attivit\u00e0 aziendale e le prospettive per i lavoratori del sito produttivo di Pieve d\u2019Alpago\u201d.<\/em><\/p>\n<p>&nbsp;<\/p>\n<p>&nbsp;<\/p>\n<p>&nbsp;<\/p>\n<p>&nbsp;<\/p>\n<h1>QUALITA\u2019 VITA: DE CARLO (FDI), OTTIMO RISULTATO BELLUNO ITALIANI AIUTINO PROVINCIA DANNEGGIATA DA MALTEMPO<\/h1>\n<p>dichiarazione di Luca De Carlo, deputato di Fratelli d\u2019Italia e sindaco di Calalzo di Cadore (BL).<\/p>\n<audio class=\"wp-audio-shortcode\" id=\"audio-66942-5\" preload=\"none\" style=\"width: 100%;\" controls=\"controls\"><source type=\"audio\/ogg\" src=\"http:\/\/www.radiopiu.net\/wordpress\/wp-content\/uploads\/2018\/11\/luca-de-carlo.ogg?_=5\" \/><a href=\"http:\/\/www.radiopiu.net\/wordpress\/wp-content\/uploads\/2018\/11\/luca-de-carlo.ogg\">http:\/\/www.radiopiu.net\/wordpress\/wp-content\/uploads\/2018\/11\/luca-de-carlo.ogg<\/a><\/audio>\n<p>&nbsp;<\/p>\n<p>&nbsp;<\/p>\n<p>&nbsp;<\/p>\n<p>&nbsp;<\/p>\n<p>&nbsp;<\/p>\n<h1>NEL BELLUNESE IL BUON VIVERE ANCHE GRAZIE AL VOLONTARIATO<\/h1>\n<p>di Franco Piacentini<\/p>\n<blockquote><p><em><strong>BELLUNO\u00a0\u00a0<\/strong>L\u2019indagine realizzata da \u201cItaliaOggi Sette\u201d conferma Bolzano, Trento e Belluno, anche per il 2018, nelle posizioni di vertice nella classifica delle zone dove si vive meglio. Ricordo che la mappatura del Sole 24 Ore del 2017, sulla qualit\u00e0 della vita in centodieci citt\u00e0 d\u2019Italia, collocava Belluno al primo posto di quella graduatoria. Inoltre, non va dimenticato che la \u201cCitt\u00e0 Splendente\u201d anche nel 2016 era ai primissimi posti nel ranking del buon vivere. Per gli abitanti, per le istituzioni locali, per le rappresentanze sociali ed economiche, questo ennesimo importante riconoscimento, oltre a portare una ventata di soddisfazione, pu\u00f2 essere un interessante input per invertire la tendenza allo spopolamento delle Terre Alte e pu\u00f2 essere utile per una intelligente campagna promozionale a sostegno delle attivit\u00e0 turistiche, produttive e commerciali; determinando cos\u00ec anche qualche positivo presupposto per le politiche attive del lavoro, da programmare soprattutto in questa fase di ristrutturazione immobiliare e di risanamento ambientale, dopo il drammatico nubifragio di fine ottobre scorso. Sono convinto che al raggiungimento e al consolidamento delle migliori condizioni del buon vivere a Belluno, abbiano contribuito anche: le Organizzazioni di Volontariato, le Associazioni di Promozione Sociale (egregiamente coordinate dal CSV\u00a0 Comitato d\u2019Intesa) e il Terso Settore, che nelle comunit\u00e0 del bellunese, quotidianamente, aiutano centinaia di persone: povere, fragili, disabili e non autosufficienti, in un rapporto di sussidiariet\u00e0 con le Amministrazioni pubbliche. Lo \u201cstar bene\u201d a Belluno non deve essere troppo enfatizzato. In questa bella citt\u00e0 dolomitica sono presenti alcune criticit\u00e0 sociali, certamente attenuate rispetto ad altre realt\u00e0 socio-economiche nazionali, grazie<\/em><br \/>\n<em>all\u2019attenzione e all\u2019impegno: di Cgil Cisl Uil; delle Associazioni Imprenditoriali; degli Enti di Patronato; dei Centri di Assistenza Fiscale; delle Parrocchie; delle Scuole; dei luoghi della Cultura, dell\u2019Invecchiamento attivo, dello Sport, delle Aggregazioni giovanili e delle Universit\u00e0 popolari terza et\u00e0. Sulle particolarit\u00e0 montane, la \u201cmassa critica della<\/em><br \/>\n<em>concertazione bellunese\u201d, coordinata dall\u2019Istituzione Provincia e dalla Assemblea dei Sindaci, sfruttando questo ottimo risultato statistico del benessere, si attivi velocemente nei confronti del Governo nazionale e della Regione Veneto, per dare concretezza ai \u201cbuoni propositi\u201d che erano alla base del referendum provinciale del 22 ottobre 2017 e per scongiurare la fine della ultra quarantennale esperienza nella solidariet\u00e0 e nella sussidiariet\u00e0 del \u201cCSV \u2013 Comitato d\u2019Intesa\u201d di Belluno.<\/em><\/p><\/blockquote>\n<p>&nbsp;<\/p>\n<p>&nbsp;<\/p>\n<p>&nbsp;<\/p>\n<p>&nbsp;<\/p>\n<h1>La Cassa Rurale di Cortina dona 10mila euro per l&#8217;alluvione<\/h1>\n<p><strong>BELLUNO <\/strong>Ricco contributo incassato dal Comune di Belluno: la Cassa Rurale ed artigiana di Cortina d&#8217;Ampezzo e delle Dolomiti ha infatti consegnato al Sindaco, Jacopo Massaro, 10mila euro per sostenere le attivit\u00e0 di pulizia e ripristino in seguito all&#8217;alluvione. \u00abAbbiamo deciso di stanziare 110mila euro per questa emergenza: 20mila euro sono stati donati al Comune di Rocca Pietore, mentre agli altri comuni sede di filiale sono stati attribuiti 10mila euro ognuno\u00bb, ha spiegato il vicepresidente Giacomo Giacobbi, che ha incontrato il sindaco con Fabio Della Vecchia e Marzia Fontana, rispettivamente preposto e vice-preposto della filiale del capoluogo. \u00abQuesto \u00e8 un segnale di grande attaccamento al territorio. &#8211; commenta Massaro \u2013 In questo modo, gli investimenti della Cassa Rurale finiscono direttamente sul territorio, aiutandolo a riprendersi e sostenendo l&#8217;economia locale. Particolarmente importanti in questo momento sono anche le modalit\u00e0 agevolate di sostegno al credito annunciato dalla Cassa e da altri istituti bancari\u00bb. Il conto corrente aperto dal Comune di Belluno subito dopo l&#8217;alluvione ad oggi pu\u00f2 contare su oltre 21mila euro: \u00abA questa cifra, dobbiamo ancora aggiungere la donazione della Cassa Rurale, i fondi raccolti dal Comitato Gocce di Sole Onlus in occasione del concerto di venerd\u00ec sera al Teatro Comunale e altre raccolte fondi organizzate via social network e che questa mattina sono state riversate sul nostro conto. &#8211; spiega Massaro \u2013 Inoltre, ci sono numerosissime iniziative benefiche in programma: penso alla cena di gioved\u00ec sera alla Trattoria Il Moretto con i sindaci che faranno da camerieri, alla Corrinsieme organizzata per sabato pomeriggio in centro citt\u00e0 a sostegno del Nevegal, al concerto del 22 dicembre al Teatro Comunale dei Maci&#8217;s Mobile e Non Voglio Che Clara. A queste si sommano poi le innumerevoli iniziative che ci vengono proposte da fuori provincia per le prossime settimane ed i prossimi mesi: la macchina della solidariet\u00e0 sta ancora funzionando benissimo, e ringraziamo di cuore tutti quelli che si stanno impegnando per mantenerla operativa\u00bb.<\/p>\n<p>&nbsp;<\/p>\n<p>&nbsp;<\/p>\n<p>&nbsp;<\/p>\n<p>&nbsp;<\/p>\n<h1>ANTICIPATI I RIMBORSI PER LE SPESE SOSTENUTE DALLE ASSOCIAZIONI DI VOLONTARIATO ATTIVE DURANTE IL MALTEMPO. BOTTACIN: &#8220;PICCOLO GESTO, MA IMPORTANTE PER CHI OPERA&#8221;<\/h1>\n<p><strong>VENEZIA\u00a0<\/strong> &#8220;Per un veloce ristoro delle spese sostenute dalle moltissime organizzazioni di volontariato iscritte all\u2019Albo regionale, attivate durante il maltempo di queste settimane e che stanno attualmente ancora operando, al fine di non gravare eccessivamente sui loro bilanci, stamani abbiamo approvato una delibera con cui provvederemo all\u2019anticipazione dei rimborsi, nella misura dell\u201980% delle spese dichiarate, a favore delle medesime organizzazioni che alla data del 20.11.2018 avranno gi\u00e0 sostenuto pagamenti superiori a 250 euro e ne faranno specifica richiesta alla nostra Direzione Regionale Protezione Civile entro la fine del mese&#8221;. A comunicarlo \u00e8 l&#8217;assessore regionale Gianpaolo Bottacin, promotore della delibera. La norma nella ordinariet\u00e0 prevede che vengano riconosciute le spese che le organizzazioni sostengono nel corso delle attivit\u00e0 in emergenza, relative ai pasti per i volontari, al carburante per i mezzi e le attrezzature, ai pedaggi autostradali e ad altre necessit\u00e0 che sono espressamente riportate negli atti di attivazione del volontariato, emessi dalla struttura regionale competente in materia di Protezione Civile. Tali spese sono poi rimborsate tramite una apposita procedura, che prevede la presentazione di tutta la documentazione attestante le spese sostenute. La Regione per questo caso particolare ha inteso invece agevolare le organizzazioni di volontariato senza attendere il completamento del normale iter burocratico. &#8220;Si tratta forse di un piccolo gesto &#8211; conclude Bottacin -, ma assolutamente importante per chi opera. Anticipando i tempi rispetto al normale percorso, vogliamo in tal modo ancora una volta continuare ad esprimere il nostro grazie ai volontari&#8221; .<\/p>\n<p>&nbsp;<\/p>\n<p>&nbsp;<\/p>\n<p>&nbsp;<\/p>\n<p>&nbsp;<\/p>\n<p>&nbsp;<\/p>\n<h1>BANDIERA ARANCIONE DEL TOURING CLUB A ROCCA PIETORE (BL). ZAIA: \u201cI GIORNI PI\u00d9 BRUTTI SONO ALLE SPALLE: PRONTI PER L\u2019INIZIO DELLA STAGIONE INVERNALE\u201d<\/h1>\n<p><strong>VENEZIA<\/strong>\u00a0 \u201cUna bella notizia, un gradito gesto di incoraggiamento per un territorio martoriato, per una comunit\u00e0 che pur messa pesantemente alla prova dalla violenta ondata di maltempo che ha colpito quest\u2019area nelle scorse settimane, sta gradualmente, con decisione e con quella forza di volont\u00e0 tutta montanara, riconquistando le condizioni di normalit\u00e0, per farsi trovare pronta all\u2019apertura dell\u2019imminente stagione turistica invernale\u201d. Lo afferma il presidente della Regione del Veneto, Luca Zaia, commentando l\u2019assegnazione della \u201cBandiera Arancione\u201d da parte del Touring Club Italiano a Rocca Pietore, uno dei Comuni maggiormente colpiti dalla calamit\u00e0 naturale che ha sconvolto il bellunese all\u2019inizio di questo mese di novembre. \u201cQuesto borgo ai piedi della Marmolada, uno dei pi\u00f9 suggestivi delle Dolomiti, patrimonio dell\u2019Umanit\u00e0 Unesco \u2013 sottolinea Zaia \u2013 \u00e8 pronto a ospitare gli amanti della montagna e dello sci, con le sue piste, impianti e strutture ricettive aperte\u201d<\/p>\n<p>&nbsp;<\/p>\n<p>&nbsp;<\/p>\n<p>&nbsp;<\/p>\n<p>&nbsp;<\/p>\n<p>&nbsp;<\/p>\n<h1>GIORNATA INTERNAZIONALE PER L&#8217;ELIMINAZIONE DELLA VIOLENZA CONTRO LE DONNE<\/h1>\n<blockquote>\n<h3><em>Iniziativa Cisl per gli studenti delle scuole superiori di Treviso il 22 novembre nell\u2019auditorium della Provincia<\/em><\/h3>\n<\/blockquote>\n<p><strong><a class=\"dt-pswp-item\" href=\"http:\/\/www.radiopiu.net\/wordpress\/wp-content\/uploads\/2018\/11\/front.jpg\" data-dt-img-description=\"\" data-large_image_width=\"2953\" data-large_image_height=\"4173\"><img loading=\"lazy\" decoding=\"async\" class=\"size-medium wp-image-66944 alignleft\" src=\"http:\/\/www.radiopiu.net\/wordpress\/wp-content\/uploads\/2018\/11\/front-212x300.jpg\" alt=\"\" width=\"212\" height=\"300\" srcset=\"https:\/\/www.radiopiu.net\/wordpress\/wp-content\/uploads\/2018\/11\/front-212x300.jpg 212w, https:\/\/www.radiopiu.net\/wordpress\/wp-content\/uploads\/2018\/11\/front-768x1085.jpg 768w, https:\/\/www.radiopiu.net\/wordpress\/wp-content\/uploads\/2018\/11\/front-725x1024.jpg 725w\" sizes=\"auto, (max-width: 212px) 100vw, 212px\" \/><\/a>BELLUNO<\/strong> Promuovere una sana educazione ai sentimenti e stimolare la riflessione degli studenti sulle relazioni fra maschile e femminile. Sono gli obiettivi di #stopviolenza: a scuola per eliminare la violenza di genere, l\u2019iniziativa organizzata dalla Cisl Belluno Treviso in occasione della Giornata internazionale per l\u2019eliminazione della violenza contro le donne 2018. Il Coordinamento Donne della Cisl Belluno Treviso, insieme alla FNP (Federazione Nazionale Pensionati) e alla Cisl Scuola, con la collaborazione della Consigliera di Parit\u00e0 e della Presidente della Commissione Pari Opportunit\u00e0 della Provincia, e il patrocinio della Provincia, organizza un incontro di sensibilizzazione sul tema della violenza di genere mettendo insieme pi\u00f9 generazioni: i giovani studenti, i lavoratori e i pensionati. L\u2019incontro si rivolge principalmente alle classi degli Istituti superiori della citt\u00e0 di Treviso e si svolger\u00e0 nell\u2019auditorium della Provincia di Treviso il 22 novembre dalle ore 9.45.\u201cL\u2019iniziativa &#8211; spiega Alessia Salvador, responsabile del Coordinamento Donne della Cisl Belluno Treviso &#8211; rappresenta un contributo concreto per fare in modo che nelle scuole, come nei posti di lavoro e nelle famiglie, si creino le condizioni per eliminare la violenza contro le donne, un fenomeno odioso che ha radici profonde. Con questo incontro, rivolto in primis agli studenti, intendiamo promuovere l\u2019educazione ai sentimenti, stimolare la riflessione sulle relazioni fra maschile e femminile, rinforzare la corretta espressione delle emozioni all\u2019interno delle relazioni e indagare il peso dei fattori socio-culturali nella violenza di genere\u201d. Il convegno sar\u00e0 aperto dagli interventi della responsabile del Coordinamento Donne Cisl Belluno Treviso Alessia Salvador, della consigliera di Parit\u00e0 della Provincia di Treviso Stefania Barbieri e della presidente della Commissione Pari Opportunit\u00e0 Antonella De Giusti. Ampio spazio poi ai contributi del dottor Antonio Romeo, counselor professionista nella relazione d&#8217;aiuto, co-fondatore e operatore dello staff tecnico di \u201cCambiamento Maschile\u201d, spazio di ascolto per uomini che agiscono violenza nelle relazioni affettive realizzato dal Comune di Montebelluna e il patrocinio della Ulss, dei Comuni dell\u2019area montebellunese e della Consigliera provinciale di Parit\u00e0, e della dottoressa Teresa Rando, psicologa, psicoterapeuta, formatrice, sessuologa, gi\u00e0 responsabile dei progetti di Educazione sessuale dell&#8217;Azienda Ulss di Treviso e relatrice in numerosi convegni sui temi della sessualit\u00e0 e della prevenzione della violenza di genere. Le conclusioni saranno di Cinzia Bonan, segretario generale della Cisl Belluno Treviso.<\/p>\n<p>&nbsp;<\/p>\n<p>&nbsp;<\/p>\n<p>&nbsp;<\/p>\n<p>&nbsp;<\/p>\n<p>&nbsp;<\/p>\n<p>&nbsp;<\/p>\n<p>&nbsp;<\/p>\n<h1>POSTE CON I SINDACI IL 26 NOVEMBRE A ROMA. UNCEM: PROPOSTE CONCRETE E ATTUABILI SUBITO PER RIDEFINIRE RAPPORTO DEGLI ENTI CON L&#8217;AZIENDA. NEL PASSATO FATTI GRAVI ERRORI, ORA SI DEVE RIMEDIARE<\/h1>\n<p><strong><a class=\"dt-pswp-item\" href=\"http:\/\/www.radiopiu.net\/wordpress\/wp-content\/uploads\/2018\/11\/download-3.jpg\" data-dt-img-description=\"\" data-large_image_width=\"318\" data-large_image_height=\"159\"><img loading=\"lazy\" decoding=\"async\" class=\"size-medium wp-image-66982 alignleft\" src=\"http:\/\/www.radiopiu.net\/wordpress\/wp-content\/uploads\/2018\/11\/download-3-300x150.jpg\" alt=\"\" width=\"300\" height=\"150\" srcset=\"https:\/\/www.radiopiu.net\/wordpress\/wp-content\/uploads\/2018\/11\/download-3-300x150.jpg 300w, https:\/\/www.radiopiu.net\/wordpress\/wp-content\/uploads\/2018\/11\/download-3.jpg 318w\" sizes=\"auto, (max-width: 300px) 100vw, 300px\" \/><\/a>UNCEM<\/strong> Poste per i piccoli Comuni? Le opportunit\u00e0 non mancano, concrete e subito attuabili senza oneri speciali e senza costi per gli Enti: dalla gestione delle tesorerie comunali alla riscossione dei tributi, dai nuovi Postamat da installare vicino agli uffici all&#8217;attivazione degli operatori polivalenti per garantire continuit\u00e0 di presidio e servizio di distribuzione, dalla costruzione di sportelli multiservizio alla nuova rete di postini telematici. Sino all&#8217;accompagnamento della pubblica amministrazione nella digitalizzazione di servizi e procedure, alla costruzione di un modello di recapito pi\u00f9 efficace, forte ad esempio dell&#8217;e-commerce e dell&#8217;aumento notevole di consegne e prese in carico di pacchi postali. Il nuovo patto di Poste Italiane con gli Enti locali, in particolare nelle aree rurali e montane, secondo Uncem si pu\u00f2 fare. Si deve fare. Riconosciuti dall&#8217;azienda gli errori del passato &#8211; gravi e pi\u00f9 volte rimarcati dall&#8217;Unione nazionale dei Comuni e degli Enti montani, vista la smobilitazione avviata quindici anni fa &#8211; oggi c&#8217;\u00e8 spazio per ridefinire la presenza dell&#8217;azienda sul territorio in accordo con il sistema delle autonomie, alla luce anche di quanto scritto nella legge 158\/2017 sui piccoli Comuni, articolo 9: &#8220;I\u00a0piccoli Comuni, anche in forma associata, d&#8217;intesa con la Regione,\u00a0possono proporre\u00a0iniziative volte a sviluppare, anche\u00a0attraverso l&#8217;eventuale ripristino di uffici postali, l&#8217;offerta\u00a0complessiva dei servizi postali, congiuntamente ad altri servizi,\u00a0valorizzando la presenza capillare degli uffici postali appartenenti\u00a0al fornitore del servizio postale universale&#8221;. Uno spazio legislativo importante che gli Enti vogliono riempire con proposte che faranno a Poste il 26 novembre, nell&#8217;evento a Roma promosso dall&#8217;Azienda al quale sono stati invitati i Sindaci italiani degli Enti con meno di 5mila abitanti.\u00a0 Uncem ha sempre fatto giungere a Poste, negli ultimi dieci anni, le preoccupazioni delle Amministrazioni locali per la riduzione di orari e servizi di poste, nonch\u00e9 la richiesta di reimpostare servizi e opportunit\u00e0. Poste nel piano industriale Deliver 2020 ha annunciato di non voler chiudere centinaia di uffici in piccoli centri. Uncem ha accolto positivamente la notizia e il 26 novembre a Roma chieder\u00e0 a Poste, ai sensi della legge 158, di potenziare presenza e opportunit\u00e0 per PA, aziende e comunit\u00e0 dei territori. Opportunit\u00e0 concrete, investimenti e azioni congiunte che contrastino divario digitale e sperequazioni territoriali nell&#8217;erogazione dei servizi, troppo ricorrenti nell&#8217;ultimo decennio, in particolare determinate dalla smobilitazione di banche, multiutility e imprese private.<\/p>\n<p>&nbsp;<\/p>\n<p>&nbsp;<\/p>\n<p>&nbsp;<\/p>\n<p>&nbsp;<\/p>\n<p>&nbsp;<\/p>\n<h1>LA GESTIONE DELL\u2019ACQUA: IL MODELLO PUBBLICO DEL VENETO<\/h1>\n<blockquote>\n<h3><em>Investimenti, lavoro e ambiente<\/em><\/h3>\n<\/blockquote>\n<p><strong><a class=\"dt-pswp-item\" href=\"http:\/\/www.radiopiu.net\/wordpress\/wp-content\/uploads\/2018\/11\/20181119_Evento_Viveracqua_relatori.jpg\" data-dt-img-description=\"\" data-large_image_width=\"2480\" data-large_image_height=\"1831\"><img loading=\"lazy\" decoding=\"async\" class=\"size-medium wp-image-66957 alignleft\" src=\"http:\/\/www.radiopiu.net\/wordpress\/wp-content\/uploads\/2018\/11\/20181119_Evento_Viveracqua_relatori-300x221.jpg\" alt=\"\" width=\"300\" height=\"221\" srcset=\"https:\/\/www.radiopiu.net\/wordpress\/wp-content\/uploads\/2018\/11\/20181119_Evento_Viveracqua_relatori-300x221.jpg 300w, https:\/\/www.radiopiu.net\/wordpress\/wp-content\/uploads\/2018\/11\/20181119_Evento_Viveracqua_relatori-768x567.jpg 768w, https:\/\/www.radiopiu.net\/wordpress\/wp-content\/uploads\/2018\/11\/20181119_Evento_Viveracqua_relatori-1024x756.jpg 1024w\" sizes=\"auto, (max-width: 300px) 100vw, 300px\" \/><\/a>TREVISO<\/strong> La gestione dell\u2019acqua: il modello pubblico del Veneto &#8211; investimenti, lavoro e ambiente \u00e8 il tema<br \/>\ndi grande attualit\u00e0 che vede Viveracqua parte attiva nel dibattito insieme ai principali interlocutori nella regolazione, pianificazione e realizzazione dei progetti di investimento nel servizio idrico regionale. Viveracqua \u00e8 il consorzio costituito nel 2011 tra 12 gestori del servizio idrico integrato del Veneto a totale capitale pubblico che complessivamente erogano il servizio idrico integrato a favore di 4,8 milioni di abitanti residenti in 589 comuni veneti e friulani. Viveracqua \u00e8 lo strumento operativo dei gestori per svolgere in comune alcune fasi dei processi aziendali ed \u00e8 un sistema di rete tra aziende pubbliche che funziona, capace di creare economie di scopo e di scala del valore di diversi milioni di euro, efficace propulsore anche nel rilancio e nella ripresa socio-economica del Veneto. Nel quadriennio 2014-2017 Viveracqua ha totalizzato 572 milioni di euro di investimenti\u00a0che hanno permesso di attivare oltre 3446 cantieri per costruire e adeguare 792 km di rete d\u2019acquedotto\u00a0e la posa in opera di\u00a0583 km di fognature, raggiungendo 39.022 nuovi utenti con il servizio di acquedotto, 24.610 nuovi utenti con il servizio fognatura e collegando 27.104 nuovi utenti al servizio depurazione. Fabio Trolese, presidente di Viveracqua, ha presentato il progetto di sviluppo del consorzio e gli investimenti previsti nei prossimi anni: \u201cAbbiamo in programma altri 498 milioni di investimenti per il biennio 2018\/2019 con oltre 1694 cantieri. Sono progetti innovativi che creano rilevanti indotti nel territorio: acquedotti, fognature e depuratori portano benefici sulla qualit\u00e0 dell\u2019ambiente locale; la loro realizzazione consente la creazione di un indotto economico molto concreto in termini di manodopera impiegata e fornitori attivati\u201d. Investire \u00e8, dunque, una necessit\u00e0. Ed \u00e8 importante farlo attuando una pianificazione e una strategia regionale negli investimenti del servizio idrico. Per Gianpaolo Bottacin, assessore Ambiente e Protezione civile della Regione Veneto \u201cViveracqua \u00e8 certamente un modello vincente. Non solo perch\u00e9 i servizi pubblici possono fare gola a soggetti esterni, quindi dimensioni maggiori rendono questi attacchi pi\u00f9 difficili. Ma anche perch\u00e8 in occasione della recente emergenza maltempo si \u00e8 visto cosa vuol dire fare squadra. Molti gestori veneti, infatti, hanno aiutato i colleghi dell\u2019acquedotto del Bellunese, in grave difficolt\u00e0 nel ripristinare i servizi. Quello che \u00e8 importante, comunque, \u00e8 che rimanga alto il controllo e la pianificazione degli investimenti da parte dei Sindaci. La proposta di legge di riforma del servizio idrico contiene aspetti positivi (il mantenimento dell\u2019acqua pubblica) e altri da rivedere. Di questi ho gi\u00e0 parlato con il sottosegretario Gava e con i parlamentati veneti\u201d. In materia di investimenti, particolare attenzione deve essere riservata alle ricadute economiche, occupazionali e ambientali generate. Questo ha fatto emergere Donato Berardi, direttore del Laboratorio Ref Ricerche. In base alla loro analisi, infatti, 1 milione di euro investiti corrisponde a 5 occupati. Viveracqua ha favorito cos\u00ec l\u2019impiego di 11.631 persone\u00a0(2.924 diretti e 8.707 fra indiretti e indotto) con una ricaduta sul Pil regionale dello 0,2%.\u00a0Le oltre 2.400 aziende coinvolte e attivate in questo percorso, per il 73%\u00a0venete, hanno beneficiato di commesse per un importo medio di oltre 166.000 euro. Un punto di forza del consorzio Viveracqua e dei gestori soci \u00e8 la scelta di utilizzare come fonti di finanziamento soluzioni innovative per il settore idrico. I \u2018Viveracqua Hydrobond\u2019 emessi da Bei, Banca europea investimenti, costituiscono non solo il primo esempio di cartolarizzazione di minibond, ma anche la prima operazione sistemica tra gestori del servizio idrico integrato in Europa. Maria Rosa Pavanello, Sindaca di Mirano (Ve) e presidente di Anci Veneto, ha ricordato che nella nostra regione l\u2019acqua pubblica \u00e8 una realt\u00e0: la larghissima parte dei Comuni veneti ha scelto la gestione pubblica per garantire ai cittadini servizi di qualit\u00e0 a tariffe sostenibili. \u201cNel Veneto le societ\u00e0 totalmente pubbliche e con affidamento in house (cio\u00e8 diretto) sono un modello ottimale per coniugare efficienza gestionale e controllo diretto da parte del socio pubblico, e rappresentano un soggetto facilmente comprensibile anche per i finanziatori. Il modello Viveracqua \u00e8 certamente un esempio. Tuttavia, siamo preoccupati perch\u00e9 nella proposta di riforma del servizio integrato le aziende a partecipazione interamente pubblica non sono considerate aziende pubbliche\u201d. La conclusione \u00e8 stata affidata ad Alessandro Bonet, presidente di Piave Servizi: \u201cI gestori idrici del Veneto utilizzano le risorse dei cittadini per dare valore e qualit\u00e0 nella vita dei loro territori. Nel consorzio Viveracqua riteniamo di aver trovato un buon equilibrio tra la dimensione del gestore in house, che tiene saldo e efficace il rapporto con il territorio, i Sindaci e i cittadini, e la dimensione regionale che consente una massa critica efficace negli approvvigionamenti. Questa modalit\u00e0 di operare rafforza e tutela in Veneto la gestione pubblica dell&#8217;acqua, oggi al centro del dibattito parlamentare\u201d.<\/p>\n<p>&nbsp;<\/p>\n<p>&nbsp;<\/p>\n<p>&nbsp;<\/p>\n<p>&nbsp;<\/p>\n<h1>SCUOLA: 10 MLN IN ARRIVO PER ADEGUAMENTO ANTINCENDIO, ASSESSORE DONAZZAN FA APPELLO AGLI ENTI LOCALI, \u201cOPPORTUNIT\u00c0 PER METTERE A NORMA 150-200 EDIFICI, CORSA CONTRO IL TEMPO PER NON PERDERE IL CONTRIBUTO STRAORDINARIO\u201d<\/h1>\n<p style=\"text-align: left;\"><strong><a class=\"dt-pswp-item\" href=\"http:\/\/www.radiopiu.net\/wordpress\/wp-content\/uploads\/2018\/03\/scuola100.gif\" data-dt-img-description=\"\" data-large_image_width=\"431\" data-large_image_height=\"261\"><img loading=\"lazy\" decoding=\"async\" class=\"size-medium wp-image-44094 alignleft\" src=\"http:\/\/www.radiopiu.net\/wordpress\/wp-content\/uploads\/2018\/03\/scuola100-300x182.gif\" alt=\"\" width=\"300\" height=\"182\" \/><\/a>VENEZIA\u00a0\u00a0<\/strong>Ci sono quasi 10 milioni di euro in arrivo dal Ministero per l\u2019istruzione e la ricerca per adeguare le scuole del Veneto alle normative antiincendio: un stanziamento straordinario, atteso da tempo, ma che ora sembra confermato dalle note ministeriali. La Regione Veneto \u00e8 determinata a cogliere di gran corsa la nuova opportunit\u00e0, e con la delibera approvata oggi d\u2019urgenza dalla Giunta regionale, su proposta dell\u2019assessore alla scuola, Elena Donazzan, di concerto con l\u2019assessore al sociale e ai servizi per la prima infanzia, Manuela Lanzarin, ha fissato procedure e tempistica. \u201cHo scritto oggi stesso ai sindaci del Veneto e ai presidenti delle Province e della citt\u00e0 metropolitana di Venezia perch\u00e9 presentino le domande e relativi progetti entro il 26 novembre \u2013 dichiara l\u2019assessore Donazzan \u2013 \u00c8 una corsa contro il tempo quella che chiediamo agli uffici tecnici degli enti locali, perch\u00e9 la Regione deve inoltrare al Miur entro il 10 dicembre la graduatoria delle richieste, ad integrazione della lista gi\u00e0 chiusa in precedenza. Ma se le disponibilit\u00e0 finanziarie annunciate dal Ministero saranno confermate, riusciremo a garantire ulteriori 150-200 interventi di messa a norma, mettendo cos\u00ec in sicurezza praticamente tutte le scuole del Veneto\u201d. Il fondo assegner\u00e0 contributi fino a 50 mila euro per ciascun intervento nelle scuole statali dei Comuni (scuole dell\u2019infanzia e primo ciclo) e fino a 70 mila euro per ciascun intervento nelle scuole statali delle Province (scuole del secondo ciclo), che saranno erogati privilegiando gli edifici pi\u00f9 datati e quelli con maggior popolazione scolastica. \u201cIl contributo straordinario di 9,8 milioni di euro al Veneto per l\u2019adeguamento antincendi si aggiunge ai 120 milioni di fondi ministeriali, a valere sui finanziamenti Bei con oneri a carico dello Stato, stanziati nei giorni scorsi\u2013 conclude l\u2019assessore \u2013 per la sicurezza e la riqualificazione degli edifici scolastici in Veneto di ogni ordine e grado, pubblici e privati. Il duplice intervento consentir\u00e0 di far fronte a buona parte del fabbisogno di interventi censito dalla Regione nel piano triennale 2018-2020. Decisivi, a questo proposito, la tempestivit\u00e0 nella programmazione e il lavoro progettuale svolto sinora da Comuni e Province, con la reg\u00eca della Regione\u201d.<\/p>\n<p>&nbsp;<\/p>\n<p>&nbsp;<\/p>\n<p>&nbsp;<\/p>\n<p>&nbsp;<\/p>\n<h1>Commissione Pari Opportunit\u00e0: questa settimana duplice appuntamento. Il 25 la Giornata Internazionale contro la violenza sulle donne.<\/h1>\n<p><a class=\"dt-pswp-item\" href=\"http:\/\/www.radiopiu.net\/wordpress\/wp-content\/uploads\/2018\/11\/CPO-25.png\" data-dt-img-description=\"\" data-large_image_width=\"1068\" data-large_image_height=\"1510\"><img loading=\"lazy\" decoding=\"async\" class=\"size-medium wp-image-66946 alignleft\" src=\"http:\/\/www.radiopiu.net\/wordpress\/wp-content\/uploads\/2018\/11\/CPO-25-212x300.png\" alt=\"\" width=\"212\" height=\"300\" srcset=\"https:\/\/www.radiopiu.net\/wordpress\/wp-content\/uploads\/2018\/11\/CPO-25-212x300.png 212w, https:\/\/www.radiopiu.net\/wordpress\/wp-content\/uploads\/2018\/11\/CPO-25-768x1086.png 768w, https:\/\/www.radiopiu.net\/wordpress\/wp-content\/uploads\/2018\/11\/CPO-25-724x1024.png 724w, https:\/\/www.radiopiu.net\/wordpress\/wp-content\/uploads\/2018\/11\/CPO-25.png 1068w\" sizes=\"auto, (max-width: 212px) 100vw, 212px\" \/><\/a><strong>FELTRE<\/strong> La Commissione Pari Opportunit\u00e0 del Comune di Feltre propone nei prossimi giorni due appuntamenti di sicuro interesse. Gioved\u00ec 22 novembre alle 20.30 avr\u00e0 luogo in sala Ocri un incontro dal titolo \u201cSguardi sulla maternit\u00e0 tra complicit\u00e0 e complicazioni\u201d. La serata ha l&#8217;obiettivo di sensibilizzare la cittadinanza su di un tema, quello della maternit\u00e0, che presenta aspetti a volte complessi e difficili. Nei Paesi occidentali la frequenza di depressione tra le donne non gravide \u00e8 pari a circa l\u20198%, doppia rispetto a quella degli uomini, con una prevalenza ancora pi\u00f9 elevata durante gli ultimi sei mesi della gravidanza (12 %) e l\u2019anno che segue il termine della gravidanza (13 %) . In generale, il post- partum costituisce il periodo pi\u00f9 a rischio per disordini mentali nella vita delle donne e in una societ\u00e0 sempre pi\u00f9 multiculturale va tenuto presente che le donne straniere sono una popolazione ancora pi\u00f9 a rischio per il vissuto inevitabile di un maggior isolamento rispetto al loro luogo e alla loro cultura d\u2019origine.<br \/>\nLa serata vedr\u00e0 presenti, oltre ad un esperto nella tematica, il dott. Mesiano, <a class=\"dt-pswp-item\" href=\"http:\/\/www.radiopiu.net\/wordpress\/wp-content\/uploads\/2018\/11\/COP-22.jpg\" data-dt-img-description=\"\" data-large_image_width=\"749\" data-large_image_height=\"1047\"><img loading=\"lazy\" decoding=\"async\" class=\" wp-image-66945 alignright\" src=\"http:\/\/www.radiopiu.net\/wordpress\/wp-content\/uploads\/2018\/11\/COP-22-215x300.jpg\" alt=\"\" width=\"172\" height=\"240\" srcset=\"https:\/\/www.radiopiu.net\/wordpress\/wp-content\/uploads\/2018\/11\/COP-22-215x300.jpg 215w, https:\/\/www.radiopiu.net\/wordpress\/wp-content\/uploads\/2018\/11\/COP-22-733x1024.jpg 733w, https:\/\/www.radiopiu.net\/wordpress\/wp-content\/uploads\/2018\/11\/COP-22.jpg 749w\" sizes=\"auto, (max-width: 172px) 100vw, 172px\" \/><\/a>anche il dott. Massimo Semenzin \u2013 Direttore di Unit\u00e0 Operativa Complessa dell\u2019ULSS1 Dolomiti, per far conoscere quali sono gli aiuti e le risorse messe a disposizione sul territorio. In occasione della Giornata Internazionale contro la violenza sulle donne, la Commissione Pari Opportunit\u00e0, in collaborazione con il Comune di Feltre, propone poi per domenica 25 novembre alle 18, al teatro del a Sena, un evento dal titolo: &#8220;Canzoni e parole raccontano le donne&#8221; proposto dall\u2019Associazione Belluno-DONNA e dal gruppo LesMagots, composto da Barbara Padrin &#8211; Voce, Candida Capraro &#8211; Voce e flauto, Veronica Bronzato &#8211; Voce, Mos\u00e8 Andrich \u2013 Pianoforte. L\u2019evento prevede l\u2019alternarsi di canzoni dagli anni 20 agli anni 50, con brevi letture di notizie storiche, aneddoti, lettere con l\u2019intento di raccontare cosa accadeva alle donne e quale era la loro vita nel momento in cui queste canzoni venivano proposte. La prenotazione \u00e8 obbligatoria su www.visitfeltre.info; ingresso unico di 8 euro. Per informazioni: pariopportunita@comune.feltre.bl.it<\/p>\n<p>&nbsp;<\/p>\n<p>&nbsp;<\/p>\n<p>&nbsp;<\/p>\n<h1><\/h1>\n<p>&nbsp;<\/p>\n<p>&nbsp;<\/p>\n<p>&nbsp;<\/p>\n<p>&nbsp;<\/p>\n<h1>LE BORSE DI STUDIO.\u00a0 FONDAZIONE MARIA LAURA BOCCHETTI PROTTI<\/h1>\n<p><strong>BELLUNO<\/strong> Sabato 8 dicembre 2018 alle ore 10.30 nella sala del teatro del Centro Diocesano Giovanni XXIII, in Belluno, ci sar\u00e0 la tradizionale consegna delle \u201cborse di studio\u201d di mille euro cadauna, elargite dalla Fondazione \u201cMaria Laura Bocchetti Protti\u201d. Esse sono un premio di incoraggiamento a favore degli studenti della Provincia di Belluno che, nell\u2019anno scolastico 2017 \u2013 2018, hanno conseguito la maturit\u00e0 con il massimo dei voti e che si sono iscritti ad una facolt\u00e0 universitaria. Ottantotto complessivi sono gli studenti da premiare, di cui tredici con la lode. La cerimonia inizier\u00e0 con una breve introduzione del Presidente della Fondazione, Antonio Marrone, cui seguir\u00e0, una dissertazione del Prof. Daniele Trabucco, associato in diritto costituzionale comparato presso l\u2019Istituto INDEF di Bellinzona e Professore di diritto Internazionale presso Campus universitario Unimedia di Milano, sul tema: \u201cLa Costituzione alla prova del settantesimo anniversario\u201d. Allieter\u00e0 tutti l\u2019Ensemble di Chitarre \u201cThe Klock\u201d della Scuola di Musica \u201cAntonio Miari\u201d di Belluno diretto dalla Prof.ssa Barbara Dalla Valle. La Prof.ssa Rosetta Cannarella, consulente culturale della Fondazione, coordiner\u00e0 gli adempimenti in programma. I masters Ondablu al 11\u00b0 Trofeo Master Vicenza<br \/>\nGli atledi della societ\u00e0 Ondablu del settore masters iniziano con il botto a Vicenza, con ben dieci medaglie d\u2019oro , due d\u2019argento e una di bronzo. Ottima l\u2019organizzazione e anche ad alto livello, visto che si sono visti registrare records europei. I primi a tuffarsi in vasca la mattina sono Michela Bittante e Luca De Mori nei 50 dorso, Michela guadagna il primo gradino nella categoria master 50 cos\u00ec anche nella sua seconda gara i 100 delfino. Luca si piazza al 7\u00b0 posto nei 50 dorso. Poi \u00e8 il turno di Katia Della Vedova e Emanuela Bittante e tutte e due salgono sul primo gradino nei 200 rana , Katia nella categoria m.45 e Emanuela cat. m.55, sempre Emanuela conquista la medaglia d\u2019oro anche mei 200 stile libero. Sempre in mattinata \u00e8 Fabio groppo ,che nella cat. m. 60 arriva primo nei 200 rana e secondo nei 200 stile. Nel pomeriggio arriva il resto della squadra e rompono il ghiaccio con una staffetta maschile 4&#215;50 mista, con al dorso Zuglian alla rana Pasqualotto, al delfino Zampiero e allo stile libero Tonin , e si piazzano al 5\u00b0 posto. Segue subito la doppietta oro per Giulia Abatangelo nei 100 stile e 50 rana nella cat.m.70. Seguono un bellissimo primo posto per la coach-atleta Mara Grelloni nei 100 dorso e un secondo nei 400 stile cat.m.40. Un meritato oro \u00e8 anche per Federico Zampiero nei 50 rana e un terzo posto nei 100 stile cat.m.40. Ottime prestazioni anche per Michele Tonin, Roberto Pasqualotto e Fabio Zuglian.<\/p>\n<p>&nbsp;<\/p>\n<p>&nbsp;<\/p>\n<p>&nbsp;<\/p>\n<h1 style=\"text-align: left;\" align=\"CENTER\"><span style=\"color: #000000;\"><span style=\"font-family: Candara, sans-serif;\"><span style=\"font-size: large;\"><b>3 MILIONI DI EURO: ECCO IL VALORE DEL PROGETTO \u201cSTACCO\u201d\u00a0<\/b><\/span><\/span><span style=\"font-family: Candara, sans-serif;\"><span style=\"font-size: large;\"><b>PER IL TRASPORTO DI ANZIANI E PERSONE CON DISABILIT\u00c0<\/b><\/span><\/span><\/span><\/h1>\n<blockquote>\n<h3 style=\"text-align: left;\" align=\"CENTER\"><em><span style=\"color: #000000;\"><span style=\"font-family: Candara, sans-serif;\"><span style=\"font-size: small;\"><b><a class=\"dt-pswp-item\" href=\"http:\/\/www.radiopiu.net\/wordpress\/wp-content\/uploads\/2018\/11\/Convegno-Stacco-Venezia-2-1.jpg\" data-dt-img-description=\"\" data-large_image_width=\"500\" data-large_image_height=\"300\"><img loading=\"lazy\" decoding=\"async\" class=\"size-medium wp-image-66975 alignleft\" src=\"http:\/\/www.radiopiu.net\/wordpress\/wp-content\/uploads\/2018\/11\/Convegno-Stacco-Venezia-2-1-300x180.jpg\" alt=\"\" width=\"300\" height=\"180\" srcset=\"https:\/\/www.radiopiu.net\/wordpress\/wp-content\/uploads\/2018\/11\/Convegno-Stacco-Venezia-2-1-300x180.jpg 300w, https:\/\/www.radiopiu.net\/wordpress\/wp-content\/uploads\/2018\/11\/Convegno-Stacco-Venezia-2-1.jpg 500w\" sizes=\"auto, (max-width: 300px) 100vw, 300px\" \/><\/a>Presentati a Venezia i risultati di una ricerca dell&#8217;universit\u00e0 di Verona<\/b><\/span><\/span><span style=\"font-family: Candara, sans-serif;\"><span style=\"font-size: small;\"><b>su fruitori ed enti che afferiscono al mondo del trasporto solidale coordinato da 5 Csv del Veneto<\/b><\/span><\/span><\/span><\/em><\/h3>\n<\/blockquote>\n<p align=\"JUSTIFY\"><span style=\"font-family: Corbel, sans-serif;\"><strong>BELLUNO<\/strong> Un servizio di trasporto e accompagnamento gratuito che <\/span><span style=\"font-family: Corbel, sans-serif;\"><b>vale pi\u00f9 di 3 milioni di euro<\/b><\/span><span style=\"font-family: Corbel, sans-serif;\">. \u00c8 questo il valore pi\u00f9 grande del <\/span><span style=\"font-family: Corbel, sans-serif;\"><b>servizio regionale \u201cStacco\u201d di trasporto e accompagnamento solidale<\/b><\/span><span style=\"font-family: Corbel, sans-serif;\">, gestito da 5 Csv del Veneto (Belluno, Verona, Vicenza, Venezia e Treviso) e da poco rifinanziato con 500 mila euro dalla Regione Veneto. L&#8217;analisi dell&#8217;impatto economico e sociale \u00e8 stata condotta da Federico Perali e Michele Bertani dell&#8217;universit\u00e0 degli studi di Verona (per lo spin off Economic Living Lab). I risultati parziali della ricerca commissionata dal Csv di Verona (manca l&#8217;esito delle interviste fatte agli <\/span><span style=\"font-family: Corbel, sans-serif;\"><i>stakeholders<\/i><\/span><span style=\"font-family: Corbel, sans-serif;\"> quali sindaci, assessori, funzionari ULSS) sono stati presentati al <\/span><span style=\"font-family: Corbel, sans-serif;\"><b>convegno \u201cIl valore aggiunto del progetto Stacco sul territorio regionale\u201d<\/b><\/span><span style=\"font-family: Corbel, sans-serif;\"> che si \u00e8 svolto sabato 10 novembre a Venezia alla presenza di direttori e presidenti dei 5 Centri di Servizio per il volontariato che aderiscono al coordinamento della rete, assieme ai rappresentati di molte delle associazioni che ogni giorno forniscono questo servizio preziosissimo per la comunit\u00e0.<\/span><\/p>\n<p>&nbsp;<\/p>\n<h1>FON TEATRO, LA PRIMA DELLO SPETTACOLO CHIAVE PER DUE<\/h1>\n<p><strong><a class=\"dt-pswp-item\" href=\"http:\/\/www.radiopiu.net\/wordpress\/wp-content\/uploads\/2018\/11\/2018-locandina-chiave-per-due.jpg\" data-dt-img-description=\"\" data-large_image_width=\"4961\" data-large_image_height=\"7016\"><img loading=\"lazy\" decoding=\"async\" class=\"size-medium wp-image-66995 alignleft\" src=\"http:\/\/www.radiopiu.net\/wordpress\/wp-content\/uploads\/2018\/11\/2018-locandina-chiave-per-due-212x300.jpg\" alt=\"\" width=\"212\" height=\"300\" srcset=\"https:\/\/www.radiopiu.net\/wordpress\/wp-content\/uploads\/2018\/11\/2018-locandina-chiave-per-due-212x300.jpg 212w, https:\/\/www.radiopiu.net\/wordpress\/wp-content\/uploads\/2018\/11\/2018-locandina-chiave-per-due-768x1086.jpg 768w, https:\/\/www.radiopiu.net\/wordpress\/wp-content\/uploads\/2018\/11\/2018-locandina-chiave-per-due-724x1024.jpg 724w\" sizes=\"auto, (max-width: 212px) 100vw, 212px\" \/><\/a>SOSPIROLO<\/strong> Invito a Teatro con &#8220;I Fon Teatro&#8221; di Sovramonte.\u00a0 La compagnia presenta in esclusiva la prima dello spettacolo \u201cChiave per due&#8221; di John Chapman e Dave Freeman, per la regia di Silvano Zeni, che si terr\u00e0 sabato 24 novembre al Centro civico alle 20.45; la rassegna \u00e8 promossa dal Consorzio Pro Loco pedemontane Val Belluna e lo spettacolo sospirolese \u00e8 proposto dalla Pro loco \u201cMonti del Sole\u201d. Enrichetta da anni vive grazie ai suoi due amanti che la mantengono. Per riuscire a districarsi tra le due relazioni, ricorre ad una trovata: l\u2019invenzione di una madre bigotta ed oppressiva che interviene al momento opportuno per cacciare l\u2019uno o l\u2019altro amante. Ma il sistema ingegnato da Enrichetta inizia a scricchiolare quando in casa arriva l\u2019amica Anna, in crisi con il marito. Da questo momento la vicenda diventa un susseguirsi di intrighi, finzioni e colpi di scena, in cui ogni attimo potrebbe essere fatale e svelare tutto. La compagnia &#8220;Fon Teatro&#8221; nasce nell&#8217;anno 2009 come laboratorio con il maestro Claudio Michelacci. Negli anni successivi appronta e mette in scena rappresentazioni unicamente scritte dagli attori protagonisti. Come primo lavoro &#8220;An tocatel de carta&#8221; (2010) che riscontra un discreto successo di pubblico. La consacrazione \u00e8 avvenuta a fine 2012 quando la compagnia \u00e8 andata in scena con &#8220;L&#8217;eredit\u00e0 della pora Sunta&#8221; di Loredana Cont. Circa una ventina le repliche che hanno ottenuto ottima partecipazione e grande consenso di pubblico. Ingresso libero<\/p>\n<p>&nbsp;<\/p>\n<p>&nbsp;<\/p>\n<p>&nbsp;<\/p>\n<p><a class=\"dt-pswp-item\" href=\"http:\/\/www.radiopiu.net\/wordpress\/wp-content\/uploads\/2018\/09\/download-11.jpg\" data-dt-img-description=\"\" data-large_image_width=\"278\" data-large_image_height=\"181\"><img loading=\"lazy\" decoding=\"async\" class=\"alignnone size-full wp-image-61629\" src=\"http:\/\/www.radiopiu.net\/wordpress\/wp-content\/uploads\/2018\/09\/download-11.jpg\" alt=\"\" width=\"278\" height=\"181\" \/><\/a><\/p>\n<h1>IL CONSIGLIO COMUNALE DEI RAGAZZI DI TAIBON AGORDINO E IL 4 NOVEMBRE TRA LA CHIESA E ILMONUMENTO DEI CADUTI<\/h1>\n<p><a class=\"dt-pswp-item\" href=\"http:\/\/www.radiopiu.net\/wordpress\/wp-content\/uploads\/2018\/11\/WhatsApp-Image-2018-11-04-at-14.28.14-1.jpeg\" data-dt-img-description=\"\" data-large_image_width=\"1600\" data-large_image_height=\"1200\"><img loading=\"lazy\" decoding=\"async\" class=\"alignnone wp-image-66988 size-large\" src=\"http:\/\/www.radiopiu.net\/wordpress\/wp-content\/uploads\/2018\/11\/WhatsApp-Image-2018-11-04-at-14.28.14-1-1024x768.jpeg\" alt=\"\" width=\"1024\" height=\"768\" srcset=\"https:\/\/www.radiopiu.net\/wordpress\/wp-content\/uploads\/2018\/11\/WhatsApp-Image-2018-11-04-at-14.28.14-1-1024x768.jpeg 1024w, https:\/\/www.radiopiu.net\/wordpress\/wp-content\/uploads\/2018\/11\/WhatsApp-Image-2018-11-04-at-14.28.14-1-300x225.jpeg 300w, https:\/\/www.radiopiu.net\/wordpress\/wp-content\/uploads\/2018\/11\/WhatsApp-Image-2018-11-04-at-14.28.14-1-768x576.jpeg 768w, https:\/\/www.radiopiu.net\/wordpress\/wp-content\/uploads\/2018\/11\/WhatsApp-Image-2018-11-04-at-14.28.14-1.jpeg 1600w\" sizes=\"auto, (max-width: 1024px) 100vw, 1024px\" \/><\/a>In classe con loro e con i maestri Silvano e Leila, scuola elementare di Taibon Agordino<\/p>\n<h1>audio<\/h1>\n<audio class=\"wp-audio-shortcode\" id=\"audio-66942-6\" preload=\"none\" style=\"width: 100%;\" controls=\"controls\"><source type=\"audio\/mpeg\" src=\"http:\/\/www.radiopiu.net\/wordpress\/wp-content\/uploads\/2018\/11\/SCUOLA-TAIBON.mp3?_=6\" \/><a href=\"http:\/\/www.radiopiu.net\/wordpress\/wp-content\/uploads\/2018\/11\/SCUOLA-TAIBON.mp3\">http:\/\/www.radiopiu.net\/wordpress\/wp-content\/uploads\/2018\/11\/SCUOLA-TAIBON.mp3<\/a><\/audio>\n<h1><\/h1>\n<h1><strong><span style=\"color: #0000ff;\"><a style=\"color: #0000ff;\" href=\"https:\/\/www.facebook.com\/mirko.mezzacasa\/videos\/10218312117141153\/\">VIDEO CLICCA QUI\u00a0<\/a><\/span><\/strong><\/h1>\n<p>&nbsp;<\/p>\n<p>&nbsp;<\/p>\n<p>&nbsp;<\/p>\n<p>&nbsp;<\/p>\n<p>&nbsp;<\/p>\n<p><a class=\"dt-pswp-item\" href=\"http:\/\/www.radiopiu.net\/wordpress\/wp-content\/uploads\/2018\/09\/sport.jpg\" data-dt-img-description=\"\" data-large_image_width=\"800\" data-large_image_height=\"100\"><img loading=\"lazy\" decoding=\"async\" class=\"alignnone wp-image-60761 size-full\" src=\"http:\/\/www.radiopiu.net\/wordpress\/wp-content\/uploads\/2018\/09\/sport.jpg\" alt=\"\" width=\"800\" height=\"100\" srcset=\"https:\/\/www.radiopiu.net\/wordpress\/wp-content\/uploads\/2018\/09\/sport.jpg 800w, https:\/\/www.radiopiu.net\/wordpress\/wp-content\/uploads\/2018\/09\/sport-300x38.jpg 300w, https:\/\/www.radiopiu.net\/wordpress\/wp-content\/uploads\/2018\/09\/sport-768x96.jpg 768w\" sizes=\"auto, (max-width: 800px) 100vw, 800px\" \/><\/a><\/p>\n<h1><\/h1>\n<p>&nbsp;<\/p>\n<p>&nbsp;<\/p>\n<p>&nbsp;<\/p>\n<p><span style=\"color: #1a1a1a;\"><span style=\"font-family: ArialMT, sans-serif;\"><span style=\"font-size: medium;\"><b>Ripresa l&#8217;attivit\u00e0 sportiva giovanile di nuoto dell&#8217;Ondablu. Oltre 170 gli atleti del settore che si allenano nelle piscine di Agordo e Pedavena. 66 quelli della squadra agonistica. <\/b><\/span><\/span><\/span><\/p>\n<p><span style=\"color: #1a1a1a;\"><span style=\"font-family: ArialMT, sans-serif;\"><span style=\"font-size: medium;\">E\u2019 ripresa l\u2019attivit\u00e0 sportiva giovanile dell\u2019Ondablu, quest\u2019anno limitata dal fatto che non \u00e8 disponibile l\u2019impianto di Santa Giustina per i programmati interventi di messa a norma per le normative antisismiche e di ristrutturazione della palestra e piscina iniziati nel mese di settembre.<\/span><\/span><\/span><\/p>\n<p><span style=\"color: #1a1a1a;\"><span style=\"font-family: ArialMT, sans-serif;\"><span style=\"font-size: medium;\">Ci\u00f2 ha portato ad una riorganizzazione complessiva dell\u2019attivit\u00e0 concentrandola nelle piscine di Agordo e Pedavena, con un notevole sforzo organizzativo da parte della societ\u00e0 nel poter individuare gli spazi utili a garantire un numero adeguato di allenamenti ai propri atleti, nonch\u00e9 un ulteriore sforzo per organizzare per le squadre di propaganda e swim teen una trasferta ad Agordo mediante il Nuoto Bus.<\/span><\/span><\/span><\/p>\n<p><span style=\"color: #1a1a1a;\"><span style=\"font-family: ArialMT, sans-serif;\"><span style=\"font-size: medium;\">Non minore anche lo sforzo chiesto ai genitori ed atleti stessi per garantire la presenza agli allenamenti e con aumentate le trasferte.<\/span><\/span><\/span><\/p>\n<p><span style=\"color: #1a1a1a;\"><span style=\"font-family: ArialMT, sans-serif;\"><span style=\"font-size: medium;\">Sebbene con queste difficolt\u00e0, il settore sportivo giovanile dell\u2019Ondablu si presenta anche quest\u2019anno agguerrito: in tutto gli atleti tesserati quest&#8217;anno dalla societ\u00e0 Ondablu nel settore agonistico giovanile di nuoto sono 66: 25 in categoria (juniores, ragazzi), 15 gli esordienti A e 23 gli esordienti B. <\/span><\/span><\/span><\/p>\n<p><span style=\"color: #1a1a1a;\"><span style=\"font-family: ArialMT, sans-serif;\"><span style=\"font-size: medium;\">Il settore sportivo agonistico giovanile della societa Ondablu presieduto da Angelo Paganin \u00e8 coordinato da Emanuela Bittante, mentre gli allenatori sono Andrea Rizzardini (responsabile settore Categoria) e Mara Grelloni (responsabile settore Esordienti) che si avvalgono del supporto degli allenatori Paolo D&#8217;Imperio (Agordo) e Fiorella Da Canal (esordienti).<\/span><\/span><\/span><\/p>\n<p><span style=\"color: #1a1a1a;\"><span style=\"font-family: ArialMT, sans-serif;\"><span style=\"font-size: medium;\">Compongono il settore sportivo giovanile anche i 110 atleti che inizieranno le loro gare all&#8217;interno del circuito delle province di Belluno e di Treviso riservato al settore Propaganda (dai 5 agli 11 anni) e Swim Teen (12 \u2013 18 anni), entrambi coordinati da Myrene Funke. <\/span><\/span><\/span><\/p>\n<p><span style=\"color: #1a1a1a;\"><span style=\"font-family: ArialMT, sans-serif;\"><span style=\"font-size: medium;\">I tecnici per il settore Propaganda sono Giorgio De Nardin (Agordo) e Laura Pria con Lorena Maccagnan (Pedavena), mentre quelli del settore Swim Teen sono Ermes Paganin, Oscar Paganin e Myrene Funke (Agordo), mentre a Pedavena operano Donata Arnosti, Daniela Boldo e Angelo Meletti. <\/span><\/span><\/span><\/p>\n<p><span style=\"color: #1a1a1a;\"><span style=\"font-family: ArialMT, sans-serif;\"><span style=\"font-size: medium;\">L&#8217;intera attivit\u00e0 del settore agonistico \u00e8 possibile oltre all\u2019impegno diretto di Ondablu grazie anche supporto degli sponsor Sportissimo, Tonin Gomme, Hyunda D&#8217;Inc\u00e0, Unifarco, Reale Mutua di Feltre e Sport Agordo. <\/span><\/span><\/span><\/p>\n<p>&nbsp;<\/p>\n<p>&nbsp;<\/p>\n<p>&nbsp;<\/p>\n<p>&nbsp;<\/p>\n<p>&nbsp;<\/p>\n<p>&nbsp;<\/p>\n<p>&nbsp;<\/p>\n<p><a class=\"dt-pswp-item\" href=\"http:\/\/www.radiopiu.net\/wordpress\/wp-content\/uploads\/2018\/09\/WhatsApp-Image-2018-09-20-at-16.04.06.jpeg\" data-dt-img-description=\"\" data-large_image_width=\"800\" data-large_image_height=\"100\"><img loading=\"lazy\" decoding=\"async\" class=\"alignnone wp-image-61378 size-full\" src=\"http:\/\/www.radiopiu.net\/wordpress\/wp-content\/uploads\/2018\/09\/WhatsApp-Image-2018-09-20-at-16.04.06.jpeg\" alt=\"\" width=\"800\" height=\"100\" srcset=\"https:\/\/www.radiopiu.net\/wordpress\/wp-content\/uploads\/2018\/09\/WhatsApp-Image-2018-09-20-at-16.04.06.jpeg 800w, https:\/\/www.radiopiu.net\/wordpress\/wp-content\/uploads\/2018\/09\/WhatsApp-Image-2018-09-20-at-16.04.06-300x38.jpeg 300w, https:\/\/www.radiopiu.net\/wordpress\/wp-content\/uploads\/2018\/09\/WhatsApp-Image-2018-09-20-at-16.04.06-768x96.jpeg 768w\" sizes=\"auto, (max-width: 800px) 100vw, 800px\" \/><\/a><\/p>\n<h1>\u00a0DA OGGI A VENERDI<\/h1>\n<p><b>Martedi 20<\/b> <b>Tempo atteso: <\/b>Tempo perturbato tra la notte ed il primo mattino con cielo perlopi\u00f9 coperto, associato a deboli e diffuse precipitazioni. Dalla tarda mattinata cessazione dei fenomeni e attenuazione della nuvolosit\u00e0 con miglioramento del tempo ed estensione dei rasserenamenti a partire da Ovest. Formazione di nebbie serali nei fondovalle prealpini. Clima meno freddo; inizialmente ventoso sulle dorsali prealpineuggioso.<br \/>\n<b>Precipitazioni: <\/b>Probabilit\u00e0 alta nella notte e al mattino per diffuse precipitazioni (80\/90%), perlopi\u00f9 deboli. Il limite della neve sar\u00e0 sui 500\/600 m, ma i fiocchi potranno localmente e temporaneamente raggiungere alcuni fondovalle prealpini (consuetamente pi\u00f9 freddi) con locali tracce. In mattinata il limite risalir\u00e0 per finire sui 900\/1100 m a fine episodio. I cumuli di pioggia previsti saranno mediamente di 4\/6 mm, localmente fino a 10\/12 mm, specie in quota e sui settori esposti a Sud, con altrettanti cm di neve fresca oltre i 1500 m, mentre saranno di 2\/6 cm sui 1000\/1200 m e sempre pi\u00f9 irrisori sotto tali quote.<br \/>\n<b>Temperature: <\/b>In generale rialzo, specie le minime nelle valli. I massimi previsti saranno attorno ai 6\/7\u00b0C nei fondovalle prealpini e 3\/4\u00b0C a 1000 m. Su Prealpi a 1500 m min -3\u00b0C max 1\u00b0C, a 2000 m min -6\u00b0C max -2\u00b0C. Su Dolomiti a 2000 m min -6\u00b0C max -2\u00b0C, a 3000 m min -9\u00b0C max -5\u00b0C.<br \/>\n<b>Venti: <\/b>Nelle valli deboli di direzione variabile; in quota perlopi\u00f9 moderati, inizialmente tesi, a tratti forti sulle dorsali prealpine, moderati da Nord-Est nei bassi strati, a 5-15 km\/h a 2000 m, 20-30 km\/h a 3000 m.<\/p>\n<hr \/>\n<p><b>Mercoledi 21<\/b> <b>Tempo atteso: <\/b>Tempo in prevalenza soleggiato con sottili velatire nel tardo pomeriggio. Probabili banchi di nebbia nelle valli prealpine durante le ore pi\u00f9 fredde. Clima diurno assai pi\u00f9 mite, specie nei settori pi\u00f9 assolati.<br \/>\n<b>Precipitazioni: <\/b>Assenti (0%).<br \/>\n<b>Temperature: <\/b>Minime in diminuzione sotto i 1500 m, specie nelle valli qualora il cielo notturno fosse sereno o poco nuvoloso (irraggiamento notturno), in rialzo in alta quota; massime in aumento con punte attorno a 8\/9\u00b0C nei fondovalle prealpini e 5\/6\u00b0C a 1000 m. Su Prealpi a 1500 m min -1\u00b0C max 3\u00b0C, a 2000 m min -2\u00b0C max 1\u00b0C. Su Dolomiti a 2000 m min -2\u00b0C max 0\u00b0C, a 3000 m min -5\u00b0C max -4\u00b0C.<br \/>\n<b>Venti: <\/b>Nelle valli deboli di direzione variabile; in quota perlopi\u00f9 deboli da Sud-Ovest, a 5-10 km\/h sia a 2000 m che a 3000 m.<\/p>\n<hr \/>\n<p><b>Giovedi 22<\/b>Tempo ben soleggiato con cielo generalmente sereno. Insidia foschie\/nebbie nelle valli prealpine durante le ore pi\u00f9 fredde. Temperature senza notevoli variazioni, eccetto aumento delle minime nelle valli. Venti deboli da Sud-Ovest in quota e deboli di direzione variabile nelle valli.<\/p>\n<hr \/>\n<p><b>Venerdi 23<\/b>Residui tratti di sereno al primo mattino, poi nubi medio-alte stratiformi sempre pi\u00f9 fitte ed estese. Persiste l&#8217;insidia nebbie nelle valli prealpine durante le ore pi\u00f9 fredde. Temperature minime senza notevoli variazioni e massime in calo. Venti deboli\/moderati da Sud-Ovest in quota. Previsore: R.L.Th.<\/p>\n","protected":false},"excerpt":{"rendered":"<p>ACQUA, INTERRUZIONI PROGRAMMATE\u00a0CANALE D&#8217;AGORDO Gestione Servizi Pubblici informa che, per lavori alla rete idrica comunale, domani dalle 8.30 a FINE LAVORI verr\u00e0 sospesa l\u2019erogazione dell\u2019acqua a CANALE D&#8217;AGORDO in localit\u00e0 CARFON. Il personale addetto operer\u00e0 per limitare il pi\u00f9 possibile i disagi alla popolazione. &nbsp; STRADA DEL DURAN APERTA A TUTTI I MEZZI Revoca del&hellip;<\/p>\n","protected":false},"author":1,"featured_media":66988,"comment_status":"closed","ping_status":"closed","sticky":false,"template":"","format":"standard","meta":{"_monsterinsights_skip_tracking":false,"_monsterinsights_sitenote_active":false,"_monsterinsights_sitenote_note":"","_monsterinsights_sitenote_category":0,"footnotes":""},"categories":[1,86],"tags":[],"class_list":["post-66942","post","type-post","status-publish","format-standard","has-post-thumbnail","hentry","category-senza-categoria","category-gr","category-1","category-86","description-off"],"img_url":"https:\/\/www.radiopiu.net\/wordpress\/wp-content\/uploads\/2018\/11\/WhatsApp-Image-2018-11-04-at-14.28.14-1.jpeg","_links":{"self":[{"href":"https:\/\/www.radiopiu.net\/wordpress\/wp-json\/wp\/v2\/posts\/66942","targetHints":{"allow":["GET"]}}],"collection":[{"href":"https:\/\/www.radiopiu.net\/wordpress\/wp-json\/wp\/v2\/posts"}],"about":[{"href":"https:\/\/www.radiopiu.net\/wordpress\/wp-json\/wp\/v2\/types\/post"}],"author":[{"embeddable":true,"href":"https:\/\/www.radiopiu.net\/wordpress\/wp-json\/wp\/v2\/users\/1"}],"replies":[{"embeddable":true,"href":"https:\/\/www.radiopiu.net\/wordpress\/wp-json\/wp\/v2\/comments?post=66942"}],"version-history":[{"count":0,"href":"https:\/\/www.radiopiu.net\/wordpress\/wp-json\/wp\/v2\/posts\/66942\/revisions"}],"wp:featuredmedia":[{"embeddable":true,"href":"https:\/\/www.radiopiu.net\/wordpress\/wp-json\/wp\/v2\/media\/66988"}],"wp:attachment":[{"href":"https:\/\/www.radiopiu.net\/wordpress\/wp-json\/wp\/v2\/media?parent=66942"}],"wp:term":[{"taxonomy":"category","embeddable":true,"href":"https:\/\/www.radiopiu.net\/wordpress\/wp-json\/wp\/v2\/categories?post=66942"},{"taxonomy":"post_tag","embeddable":true,"href":"https:\/\/www.radiopiu.net\/wordpress\/wp-json\/wp\/v2\/tags?post=66942"}],"curies":[{"name":"wp","href":"https:\/\/api.w.org\/{rel}","templated":true}]}}