{"id":66965,"date":"2018-11-19T17:47:59","date_gmt":"2018-11-19T16:47:59","guid":{"rendered":"http:\/\/www.radiopiu.net\/wordpress\/?p=66965"},"modified":"2018-11-19T17:47:59","modified_gmt":"2018-11-19T16:47:59","slug":"auser-el-broi-corsa-contro-il-tempo-per-comprare-il-nuovo-mezzo-distrutto-dal-maltempo","status":"publish","type":"post","link":"https:\/\/www.radiopiu.net\/wordpress\/auser-el-broi-corsa-contro-il-tempo-per-comprare-il-nuovo-mezzo-distrutto-dal-maltempo\/","title":{"rendered":"AUSER EL BROI: CORSA CONTRO IL TEMPO PER COMPRARE IL NUOVO MEZZO DISTRUTTO DAL MALTEMPO"},"content":{"rendered":"<blockquote>\n<p align=\"JUSTIFY\">\n<p align=\"JUSTIFY\">\n<p align=\"CENTER\"><em><span style=\"color: #000000;\"><span style=\"font-family: Candara, sans-serif;\"><b>Il Comitato d&#8217;Intesa in aiuto dell&#8217;associazione che fa parte della rete Stacco<\/b><\/span><\/span><span style=\"color: #000000;\"><span style=\"font-family: Candara, sans-serif;\"><b>Parzialmente sospeso il servizio di trasporto per l&#8217;Agordino<\/b><\/span><\/span><\/em><\/p>\n<\/blockquote>\n<p align=\"JUSTIFY\">\n<p align=\"JUSTIFY\"><span style=\"font-family: Corbel, sans-serif;\"><b>L&#8217;Auser \u201cEl Broi\u201d di Agordo<\/b><\/span><span style=\"font-family: Corbel, sans-serif;\">, una delle 23 associazioni facenti parte della rete Stacco (trasporto e accompagnamento <a class=\"dt-pswp-item\" href=\"http:\/\/www.radiopiu.net\/wordpress\/wp-content\/uploads\/2018\/07\/Auserfest-18-festa.jpg\" data-dt-img-description=\"\" data-large_image_width=\"4898\" data-large_image_height=\"3265\"><img loading=\"lazy\" decoding=\"async\" class=\"size-medium wp-image-54867 alignleft\" src=\"http:\/\/www.radiopiu.net\/wordpress\/wp-content\/uploads\/2018\/07\/Auserfest-18-festa-300x200.jpg\" alt=\"\" width=\"300\" height=\"200\" srcset=\"https:\/\/www.radiopiu.net\/wordpress\/wp-content\/uploads\/2018\/07\/Auserfest-18-festa-300x200.jpg 300w, https:\/\/www.radiopiu.net\/wordpress\/wp-content\/uploads\/2018\/07\/Auserfest-18-festa-768x512.jpg 768w, https:\/\/www.radiopiu.net\/wordpress\/wp-content\/uploads\/2018\/07\/Auserfest-18-festa-1024x683.jpg 1024w\" sizes=\"auto, (max-width: 300px) 100vw, 300px\" \/><\/a>solidale) provinciale, <\/span><span style=\"font-family: Corbel, sans-serif;\"><b>ha perso un pulmino durante l&#8217;alluvione<\/b><\/span><span style=\"font-family: Corbel, sans-serif;\"> di fine ottobre che ha colpito tutta la provincia di Belluno. Era posteggiato ad Alleghe all&#8217;interno del parcheggio comunale coperto, che \u00e8 stato invaso da quasi due metri di acqua esondata dal lago. La vettura era riservata al trasporto solidale nei territori dell&#8217;Alto Agordino.\u00a0<\/span><span style=\"font-family: Corbel, sans-serif;\"><b>Il Comitato d&#8217;Intesa<\/b><\/span><span style=\"font-family: Corbel, sans-serif;\">, interessato dall&#8217;Auser El Broi, <\/span><span style=\"font-family: Corbel, sans-serif;\"><b>ha voluto agevolare il pronto acquisto di un nuovo mezzo attrezzato <\/b><\/span><span style=\"font-family: Corbel, sans-serif;\">e<\/span><span style=\"font-family: Corbel, sans-serif;\"> si \u00e8 gi\u00e0 impegnato con un anticipo di liquidit\u00e0. Questo consentir\u00e0 di ridurre quasi a zero il ritardo nella ripresa di un servizio tanto importante in quelle comunit\u00e0, soprattuto ora che sono state duramente colpite dalle recenti devastazioni.\u00a0<\/span><span style=\"font-family: Corbel, sans-serif;\">Inoltre come confermato in pi\u00f9 occasioni, il nuovo contributo deliberato dalla Regione Veneto a favore di Stacco della provincia di Belluno (110 mila euro) consentir\u00e0 di beneficiare di un piccolo contributo a favore delle associazioni della rete che siano nella necessit\u00e0 di un rinnovo del parco auto. Altra possibilit\u00e0 per chi, come Auser El Broi, vive un momento di difficolt\u00e0 contingente.\u00a0<\/span><span style=\"font-family: Corbel, sans-serif;\"><b>L&#8217;Auser \u201cEl Broi\u201d di Agordo<\/b><\/span><span style=\"font-family: Corbel, sans-serif;\">, una delle 23 associazioni facenti parte della rete Stacco (trasporto e accompagnamento solidale) provinciale, <\/span><span style=\"font-family: Corbel, sans-serif;\"><b>ha perso un pulmino durante l&#8217;alluvione<\/b><\/span><span style=\"font-family: Corbel, sans-serif;\"> di fine ottobre che ha colpito tutta la provincia di Belluno. Era posteggiato ad Alleghe all&#8217;interno del parcheggio comunale coperto, che \u00e8 stato invaso da quasi due metri di acqua esondata dal lago. La vettura era riservata al trasporto solidale nei territori dell&#8217;Alto Agordino.\u00a0<\/span><span style=\"font-family: Corbel, sans-serif;\"><b>Il Comitato d&#8217;Intesa<\/b><\/span><span style=\"font-family: Corbel, sans-serif;\">, interessato dall&#8217;Auser El Broi, <\/span><span style=\"font-family: Corbel, sans-serif;\"><b>ha voluto agevolare il pronto acquisto di un nuovo mezzo attrezzato <\/b><\/span><span style=\"font-family: Corbel, sans-serif;\">e<\/span><span style=\"font-family: Corbel, sans-serif;\"> si \u00e8 gi\u00e0 impegnato con un anticipo di liquidit\u00e0. Questo consentir\u00e0 di ridurre quasi a zero il ritardo nella ripresa di un servizio tanto importante in quelle comunit\u00e0, soprattuto ora che sono state duramente colpite dalle recenti devastazioni.\u00a0<\/span><span style=\"font-family: Corbel, sans-serif;\">Inoltre come confermato in pi\u00f9 occasioni, il nuovo contributo deliberato dalla Regione Veneto a favore di Stacco della provincia di Belluno (110 mila euro) consentir\u00e0 di beneficiare di un piccolo contributo a favore delle associazioni della rete che siano nella necessit\u00e0 di un rinnovo del parco auto. Altra possibilit\u00e0 per chi, come Auser El Broi, vive un momento di difficolt\u00e0 contingente.<\/span><\/p>\n","protected":false},"excerpt":{"rendered":"<p>Il Comitato d&#8217;Intesa in aiuto dell&#8217;associazione che fa parte della rete StaccoParzialmente sospeso il servizio di trasporto per l&#8217;Agordino L&#8217;Auser \u201cEl Broi\u201d di Agordo, una delle 23 associazioni facenti parte della rete Stacco (trasporto e accompagnamento solidale) provinciale, ha perso un pulmino durante l&#8217;alluvione di fine ottobre che ha colpito tutta la provincia di Belluno.&hellip;<\/p>\n","protected":false},"author":1,"featured_media":0,"comment_status":"closed","ping_status":"closed","sticky":false,"template":"","format":"standard","meta":{"_monsterinsights_skip_tracking":false,"_monsterinsights_sitenote_active":false,"_monsterinsights_sitenote_note":"","_monsterinsights_sitenote_category":0,"footnotes":""},"categories":[49],"tags":[],"class_list":["post-66965","post","type-post","status-publish","format-standard","hentry","category-news-18","category-49","description-off"],"img_url":false,"_links":{"self":[{"href":"https:\/\/www.radiopiu.net\/wordpress\/wp-json\/wp\/v2\/posts\/66965","targetHints":{"allow":["GET"]}}],"collection":[{"href":"https:\/\/www.radiopiu.net\/wordpress\/wp-json\/wp\/v2\/posts"}],"about":[{"href":"https:\/\/www.radiopiu.net\/wordpress\/wp-json\/wp\/v2\/types\/post"}],"author":[{"embeddable":true,"href":"https:\/\/www.radiopiu.net\/wordpress\/wp-json\/wp\/v2\/users\/1"}],"replies":[{"embeddable":true,"href":"https:\/\/www.radiopiu.net\/wordpress\/wp-json\/wp\/v2\/comments?post=66965"}],"version-history":[{"count":0,"href":"https:\/\/www.radiopiu.net\/wordpress\/wp-json\/wp\/v2\/posts\/66965\/revisions"}],"wp:attachment":[{"href":"https:\/\/www.radiopiu.net\/wordpress\/wp-json\/wp\/v2\/media?parent=66965"}],"wp:term":[{"taxonomy":"category","embeddable":true,"href":"https:\/\/www.radiopiu.net\/wordpress\/wp-json\/wp\/v2\/categories?post=66965"},{"taxonomy":"post_tag","embeddable":true,"href":"https:\/\/www.radiopiu.net\/wordpress\/wp-json\/wp\/v2\/tags?post=66965"}],"curies":[{"name":"wp","href":"https:\/\/api.w.org\/{rel}","templated":true}]}}