{"id":67035,"date":"2018-11-21T06:07:27","date_gmt":"2018-11-21T05:07:27","guid":{"rendered":"http:\/\/www.radiopiu.net\/wordpress\/?p=67035"},"modified":"2018-11-22T06:16:08","modified_gmt":"2018-11-22T05:16:08","slug":"la-solidarieta-vicentina-per-le-scuole-di-alleghe","status":"publish","type":"post","link":"https:\/\/www.radiopiu.net\/wordpress\/la-solidarieta-vicentina-per-le-scuole-di-alleghe\/","title":{"rendered":"LA SOLIDARIETA&#8217; VICENTINA PER LE SCUOLE DI ALLEGHE"},"content":{"rendered":"<h1><\/h1>\n<div id=\"attachment_67018\" style=\"width: 4170px\" class=\"wp-caption alignnone\"><a class=\"dt-pswp-item\" href=\"http:\/\/www.radiopiu.net\/wordpress\/wp-content\/uploads\/2018\/11\/IMG_20181120_112414.jpg\" data-dt-img-description=\"bty\" data-large_image_width=\"4160\" data-large_image_height=\"3120\"><img loading=\"lazy\" decoding=\"async\" aria-describedby=\"caption-attachment-67018\" class=\"wp-image-67018 size-large\" src=\"http:\/\/www.radiopiu.net\/wordpress\/wp-content\/uploads\/2018\/11\/IMG_20181120_112414-1024x768.jpg\" alt=\"\" width=\"1024\" height=\"768\" srcset=\"https:\/\/www.radiopiu.net\/wordpress\/wp-content\/uploads\/2018\/11\/IMG_20181120_112414-1024x768.jpg 1024w, https:\/\/www.radiopiu.net\/wordpress\/wp-content\/uploads\/2018\/11\/IMG_20181120_112414-300x225.jpg 300w, https:\/\/www.radiopiu.net\/wordpress\/wp-content\/uploads\/2018\/11\/IMG_20181120_112414-768x576.jpg 768w\" sizes=\"auto, (max-width: 1024px) 100vw, 1024px\" \/><\/a><p id=\"caption-attachment-67018\" class=\"wp-caption-text\"><strong>AGORDO I corsisti dell&#8217;Universit\u00e0 La Rosa di Ros\u00e0 (Vicenza) hanno consegnato un assegno di 2.200 euro per l&#8217;Istituto comprensivo di Alleghe. Ieri gli amici del vicentino sono saliti ad Agordo con il denaro e una lettera al dirigente dell&#8217;Istituto Comprensivo di Alleghe, Paolo Giovanni Zanin.<\/strong><\/p><\/div>\n<blockquote><p><em>La comunit\u00e0 dei partecipanti all&#8217;Universita popolare La Rosa \u00e8 stata particolarmente colpita dalle grandi calamit\u00e0 atmosferiche che hanno investito il territorio dell&#8217;Alto Agordino. Esprimiamo tutta la nostra pi\u00f9 viva solidariet\u00e0 umana. Molti di noi conoscono queste zone, le hanno apprezzate per la bellezza dei posti e per il calore degli abitanti, gentili ed accoglienti. La preghiamo di accettare un piccolo aiuto economico da parte di tutti i partecipanti della nostra Universit\u00e0 popolare. Abbiamo pensado di darlo all&#8217;Istituto Comprensivo di Alleghe perch\u00e9 vorremmo mandare un piccolo, ma caloroso messaggio ai pi\u00f9 giovani: non scoraggiatevi, la vostra terra \u00e8 bellissima. Non abbandonatela. Qui ci sono le radici dei vostri nonni, vostri genitori. Continuate ad amarla, come l&#8217;amano tanti altri italiani, che sono solidali con voi. Cari giovani, il futuro \u00e8 nelle vostre mani, nel vostro cuore, nelle vostre menti. Per il bene che vogliamo a questa terra, vi auguriamo di trovare in essa le condizioni per la vostra crescita e per la vostra realizzazione. Esprimiamo la nostra solidariet\u00e0 anche alla comunit\u00e0 dei docenti, del personale ausiliario di questa scuola ed a tutte le famiglie.<\/em><\/p><\/blockquote>\n<p>&nbsp;<\/p>\n<p>&nbsp;<\/p>\n","protected":false},"excerpt":{"rendered":"<p>La comunit\u00e0 dei partecipanti all&#8217;Universita popolare La Rosa \u00e8 stata particolarmente colpita dalle grandi calamit\u00e0 atmosferiche che hanno investito il territorio dell&#8217;Alto Agordino. Esprimiamo tutta la nostra pi\u00f9 viva solidariet\u00e0 umana. Molti di noi conoscono queste zone, le hanno apprezzate per la bellezza dei posti e per il calore degli abitanti, gentili ed accoglienti. La&hellip;<\/p>\n","protected":false},"author":1,"featured_media":67018,"comment_status":"closed","ping_status":"closed","sticky":false,"template":"","format":"standard","meta":{"_monsterinsights_skip_tracking":false,"_monsterinsights_sitenote_active":false,"_monsterinsights_sitenote_note":"","_monsterinsights_sitenote_category":0,"footnotes":""},"categories":[49],"tags":[],"class_list":["post-67035","post","type-post","status-publish","format-standard","has-post-thumbnail","hentry","category-news-18","category-49","description-off"],"img_url":"https:\/\/www.radiopiu.net\/wordpress\/wp-content\/uploads\/2018\/11\/IMG_20181120_112414.jpg","_links":{"self":[{"href":"https:\/\/www.radiopiu.net\/wordpress\/wp-json\/wp\/v2\/posts\/67035","targetHints":{"allow":["GET"]}}],"collection":[{"href":"https:\/\/www.radiopiu.net\/wordpress\/wp-json\/wp\/v2\/posts"}],"about":[{"href":"https:\/\/www.radiopiu.net\/wordpress\/wp-json\/wp\/v2\/types\/post"}],"author":[{"embeddable":true,"href":"https:\/\/www.radiopiu.net\/wordpress\/wp-json\/wp\/v2\/users\/1"}],"replies":[{"embeddable":true,"href":"https:\/\/www.radiopiu.net\/wordpress\/wp-json\/wp\/v2\/comments?post=67035"}],"version-history":[{"count":0,"href":"https:\/\/www.radiopiu.net\/wordpress\/wp-json\/wp\/v2\/posts\/67035\/revisions"}],"wp:featuredmedia":[{"embeddable":true,"href":"https:\/\/www.radiopiu.net\/wordpress\/wp-json\/wp\/v2\/media\/67018"}],"wp:attachment":[{"href":"https:\/\/www.radiopiu.net\/wordpress\/wp-json\/wp\/v2\/media?parent=67035"}],"wp:term":[{"taxonomy":"category","embeddable":true,"href":"https:\/\/www.radiopiu.net\/wordpress\/wp-json\/wp\/v2\/categories?post=67035"},{"taxonomy":"post_tag","embeddable":true,"href":"https:\/\/www.radiopiu.net\/wordpress\/wp-json\/wp\/v2\/tags?post=67035"}],"curies":[{"name":"wp","href":"https:\/\/api.w.org\/{rel}","templated":true}]}}