{"id":67095,"date":"2018-11-22T06:12:23","date_gmt":"2018-11-22T05:12:23","guid":{"rendered":"http:\/\/www.radiopiu.net\/wordpress\/?p=67095"},"modified":"2018-11-22T10:03:15","modified_gmt":"2018-11-22T09:03:15","slug":"giornale-radiopiu-22-novembre-2018-direttore-mirko-mezzacasa","status":"publish","type":"post","link":"https:\/\/www.radiopiu.net\/wordpress\/giornale-radiopiu-22-novembre-2018-direttore-mirko-mezzacasa\/","title":{"rendered":"GIORNALE RADIOPIU 22 NOVEMBRE 2018 DIRETTORE MIRKO MEZZACASA"},"content":{"rendered":"<h1><a class=\"dt-pswp-item\" href=\"http:\/\/www.radiopiu.net\/wordpress\/wp-content\/uploads\/2018\/03\/CARA-4.jpg\" data-dt-img-description=\"\" data-large_image_width=\"1600\" data-large_image_height=\"1200\"><img loading=\"lazy\" decoding=\"async\" class=\"size-medium wp-image-45784 alignleft\" src=\"http:\/\/www.radiopiu.net\/wordpress\/wp-content\/uploads\/2018\/03\/CARA-4-300x225.jpg\" alt=\"\" width=\"300\" height=\"225\" srcset=\"https:\/\/www.radiopiu.net\/wordpress\/wp-content\/uploads\/2018\/03\/CARA-4-300x225.jpg 300w, https:\/\/www.radiopiu.net\/wordpress\/wp-content\/uploads\/2018\/03\/CARA-4-768x576.jpg 768w, https:\/\/www.radiopiu.net\/wordpress\/wp-content\/uploads\/2018\/03\/CARA-4-1024x768.jpg 1024w, https:\/\/www.radiopiu.net\/wordpress\/wp-content\/uploads\/2018\/03\/CARA-4.jpg 1600w\" sizes=\"auto, (max-width: 300px) 100vw, 300px\" \/><\/a>ultim&#8217;ora i Carabinieri di Feltre arrestano l&#8217;autore della rapina ad un&#8217;anziana<\/h1>\n<h1>audio<\/h1>\n<audio class=\"wp-audio-shortcode\" id=\"audio-67095-1\" preload=\"none\" style=\"width: 100%;\" controls=\"controls\"><source type=\"audio\/mpeg\" src=\"http:\/\/www.radiopiu.net\/wordpress\/wp-content\/uploads\/2018\/11\/ARRESTO.mp3?_=1\" \/><a href=\"http:\/\/www.radiopiu.net\/wordpress\/wp-content\/uploads\/2018\/11\/ARRESTO.mp3\">http:\/\/www.radiopiu.net\/wordpress\/wp-content\/uploads\/2018\/11\/ARRESTO.mp3<\/a><\/audio>\n<p>&nbsp;<\/p>\n<p>&nbsp;<\/p>\n<div class=\"\">\n<blockquote><p><strong><em>Per un mega raggiro da 500 milioni di dollari un uomo 72enne di Ancona, ultima residenza Mason Vicentino \u00e8 a processo, ma \u00e8 introvabile. Il nucleo investigativo dei carabinieri ha completato una complessa indagine sull&#8217;ingegnere &#8220;guaritore gi\u00e0 noto a Striscia la Notizia. E&#8217; la notizia del giorno, ieri i particolari in una conferenza stampa al Comando dei Carabinieri di Belluno.<\/em><\/strong><\/p>\n<p><strong><em> Ieri a Roma si \u00e8 parlato di autonomia, quella bellunese inserita nel percorso dell&#8217;autonomia Veneta. Davanti al Ministro Stefani i parlamentari bellunesi, rappresentanti della Provincia e Regione\u00a0 ora si aprir\u00e0 il tavolo negoziale sulle materie. <\/em><\/strong><\/p>\n<p><strong><em>Post alluvione:\u00a0Luca Zaia, commissario per la ricostruzione dopo l\u2019uragano Vaia, spiega le prime mosse per il recupero dei boschi schiantati.\u00a0L\u2019ecatombe riguarda 14 milioni di piante pari a 10 milioni di metri cubi di legname \u00abRinasceranno e saranno meticci\u00bb, cio\u00e8 con piante diverse. <\/em><\/strong><\/p>\n<p><strong><em>Da Alleghe la buona notizia: da ieri girano i compressori allo stadio Alvise De Toni,\u00a0 da venerdi il ritorno del ghiaccio e delle squadre che potranno tornare ad allenarsi e giocare in casa. Ad Agordo c\u2019\u00e8 tempo fino a domani per chiedere al Comune\u00a0 l\u2019assegnazione di legnatico schiantato durante il maltempo di fine ottobre. La priorit\u00e0 andr\u00e0 alle famiglie con disabili, con anziani oltre 65 anni, con minori e alle famiglie numerose.<\/em><\/strong><strong><em>Sar\u00e0 dovuto un contributo di 30 euro che il Comune user\u00e0 per i ripristini.\u00a0\u00a0<\/em><\/strong><\/p>\n<p><strong><em>A Feltre si contano i soldi che mancano: 1 milione da incassare dai cittadini che le tasse non le hanno mai pagate. Sempre a Feltre cresce la preoccupazione per le auto rigate, \u00e8 allarme poich\u00e9 nelle ultime settimane si sono registrati troppi episodi vandalici contro veicoli, mani ignote hanno agito durante la notte in vari parcheggi. <\/em><\/strong><\/p>\n<p><strong><em>Domani a Ponte nella Alpi sar\u00e0 il giorno del dolore alle 15 nella chiesa di Polpet ultimo saluto al veterinario Paolo Casarin, dopo la donazione dei tessuti la famiglia ha fissato i funerali, questa sera alle 20 il rosario.\u00a0 <\/em><\/strong><\/p>\n<p><strong><em>A Sospirolo minoranza all&#8217;attacco, le interrogazioni sul campo sportivo e le normative di sicurezza non rispettate. <\/em><\/strong><\/p>\n<p><strong><em>Oggi si riparla di Acc Mel,\u00a0Il piano di Wanbao lascia tiepidi i sindacati, nella bozza dell\u2019azienda investimenti per 18 milioni nei prossimi cinque anni Uilm fiduciosa: \u00abLa propriet\u00e0 non vuole chiudere\u00bb. Una bella notizia arriva dalle stazioni sciistiche, i cannoni girano e la neve \u00e8 gi\u00e0 al suolo. Ad Alleghe obiettivo: aprire la stagione per il Ponte dell&#8217;Immacolata, ma anche prima. Oggi ai microfoni di Radio Pi\u00f9\u00a0 Andrea Dal Farra e Cristian Moretti, alle 15.10 e 21.10. (mm)<\/em><\/strong><\/p><\/blockquote>\n<\/div>\n<p>&nbsp;<\/p>\n<p>&nbsp;<\/p>\n<p align=\"JUSTIFY\"><span style=\"font-family: Arial, sans-serif;\"><strong>SITUAZIONE ACQUA<\/strong> Gestione Servizi Pubblici informa che \u00e8 di nuovo potabile, ed utilizzabile per scopi alimentari, l&#8217;acqua erogata a\u00a0<\/span><span style=\"font-family: Arial, sans-serif;\">Auronzo di Cadore, tutto il comune;\u00a0<\/span><span style=\"font-family: Arial, sans-serif;\">Calalzo di Cadore, tutto il comune;\u00a0<\/span><span style=\"font-family: Arial, sans-serif;\">Domegge di Cadore, localit\u00e0 Grea;\u00a0<\/span><span style=\"font-family: Arial, sans-serif;\">Lamon in localit\u00e0 Pian del Vescovo;\u00a0<\/span><span style=\"font-family: Arial, sans-serif;\">Longarone, tutto il comune;\u00a0<\/span><span style=\"font-family: Arial, sans-serif;\">Ospitale di Cadore, tutto il comune;\u00a0<\/span><span style=\"font-family: Arial, sans-serif;\">Sovramonte nelle localit\u00e0 Aune, Servo, Salzen e Croce d&#8217;Aune\u00a0<\/span><span style=\"font-family: Arial, sans-serif;\">Valle di Cadore, tutto il comune<\/span><\/p>\n<p align=\"JUSTIFY\">\n<p align=\"JUSTIFY\">\n<p><strong>ORARI DI ACCESSO ALLA VALLE DI SAN LUCANO\u00a0<\/strong>I proprietari e i conduttori DI EDIFICI ubicati in Valle di San Lucano e le imprese impegnate nei lavori su fabbricati privati, previa registrazione dei nominativi presso il municipio di Taibon Agordino, potranno accedere alla valle, con la scorta delle autorit\u00e0 preposte, nei seguenti orari, OGGI E DOMANI:\u00a0\u00a0<strong>ENTRATA<\/strong> (ritrovo presso il presidio) 06.40 13.00 17.00 22.30 <strong>USCITA<\/strong> (ritrovo presso locanda Col di Pr\u00e0) 07.00 13.20 17.20 22.45<\/p>\n<p>&nbsp;<\/p>\n<p>&nbsp;<\/p>\n<p>&nbsp;<\/p>\n<h1>INVESTITO SULLE STRISCE PEDONALI, NON E&#8217; GRAVE<\/h1>\n<p><strong>BELLUNO<\/strong>. Investito davanti al supermercato Famila di viale Europa dall\u2019auto Land Rover guidata da un 72enne di Mier. Tanto spavento ieri sera alle 17.30\u00a0 ma per fortuna solo qualche botta ed escoriazione per C. G. studente rumeno di 19 anni residente a Belluno. Il ragazzo una volta\u00a0medicato \u00e8 stato\u00a0dimesso.<\/p>\n<p>&nbsp;<\/p>\n<p>&nbsp;<\/p>\n<p>&nbsp;<\/p>\n<h1 class=\"entry-title\">IL FALSO TITOLO DI GUERRA, I CARABINIERI DI BELLUNO TENDONO LA RETE E SMASCHERANO L\u2019UOMO GIA\u2019 \u201cCLIENTE\u201d DI STRISCIA LA NOTIZIA.<\/h1>\n<p><strong><a class=\"dt-pswp-item\" href=\"http:\/\/www.radiopiu.net\/wordpress\/wp-content\/uploads\/2018\/11\/7321fac1-cf7d-4d11-9980-53dfbae833f1.jpg\" data-dt-img-description=\"\" data-large_image_width=\"1599\" data-large_image_height=\"1200\"><img loading=\"lazy\" decoding=\"async\" class=\"size-medium wp-image-67088 alignleft\" src=\"http:\/\/www.radiopiu.net\/wordpress\/wp-content\/uploads\/2018\/11\/7321fac1-cf7d-4d11-9980-53dfbae833f1-300x225.jpg\" alt=\"\" width=\"300\" height=\"225\" srcset=\"https:\/\/www.radiopiu.net\/wordpress\/wp-content\/uploads\/2018\/11\/7321fac1-cf7d-4d11-9980-53dfbae833f1-300x225.jpg 300w, https:\/\/www.radiopiu.net\/wordpress\/wp-content\/uploads\/2018\/11\/7321fac1-cf7d-4d11-9980-53dfbae833f1-768x576.jpg 768w, https:\/\/www.radiopiu.net\/wordpress\/wp-content\/uploads\/2018\/11\/7321fac1-cf7d-4d11-9980-53dfbae833f1-1024x768.jpg 1024w, https:\/\/www.radiopiu.net\/wordpress\/wp-content\/uploads\/2018\/11\/7321fac1-cf7d-4d11-9980-53dfbae833f1.jpg 1599w\" sizes=\"auto, (max-width: 300px) 100vw, 300px\" \/><\/a>BELLUNO<\/strong>\u00a0Rinaldo Lampis, ingegnere elettronico 75enne di Ancona (ultima residenza Mason Vicentino), avrebbe dovuto comparire davanti ai giudici di Belluno per rispondere di esibizione di titoli falsi, ma attualmente l&#8217;uomo \u00e8 introvabile, probabilmente ritornato nelle Filippine, introvabile anche per Striscia La Notizia che gi\u00e0 si \u00e8 occupata del millantatore quando asseriva di poter guarire con la scienza dell&#8217;uso cosciente delle energie (invisibili all&#8217;uomo) di cui si vantava di esserne l&#8217;insegnante nonch\u00e9 qualificato scrittore.<br \/>\nLa vicenda bellunese \u00e8 completamente diversa. L&#8217;uomo nel giugno del 2016 si era presentato ad un avvocato\u00a0 per mettere in deposito falsi titoli americani del 1934, che avrebbe avuto grazie al\u00a0 padre della moglie filippina, un ammiraglio. Secondo il Lampis i titoli con validit\u00e0 30 anni erano stati consegnati dalla Federal Reserve alla vigilia della Guerra in cambio di 7500 tonnellate di oro filippino. Buoni del valore di 500 milioni di dollari. Un rientro dei capitali dall&#8217;estero che secondo l&#8217;uomo avrebbe potuto tradursi in una sorta di deposito-garanzia utile per altre operazioni finanziarie. L&#8217;avvocato sentendo odor di truffa non solo ha rifiutato il mandato ma ha informato al contempo i <a class=\"dt-pswp-item\" href=\"http:\/\/www.radiopiu.net\/wordpress\/wp-content\/uploads\/2018\/11\/b6a0ca4b-d986-45d6-9b43-9dff422d70b6.jpg\" data-dt-img-description=\"\" data-large_image_width=\"1600\" data-large_image_height=\"1066\"><img loading=\"lazy\" decoding=\"async\" class=\"size-medium wp-image-67089 alignright\" src=\"http:\/\/www.radiopiu.net\/wordpress\/wp-content\/uploads\/2018\/11\/b6a0ca4b-d986-45d6-9b43-9dff422d70b6-300x200.jpg\" alt=\"\" width=\"300\" height=\"200\" srcset=\"https:\/\/www.radiopiu.net\/wordpress\/wp-content\/uploads\/2018\/11\/b6a0ca4b-d986-45d6-9b43-9dff422d70b6-300x200.jpg 300w, https:\/\/www.radiopiu.net\/wordpress\/wp-content\/uploads\/2018\/11\/b6a0ca4b-d986-45d6-9b43-9dff422d70b6-768x512.jpg 768w, https:\/\/www.radiopiu.net\/wordpress\/wp-content\/uploads\/2018\/11\/b6a0ca4b-d986-45d6-9b43-9dff422d70b6-1024x682.jpg 1024w, https:\/\/www.radiopiu.net\/wordpress\/wp-content\/uploads\/2018\/11\/b6a0ca4b-d986-45d6-9b43-9dff422d70b6.jpg 1600w\" sizes=\"auto, (max-width: 300px) 100vw, 300px\" \/><\/a>Carabinieri del Nucleo Investigativo di Belluno che hanno messo in allarme altri studi di avvocati e commercialisti e infatti il Lampis \u00e8 caduto nella rete. All&#8217;uscita dallo studio di un commercialista che aveva informato gli uomini dell&#8217;Arma dell&#8217;arrivo di Rinaldo Lampis, i Carabinieri hanno sequestrato i falsi titoli e il falso microfilm.<em> &#8220;L&#8217;uomo &#8211; hanno riferito stamane in una conferenza stama di Carabinieri del Comando di Belluno &#8211; era preoccupato per la data di scadenza dei titoli (30 anni), secondo lui l&#8217;unico modo che avrebbe potuto ostacolare il suo piano&#8221;.<\/em> Il Lampis tra l&#8217;altro nel 2010 aveva tentato la stessa truffa in Svizzera, nella &#8220;bocca del leone&#8221; ha rimediato una denuncia, 4 giorni di carcere e una sanzione. <em>&#8220;Di questo &#8211; hanno aggiunto gli inquirenti &#8211; ne ha fatto una ragione per insistere che i titoli sono veri e non falsi, altrimenti mai dalla Svizzera ne sarebbe uscito con una sola sanzione&#8221;.<\/em> I falsi titoli sembrano realizzato a regola d&#8217;arte, cos\u00ec come la documentazione e microfilm che l&#8217;accompagnano, carta invecchiata, marchi credibili come testimoniato dalle fotografie, la Banca di Cleveland dell&#8217;Ohio e la Federal Reserve hanno autenticato la falsit\u00e0 di quei documenti.<\/p>\n<p><strong>GALLERIA FOTO CLICCA PER INGRANDIRE<\/strong><\/p>\n\n\t\t\t<style type='text\/css'>\n\t\t\t\t#gallery-1 {\n\t\t\t\t\tmargin: auto;\n\t\t\t\t}\n\t\t\t\t#gallery-1 .gallery-item {\n\t\t\t\t\tfloat: left;\n\t\t\t\t\tmargin-top: 10px;\n\t\t\t\t\ttext-align: center;\n\t\t\t\t\twidth: 33%;\n\t\t\t\t}\n\t\t\t\t#gallery-1 img {\n\t\t\t\t\tborder: 2px solid #cfcfcf;\n\t\t\t\t}\n\t\t\t\t#gallery-1 .gallery-caption {\n\t\t\t\t\tmargin-left: 0;\n\t\t\t\t}\n\t\t\t\t\/* see gallery_shortcode() in wp-includes\/media.php *\/\n\t\t\t<\/style>\n\t\t<div id='gallery-1' class='dt-gallery-container gallery galleryid-67095 gallery-columns-3 gallery-size-thumbnail'><dl class='gallery-item'>\n\t\t\t\t<dt class='gallery-icon portrait'>\n\t\t\t\t\t<a class=\"rollover\" href='https:\/\/www.radiopiu.net\/wordpress\/il-falso-titolo-di-guerra-i-carabinieri-di-belluno-tendono-la-rete-e-smascherano-luomo-gia-cliente-di-striscia-la-notizia\/9dfceb52-0282-43a0-b649-f18a0067d1df\/'><img loading=\"lazy\" decoding=\"async\" width=\"150\" height=\"150\" src=\"https:\/\/www.radiopiu.net\/wordpress\/wp-content\/uploads\/2018\/11\/9dfceb52-0282-43a0-b649-f18a0067d1df-150x150.jpg\" class=\"attachment-thumbnail size-thumbnail\" alt=\"\" \/><\/a>\n\t\t\t\t<\/dt><\/dl><dl class='gallery-item'>\n\t\t\t\t<dt class='gallery-icon portrait'>\n\t\t\t\t\t<a class=\"rollover\" href='https:\/\/www.radiopiu.net\/wordpress\/il-falso-titolo-di-guerra-i-carabinieri-di-belluno-tendono-la-rete-e-smascherano-luomo-gia-cliente-di-striscia-la-notizia\/7bc78eb7-7c21-4198-9b10-b6f1e8ad32d3\/'><img loading=\"lazy\" decoding=\"async\" width=\"150\" height=\"150\" src=\"https:\/\/www.radiopiu.net\/wordpress\/wp-content\/uploads\/2018\/11\/7bc78eb7-7c21-4198-9b10-b6f1e8ad32d3-150x150.jpg\" class=\"attachment-thumbnail size-thumbnail\" alt=\"\" \/><\/a>\n\t\t\t\t<\/dt><\/dl><dl class='gallery-item'>\n\t\t\t\t<dt class='gallery-icon portrait'>\n\t\t\t\t\t<a class=\"rollover\" href='https:\/\/www.radiopiu.net\/wordpress\/il-falso-titolo-di-guerra-i-carabinieri-di-belluno-tendono-la-rete-e-smascherano-luomo-gia-cliente-di-striscia-la-notizia\/f6ae0ddb-eb18-419b-adb4-d274de5a4f3e\/'><img loading=\"lazy\" decoding=\"async\" width=\"150\" height=\"150\" src=\"https:\/\/www.radiopiu.net\/wordpress\/wp-content\/uploads\/2018\/11\/f6ae0ddb-eb18-419b-adb4-d274de5a4f3e-150x150.jpg\" class=\"attachment-thumbnail size-thumbnail\" alt=\"\" \/><\/a>\n\t\t\t\t<\/dt><\/dl><br style=\"clear: both\" \/>\n\t\t\t<\/div>\n\n<h2>ECCO COME LAMPIS SI PRESENTA SUL SITO INTERNET\u00a0www.macrolibrarsi.it<\/h2>\n<div class=\"page-img\"><img decoding=\"async\" class=\"img-fluid img-rounded\" src=\"https:\/\/www.macrolibrarsi.it\/data\/autori\/big\/rinaldo-lampis_1103.jpg\" alt=\"Rinaldo Lampis\" \/><img decoding=\"async\" class=\"_1JVSX\" src=\"blob:https:\/\/web.whatsapp.com\/7bc78eb7-7c21-4198-9b10-b6f1e8ad32d3\" \/><\/div>\n<h1>Rinaldo Lampis<\/h1>\n<div>\n<p><strong>Rinaldo Lampis<\/strong>, interessato al campo dei guaritori, ha scritto il libro: L&#8217; uso cosciente delle energie. Scrittore ed ingegnere elettrico, Counselor, Trainer e Sciamano, Rinaldo Lampis si \u00e8 formato alle scuole di Alice Bailey e Jan Timmreck. Il suo scopo \u00e8 diffondere nel Pianeta il vantaggio di vedere la Realt\u00e0 come Energia Intelligente.<\/p>\n<\/div>\n<p><strong>UNA PUNTATA DI STRISCIA LA NOTIZIA, IL RITORNO DI LAMPIS di Moreno Morello<\/strong><br \/>\n<span style=\"color: #0000ff;\"><strong><a style=\"color: #0000ff;\" href=\"http:\/\/tubiamo.net\/2013\/12\/12\/striscia-la-notizia-lamante-spirituale-il-ritorno-dellingegner-lampis-12122013-video-88979\/\">CLICCA QUI<\/a><\/strong><\/span><\/p>\n<p><strong>SPIRITO SE CI SEI BATTI&#8230;CASSA di Moreno Morello<\/strong><\/p>\n<p><span style=\"color: #3366ff;\"><strong><a style=\"color: #3366ff;\" href=\"https:\/\/www.striscialanotizia.mediaset.it\/video\/spirito-se-ci-sei-batti-cassa-_33995.shtml\">CLICCA QUI\u00a0<\/a><\/strong><\/span><\/p>\n<blockquote><p>&nbsp;<\/p><\/blockquote>\n<p>&nbsp;<\/p>\n<p>&nbsp;<\/p>\n<p>&nbsp;<\/p>\n<h1>VERSO L&#8217;AUTONOMIA, PADRIN A ROMA<\/h1>\n<p><strong>DI DAMIANO TORMEN<\/strong><\/p>\n<audio class=\"wp-audio-shortcode\" id=\"audio-67095-2\" preload=\"none\" style=\"width: 100%;\" controls=\"controls\"><source type=\"audio\/ogg\" src=\"http:\/\/www.radiopiu.net\/wordpress\/wp-content\/uploads\/2018\/11\/dmiano.ogg?_=2\" \/><a href=\"http:\/\/www.radiopiu.net\/wordpress\/wp-content\/uploads\/2018\/11\/dmiano.ogg\">http:\/\/www.radiopiu.net\/wordpress\/wp-content\/uploads\/2018\/11\/dmiano.ogg<\/a><\/audio>\n<p><strong>IL PRESIDENTE ROBERTO PADRIN<\/strong><\/p>\n<audio class=\"wp-audio-shortcode\" id=\"audio-67095-3\" preload=\"none\" style=\"width: 100%;\" controls=\"controls\"><source type=\"audio\/ogg\" src=\"http:\/\/www.radiopiu.net\/wordpress\/wp-content\/uploads\/2018\/11\/padrin.ogg?_=3\" \/><a href=\"http:\/\/www.radiopiu.net\/wordpress\/wp-content\/uploads\/2018\/11\/padrin.ogg\">http:\/\/www.radiopiu.net\/wordpress\/wp-content\/uploads\/2018\/11\/padrin.ogg<\/a><\/audio>\n<p>&nbsp;<\/p>\n<p>&nbsp;<\/p>\n<p>&nbsp;<\/p>\n<h1>AUTONOMIA: MATURITA&#8217; ED IMPEGNO COME NEI GIORNI DELL&#8217;ALLUVIONE<\/h1>\n<p><a class=\"dt-pswp-item\" href=\"http:\/\/www.radiopiu.net\/wordpress\/wp-content\/uploads\/2018\/07\/DInc\u00e0-festa-vitalizi.jpg\" data-dt-img-description=\"\" data-large_image_width=\"1264\" data-large_image_height=\"1280\"><img loading=\"lazy\" decoding=\"async\" class=\" wp-image-53845 alignleft\" src=\"http:\/\/www.radiopiu.net\/wordpress\/wp-content\/uploads\/2018\/07\/DInc\u00e0-festa-vitalizi-296x300.jpg\" alt=\"\" width=\"115\" height=\"117\" srcset=\"https:\/\/www.radiopiu.net\/wordpress\/wp-content\/uploads\/2018\/07\/DInc\u00e0-festa-vitalizi-296x300.jpg 296w, https:\/\/www.radiopiu.net\/wordpress\/wp-content\/uploads\/2018\/07\/DInc\u00e0-festa-vitalizi-768x778.jpg 768w, https:\/\/www.radiopiu.net\/wordpress\/wp-content\/uploads\/2018\/07\/DInc\u00e0-festa-vitalizi-1011x1024.jpg 1011w, https:\/\/www.radiopiu.net\/wordpress\/wp-content\/uploads\/2018\/07\/DInc\u00e0-festa-vitalizi.jpg 1264w\" sizes=\"auto, (max-width: 115px) 100vw, 115px\" \/><\/a>Risultati concreti, questo auspica il Questore della Camera Federico D&#8217;Inc\u00e0 in merito all&#8217;autonomia della Provincia di Belluno. I Parlamentari concordano sugli accordi Stato_Regioni per l&#8217;autonomia del Veneto e ancor pi\u00f9 della Provincia di Belluno nel rispetto della legge 25. Si \u00e8 svolto ieri l\u2019incontro tra il Ministro per gli Affari Regionali e le Autonomie Erika Stefani e i parlamentari bellunesi. All\u2019ordine del giorno l\u2019autonomia della Provincia di Belluno. All\u2019incontro erano presenti anche l\u2019Assessore regionale Gianpaolo Bottacin e il Presidente della Provincia di Belluno Roberto Padrin.<\/p>\n<p><strong>IL DEPUTATO FEDERICO D&#8217;INCA&#8217;<\/strong><\/p>\n<audio class=\"wp-audio-shortcode\" id=\"audio-67095-4\" preload=\"none\" style=\"width: 100%;\" controls=\"controls\"><source type=\"audio\/ogg\" src=\"http:\/\/www.radiopiu.net\/wordpress\/wp-content\/uploads\/2018\/11\/FEDERICO.ogg?_=4\" \/><a href=\"http:\/\/www.radiopiu.net\/wordpress\/wp-content\/uploads\/2018\/11\/FEDERICO.ogg\">http:\/\/www.radiopiu.net\/wordpress\/wp-content\/uploads\/2018\/11\/FEDERICO.ogg<\/a><\/audio>\n<p>&nbsp;<\/p>\n<p>&nbsp;<\/p>\n<p>&nbsp;<\/p>\n<p>&nbsp;<\/p>\n<h1>BELLUNO SIA INSERITA NELL&#8217;INTESA STATO-VENETO Veneto<\/h1>\n<audio class=\"wp-audio-shortcode\" id=\"audio-67095-5\" preload=\"none\" style=\"width: 100%;\" controls=\"controls\"><source type=\"audio\/mpeg\" src=\"http:\/\/www.radiopiu.net\/wordpress\/wp-content\/uploads\/2018\/11\/roger-1.mp3?_=5\" \/><a href=\"http:\/\/www.radiopiu.net\/wordpress\/wp-content\/uploads\/2018\/11\/roger-1.mp3\">http:\/\/www.radiopiu.net\/wordpress\/wp-content\/uploads\/2018\/11\/roger-1.mp3<\/a><\/audio>\n<p><em>\u00a0incontro dei parlamentari del territorio con il ministro Stefani<\/em><\/p>\n<p><em>\u00a0<\/em>\u00a0<a class=\"dt-pswp-item\" href=\"http:\/\/www.radiopiu.net\/wordpress\/wp-content\/uploads\/2016\/01\/slider_01-roger-de-menech-07-07-620x248-e1454393337533.jpg\" data-dt-img-description=\"\" data-large_image_width=\"620\" data-large_image_height=\"248\"><img loading=\"lazy\" decoding=\"async\" class=\"size-medium wp-image-16099 alignleft\" src=\"http:\/\/www.radiopiu.net\/wordpress\/wp-content\/uploads\/2016\/01\/slider_01-roger-de-menech-07-07-620x248-e1454393337533-300x120.jpg\" alt=\"\" width=\"300\" height=\"120\" \/><\/a><b>ROMA\u00a0<\/b>L\u2019autonomia della Provincia di Belluno deve essere inserita esplicitamente nell\u2019intesa che Stato e Regione Veneto sigleranno per dare seguito al progetto di autonomia regionale. La richiesta fatta questa mattina dal deputato bellunese Roger De Menech al ministro per gli Affari regionali Erika Stefani \u00e8 stata accolta da tutti gli altri rappresentati del territorio. I parlamentari bellunesi hanno incontrato oggi il ministro Stefani proprio per fare il punto sul percorso di autonomia della Provincia.\u00a0 \u00abCi siamo trovati d\u2019accordo sulla necessit\u00e0 che l\u2019autonomia provinciale sia esplicitata nell\u2019intesa\u00bb, riferisce De Menech, \u00abaltrimenti il rischio \u00e8 che non se ne faccia niente con conseguente tradimento del referendum popolare del 22 ottobre 2017\u00bb.\u00a0 De Menech ha proposto di inserire nell\u2019intesa Stato-Veneto la dicitura dell\u2019articolo 52 della legge Delrio ovvero \u201cLe regioni riconoscono alle province di cui al comma 3, secondo periodo, forme particolari di autonomia\u201d. Le province in questione sono Belluno, Sondrio e Verbano Cusio Ossola. \u00abNon sappiamo come andr\u00e0 a finire, dipende molto dal ministro e dall\u2019influenza della Regione\u00bb, conclude De Menech, \u00abper\u00f2 \u00e8 gi\u00e0 molto positivo che le differenze e le divisioni di carattere politico tra i parlamentari su questo tema si siano molto stemperate\u00bb.<\/p>\n<p>&nbsp;<\/p>\n<p>&nbsp;<\/p>\n<p>&nbsp;<\/p>\n<p>&nbsp;<\/p>\n<p>&nbsp;<\/p>\n<p align=\"JUSTIFY\"><span style=\"font-size: medium;\"><b>ASSESSORE REGIONALE BOTTACIN INCONTRA IL MINISTRO STEFANI: \u201cPER BELLUNO UNA PARTICOLARE ATTENZIONE\u201d<\/b><\/span><\/p>\n<p align=\"JUSTIFY\"><strong><span style=\"font-size: medium;\">VENEZIA\u00a0<\/span><\/strong>\u201c<span style=\"font-size: medium;\">Ringrazio il ministro Stefani per l\u2019attenzione da sempre posta nei confronti dell\u2019autonomia della Provincia di Belluno\u201d. A dirlo \u00e8 l\u2019assessore alla Specificit\u00e0 bellunese, Gianpaolo Bottacin, al termine dell\u2019incontro tenutosi oggi al Ministero degli Affari Regionali e delle Autonomie.\u00a0<\/span><span style=\"font-size: medium;\">Nella riunione, a cui, oltre A Bottacin, hanno partecipato il consigliere regionale Franco Gidoni, i parlamentari bellunesi, il presidente e i rappresentanti della Provincia, \u00e8 stato chiesto di verificare tecnicamente la possibilit\u00e0 di inserire nell\u2019intesa sull\u2019autonomia del Veneto anche un riferimento alla provincia di Belluno.\u00a0<\/span><span style=\"font-size: medium;\">Ma \u00e8 stata anche l\u2019occasione per evidenziare come la legge regionale\u00a0 25 del 2014 sulla specificit\u00e0 sia gi\u00e0 ampiamente applicata nella pianificazione territoriale, nel trasporto pubblico locale, nel demanio idrico, nella viabilit\u00e0 e in altre materie gi\u00e0 trasferite: &#8220;Per garantire la gestione di tali materie \u2013 spiega Bottacin \u2013 la Regione in questi anni ha triplicato i fondi erogati alla Provincia di Belluno, come testimoniato dai bilanci dell\u2019Ente approvati dai sindaci bellunesi\u201d.\u00a0<\/span><span style=\"font-size: medium;\">Tuttavia nell\u2019incontro si \u00e8 anche di anche valutato come la suddetta legge non possa e non potr\u00e0 mai trasferire potest\u00e0 legislativa alla Provincia. \u00c8 stata quindi sottolineata la necessit\u00e0, per avere un\u2019autonomia come quella di Trento e Bolzano, di arrivare a una modifica costituzionale che richiede il concreto impegno di tutti i gruppi politici. In caso contrario sar\u00e0 sempre e solo un\u2019autonomia amministrativa, com\u2019\u00e8 adesso.\u00a0<\/span>\u201c<span style=\"font-size: medium;\">Con l\u2019arrivo dell\u2019autonomia del Veneto \u2013 conclude Bottacin \u2013 a Belluno potrebbero comunque arrivare molti pi\u00f9 soldi e questo sarebbe gi\u00e0 un ottimo risultato\u201d.<\/span><\/p>\n<blockquote>\n<p align=\"JUSTIFY\">\n<\/blockquote>\n<h1><\/h1>\n<blockquote>\n<h1><\/h1>\n<\/blockquote>\n<h1 class=\"moz-quote-pre\">DARIO BOND \u00abBENE L&#8217;INCONTRO CON ILMINISTRO STEFANI. ADESSO AVANTI CON L&#8217;ACCORDO STATO-PROVINCIA\u00bb<\/h1>\n<p class=\"moz-quote-pre\"><a class=\"dt-pswp-item\" href=\"http:\/\/www.radiopiu.net\/wordpress\/wp-content\/uploads\/2018\/09\/BOND.jpg\" data-dt-img-description=\"\" data-large_image_width=\"109\" data-large_image_height=\"160\"><img loading=\"lazy\" decoding=\"async\" class=\"size-full wp-image-59772 alignleft\" src=\"http:\/\/www.radiopiu.net\/wordpress\/wp-content\/uploads\/2018\/09\/BOND.jpg\" alt=\"\" width=\"109\" height=\"160\" \/><\/a>\u00abL\u2019incontro con il ministro Stefani \u00e8 stato importante e proficuo. Adesso servono atti concreti per l\u2019autonomia\u00bb. \u00c8 il commento del deputato di Forza Italia Dario Bond, a seguito dell\u2019incontro tra i parlamentari bellunesi, la Regione Veneto e la Provincia di Belluno con il ministro per gli affari regionali, Erika Stefani. \u00ab\u00c8 emerso che verr\u00e0 organizzato un incontro con i tecnici della Provincia, i tecnici della Regione e quelli del Ministero, per trovare una soluzione e capire se \u00e8 applicabile il comma 52 della legge Delrio, quello che riconosce alcune competenze particolari alle Province interamente montane confinanti con Stati esteri\u00bb commenta Dario Bond. \u00abCredo sia un primo segnale importante per il proseguo del percorso post referendario della provincia di Belluno, perch\u00e9 lega le possibilit\u00e0 autonomiste ad accordi diretti tra Stato e Provincia, anzich\u00e9 ad accordi con la Regione del Veneto, che rischiano di mettere il Bellunese in posizione di debolezza. Mi fa piacere che il ministro abbia accolto la mia proposta di far incontrare i tecnici e i legali di Provincia, Regione e Ministero, in modo da verificare le possibilit\u00e0 legali reali del percorso. Tutto va nella direzione giusta, ma mi preme sottolineare che solo con le giuste risorse il territorio bellunese potr\u00e0 essere davvero autonomo e in grado di contrastare lo spopolamento in atto. Uno spopolamento che non \u00e8 certo un problema della montagna, visto che Trento e Bolzano non hanno problemi demografici. Per questo, continuo a sostenere che servono misure particolari in tema di fiscalit\u00e0\u00bb.<\/p>\n<p>&nbsp;<\/p>\n<p>&nbsp;<\/p>\n<p>&nbsp;<\/p>\n<p>&nbsp;<\/p>\n<p>&nbsp;<\/p>\n<h1>VIGILI DEL FUOCO \u00abSERVE ATTENZIONE PER QUESTO CORPO, CHE RAPPRESENTA UNA DELLE FORZE DEL PAESE\u00bb<\/h1>\n<p><strong><a class=\"dt-pswp-item\" href=\"http:\/\/www.radiopiu.net\/wordpress\/wp-content\/uploads\/2018\/11\/cc0945a3-3350-4de9-9d82-a575babbb09c.jpg\" data-dt-img-description=\"\" data-large_image_width=\"898\" data-large_image_height=\"1600\"><img loading=\"lazy\" decoding=\"async\" class=\"wp-image-67026 alignleft\" src=\"http:\/\/www.radiopiu.net\/wordpress\/wp-content\/uploads\/2018\/11\/cc0945a3-3350-4de9-9d82-a575babbb09c-168x300.jpg\" alt=\"\" width=\"71\" height=\"127\" srcset=\"https:\/\/www.radiopiu.net\/wordpress\/wp-content\/uploads\/2018\/11\/cc0945a3-3350-4de9-9d82-a575babbb09c-168x300.jpg 168w, https:\/\/www.radiopiu.net\/wordpress\/wp-content\/uploads\/2018\/11\/cc0945a3-3350-4de9-9d82-a575babbb09c-768x1368.jpg 768w, https:\/\/www.radiopiu.net\/wordpress\/wp-content\/uploads\/2018\/11\/cc0945a3-3350-4de9-9d82-a575babbb09c-575x1024.jpg 575w, https:\/\/www.radiopiu.net\/wordpress\/wp-content\/uploads\/2018\/11\/cc0945a3-3350-4de9-9d82-a575babbb09c.jpg 898w\" sizes=\"auto, (max-width: 71px) 100vw, 71px\" \/><\/a>ROMA<\/strong> \u00abAssunzioni, stipendi adeguati e scatti di carriera. Mi auguro che siano i pilastri su cui basare il futuro del Corpo dei Vigili del Fuoco\u00bb. E&#8217; quanto afferma il deputato di Forza Italia, Dario Bond, nel<br \/>\ncongratularsi con Fabio Dattilo, appena nominato alla guida nazionale dei VVF.<\/p>\n<p><strong>DARIO BOND<\/strong><\/p>\n<audio class=\"wp-audio-shortcode\" id=\"audio-67095-6\" preload=\"none\" style=\"width: 100%;\" controls=\"controls\"><source type=\"audio\/ogg\" src=\"http:\/\/www.radiopiu.net\/wordpress\/wp-content\/uploads\/2018\/11\/BOND-VIGILI.ogg?_=6\" \/><a href=\"http:\/\/www.radiopiu.net\/wordpress\/wp-content\/uploads\/2018\/11\/BOND-VIGILI.ogg\">http:\/\/www.radiopiu.net\/wordpress\/wp-content\/uploads\/2018\/11\/BOND-VIGILI.ogg<\/a><\/audio>\n<p>&nbsp;<\/p>\n<p>&nbsp;<\/p>\n<p>&nbsp;<\/p>\n<p>&nbsp;<\/p>\n<p>&nbsp;<\/p>\n<p>&nbsp;<\/p>\n<h1>RIAPERTURA DEI SENTIERI DELLA SCHIARA<\/h1>\n<blockquote>\n<h3><em>Vertice a Palazzo Rosso<\/em><\/h3>\n<\/blockquote>\n<p><strong><a class=\"dt-pswp-item\" href=\"http:\/\/www.radiopiu.net\/wordpress\/wp-content\/uploads\/2018\/11\/Riunione-sentieri-Schiara-Giannone-1.jpg\" data-dt-img-description=\"\" data-large_image_width=\"5184\" data-large_image_height=\"3456\"><img loading=\"lazy\" decoding=\"async\" class=\"size-medium wp-image-67102 alignleft\" src=\"http:\/\/www.radiopiu.net\/wordpress\/wp-content\/uploads\/2018\/11\/Riunione-sentieri-Schiara-Giannone-1-300x200.jpg\" alt=\"\" width=\"300\" height=\"200\" srcset=\"https:\/\/www.radiopiu.net\/wordpress\/wp-content\/uploads\/2018\/11\/Riunione-sentieri-Schiara-Giannone-1-300x200.jpg 300w, https:\/\/www.radiopiu.net\/wordpress\/wp-content\/uploads\/2018\/11\/Riunione-sentieri-Schiara-Giannone-1-768x512.jpg 768w, https:\/\/www.radiopiu.net\/wordpress\/wp-content\/uploads\/2018\/11\/Riunione-sentieri-Schiara-Giannone-1-1024x683.jpg 1024w\" sizes=\"auto, (max-width: 300px) 100vw, 300px\" \/><\/a>BELLUNO<\/strong> Riunione a Palazzo Rosso tra l&#8217;amministrazione comunale e diversi enti interessati al controllo e ai lavori di sistemazione e pulizia post-alluvione: al centro del confronto, attivit\u00e0, competenze e disposizioni per la riapertura dei sentieri sul Monte Schiara. Alla presenza dei Carabinieri Forestali, l&#8217;Unione Montana Belluno-Ponte, la Provincia di Belluno, la Protezione Civile comunale e dell&#8217;ANA, il Parco Nazionale delle Dolomiti Bellunesi, il Cai Belluno e il Comitato Usi Civici di Bolzano Bellunese si sono affrontate tematiche come gestione del personale e dei volontari, le richieste di autorizzazione e molto altro. Particolare attenzione \u00e8 stata data alle attivit\u00e0 dei volontari. All&#8217;incontro, con l&#8217;assessore Giannone, erano presenti anche gli assessori Ganz e Bogo, oltre al dirigente Carlo Erranti.<\/p>\n<audio class=\"wp-audio-shortcode\" id=\"audio-67095-7\" preload=\"none\" style=\"width: 100%;\" controls=\"controls\"><source type=\"audio\/mpeg\" src=\"http:\/\/www.radiopiu.net\/wordpress\/wp-content\/uploads\/2018\/11\/Giannone-Riunione-sentieri-Schiara.mp3?_=7\" \/><a href=\"http:\/\/www.radiopiu.net\/wordpress\/wp-content\/uploads\/2018\/11\/Giannone-Riunione-sentieri-Schiara.mp3\">http:\/\/www.radiopiu.net\/wordpress\/wp-content\/uploads\/2018\/11\/Giannone-Riunione-sentieri-Schiara.mp3<\/a><\/audio>\n<p>&nbsp;<\/p>\n<p>&nbsp;<\/p>\n<p>&nbsp;<\/p>\n<div class=\"page-title-head hgroup\">\n<h1 class=\"entry-title\">BLACKFIN CON LA ANDREA BOCELLI FOUNDATION<\/h1>\n<\/div>\n<div class=\"page-title-breadcrumbs\">\n<blockquote><p><strong><em>Dal 2015 il brand di occhiali sostiene la Fondazione del Maestro per dare voce ai pi\u00f9 deboli e creare opportunit\u00e0<\/em><\/strong><\/p><\/blockquote>\n<p><strong>\u00a0<\/strong><strong><a class=\"dt-pswp-item\" href=\"http:\/\/www.radiopiu.net\/wordpress\/wp-content\/uploads\/2018\/11\/07_Andrea-Bocelli.jpg\" data-dt-img-description=\"\" data-large_image_width=\"960\" data-large_image_height=\"640\"><img loading=\"lazy\" decoding=\"async\" class=\"size-medium wp-image-67070 alignleft\" src=\"http:\/\/www.radiopiu.net\/wordpress\/wp-content\/uploads\/2018\/11\/07_Andrea-Bocelli-300x200.jpg\" alt=\"\" width=\"300\" height=\"200\" srcset=\"https:\/\/www.radiopiu.net\/wordpress\/wp-content\/uploads\/2018\/11\/07_Andrea-Bocelli-300x200.jpg 300w, https:\/\/www.radiopiu.net\/wordpress\/wp-content\/uploads\/2018\/11\/07_Andrea-Bocelli-768x512.jpg 768w, https:\/\/www.radiopiu.net\/wordpress\/wp-content\/uploads\/2018\/11\/07_Andrea-Bocelli.jpg 960w\" sizes=\"auto, (max-width: 300px) 100vw, 300px\" \/><\/a>TAIBON<\/strong> il marchio di occhiali in titanio di alta gamma disegnati e prodotti interamente in Italia, continua il suo percorso filantropico al fianco della Fondazione Andrea Bocelli. Una collaborazione che, iniziata nel 2015, si rinnova ogni anno per supportare la <em>mission<\/em> della Fondazione impegnata affinch\u00e9 a ciascuno sia offerta l\u2019opportunit\u00e0 di esprimersi al meglio delle proprie capacit\u00e0 creando occasioni di crescita e valorizzazione del talento.<\/p>\n<p>&nbsp;<\/p>\n<p>In particolare, Blackfin sostiene, dalla data della sua creazione, il coro Voices of Haiti, composto da sessanta talentuosi bambini di et\u00e0 compresa tra i 9 e i 15 anni provenienti dai quartieri pi\u00f9 poveri di Port-au-Prince.\u00a0Grazie alla\u00a0musica, questi sessanta coristi\u00a0hanno\u00a0trovato una via di fuga dalla\u00a0violenza e dalla\u00a0povert\u00e0,\u00a0 lavorando duramente sul loro potenziale. Hanno infatti affrontato un percorso di studi strutturato, con \u00a0tenacia e disciplina, che li ha portati a un grande traguardo: la partecipazione di Voices of Haiti al nuovo progetto musicale del Maestro Andrea Bocelli, l\u2019album di inediti \u201cS\u00ec\u201d uscito il 26 ottobre scorso.<\/p>\n<blockquote><p><em>\u201cE\u2019 per noi un grande onore sostenere la Fondazione e siamo particolarmente emozionati nel vedere \u2013 e nell\u2019ascoltare &#8211; la magia di questi ragazzi che, guidati da Andrea Bocelli, hanno avuto la possibilit\u00e0 di vivere una nuova vita. E\u2019 un messaggio di speranza e di valori, un messaggio che il Maestro porta in giro per il mondo come manifesto del proprio grande cuore e che rende orgogliosi noi italiani. Un atteggiamento in totale sintonia con il modo di operare che rappresenta concretamente ci\u00f2 che per noi significa neomadeinitaly\u201d dichiara Nicola Del Din, Amministratore Delegato di Blackfin.<\/em><\/p><\/blockquote>\n<p>&nbsp;<\/p>\n<\/div>\n<p>&nbsp;<\/p>\n<p>&nbsp;<\/p>\n<p>&nbsp;<\/p>\n<p>&nbsp;<\/p>\n<p>&nbsp;<\/p>\n<div class=\"page-title-head hgroup\">\n<h1 class=\"entry-title\">STADIO DEL GHIACCIO DI ALLEGHE, VERSO LA RIAPERTURA<\/h1>\n<\/div>\n<div class=\"page-title-breadcrumbs\">\n<p><a class=\"dt-pswp-item\" href=\"http:\/\/www.radiopiu.net\/wordpress\/wp-content\/uploads\/2018\/11\/PATRIK-DE-SILVESTRO.jpg\" data-dt-img-description=\"\" data-large_image_width=\"275\" data-large_image_height=\"183\"><img loading=\"lazy\" decoding=\"async\" class=\"size-full wp-image-67110 alignleft\" src=\"http:\/\/www.radiopiu.net\/wordpress\/wp-content\/uploads\/2018\/11\/PATRIK-DE-SILVESTRO.jpg\" alt=\"\" width=\"275\" height=\"183\" \/><\/a><\/p>\n<p>&nbsp;<\/p>\n<p>&nbsp;<\/p>\n<p>GIRANO I COMPRESSORI, LO STADIO DEL GHIACCIO DA VENERDI POTREBBE RIAPRIRE I CANCELLI, IL GHIACCIO E&#8217; &#8230; IN PRODUZIONE.<\/p>\n<p>NOSTRA INTERVISTA ALL&#8217;AMMINISTRATORE PATRIK DE SILVESTRO<\/p>\n<\/div>\n<audio class=\"wp-audio-shortcode\" id=\"audio-67095-8\" preload=\"none\" style=\"width: 100%;\" controls=\"controls\"><source type=\"audio\/mpeg\" src=\"http:\/\/www.radiopiu.net\/wordpress\/wp-content\/uploads\/2018\/11\/PATRIK-1.mp3?_=8\" \/><a href=\"http:\/\/www.radiopiu.net\/wordpress\/wp-content\/uploads\/2018\/11\/PATRIK-1.mp3\">http:\/\/www.radiopiu.net\/wordpress\/wp-content\/uploads\/2018\/11\/PATRIK-1.mp3<\/a><\/audio>\n<p>&nbsp;<\/p>\n<p>&nbsp;<\/p>\n<p>&nbsp;<\/p>\n<p>&nbsp;<\/p>\n<div class=\"page-title-head hgroup\">\n<h1 class=\"entry-title\">40 RIFUGISTI DELLE DOLOMITI UNESCO SI INCONTRANO A BRESSANONE<\/h1>\n<\/div>\n<div class=\"page-title-breadcrumbs\">\n<p><a class=\"dt-pswp-item\" href=\"http:\/\/www.radiopiu.net\/wordpress\/wp-content\/uploads\/2018\/11\/foto_gruppo.jpg\" data-dt-img-description=\"sdr\" data-large_image_width=\"3931\" data-large_image_height=\"2373\"><img loading=\"lazy\" decoding=\"async\" class=\"wp-image-67103 size-large\" src=\"http:\/\/www.radiopiu.net\/wordpress\/wp-content\/uploads\/2018\/11\/foto_gruppo-1024x618.jpg\" alt=\"\" width=\"1024\" height=\"618\" srcset=\"https:\/\/www.radiopiu.net\/wordpress\/wp-content\/uploads\/2018\/11\/foto_gruppo-1024x618.jpg 1024w, https:\/\/www.radiopiu.net\/wordpress\/wp-content\/uploads\/2018\/11\/foto_gruppo-300x181.jpg 300w, https:\/\/www.radiopiu.net\/wordpress\/wp-content\/uploads\/2018\/11\/foto_gruppo-768x464.jpg 768w\" sizes=\"auto, (max-width: 1024px) 100vw, 1024px\" \/><\/a><\/p>\n<p>Fare rete non \u00e8 solo uno slogan. Il 20 e 21 novembre 40 rifugisti delle Dolomiti Patrimonio Mondiale si incontrano a Bressanone per un\u2019esperienza di studio e confronto organizzata dalla Rete della Formazione e della Ricerca Scientifica della Fondazione Dolomiti UNESCO. Sono molte le sfide che caratterizzano l&#8217;attivit\u00e0 presente e futura dei gestori di rifugio, tanto pi\u00f9 se operano all&#8217;interno dell&#8217;area \u201ccore\u201d delle Dolomiti Patrimonio Mondiale UNESCO. Il riconoscimento ha internazionalizzato le presenze turistiche in quota e posto i gestori di rifugio davanti all&#8217;esigenza di accrescere la propria formazione.<br \/>\n<strong>L&#8217;OBIETTIVO DEL CORSO<\/strong><br \/>\nTra coloro che operano all&#8217;interno dell&#8217;area riconosciuta dall&#8217;UNESCO come Patrimonio Mondiale, i gestori di rifugio svolgono un ruolo fondamentale di accoglienza e di informazione: di qui l&#8217;esigenza, manifestata negli anni scorsi dagli stessi gestori, di approfondire i caratteri distintivi e i valori paesaggistici e geologici del Patrimonio Dolomiti UNESCO, oltre ai metodi e ai modelli di comunicazione con i loro clienti e alle modalit\u00e0 di collaborazione e di lavoro in rete.<br \/>\n<strong>CONDIVIDERE BUONE PRATICHE, ANCHE DAVANTI ALLE AVVERSIT\u00c0<\/strong><br \/>\nLo spirito che ha animato l&#8217;incontro formativo \u00e8 stato orientato soprattutto alla necessit\u00e0 di lavorare in rete e di condividere buone pratiche, cercando il modo di sviluppare anche prodotti congiunti. Alcuni dei presenti alla due giorni gestiscono rifugi che hanno subito danni dall&#8217;alluvione del 29 ottobre, soprattutto in ordine all&#8217;accessibilit\u00e0 e alla percorribilit\u00e0 dei sentieri, che si punta comunque a ripristinare in tempo utile per la prossima stagione estiva.<br \/>\n<strong>I RELATORI<\/strong><br \/>\nNella Sala Adrian Egger del Comune di Bressanone, dopo i saluti della responsabile dell\u2019area UNESCO della Trentino School of Management Gabriella De Fino e del direttore della Fondazione Dolomiti UNESCO Marcella Morandini, si sono alternati diversi tecnici ed esperti, a cominciare dall\u2019antropologo Annibale Salsa, membro del Comitato Scientifico della Fondazione Dolomiti UNESCO. E poi Ugo Morelli, dell\u2019Universit\u00e0 degli Studi di Napoli, Elisabeth Berger, dell\u2019Ufficio Parchi della Provincia autonoma di Bolzano, Georg Simeoni, Presidente AVS \u2013 Alpenverein S\u00fcdtirol, Claudio Sartori, Presidente del CAI dell\u2019Alto Adige, Roberta Silva, gestrice del rifugio Roda di Vael, Corrado Morelli, geologo della Provincia autonoma di Bolzano, Marco Aime, dell\u2019Universit\u00e0 degli Studi di Genova, Giuseppe Ferrandi, della Fondazione Museo storico del Trentino.<br \/>\n<strong>I COMMENTI<\/strong><br \/>\n\u201cIl senso di vivere in un Patrimonio Mondiale \u00e8 anche questo: vivere in modo consapevole l&#8217;ambiente che ci circonda e il rapporto con gli altri\u201d sottolinea il direttore della Fondazione Dolomiti UNESCO Marcella Morandini. \u201cTroppo spesso sentiamo parlare di atteggiamenti arroganti da parte di chi arriva in rifugio e pretende tutto e subito. Occorre invece pensare a un tipo di offerta che faccia comprendere al turista l&#8217;eccezionalit\u00e0 e l&#8217;unicit\u00e0 dell&#8217;esperienza che sta vivendo\u201d.<br \/>\n\u201cCi\u00f2 che deve caratterizzare l&#8217;attivit\u00e0 di noi gestori \u00e8 soprattutto l&#8217;autenticit\u00e0\u201d aggiunge Stefanie Rogger, gestrice del Rifugio Pian di Cengia (Bz). Un riferimento alla situazione che stanno vivendo le popolazioni colpite dall&#8217;alluvione da parte del gestore del rifugio A. Berti al Vallon Popera (Bl), Bruno Martini: \u201cDopo la tempesta ci sono problemi importanti soprattutto alla sentieristica e alcuni rifugi hanno avuto danni anche alle strutture, ma l&#8217;aiuto e la collaborazione di tutti, ci consentiranno di superare queste difficolt\u00e0\u201d. \u201cLa cooperazione tra rifugi, anche di province diverse \u00e8 fondamentale\u201d sottolinea Sandra Donini, gestrice del rifugio Tosa Pedrotti, sulle Dolomiti di Brenta (Tn). \u201cFare rete \u00e8 indispensabile e occorre sfruttare al meglio la considerazione che ci viene data dall&#8217;UNESCO\u201d.<br \/>\nSecondo Roberta Corona, gestrice del rifugio Cava Buscada, sulle Dolomiti Friulane (Pn), \u201cil corso ci mette a contatto con chi ha le nostre stesse difficolt\u00e0; anche cos\u00ec ci possiamo sentire un gruppo\u201d. \u201cCi son rifugi che sono quasi dei piccoli alberghi\u201d evidenzia Elena Zamberlan, gestrice del rifugio Pian de Fontana (Bl), \u201caltri che sono molto pi\u00f9 spartani: occorre far capire alla gente che ci\u00f2 che non trova in una struttura magari \u00e8 compensato da altro. Ma non serve molto: basta comunicare in modo corretto e aprire le porte in modo accogliente\u201d.<\/p>\n<blockquote><p><strong><em>Per ulteriori informazioni: www.dolomitiunesco.info press@dolomitiunesco.info +39 389 4839564<\/em><\/strong><br \/>\n<strong><em>Twitter: @DolomitesUNESCO Facebook: DolomitesUNESCO Instagram: DolomitesUNESCO<\/em><\/strong><\/p><\/blockquote>\n<\/div>\n<div><\/div>\n<blockquote>\n<div><\/div>\n<\/blockquote>\n<div><\/div>\n<div><\/div>\n<div><\/div>\n<div>\n<h1><\/h1>\n<blockquote>\n<h1><\/h1>\n<\/blockquote>\n<h1>LOTTA ALL&#8217;INQUINAMENTO ATMOSFERICO E ROTTAMAZIONE STUFE<\/h1>\n<p><span style=\"color: #ff0000;\"><strong>IL SINDACO, PAOLO PERENZIN<\/strong><\/span><\/p>\n<\/div>\n<div>\n<audio class=\"wp-audio-shortcode\" id=\"audio-67095-9\" preload=\"none\" style=\"width: 100%;\" controls=\"controls\"><source type=\"audio\/mpeg\" src=\"http:\/\/www.radiopiu.net\/wordpress\/wp-content\/uploads\/2018\/11\/PRENZIN.mp3?_=9\" \/><a href=\"http:\/\/www.radiopiu.net\/wordpress\/wp-content\/uploads\/2018\/11\/PRENZIN.mp3\">http:\/\/www.radiopiu.net\/wordpress\/wp-content\/uploads\/2018\/11\/PRENZIN.mp3<\/a><\/audio>\n<p><strong><a class=\"dt-pswp-item\" href=\"http:\/\/www.radiopiu.net\/wordpress\/wp-content\/uploads\/2018\/11\/IMG_20181121_145135.jpg\" data-dt-img-description=\"\" data-large_image_width=\"5312\" data-large_image_height=\"2988\"><img loading=\"lazy\" decoding=\"async\" class=\"size-medium wp-image-67128 alignleft\" src=\"http:\/\/www.radiopiu.net\/wordpress\/wp-content\/uploads\/2018\/11\/IMG_20181121_145135-300x169.jpg\" alt=\"\" width=\"300\" height=\"169\" srcset=\"https:\/\/www.radiopiu.net\/wordpress\/wp-content\/uploads\/2018\/11\/IMG_20181121_145135-300x169.jpg 300w, https:\/\/www.radiopiu.net\/wordpress\/wp-content\/uploads\/2018\/11\/IMG_20181121_145135-768x432.jpg 768w, https:\/\/www.radiopiu.net\/wordpress\/wp-content\/uploads\/2018\/11\/IMG_20181121_145135-1024x576.jpg 1024w\" sizes=\"auto, (max-width: 300px) 100vw, 300px\" \/><\/a>FELTRE\u00a0<\/strong> Nuova finestra del bando messo a punto dal Comune di Feltre per incentivare la lotta all\u2019inquinamento atmosferico prodotto dalla combustione di legna per riscaldamento domestico con la sostituzione di vecchie stufe e cucine con nuovi impianti a basse emissioni e con migliore resa. Dopo la prima apertura del bando, conclusasi il primo ottobre scorso con 13 domande di adesione (tutte accolte), l\u2019amministrazione comunale propone ora una seconda \u201ccall\u201d nel periodo invernale, con un lasso di tempo molto ampio (la chiusura \u00e8 prevista per il 25 febbraio prossimo). Come nella precedente occasione, il contributo comunale, che sar\u00e0 erogato in base a tre fasce economiche sulla base dell\u2019ISEE, sar\u00e0 cumulabile con altri contributi, in primis il conto termico 2.0; in questo modo per alcuni interventi di rigenerazione sostenuti da nuclei familiari in situazione di bassa redditualit\u00e0 sar\u00e0 possibile arrivare a coprire l\u2019investimento quasi per i 100% della spesa. Da ricordare che il bando comunale \u00e8 dotato di una capacit\u00e0 finanziaria complessiva di 100 mila euro, in grado quindi di soddisfare ancora numerose richieste di contributo da parte dei cittadini.<br \/>\n<a class=\"dt-pswp-item\" href=\"http:\/\/www.radiopiu.net\/wordpress\/wp-content\/uploads\/2018\/11\/IMG_20181121_153942.jpg\" data-dt-img-description=\"\" data-large_image_width=\"5312\" data-large_image_height=\"2988\"><img loading=\"lazy\" decoding=\"async\" class=\"size-medium wp-image-67129 alignright\" src=\"http:\/\/www.radiopiu.net\/wordpress\/wp-content\/uploads\/2018\/11\/IMG_20181121_153942-300x169.jpg\" alt=\"\" width=\"300\" height=\"169\" srcset=\"https:\/\/www.radiopiu.net\/wordpress\/wp-content\/uploads\/2018\/11\/IMG_20181121_153942-300x169.jpg 300w, https:\/\/www.radiopiu.net\/wordpress\/wp-content\/uploads\/2018\/11\/IMG_20181121_153942-768x432.jpg 768w, https:\/\/www.radiopiu.net\/wordpress\/wp-content\/uploads\/2018\/11\/IMG_20181121_153942-1024x576.jpg 1024w\" sizes=\"auto, (max-width: 300px) 100vw, 300px\" \/><\/a>I dettagli della nuova finestra del bando comunale sulla rottamazione delle stufe sono stati illustrati nel pomeriggio nel corso di una conferenza stampa che si \u00e8 tenuta presso la scuola primaria \u201cVittorino da Feltre\u201d; qui infatti \u00e8 stata apposta proprio quest\u2019oggi una targa-riconoscimento da parte di G.S.E., Gestore Energia pubblica S.P.A. Presente alla semplice cerimonia anche una funzionaria della societ\u00e0 nazionale, che ha co-finanziato con un contributo di 108 mila euro il profondo intervento di risanamento ed efficientamento energetico di cui ha beneficiato il plesso scolastico. Sulla \u201cVittorino da Feltre\u201d, l\u2019amministrazione comunale ha infatti investito quasi un milione di euro, dei quali 500 mila per l\u2019adeguamento sismico e altri 444 mila per interventi di efficientamento energetico (dalla coibentazione dell\u2019edificio, con la sostituzione di coperture ed infissi, al rinnovamento tecnologico che ha contemplato l\u2019installazione di nuove caldaie a condensazione e valvole termostatiche in tutti gli ambienti). Non solo lotta alle emissioni inquinanti, ma anche attenzione alle fonti rinnovabili. Venerd\u00ec 30 novembre alle 18.00 \u00e8 infatti convocato presso l\u2019aula magna del Campus \u201cTina Merlin\u201d di Borgo Ruga il 6\u00b0 Forum di cittadinanza di Feltre Rinnova, dedicato al tema \u201cFonti rinnovabili nelle nostre case, il miglior modo per risparmiare e ridurre l&#8217;inquinamento dell&#8217;aria\u201d. L\u2019appuntamento, come di consueto, \u00e8 aperto ai residenti di Feltre e dei comuni dell\u2019area vasta che vogliono concorrere alla riduzione delle emissioni di gas climalteranti.<br \/>\nObiettivo dell\u2019incontro, a cura dello Sportello Energia del Comune di Feltre, \u00e8 quello di informare tecnici imprese e cittadini sull\u2019utilit\u00e0 e le modalit\u00e0 pi\u00f9 attuali di produrre energia da fonti rinnovabili, ed insieme a questo evidenziare gli incentivi economici oggi disponibili a favore dei cittadini, delle imprese e degli operatori finanziari.<\/p>\n<blockquote>\n<h3><em>Per tutte le informazioni sul bando di rottamazione di stufe e cucine a legna \u00e8 possibile consultare il sito internet del Comune di Feltre a questo link:\u00a0<\/em><em>http:\/\/ambiente.comune.feltre.bl.it\/secondo-bando-rottamazione-stufe-e-cucine-legna.<\/em><\/h3>\n<\/blockquote>\n<\/div>\n<blockquote>\n<div><\/div>\n<\/blockquote>\n<div><\/div>\n<div><\/div>\n<div><\/div>\n<div class=\"page-title-head hgroup\">\n<h1><\/h1>\n<h1><\/h1>\n<blockquote>\n<h1><\/h1>\n<\/blockquote>\n<h1 class=\"entry-title\">IMPIANTI SPORTIVI, LA MINORANZA INTERROGA<\/h1>\n<\/div>\n<blockquote>\n<h2><em>&#8220;mancato rispetto delle norme di sicurezza&#8221;<\/em><\/h2>\n<\/blockquote>\n<p><strong><a class=\"dt-pswp-item\" href=\"http:\/\/www.radiopiu.net\/wordpress\/wp-content\/uploads\/2018\/11\/Sospirolo-Futura.png\" data-dt-img-description=\"\" data-large_image_width=\"500\" data-large_image_height=\"500\"><img loading=\"lazy\" decoding=\"async\" class=\" wp-image-67114 alignleft\" src=\"http:\/\/www.radiopiu.net\/wordpress\/wp-content\/uploads\/2018\/11\/Sospirolo-Futura-300x300.png\" alt=\"\" width=\"193\" height=\"193\" srcset=\"https:\/\/www.radiopiu.net\/wordpress\/wp-content\/uploads\/2018\/11\/Sospirolo-Futura-300x300.png 300w, https:\/\/www.radiopiu.net\/wordpress\/wp-content\/uploads\/2018\/11\/Sospirolo-Futura-150x150.png 150w, https:\/\/www.radiopiu.net\/wordpress\/wp-content\/uploads\/2018\/11\/Sospirolo-Futura.png 500w\" sizes=\"auto, (max-width: 193px) 100vw, 193px\" \/><\/a>SOSPIROLO<\/strong> Il gruppo consiliare di Sospirolo Futura domani domani presenter\u00e0 un\u2019interrogazione a seguito del sopralluogo dei vigili del fuoco i quali hanno accertato il mancato rispetto delle prescrizioni previste dalla normativa di prevenzione incendi e la non sussistenza dei requisiti di sicurezza antincendio presso l\u2019area sportiva.<\/p>\n<p><em>&#8220;Avremmo voluto occuparcene prima ma abbiamo preferito non togliere spazio all\u2019emergenza maltempo che ha colpito l\u2019intera nostra provincia&#8221;.<\/em><\/p>\n<p>I fatti risalgono al 19 ottobre scorso e la minoranza ne \u00e8 venuta a conoscenza\u00a0 dalle dichiarazioni del sindaco<\/p>\n<p><em>&#8220;Ha preferito pubblicizzarsi sui giornali a discapito delle decine di volontari che ogni giorno si adoperano per lo sport nel nostro Comune anzich\u00e9 risolvere le cose parlandosi tra persone. Riteniamo ora opportuno che l\u2019amministrazione ci dia delle risposte in merito, ci risulta infatti dal \u201cregolamento per il funzionamento e utilizzo impianti sportivi di propriet\u00e0 comunale\u201d che l\u2019amministrazione comunale abbia la potest\u00e0 di entrare, in ogni momento e durante qualsiasi manifestazione, in tutti i locali ed impianti, di ispezionarli e di richiamare i presenti all\u2019osservanza delle norme&#8221;.<\/em><\/p>\n<p><a class=\"dt-pswp-item\" href=\"http:\/\/www.radiopiu.net\/wordpress\/wp-content\/uploads\/2018\/11\/IMG_20181109_102240.jpg\" data-dt-img-description=\"\" data-large_image_width=\"3968\" data-large_image_height=\"2976\"><img loading=\"lazy\" decoding=\"async\" class=\" wp-image-67115 alignright\" src=\"http:\/\/www.radiopiu.net\/wordpress\/wp-content\/uploads\/2018\/11\/IMG_20181109_102240-300x225.jpg\" alt=\"\" width=\"211\" height=\"158\" srcset=\"https:\/\/www.radiopiu.net\/wordpress\/wp-content\/uploads\/2018\/11\/IMG_20181109_102240-300x225.jpg 300w, https:\/\/www.radiopiu.net\/wordpress\/wp-content\/uploads\/2018\/11\/IMG_20181109_102240-768x576.jpg 768w, https:\/\/www.radiopiu.net\/wordpress\/wp-content\/uploads\/2018\/11\/IMG_20181109_102240-1024x768.jpg 1024w\" sizes=\"auto, (max-width: 211px) 100vw, 211px\" \/><\/a>Tra le segnalazioni sul verbale dei vigili del fuoco vi sono ad esempio il serbatoio gpl sprovvisto di recinzione e fino a poco tempo fa anche degli estintori, l\u2019idrante uni70 che non risulta avere le prestazioni idrauliche adeguate<\/p>\n<p><em>&#8220;E la stufa a gasolio nei locali sotto tribuna della quale vorremmo sapere chi la install\u00f2 e se il comune partecip\u00f2 alla spesa e ai lavori. Chiediamo inoltre se quest\u2019amministrazione, dopo cinque anni di latitanza e appiattimento delle politiche sportive, abbia intenzione di mettere nero su bianco un programma concreto e condiviso dai cittadini per il futuro dello sport a Sospirolo. Per chi non conoscesse la zona<\/em>\u00a0&#8211; precisano i consiglieri &#8211;\u00a0<em>vi \u00e8 anche un parco giochi fatiscente ed in totale stato d\u2019abbandono oltre alla piattaforma polivalente in merito alla quale codesta amministrazione \u00e8 palese preferisca resti una gettata di cemento anzich\u00e9 investirci. Infine, domandiamo quando verr\u00e0 adibito un locale da destinare alla somministrazione di cibi e bevande come nella maggioranza degli impianti sportivi esistenti?&#8221;<\/em><\/p>\n<p>&nbsp;<\/p>\n<p>&nbsp;<\/p>\n<p>&nbsp;<\/p>\n<h1>CARABINIERI: LE CELEBRAZIONI PER LA VIRGO FIDELIS<\/h1>\n<div style=\"width: 640px;\" class=\"wp-video\"><video class=\"wp-video-shortcode\" id=\"video-67095-1\" width=\"640\" height=\"352\" preload=\"metadata\" controls=\"controls\"><source type=\"video\/mp4\" src=\"http:\/\/www.radiopiu.net\/wordpress\/wp-content\/uploads\/2018\/11\/WhatsApp-Video-2018-11-21-at-19.10.47.mp4?_=1\" \/><a href=\"http:\/\/www.radiopiu.net\/wordpress\/wp-content\/uploads\/2018\/11\/WhatsApp-Video-2018-11-21-at-19.10.47.mp4\">http:\/\/www.radiopiu.net\/wordpress\/wp-content\/uploads\/2018\/11\/WhatsApp-Video-2018-11-21-at-19.10.47.mp4<\/a><\/video><\/div>\n<p><strong>BELLUNO<\/strong> Festeggiata ieri la vergine Maria divenuta patrona dell&#8217;Arma dei Carabinieri dall&#8217;11 novembre 1949, data della promulgazione del Breve relativo di Papa Pio XII, che in tal senso aveva accolto il voto unanime dei capellani militari dell&#8217;Arma e dell&#8217;Ordinario Militare per l&#8217;Italia. Il titolo Virgo Fidelis era stato sollecitato in relazione al motto araldico dell&#8217;Arma: FEDELE NEI SECOLI. Ieri le celebrazioni a Belluno nella cripta della Cattedrale di San Martino con la messa alla presenza delle autorit\u00e0. Ieri celebrata anche la giornata dell&#8217;orfano a cura dell&#8217;Opera Nazionale Assistenza Orfani Militari dell&#8217;Arma dei Carabinieri. Nelle foto e video:\u00a0\u00a0Prefetto. Questore, Comandante vigili del fuoco, Comandante Guardia di Finanza e della Forestale, Direttrice casa circondariale, rappresentanti del sindaco e del presidente della provincia.<\/p>\n<p><strong>clicca per ingrandire<\/strong><\/p>\n\n\t\t\t<style type='text\/css'>\n\t\t\t\t#gallery-2 {\n\t\t\t\t\tmargin: auto;\n\t\t\t\t}\n\t\t\t\t#gallery-2 .gallery-item {\n\t\t\t\t\tfloat: left;\n\t\t\t\t\tmargin-top: 10px;\n\t\t\t\t\ttext-align: center;\n\t\t\t\t\twidth: 33%;\n\t\t\t\t}\n\t\t\t\t#gallery-2 img {\n\t\t\t\t\tborder: 2px solid #cfcfcf;\n\t\t\t\t}\n\t\t\t\t#gallery-2 .gallery-caption {\n\t\t\t\t\tmargin-left: 0;\n\t\t\t\t}\n\t\t\t\t\/* see gallery_shortcode() in wp-includes\/media.php *\/\n\t\t\t<\/style>\n\t\t<div id='gallery-2' class='dt-gallery-container gallery galleryid-67095 gallery-columns-3 gallery-size-thumbnail'><dl class='gallery-item'>\n\t\t\t\t<dt class='gallery-icon landscape'>\n\t\t\t\t\t<a class=\"rollover\" href='https:\/\/www.radiopiu.net\/wordpress\/giornale-radiopiu-22-novembre-2018-direttore-mirko-mezzacasa\/885fb30f-dcc0-4aa2-a1fd-d1ebb0e5b4ff\/'><img loading=\"lazy\" decoding=\"async\" width=\"150\" height=\"150\" src=\"https:\/\/www.radiopiu.net\/wordpress\/wp-content\/uploads\/2018\/11\/885fb30f-dcc0-4aa2-a1fd-d1ebb0e5b4ff-150x150.jpg\" class=\"attachment-thumbnail size-thumbnail\" alt=\"\" \/><\/a>\n\t\t\t\t<\/dt><\/dl><dl class='gallery-item'>\n\t\t\t\t<dt class='gallery-icon portrait'>\n\t\t\t\t\t<a class=\"rollover\" href='https:\/\/www.radiopiu.net\/wordpress\/giornale-radiopiu-22-novembre-2018-direttore-mirko-mezzacasa\/049e95c2-6992-429b-b65b-aa68ae78696a\/'><img loading=\"lazy\" decoding=\"async\" width=\"150\" height=\"150\" src=\"https:\/\/www.radiopiu.net\/wordpress\/wp-content\/uploads\/2018\/11\/049e95c2-6992-429b-b65b-aa68ae78696a-150x150.jpg\" class=\"attachment-thumbnail size-thumbnail\" alt=\"\" \/><\/a>\n\t\t\t\t<\/dt><\/dl><dl class='gallery-item'>\n\t\t\t\t<dt class='gallery-icon landscape'>\n\t\t\t\t\t<a class=\"rollover\" href='https:\/\/www.radiopiu.net\/wordpress\/giornale-radiopiu-22-novembre-2018-direttore-mirko-mezzacasa\/885fb30f-dcc0-4aa2-a1fd-d1ebb0e5b4ff-2\/'><img loading=\"lazy\" decoding=\"async\" width=\"150\" height=\"150\" src=\"https:\/\/www.radiopiu.net\/wordpress\/wp-content\/uploads\/2018\/11\/885fb30f-dcc0-4aa2-a1fd-d1ebb0e5b4ff-1-150x150.jpg\" class=\"attachment-thumbnail size-thumbnail\" alt=\"\" \/><\/a>\n\t\t\t\t<\/dt><\/dl><br style=\"clear: both\" \/><dl class='gallery-item'>\n\t\t\t\t<dt class='gallery-icon landscape'>\n\t\t\t\t\t<a class=\"rollover\" href='https:\/\/www.radiopiu.net\/wordpress\/giornale-radiopiu-22-novembre-2018-direttore-mirko-mezzacasa\/f674c653-6099-4bd9-a418-3455e497fc0f\/'><img loading=\"lazy\" decoding=\"async\" width=\"150\" height=\"150\" src=\"https:\/\/www.radiopiu.net\/wordpress\/wp-content\/uploads\/2018\/11\/f674c653-6099-4bd9-a418-3455e497fc0f-150x150.jpg\" class=\"attachment-thumbnail size-thumbnail\" alt=\"\" \/><\/a>\n\t\t\t\t<\/dt><\/dl><dl class='gallery-item'>\n\t\t\t\t<dt class='gallery-icon landscape'>\n\t\t\t\t\t<a class=\"rollover\" href='https:\/\/www.radiopiu.net\/wordpress\/giornale-radiopiu-22-novembre-2018-direttore-mirko-mezzacasa\/06eef044-d64c-4d78-b3f1-78f4ff88ff7b\/'><img loading=\"lazy\" decoding=\"async\" width=\"150\" height=\"150\" src=\"https:\/\/www.radiopiu.net\/wordpress\/wp-content\/uploads\/2018\/11\/06eef044-d64c-4d78-b3f1-78f4ff88ff7b-150x150.jpg\" class=\"attachment-thumbnail size-thumbnail\" alt=\"\" \/><\/a>\n\t\t\t\t<\/dt><\/dl>\n\t\t\t\t<br style='clear: both' \/>\n\t\t\t<\/div>\n\n<p>&nbsp;<\/p>\n<p>&nbsp;<\/p>\n<p>&nbsp;<\/p>\n<p>&nbsp;<\/p>\n<p>&nbsp;<\/p>\n<p align=\"JUSTIFY\"><span style=\"font-size: medium;\"><b>NON AUTOSUFFICIENTI: REGIONE VENETO STANZIA 2,4 MLN PER LE COMUNIT\u00c0 RELIGIOSE CHE SI PRENDONO CURA DEI PROPRI RELIGIOSI ANZIANI \u2013 ASSESSORE LANZARIN, \u201cPRINCIPIO DI CIVILT\u00c0\u201d<\/b><\/span><\/p>\n<p class=\"western\"><strong>VENEZIA\u00a0<\/strong><span style=\"font-size: medium;\">La Regione Veneto contribuisce anche quest\u2019anno con 2,4 milioni di euro alle spese delle congregazioni religiose che si prendono cura dei propri religiosi anziani non pi\u00f9 autosufficienti.\u00a0<\/span><span style=\"font-size: medium;\">Lo scorso anno in Veneto sono stati 1423 &#8211; tra sacerdoti, suore, frati e monaci \u2013 i religiosi assistiti da confratelli e consorelle nelle case delle rispettive congregazioni, per un totale di 413.205 giornate di presenta in struttura assistenziale.\u00a0<\/span>\u201c<span style=\"font-size: medium;\">Se dovessimo convertire questo carico assistenziale in servizi erogati dalle struttura pubbliche o del privato sociale, l\u2019onere per il bilancio regionale sarebbe molto pi\u00f9 consistente \u2013 premette l\u2019assessore al sociale Manuela Lanzarin \u2013 Il contributo regionale garantito al servizio assistenziale offerto dalle congregazioni stesse ai loro confratelli, consente, invece, alla Regione di erogare meno di un decimo della quota sanitaria pro capite normalmente erogata per gli ospiti non autosufficienti accolti in casa di riposo o in una strutture di lungodegenza\u201d.\u00a0<\/span><span style=\"font-size: medium;\">Nel 2016 i religiosi non pi\u00f9 autosufficienti in Veneto, assistiti dalle proprie congregazioni, erano stati 25 in pi\u00f9, per un totale di 1.448 e di 437.290 giornate di presenza in struttura.\u00a0<\/span>\u201c<span style=\"font-size: medium;\">Sostenere le comunit\u00e0 religiose che si fanno carico in autonomia, e con professionalit\u00e0 e dignit\u00e0, di assistere i propri confratelli \u2013 conclude l\u2019assessore &#8211; \u00e8 un dovere di civilt\u00e0 e di gratitudine verso persone che, nella loro vita attiva, hanno svolto un servizio prezioso alle persone e alle comunit\u00e0, ad alta valenza sociale, quasi sempre senza fare distinzioni di appartenenza ad un credo religioso\u201d.<\/span><\/p>\n<p>&nbsp;<\/p>\n<p>&nbsp;<\/p>\n<p>&nbsp;<\/p>\n<p>&nbsp;<\/p>\n<blockquote>\n<h3><em>L\u2019associazione \u00abAmici del liceo Lollino\u00bb invita a partecipare venerd\u00ec 23 alle 20.30 presso l\u2019aula magna del liceo, in piazzetta Santa Maria dei battuti a Belluno, alla serata, aperta a tutti, condotta da Stefano De Vido su \u00abAstronomia. La scienza, la poesia\u00bb.<\/em><\/h3>\n<\/blockquote>\n<p><a class=\"dt-pswp-item\" href=\"http:\/\/www.radiopiu.net\/wordpress\/wp-content\/uploads\/2018\/11\/Stefano-De-Vido2.jpg\" data-dt-img-description=\"\" data-large_image_width=\"2016\" data-large_image_height=\"1512\"><img loading=\"lazy\" decoding=\"async\" class=\"size-medium wp-image-67134 alignleft\" src=\"http:\/\/www.radiopiu.net\/wordpress\/wp-content\/uploads\/2018\/11\/Stefano-De-Vido2-300x225.jpg\" alt=\"\" width=\"300\" height=\"225\" srcset=\"https:\/\/www.radiopiu.net\/wordpress\/wp-content\/uploads\/2018\/11\/Stefano-De-Vido2-300x225.jpg 300w, https:\/\/www.radiopiu.net\/wordpress\/wp-content\/uploads\/2018\/11\/Stefano-De-Vido2-768x576.jpg 768w, https:\/\/www.radiopiu.net\/wordpress\/wp-content\/uploads\/2018\/11\/Stefano-De-Vido2-1024x768.jpg 1024w, https:\/\/www.radiopiu.net\/wordpress\/wp-content\/uploads\/2018\/11\/Stefano-De-Vido2.jpg 2016w\" sizes=\"auto, (max-width: 300px) 100vw, 300px\" \/><\/a>Un \u201critorno a casa\u201d per Stefano De Vido, originario di San Vito di Cadore e residente a Padova; nato nel 1972, ha conseguito la maturit\u00e0 classica a San Vito, per laurearsi poi in ingegneria. Da 20 anni lavora nei settori energetica, telecomunicazioni, elettronica, automazione, edilizia, ambiente, euro-progettazione, formazione, smart-cities and communities (cio\u00e8 convergenza edilizia, trasporti\/mobilit\u00e0, energia, telecomunicazioni, industria 4.0, ambiente). De Vido \u00e8 fondatore e presidente dell&#8217;associazione di promozione culturale e sociale Serendo, presente in primis in Padovano e Bellunese. De Vido presenta cos\u00ec il tema: \u00abL&#8217; astronomia \u00e8 una delle non molte discipline che godono della fortuna di cogliere direttamente \u201clegato con amore in un volume, ci\u00f2 che per l&#8217;universo si squaderna\u201d, come cantato dal nostro sommo poeta\u00bbe rivela che il suo intervento spazier\u00e0 dalle prime evoluzioni, cinesi, mesopotamiche ed egizie, dello studio dei cieli, fino ad Hawking, in un itinerario che avr\u00e0 per tappe gli imprescindibili Copernico, Keplero e Galileo, ma senza dimenticare Saffo, Catullo, Leopardi e Pascoli\u2026 L\u2019astronomia, infatti, ha sempre saputo coniugare la dimensione mitica e poetica, proprie del patrimonio classico, con l\u2019acribia e il rigore della meccanica celeste e con le incursioni, scientifiche insieme e metafisiche, sull\u2019origine e sul futuro dell\u2019universo: uno specchio di quanto il nuovo indirizzo del liceo Lollino, integrato tra classico e scientifico, intende proporre ai suoi alunni e l\u2019associazione \u00abAmici del liceo Lollino\u00bb amplificare per la cittadinanza.<\/p>\n<p>&nbsp;<\/p>\n<p>&nbsp;<\/p>\n<p>&nbsp;<\/p>\n<h1>IL GIORNALE A SCUOLA, QUOTIDIANI AL POSTI DEI LIBRI<\/h1>\n<p><a class=\"dt-pswp-item\" href=\"http:\/\/www.radiopiu.net\/wordpress\/wp-content\/uploads\/2018\/11\/IC-FELTRE-Progetto-Giornalismo.jpg\" data-dt-img-description=\"\" data-large_image_width=\"2560\" data-large_image_height=\"1440\"><img loading=\"lazy\" decoding=\"async\" class=\"alignnone wp-image-67099 size-large\" src=\"http:\/\/www.radiopiu.net\/wordpress\/wp-content\/uploads\/2018\/11\/IC-FELTRE-Progetto-Giornalismo-1024x576.jpg\" alt=\"\" width=\"1024\" height=\"576\" srcset=\"https:\/\/www.radiopiu.net\/wordpress\/wp-content\/uploads\/2018\/11\/IC-FELTRE-Progetto-Giornalismo-1024x576.jpg 1024w, https:\/\/www.radiopiu.net\/wordpress\/wp-content\/uploads\/2018\/11\/IC-FELTRE-Progetto-Giornalismo-300x169.jpg 300w, https:\/\/www.radiopiu.net\/wordpress\/wp-content\/uploads\/2018\/11\/IC-FELTRE-Progetto-Giornalismo-768x432.jpg 768w\" sizes=\"auto, (max-width: 1024px) 100vw, 1024px\" \/><\/a><strong>FELTRE\u00a0<\/strong> Il giornale, questo sconosciuto: da oggi non pi\u00f9, per i ragazzi di terza (sezioni B, C ed E) della media \u201cRocca\u201d dell\u2019IC di Feltre. Grazie a un progetto didattico sperimentale che ha visto coinvolti gli insegnanti e l\u2019ufficio stampa della scuola. Quotidiani alla mano, i ragazzi, in classe, per tre settimane, hanno esplorato il mondo della stampa locale e nazionale. Hanno trattato la storia e le regole del giornalismo, hanno intrapreso una lettura guidata delle maggiori testate, e si sono cimentati con la redazione di veri e propri articoli (tra cui questo comunicato stampa). \u201cE\u2019 stata un\u2019esperienza che ha arricchito i nostri alunni \u2013 spiegano le docenti Alessandra De Cecco, Paola Guini ed Elena Carico \u2013 C\u2019\u00e8 stato un grande interesse verso un mondo, quello della comunicazione, troppe volte lontano e quasi estraneo alla generazione giovanile abituata a una informazione da cellulare, sempre pi\u00f9 sbrigativa e spesso poco corretta. In terza, del resto, il programma didattico prevede di trattare l\u2019argomento relativo ai giornali, e allora ci \u00e8 sembrata un\u2019occasione importante farlo con chi questo mondo lo vive quotidianamente. Non tanto per formare nuovi Montanelli, ma per avvicinare i giovani a questo mondo e renderli pi\u00f9 coscienti di ci\u00f2 che leggono, guardano e ascoltano. Le lezioni sono state coinvolgenti e apprezzate, ricche di esempi e di aneddoti, e i ragazzi hanno sommerso di domande il docente\/giornalista, Orazio Longo, che oltre alla carta stampata ha illustrato il mondo di tv e radio\u201d. Occhiello, catenaccio, taglio, fogliettone, strilli, fondo, lancio, testata. Ma anche spalla, manchette, coccodrillo, apertura, film muto, breve, testina, tiratura, redazione, attacco e montaggio. Tante le parole nuove imparate durante il corso, una in particolare quella che ha catturato l\u2019attenzione di tutti: scoop. Giovani giornalisti crescono, forse.<\/p>\n<p>&nbsp;<\/p>\n<p>&nbsp;<\/p>\n<p>&nbsp;<\/p>\n<h1>NOMADI: 26 DICEMBRE A FALCADE<\/h1>\n<p><a class=\"dt-pswp-item\" href=\"http:\/\/www.radiopiu.net\/wordpress\/wp-content\/uploads\/2018\/11\/46488206_476926279499387_3606492022795403264_n.jpg\" data-dt-img-description=\"\" data-large_image_width=\"960\" data-large_image_height=\"540\"><img loading=\"lazy\" decoding=\"async\" class=\"size-medium wp-image-67121 alignleft\" src=\"http:\/\/www.radiopiu.net\/wordpress\/wp-content\/uploads\/2018\/11\/46488206_476926279499387_3606492022795403264_n-300x169.jpg\" alt=\"\" width=\"300\" height=\"169\" srcset=\"https:\/\/www.radiopiu.net\/wordpress\/wp-content\/uploads\/2018\/11\/46488206_476926279499387_3606492022795403264_n-300x169.jpg 300w, https:\/\/www.radiopiu.net\/wordpress\/wp-content\/uploads\/2018\/11\/46488206_476926279499387_3606492022795403264_n-768x432.jpg 768w, https:\/\/www.radiopiu.net\/wordpress\/wp-content\/uploads\/2018\/11\/46488206_476926279499387_3606492022795403264_n.jpg 960w\" sizes=\"auto, (max-width: 300px) 100vw, 300px\" \/><\/a>&#8220;Natale con i tuoi, Santo Stefano a Falcade con Beppe Carletti e i Nomadi&#8221;, \u00e8 il motto che due anni fa Giovanni Tosatto di Feltre da tempo tour road manager del gruppo emiliano, aveva coniato in occasione del primo concerto dei Nomadi a Falcade. E&#8217; di nuovo sua l&#8217;idea di organizzare un grande evento in Valle del Biois per le festivit\u00e0 di Natale<\/p>\n<p><em>&#8220;Sar\u00e0 un altro grande concerto &#8211; precisa Tosatto &#8211; infatti i Nomadi si presenteranno con il nuovo &#8220;Nomadi tutta la vita, 55 anni&#8221; .<\/em><\/p>\n<p>Per la terza volta in 16 anni l&#8217;Agordino si prepara ad accogliere e festeggiare il longevo gruppo italiano, il precedente \u00e8 anche il concerto al palaghiaccio di Alleghe (2002) organizzato da Radio Pi\u00f9 con quasi 4000 biglietti venduti.\u00a0 A Falcade il 26 dicembre alle 21 i Nomadi si esibiranno al palaDolomiti, il palazzetto dello sport accanto all&#8217;Alberghiero, struttura eccezionale con 800 posti a sedere, tutti numerati in parterre e tribuna. Ognuno avr\u00e0 il suo posto garantito e ci saranno diversi tipi di biglietto: centralissimo e laterale in tribuna a platea. Sono gi\u00e0 in vendita i biglietti nelle abituali prevendite per l&#8217;Agordino e il bellunese&#8221;. Il Comune di Falcade ha dato la massima collaborazione mettendo a disposizione il palazzetto,\u00a0 e quanto necessario per lo spettacolo. Il Comune di Agordo ha messo invece a disposizione il palco.<\/p>\n<p><em>&#8220;Siamo orgogliosi di ospitare i Nomadi &#8211; dice il sindaco &#8211; tra l&#8217;altro nella settimana di Natale con il paese pieno di turisti, un concerto che affascina nuove e vecchie generazioni&#8221;.<\/em><\/p>\n<p>&nbsp;<\/p>\n<p>&nbsp;<\/p>\n<p>&nbsp;<\/p>\n<h1>XX RASSEGNA CORALE DI MUSICA SACRA<\/h1>\n<p>LOCANDINA CLICCA PER INGRANDIRE<\/p>\n\n\t\t\t<style type='text\/css'>\n\t\t\t\t#gallery-3 {\n\t\t\t\t\tmargin: auto;\n\t\t\t\t}\n\t\t\t\t#gallery-3 .gallery-item {\n\t\t\t\t\tfloat: left;\n\t\t\t\t\tmargin-top: 10px;\n\t\t\t\t\ttext-align: center;\n\t\t\t\t\twidth: 33%;\n\t\t\t\t}\n\t\t\t\t#gallery-3 img {\n\t\t\t\t\tborder: 2px solid #cfcfcf;\n\t\t\t\t}\n\t\t\t\t#gallery-3 .gallery-caption {\n\t\t\t\t\tmargin-left: 0;\n\t\t\t\t}\n\t\t\t\t\/* see gallery_shortcode() in wp-includes\/media.php *\/\n\t\t\t<\/style>\n\t\t<div id='gallery-3' class='dt-gallery-container gallery galleryid-67095 gallery-columns-3 gallery-size-thumbnail'><dl class='gallery-item'>\n\t\t\t\t<dt class='gallery-icon portrait'>\n\t\t\t\t\t<a class=\"rollover\" href='https:\/\/www.radiopiu.net\/wordpress\/giornale-radiopiu-22-novembre-2018-direttore-mirko-mezzacasa\/0001-22\/'><img loading=\"lazy\" decoding=\"async\" width=\"150\" height=\"150\" src=\"https:\/\/www.radiopiu.net\/wordpress\/wp-content\/uploads\/2018\/11\/0001-150x150.jpg\" class=\"attachment-thumbnail size-thumbnail\" alt=\"\" \/><\/a>\n\t\t\t\t<\/dt><\/dl>\n\t\t\t\t<br style='clear: both' \/>\n\t\t\t<\/div>\n\n<p><strong>BELLUNO <\/strong>La consulta provinciale dell&#8217;associazione sviluppo attivit\u00e0 corali del Veneto (Asac Veneto) si \u00e8 fatta promotrice della ventesima rassegna di musica sacra nel ricordo di Don Sergio Manfroi. Sabato alle 20.30 nella chiesa di Santo Stefano alle 20.30 concerto de I Musici di Agordo diretti da Matteo Andri e del Gruppo Polifonico Numeri Atques Voces di Lamon diretto da Donato Cengia.<\/p>\n<p><strong>\u00a0<\/strong><\/p>\n<p>&nbsp;<\/p>\n<p>&nbsp;<\/p>\n<blockquote>\n<h3><em>Apertura delle iscrizioni al corso Assistente Bagnanti 2019<\/em><\/h3>\n<\/blockquote>\n<p>Il corso partir\u00e0 il 12\/01\/2019 e si svolger\u00e0 tutti i sabati fino al 16\/03\/18 (data degli esami) nelle piscine di Belluno e Pedavena. Tale corso \u00e8 il frutto di una sinergia tra le Scuole Nuoto Federali della Sportivamente Belluno e della Ondablu e la Federazione italiana Nuoto Settore Salvamento del Comitato Regionale Veneto. Il corso permetter\u00e0 di ottenere il brevetto di Assistenti Bagnanti per piscine e mare. Al termine del corso, passati gli esami, i discenti abilitati potranno lavorare nelle piscine e nei consorzi balneari in tutto il territorio Italiano. Durante le lezioni i discenti apprenderanno le tecniche di soccorso acquatico le attrezzature del assistente bagnanti, le manovre di primo soccorso, le strutture degli organi competenti come la FIN e la Capitaneria di porto, i trattamenti delle acque nelle piscine, il rispetto dell\u2019ambiente le nozioni di protezione civile e molto altro. Il coordinamento viene effettuato dal Fiduciario della FIN Provinciale Ivan Marchetti e dagli allenatori di nuoto e nuoto per salvamento delle Scuolenuoto Federali Caratteristiche richieste: aver compiuto 16 anni, essere buoni nuotatori, avere passione per l\u2019ambiente acquatico e saper assumersi un compito di responsabilit\u00e0 per se e per gli altri Le selezioni avranno luogo il 15\/12\/18 a Belluno. Iscrizioni entro il 12\/12\/18.<\/p>\n<blockquote><p><em> Iscrizioni e info :\u00a0\u00a0Ivan Marchetti Coordinatore della Provincia di Belluno. mail navimarchetti@gmail.com Piscina di Belluno: Sportivamente Belluno: tel 0437940488 Info@sportivamentebelluno.it Piscina di Pedavena: Ondablu tel 0439\/302061 mail: padavena@ondablu.org Piscina di Agordo: Ondablu tel 043762406 mail: agordo@ondablu.org<\/em><\/p><\/blockquote>\n<p>&nbsp;<\/p>\n<p>&nbsp;<\/p>\n<p>&nbsp;<\/p>\n<p>&nbsp;<\/p>\n<p><a class=\"dt-pswp-item\" href=\"http:\/\/www.radiopiu.net\/wordpress\/wp-content\/uploads\/2018\/09\/sport.jpg\" data-dt-img-description=\"\" data-large_image_width=\"800\" data-large_image_height=\"100\"><img loading=\"lazy\" decoding=\"async\" class=\"alignnone wp-image-60761 size-full\" src=\"http:\/\/www.radiopiu.net\/wordpress\/wp-content\/uploads\/2018\/09\/sport.jpg\" alt=\"\" width=\"800\" height=\"100\" srcset=\"https:\/\/www.radiopiu.net\/wordpress\/wp-content\/uploads\/2018\/09\/sport.jpg 800w, https:\/\/www.radiopiu.net\/wordpress\/wp-content\/uploads\/2018\/09\/sport-300x38.jpg 300w, https:\/\/www.radiopiu.net\/wordpress\/wp-content\/uploads\/2018\/09\/sport-768x96.jpg 768w\" sizes=\"auto, (max-width: 800px) 100vw, 800px\" \/><\/a><\/p>\n<h1>AGORDINA \u2013 TARZO REVINE LAGO 2-1<\/h1>\n<p>di Marco Gaz<\/p>\n<p>GOL: 42&#8242; Farenzena, 44&#8242; Zannoni, 85&#8242; Bernardi<\/p>\n<p><a class=\"dt-pswp-item\" href=\"http:\/\/www.radiopiu.net\/wordpress\/wp-content\/uploads\/2018\/10\/AGORDINA-FELETTO.jpg\" data-dt-img-description=\"\" data-large_image_width=\"1440\" data-large_image_height=\"810\"><img loading=\"lazy\" decoding=\"async\" class=\"size-medium wp-image-63149 alignleft\" src=\"http:\/\/www.radiopiu.net\/wordpress\/wp-content\/uploads\/2018\/10\/AGORDINA-FELETTO-300x169.jpg\" alt=\"\" width=\"300\" height=\"169\" srcset=\"https:\/\/www.radiopiu.net\/wordpress\/wp-content\/uploads\/2018\/10\/AGORDINA-FELETTO-300x169.jpg 300w, https:\/\/www.radiopiu.net\/wordpress\/wp-content\/uploads\/2018\/10\/AGORDINA-FELETTO-768x432.jpg 768w, https:\/\/www.radiopiu.net\/wordpress\/wp-content\/uploads\/2018\/10\/AGORDINA-FELETTO-1024x576.jpg 1024w, https:\/\/www.radiopiu.net\/wordpress\/wp-content\/uploads\/2018\/10\/AGORDINA-FELETTO.jpg 1440w\" sizes=\"auto, (max-width: 300px) 100vw, 300px\" \/><\/a>Una vittoria che vale una stagione. L&#8217;Agordina vince il recupero contro il Tarzo Revine Lago ed incamera 3 punti dopo ben 10 giornate senza fare bottino pieno. La squadra di De Zaiacomo torna a vincere dopo una partita in cui i giocatori hanno dimostrato una grinta diversa e sono scesi in campo la voglia di fare bene. Un bel segnale che sia d&#8217;auspicio per l&#8217;uscita di una crisi nera che dura ormai da pi\u00f9 di due mesi. Match giocato alla pari fin dalle prime battute. L&#8217;Agordina non fa vedere un bel gioco ma altrettanto fa la formazione trevigiana. A centrocampo Da Roit e Favero fanno la differenza ma per vedere qualcosa di interessante bisogna aspettare la fine del primo tempo. Bella triangolazione al limite dell&#8217;area e atterramento di un giocatore agordino. Punizione dal limite di Farenzena e pallone che si insacca sul primo palo. Passano 2&#8242; e arriva il raddoppio dell&#8217;Agordina. Anche in questo caso su punizione ma questa volta ci pensa Zannoni a battere il portiere. Nella ripresa la squadra di Agordo difende il risultato con le unghie mentre gli ospiti premono alla ricerca del pareggio. A fare la differenza il portiere agordino Somma che in pi\u00f9 occasioni salva il risultato. Il Tarzo accorcia le distanze all&#8217;80&#8217; con una bella conclusione dal limite di Bernardi. Nel finale i trevigiani spingono ma non arriva il gol.<\/p>\n<p>&nbsp;<\/p>\n<p>&nbsp;<\/p>\n<p>&nbsp;<\/p>\n<p>&nbsp;<\/p>\n<p><a class=\"dt-pswp-item\" href=\"http:\/\/www.radiopiu.net\/wordpress\/wp-content\/uploads\/2018\/09\/WhatsApp-Image-2018-09-20-at-16.04.06.jpeg\" data-dt-img-description=\"\" data-large_image_width=\"800\" data-large_image_height=\"100\"><img loading=\"lazy\" decoding=\"async\" class=\"alignnone wp-image-61378 size-full\" src=\"http:\/\/www.radiopiu.net\/wordpress\/wp-content\/uploads\/2018\/09\/WhatsApp-Image-2018-09-20-at-16.04.06.jpeg\" alt=\"\" width=\"800\" height=\"100\" srcset=\"https:\/\/www.radiopiu.net\/wordpress\/wp-content\/uploads\/2018\/09\/WhatsApp-Image-2018-09-20-at-16.04.06.jpeg 800w, https:\/\/www.radiopiu.net\/wordpress\/wp-content\/uploads\/2018\/09\/WhatsApp-Image-2018-09-20-at-16.04.06-300x38.jpeg 300w, https:\/\/www.radiopiu.net\/wordpress\/wp-content\/uploads\/2018\/09\/WhatsApp-Image-2018-09-20-at-16.04.06-768x96.jpeg 768w\" sizes=\"auto, (max-width: 800px) 100vw, 800px\" \/><\/a><\/p>\n<h1>DA OGGI A DOMENICA<\/h1>\n<p><center><b>Giovedi 22<\/b><\/center><b>Tempo atteso: <\/b>Annuvolamenti notturni con sporadici fenomeni sulla parte occidentale dei monti veneti. In giornata tempo ben soleggiato con cielo sereno o poco nuvoloso per temporanee e sottili velature. Insidia foschie\/nebbie nelle valli prealpine durante le ore pi\u00f9 fredde. Clima un po&#8217; freddo di notte, specie nelle valli e sugli altopiani innevati; in giornata relativa mitezza nei settori pi\u00f9 assolati.<br \/>\n<b>Precipitazioni: <\/b>Nella notte non escluse deboli precipitazioni sui settori pi\u00f9 occidentali delle Prealpi e Dolomiti (20\/30%) per debolissime piogge e un po&#8217; di nevischio fino sui 1300\/1500 m (1\/2 mm di pioggia e tracce di neve). In giornata assenti (0%).<br \/>\n<b>Temperature: <\/b>Minime pressoch\u00e9 stazionarie, eccetto oltre i 2000 m, dove saranno in leggera diminuzione e osservate alla sera; massime in leggero calo con punte di 7\/8\u00b0C nei fondovalle prealpini e 3\/5\u00b0C a 1000\/1200 m. Su Prealpi a 1500 m min 0\u00b0C max 2\u00b0C, a 2000 m min -2\u00b0C max 0\u00b0C. Su Dolomiti a 2000 m min -3\u00b0C max -1\u00b0C, a 3000 m min -7\u00b0C max -5\u00b0C.<br \/>\n<b>Venti: <\/b>Nelle valli deboli di direzione variabile, con rinforzi notturni per brezze in alcune valli prealpine; in quota perlopi\u00f9 deboli da Sud-Ovest, a 5-10 km\/h sia a 2000 m che a 3000 m.<\/p>\n<hr \/>\n<p><center><b>Venerdi 23<\/b><\/center><b>Tempo atteso: <\/b>Residui tratti di sereno all&#8217;alba, maggiormente presenti sulle Dolomiti settentrionali, mentre le nubi alte e medio-alte stratiformi saranno sempre pi\u00f9 estese a partire dalle Prealpi. Al pomeriggio ulteriore intensificazione della nuvolosit\u00e0 con primi deboli fenomeni in estensione dalle Prealpi verso le Dolomiti. Clima diurno un po&#8217; pi\u00f9 fresco per deficit di sole.<br \/>\n<b>Precipitazioni: <\/b>Al mattino assenti (0%), Al pomeriggio prime deboli precipitazioni sulle Prealpi, in estensione alle Dolomiti nel tardo pomeriggio\/sera (70\/80%). Il limite delle nevicate sar\u00e0 sui 1100\/1300 m. Entro la mezzanotte, previsti 5\/10 mm sulle Prealpi e 2\/5 mm sulle Dolomiti, con altrettanti cm di neve oltre i 1500 m.<br \/>\n<b>Temperature: <\/b>Minime pressoch\u00e9 stazionarie e massime in leggera diminuzione con debole escursione termica diurna con punte di 5\/6\u00b0C nei fondovalle prealpini e 2\/3\u00b0C a 1000\/1200 m. Su Prealpi a 1500 m min -1\u00b0C max 0\u00b0C, a 2000 m min -3\u00b0C max -1\u00b0C. Su Dolomiti a 2000 m min -3\u00b0C max -2\u00b0C, a 3000 m min -7\u00b0C max -6\u00b0C.<br \/>\n<b>Venti: <\/b>Nelle valli deboli di direzione variabile, con rinforzi notturno per brezze in alcune valli prealpine; in quota perlopi\u00f9 moderati da Sud-Ovest, tendenti a divenire tesi\/forti nel pomeriggio\/sera oltre i 2500\/2700 m, a 5-20 km\/h a 2000 m, a 25-55 km\/h a 3000 m.<\/p>\n<hr \/>\n<p><center><b>Sabato 24<\/b><\/center>Tempo perturbato con cielo coperto e precipitazioni diffuse, a tratti moderate tra la notte ed il mattino, specie sulle Prealpi. Il limite della neve si alzer\u00e0 dai 1100\/1300 m iniziali fino attorno ai 1600\/1700 m. Esaurimento dei fenomeni nel corso del pomeriggio. Temperature in generale lieve rialzo. Venti moderati da Sud-Ovest in quota, anche tesi sulle vette dolomitiche pi\u00f9 alte.<\/p>\n<hr \/>\n<p><center><b>Domenica 25<\/b><\/center>Parziale miglioramento sulle Dolomiti ed in quota con annuvolamenti stratiformi irregolari e tratti soleggiati. Sulle Prealpi e in molte valli dolomitiche nubi basse, in alcuni casi anche insistenti con clima uggioso. Temperature in lieve calo. Venti deboli da Ovest Sud-Ovest in quota, deboli di direzione variabile nelle valli. Previsore: R.L.Th.<\/p>\n<p>&nbsp;<\/p>\n","protected":false},"excerpt":{"rendered":"<p>ultim&#8217;ora i Carabinieri di Feltre arrestano l&#8217;autore della rapina ad un&#8217;anziana audio &nbsp; &nbsp; Per un mega raggiro da 500 milioni di dollari un uomo 72enne di Ancona, ultima residenza Mason Vicentino \u00e8 a processo, ma \u00e8 introvabile. Il nucleo investigativo dei carabinieri ha completato una complessa indagine sull&#8217;ingegnere &#8220;guaritore gi\u00e0 noto a Striscia la&hellip;<\/p>\n","protected":false},"author":1,"featured_media":67146,"comment_status":"closed","ping_status":"closed","sticky":false,"template":"","format":"standard","meta":{"_monsterinsights_skip_tracking":false,"_monsterinsights_sitenote_active":false,"_monsterinsights_sitenote_note":"","_monsterinsights_sitenote_category":0,"footnotes":""},"categories":[86],"tags":[],"class_list":["post-67095","post","type-post","status-publish","format-standard","has-post-thumbnail","hentry","category-gr","category-86","description-off"],"img_url":"https:\/\/www.radiopiu.net\/wordpress\/wp-content\/uploads\/2018\/11\/46508689_2362128963802055_1951487793314136064_n.jpg","_links":{"self":[{"href":"https:\/\/www.radiopiu.net\/wordpress\/wp-json\/wp\/v2\/posts\/67095","targetHints":{"allow":["GET"]}}],"collection":[{"href":"https:\/\/www.radiopiu.net\/wordpress\/wp-json\/wp\/v2\/posts"}],"about":[{"href":"https:\/\/www.radiopiu.net\/wordpress\/wp-json\/wp\/v2\/types\/post"}],"author":[{"embeddable":true,"href":"https:\/\/www.radiopiu.net\/wordpress\/wp-json\/wp\/v2\/users\/1"}],"replies":[{"embeddable":true,"href":"https:\/\/www.radiopiu.net\/wordpress\/wp-json\/wp\/v2\/comments?post=67095"}],"version-history":[{"count":0,"href":"https:\/\/www.radiopiu.net\/wordpress\/wp-json\/wp\/v2\/posts\/67095\/revisions"}],"wp:featuredmedia":[{"embeddable":true,"href":"https:\/\/www.radiopiu.net\/wordpress\/wp-json\/wp\/v2\/media\/67146"}],"wp:attachment":[{"href":"https:\/\/www.radiopiu.net\/wordpress\/wp-json\/wp\/v2\/media?parent=67095"}],"wp:term":[{"taxonomy":"category","embeddable":true,"href":"https:\/\/www.radiopiu.net\/wordpress\/wp-json\/wp\/v2\/categories?post=67095"},{"taxonomy":"post_tag","embeddable":true,"href":"https:\/\/www.radiopiu.net\/wordpress\/wp-json\/wp\/v2\/tags?post=67095"}],"curies":[{"name":"wp","href":"https:\/\/api.w.org\/{rel}","templated":true}]}}