{"id":67105,"date":"2018-11-22T06:13:54","date_gmt":"2018-11-22T05:13:54","guid":{"rendered":"http:\/\/www.radiopiu.net\/wordpress\/?p=67105"},"modified":"2018-11-22T06:14:40","modified_gmt":"2018-11-22T05:14:40","slug":"40-rifugisti-delle-dolomiti-unesco-si-incontrano-a-bressanone","status":"publish","type":"post","link":"https:\/\/www.radiopiu.net\/wordpress\/40-rifugisti-delle-dolomiti-unesco-si-incontrano-a-bressanone\/","title":{"rendered":"40 RIFUGISTI DELLE DOLOMITI UNESCO SI INCONTRANO A BRESSANONE"},"content":{"rendered":"<p>&nbsp;<\/p>\n<p><a class=\"dt-pswp-item\" href=\"http:\/\/www.radiopiu.net\/wordpress\/wp-content\/uploads\/2018\/11\/foto_gruppo.jpg\" data-dt-img-description=\"sdr\" data-large_image_width=\"3931\" data-large_image_height=\"2373\"><img loading=\"lazy\" decoding=\"async\" class=\"wp-image-67103 size-large\" src=\"http:\/\/www.radiopiu.net\/wordpress\/wp-content\/uploads\/2018\/11\/foto_gruppo-1024x618.jpg\" alt=\"\" width=\"1024\" height=\"618\" srcset=\"https:\/\/www.radiopiu.net\/wordpress\/wp-content\/uploads\/2018\/11\/foto_gruppo-1024x618.jpg 1024w, https:\/\/www.radiopiu.net\/wordpress\/wp-content\/uploads\/2018\/11\/foto_gruppo-300x181.jpg 300w, https:\/\/www.radiopiu.net\/wordpress\/wp-content\/uploads\/2018\/11\/foto_gruppo-768x464.jpg 768w\" sizes=\"auto, (max-width: 1024px) 100vw, 1024px\" \/><\/a><\/p>\n<p>Fare rete non \u00e8 solo uno slogan. Il 20 e 21 novembre 40 rifugisti delle Dolomiti Patrimonio Mondiale si incontrano a Bressanone per un\u2019esperienza di studio e confronto organizzata dalla Rete della Formazione e della Ricerca Scientifica della Fondazione Dolomiti UNESCO. Sono molte le sfide che caratterizzano l&#8217;attivit\u00e0 presente e futura dei gestori di rifugio, tanto pi\u00f9 se operano all&#8217;interno dell&#8217;area \u201ccore\u201d delle Dolomiti Patrimonio Mondiale UNESCO. Il riconoscimento ha internazionalizzato le presenze turistiche in quota e posto i gestori di rifugio davanti all&#8217;esigenza di accrescere la propria formazione.<br \/>\n<strong>L&#8217;OBIETTIVO DEL CORSO<\/strong><br \/>\nTra coloro che operano all&#8217;interno dell&#8217;area riconosciuta dall&#8217;UNESCO come Patrimonio Mondiale, i gestori di rifugio svolgono un ruolo fondamentale di accoglienza e di informazione: di qui l&#8217;esigenza, manifestata negli anni scorsi dagli stessi gestori, di approfondire i caratteri distintivi e i valori paesaggistici e geologici del Patrimonio Dolomiti UNESCO, oltre ai metodi e ai modelli di comunicazione con i loro clienti e alle modalit\u00e0 di collaborazione e di lavoro in rete.<br \/>\n<strong>CONDIVIDERE BUONE PRATICHE, ANCHE DAVANTI ALLE AVVERSIT\u00c0<\/strong><br \/>\nLo spirito che ha animato l&#8217;incontro formativo \u00e8 stato orientato soprattutto alla necessit\u00e0 di lavorare in rete e di condividere buone pratiche, cercando il modo di sviluppare anche prodotti congiunti. Alcuni dei presenti alla due giorni gestiscono rifugi che hanno subito danni dall&#8217;alluvione del 29 ottobre, soprattutto in ordine all&#8217;accessibilit\u00e0 e alla percorribilit\u00e0 dei sentieri, che si punta comunque a ripristinare in tempo utile per la prossima stagione estiva.<br \/>\n<strong>I RELATORI<\/strong><br \/>\nNella Sala Adrian Egger del Comune di Bressanone, dopo i saluti della responsabile dell\u2019area UNESCO della Trentino School of Management Gabriella De Fino e del direttore della Fondazione Dolomiti UNESCO Marcella Morandini, si sono alternati diversi tecnici ed esperti, a cominciare dall\u2019antropologo Annibale Salsa, membro del Comitato Scientifico della Fondazione Dolomiti UNESCO. E poi Ugo Morelli, dell\u2019Universit\u00e0 degli Studi di Napoli, Elisabeth Berger, dell\u2019Ufficio Parchi della Provincia autonoma di Bolzano, Georg Simeoni, Presidente AVS \u2013 Alpenverein S\u00fcdtirol, Claudio Sartori, Presidente del CAI dell\u2019Alto Adige, Roberta Silva, gestrice del rifugio Roda di Vael, Corrado Morelli, geologo della Provincia autonoma di Bolzano, Marco Aime, dell\u2019Universit\u00e0 degli Studi di Genova, Giuseppe Ferrandi, della Fondazione Museo storico del Trentino.<br \/>\n<strong>I COMMENTI<\/strong><br \/>\n\u201cIl senso di vivere in un Patrimonio Mondiale \u00e8 anche questo: vivere in modo consapevole l&#8217;ambiente che ci circonda e il rapporto con gli altri\u201d sottolinea il direttore della Fondazione Dolomiti UNESCO Marcella Morandini. \u201cTroppo spesso sentiamo parlare di atteggiamenti arroganti da parte di chi arriva in rifugio e pretende tutto e subito. Occorre invece pensare a un tipo di offerta che faccia comprendere al turista l&#8217;eccezionalit\u00e0 e l&#8217;unicit\u00e0 dell&#8217;esperienza che sta vivendo\u201d.<br \/>\n\u201cCi\u00f2 che deve caratterizzare l&#8217;attivit\u00e0 di noi gestori \u00e8 soprattutto l&#8217;autenticit\u00e0\u201d aggiunge Stefanie Rogger, gestrice del Rifugio Pian di Cengia (Bz). Un riferimento alla situazione che stanno vivendo le popolazioni colpite dall&#8217;alluvione da parte del gestore del rifugio A. Berti al Vallon Popera (Bl), Bruno Martini: \u201cDopo la tempesta ci sono problemi importanti soprattutto alla sentieristica e alcuni rifugi hanno avuto danni anche alle strutture, ma l&#8217;aiuto e la collaborazione di tutti, ci consentiranno di superare queste difficolt\u00e0\u201d. \u201cLa cooperazione tra rifugi, anche di province diverse \u00e8 fondamentale\u201d sottolinea Sandra Donini, gestrice del rifugio Tosa Pedrotti, sulle Dolomiti di Brenta (Tn). \u201cFare rete \u00e8 indispensabile e occorre sfruttare al meglio la considerazione che ci viene data dall&#8217;UNESCO\u201d.<br \/>\nSecondo Roberta Corona, gestrice del rifugio Cava Buscada, sulle Dolomiti Friulane (Pn), \u201cil corso ci mette a contatto con chi ha le nostre stesse difficolt\u00e0; anche cos\u00ec ci possiamo sentire un gruppo\u201d. \u201cCi son rifugi che sono quasi dei piccoli alberghi\u201d evidenzia Elena Zamberlan, gestrice del rifugio Pian de Fontana (Bl), \u201caltri che sono molto pi\u00f9 spartani: occorre far capire alla gente che ci\u00f2 che non trova in una struttura magari \u00e8 compensato da altro. Ma non serve molto: basta comunicare in modo corretto e aprire le porte in modo accogliente\u201d.<\/p>\n<blockquote><p>\n<strong><em>Per ulteriori informazioni: www.dolomitiunesco.info press@dolomitiunesco.info +39 389 4839564<\/em><\/strong><br \/>\n<strong><em>Twitter: @DolomitesUNESCO Facebook: DolomitesUNESCO Instagram: DolomitesUNESCO<\/em><\/strong><\/p><\/blockquote>\n","protected":false},"excerpt":{"rendered":"<p>&nbsp; Fare rete non \u00e8 solo uno slogan. Il 20 e 21 novembre 40 rifugisti delle Dolomiti Patrimonio Mondiale si incontrano a Bressanone per un\u2019esperienza di studio e confronto organizzata dalla Rete della Formazione e della Ricerca Scientifica della Fondazione Dolomiti UNESCO. Sono molte le sfide che caratterizzano l&#8217;attivit\u00e0 presente e futura dei gestori di&hellip;<\/p>\n","protected":false},"author":1,"featured_media":67103,"comment_status":"closed","ping_status":"closed","sticky":false,"template":"","format":"standard","meta":{"_monsterinsights_skip_tracking":false,"_monsterinsights_sitenote_active":false,"_monsterinsights_sitenote_note":"","_monsterinsights_sitenote_category":0,"footnotes":""},"categories":[49],"tags":[],"class_list":["post-67105","post","type-post","status-publish","format-standard","has-post-thumbnail","hentry","category-news-18","category-49","description-off"],"img_url":"https:\/\/www.radiopiu.net\/wordpress\/wp-content\/uploads\/2018\/11\/foto_gruppo.jpg","_links":{"self":[{"href":"https:\/\/www.radiopiu.net\/wordpress\/wp-json\/wp\/v2\/posts\/67105","targetHints":{"allow":["GET"]}}],"collection":[{"href":"https:\/\/www.radiopiu.net\/wordpress\/wp-json\/wp\/v2\/posts"}],"about":[{"href":"https:\/\/www.radiopiu.net\/wordpress\/wp-json\/wp\/v2\/types\/post"}],"author":[{"embeddable":true,"href":"https:\/\/www.radiopiu.net\/wordpress\/wp-json\/wp\/v2\/users\/1"}],"replies":[{"embeddable":true,"href":"https:\/\/www.radiopiu.net\/wordpress\/wp-json\/wp\/v2\/comments?post=67105"}],"version-history":[{"count":0,"href":"https:\/\/www.radiopiu.net\/wordpress\/wp-json\/wp\/v2\/posts\/67105\/revisions"}],"wp:featuredmedia":[{"embeddable":true,"href":"https:\/\/www.radiopiu.net\/wordpress\/wp-json\/wp\/v2\/media\/67103"}],"wp:attachment":[{"href":"https:\/\/www.radiopiu.net\/wordpress\/wp-json\/wp\/v2\/media?parent=67105"}],"wp:term":[{"taxonomy":"category","embeddable":true,"href":"https:\/\/www.radiopiu.net\/wordpress\/wp-json\/wp\/v2\/categories?post=67105"},{"taxonomy":"post_tag","embeddable":true,"href":"https:\/\/www.radiopiu.net\/wordpress\/wp-json\/wp\/v2\/tags?post=67105"}],"curies":[{"name":"wp","href":"https:\/\/api.w.org\/{rel}","templated":true}]}}