{"id":67180,"date":"2018-11-22T11:49:27","date_gmt":"2018-11-22T10:49:27","guid":{"rendered":"http:\/\/www.radiopiu.net\/wordpress\/?p=67180"},"modified":"2018-11-22T11:49:27","modified_gmt":"2018-11-22T10:49:27","slug":"ripucicliamo-alla-scuola-elementare-boscariz-di-farra-i-bambini-della-prima-impegnati-nella-pulizia-del-loro-cortile-danneggiato-dal-maltempo","status":"publish","type":"post","link":"https:\/\/www.radiopiu.net\/wordpress\/ripucicliamo-alla-scuola-elementare-boscariz-di-farra-i-bambini-della-prima-impegnati-nella-pulizia-del-loro-cortile-danneggiato-dal-maltempo\/","title":{"rendered":"\u201cRipucicliamo\u201d. Alla scuola elementare Boscariz di Farra, i bambini della prima impegnati nella pulizia del loro cortile danneggiato dal maltempo."},"content":{"rendered":"<p>&nbsp;<\/p>\n<p><a class=\"dt-pswp-item\" href=\"http:\/\/www.radiopiu.net\/wordpress\/wp-content\/uploads\/2018\/11\/IC-FELTRE-Ripucicli-a-Boscariz.jpg\" data-dt-img-description=\"\" data-large_image_width=\"1600\" data-large_image_height=\"1200\"><img loading=\"lazy\" decoding=\"async\" class=\"alignnone wp-image-67181 size-large\" src=\"http:\/\/www.radiopiu.net\/wordpress\/wp-content\/uploads\/2018\/11\/IC-FELTRE-Ripucicli-a-Boscariz-1024x768.jpg\" alt=\"\" width=\"1024\" height=\"768\" srcset=\"https:\/\/www.radiopiu.net\/wordpress\/wp-content\/uploads\/2018\/11\/IC-FELTRE-Ripucicli-a-Boscariz-1024x768.jpg 1024w, https:\/\/www.radiopiu.net\/wordpress\/wp-content\/uploads\/2018\/11\/IC-FELTRE-Ripucicli-a-Boscariz-300x225.jpg 300w, https:\/\/www.radiopiu.net\/wordpress\/wp-content\/uploads\/2018\/11\/IC-FELTRE-Ripucicli-a-Boscariz-768x576.jpg 768w, https:\/\/www.radiopiu.net\/wordpress\/wp-content\/uploads\/2018\/11\/IC-FELTRE-Ripucicli-a-Boscariz.jpg 1600w\" sizes=\"auto, (max-width: 1024px) 100vw, 1024px\" \/><\/a><\/p>\n<p><strong>FELTRE<\/strong> Guanti e palette, per raccogliere e differenziare. I bambini di prima elementare della scuola Boscariz di Farra dell\u2019IC di Feltre hanno ripulito il cortile della scuola che portava ancora i segni del maltempo delle scorse settimane. \u201cE\u2019 stata una loro iniziativa \u2013 spiega la maestra Patrizia Tonet \u2013 e noi ne abbiamo fatto allora una modalit\u00e0 didattica. Perch\u00e9 oltre al fatto di solidariet\u00e0 in s\u00e9, i bambini dovevano anche identificare i raccoglitori in cui gettare il materiale raccolto. Un tentativo di lettura che, per i ragazzi di prima elementare, \u00e8 certamente importante: un modo concreto per far capire loro il valore dello studio\u201d.<\/p>\n","protected":false},"excerpt":{"rendered":"<p>&nbsp; FELTRE Guanti e palette, per raccogliere e differenziare. I bambini di prima elementare della scuola Boscariz di Farra dell\u2019IC di Feltre hanno ripulito il cortile della scuola che portava ancora i segni del maltempo delle scorse settimane. \u201cE\u2019 stata una loro iniziativa \u2013 spiega la maestra Patrizia Tonet \u2013 e noi ne abbiamo fatto&hellip;<\/p>\n","protected":false},"author":1,"featured_media":67181,"comment_status":"closed","ping_status":"closed","sticky":false,"template":"","format":"standard","meta":{"_monsterinsights_skip_tracking":false,"_monsterinsights_sitenote_active":false,"_monsterinsights_sitenote_note":"","_monsterinsights_sitenote_category":0,"footnotes":""},"categories":[49],"tags":[],"class_list":["post-67180","post","type-post","status-publish","format-standard","has-post-thumbnail","hentry","category-news-18","category-49","description-off"],"img_url":"https:\/\/www.radiopiu.net\/wordpress\/wp-content\/uploads\/2018\/11\/IC-FELTRE-Ripucicli-a-Boscariz.jpg","_links":{"self":[{"href":"https:\/\/www.radiopiu.net\/wordpress\/wp-json\/wp\/v2\/posts\/67180","targetHints":{"allow":["GET"]}}],"collection":[{"href":"https:\/\/www.radiopiu.net\/wordpress\/wp-json\/wp\/v2\/posts"}],"about":[{"href":"https:\/\/www.radiopiu.net\/wordpress\/wp-json\/wp\/v2\/types\/post"}],"author":[{"embeddable":true,"href":"https:\/\/www.radiopiu.net\/wordpress\/wp-json\/wp\/v2\/users\/1"}],"replies":[{"embeddable":true,"href":"https:\/\/www.radiopiu.net\/wordpress\/wp-json\/wp\/v2\/comments?post=67180"}],"version-history":[{"count":0,"href":"https:\/\/www.radiopiu.net\/wordpress\/wp-json\/wp\/v2\/posts\/67180\/revisions"}],"wp:featuredmedia":[{"embeddable":true,"href":"https:\/\/www.radiopiu.net\/wordpress\/wp-json\/wp\/v2\/media\/67181"}],"wp:attachment":[{"href":"https:\/\/www.radiopiu.net\/wordpress\/wp-json\/wp\/v2\/media?parent=67180"}],"wp:term":[{"taxonomy":"category","embeddable":true,"href":"https:\/\/www.radiopiu.net\/wordpress\/wp-json\/wp\/v2\/categories?post=67180"},{"taxonomy":"post_tag","embeddable":true,"href":"https:\/\/www.radiopiu.net\/wordpress\/wp-json\/wp\/v2\/tags?post=67180"}],"curies":[{"name":"wp","href":"https:\/\/api.w.org\/{rel}","templated":true}]}}