{"id":67183,"date":"2018-11-22T14:26:45","date_gmt":"2018-11-22T13:26:45","guid":{"rendered":"http:\/\/www.radiopiu.net\/wordpress\/?p=67183"},"modified":"2018-11-23T13:53:55","modified_gmt":"2018-11-23T12:53:55","slug":"giornale-radiopiu-23-novembre-2018-direttore-mirko-mezzacasa","status":"publish","type":"post","link":"https:\/\/www.radiopiu.net\/wordpress\/giornale-radiopiu-23-novembre-2018-direttore-mirko-mezzacasa\/","title":{"rendered":"GIORNALE RADIOPIU 23 NOVEMBRE 2018 DIRETTORE MIRKO MEZZACASA"},"content":{"rendered":"<div>\n<h1><strong><strong>INCIDENTE MORTALE IN GALLERIA COMELICO<\/strong><\/strong><\/h1>\n<blockquote><p><strong><a class=\"dt-pswp-item\" href=\"http:\/\/www.radiopiu.net\/wordpress\/wp-content\/uploads\/2018\/11\/mirko.jpg\" data-dt-img-description=\"\" data-large_image_width=\"210\" data-large_image_height=\"244\"><img loading=\"lazy\" decoding=\"async\" class=\" wp-image-67278 alignleft\" src=\"http:\/\/www.radiopiu.net\/wordpress\/wp-content\/uploads\/2018\/11\/mirko.jpg\" alt=\"\" width=\"72\" height=\"83\" \/><\/a><\/strong><\/p>\n<blockquote><p><em>Un furgone e due auto, un&#8217;unico schianto costato la vita ad un uomo di Sappada. L&#8217;incidente stamane all&#8217;interno della galleria del Comelico tra il Cadore e Sappada.<\/em><\/p><\/blockquote>\n<p><strong>SAPPADA<\/strong> E&#8217; Donato Taddio, 60 anni di Sappada, la vittima del mortale incidente di questa mattina alle 7.50 lungo la 52 Carnica all&#8217;interno della galleria Comelico. Nel sinistro sono rimasti feriti A.H., 58enne nato in Marocco, residente a Lozzo di Cadore ricoverato al San Martino di Belluno con politrauma, in prognosi riservata ma non \u00e8 in pericolo di vita. In prognosi riservata per fratture multiple e ricoverato all&#8217;ospedale di Pieve di Cadore D.B.A. 20 enne di San Candido, residente in Comelico. Al vaglio dei Carabinieri le cause dell&#8217;incidente, Donato Taddio era alla guida di una Subaru, A.H. del veicolo ducato e D.B.A. della Subaru.<\/p><\/blockquote>\n<p>La galleria \u00e8 stata immediatamente chiusa, alternativa il\u00a0 passo di Sant&#8217;Antonio, tra disagi e incolonnamenti.<\/p>\n<\/div>\n<div><a class=\"dt-pswp-item\" href=\"http:\/\/www.radiopiu.net\/wordpress\/wp-content\/uploads\/2018\/11\/e3c902f4-8cc7-4813-977c-11be8608fbfe.jpg\" data-dt-img-description=\"\" data-large_image_width=\"1600\" data-large_image_height=\"1200\"><img loading=\"lazy\" decoding=\"async\" class=\"alignnone size-medium wp-image-67268\" src=\"http:\/\/www.radiopiu.net\/wordpress\/wp-content\/uploads\/2018\/11\/e3c902f4-8cc7-4813-977c-11be8608fbfe-300x225.jpg\" alt=\"\" width=\"300\" height=\"225\" srcset=\"https:\/\/www.radiopiu.net\/wordpress\/wp-content\/uploads\/2018\/11\/e3c902f4-8cc7-4813-977c-11be8608fbfe-300x225.jpg 300w, https:\/\/www.radiopiu.net\/wordpress\/wp-content\/uploads\/2018\/11\/e3c902f4-8cc7-4813-977c-11be8608fbfe-768x576.jpg 768w, https:\/\/www.radiopiu.net\/wordpress\/wp-content\/uploads\/2018\/11\/e3c902f4-8cc7-4813-977c-11be8608fbfe-1024x768.jpg 1024w, https:\/\/www.radiopiu.net\/wordpress\/wp-content\/uploads\/2018\/11\/e3c902f4-8cc7-4813-977c-11be8608fbfe.jpg 1600w\" sizes=\"auto, (max-width: 300px) 100vw, 300px\" \/><\/a><\/div>\n<div><\/div>\n<div><\/div>\n<div><\/div>\n<h1>DI NUOVO NELLA RETE IL LADRO DI TONNO, RAGAZZA 26ENNE UBRIACA CENTRA IL PALO<\/h1>\n<p><strong>BELLUNO<\/strong> Ieri pomeriggio una pattuglia della Squadra Volanti, durante il servizio di pattugliamento del territorio finalizzato alla prevenzione e repressione dei furti, in via V. Veneto, ha notato un uomo, noto alle forze dell\u2019ordine, apparso subito sospetto, avendo tentato alla vista dei poliziotti di cambiare strada.<br \/>\nGli agenti si sono insospettiti e conoscendo il profilo criminale dell\u2019uomo, indagato per furto gi\u00e0 sette volte, e tenuto conto che aveva un grosso zaino da montagna in spalla hanno deciso di controllarlo.<br \/>\nTuttavia, il noto D.F., un bellunese del \u201978 di fatto senza fissa dimora che ha come detto numerosi precedenti specifici, ribattezzato il \u201cladro di tonno\u201d, una volta capito che i poliziotti lo avrebbero fermato ha tentato la fuga a piedi scavalcando una recinzione; purtroppo per lui, dopo un breve inseguimento \u00e8 stato raggiunto. Nello zaino aveva svariate derrate alimentari ancora imbustate, il cui acquisto non \u00e8 stato in grado di giustificare e quindi, per ulteriori accertamenti \u00e8 stato accompagnato in Questura dove \u00e8 stato perquisito; nello zaino sono state rinvenute svariate derrate alimentari tra cui appunto numerose confezioni di tonno in scatola, confezioni di caff\u00e8, oltre a quattro bottiglie di super alcolici per un valore di circa 150 euro.\u00a0 La Squadra Volanti, ha proceduto a questo punto a ricostruire la loro giornata scoprendo che la merce era stata rubata nello store \u201cSuper W\u201d di via V. Veneto. L\u2019uomo\u00a0 \u00e8 stato indagato per furto aggravato.<\/p>\n<p><strong>PONTE NELLE ALPI<\/strong> Su altro fronte invece, gli uomini delle Volanti sono intervenuti a Ponte nelle Alpi, in via Lastreghe in seguito ad un segnalazione; una persona ha chiamato la Polizia perch\u00e9 aveva sentito un forte rumore probabilmente riconducibile ad un incidente stradale.\u00a0Gli agenti giunti sul posto hanno potuto effettivamente constatare che una autovettura era uscita fuori strada abbattendo un lampione; alla guida, una giovane bellunese del \u201993, evidentemente in preda ai fumi dell\u2019alcool. In seguito agli accertamenti eseguiti, mediante alcool test, il tasso alcoolemico della donna \u00e8 risultato essere di 1.86 g\/l, ben oltre il limite consentito che, ricordiamo, \u00e8 di 0.50 g\/l. A questo punto i poliziotti non hanno potuto far altro che denunciare la ragazza all\u2019Autorit\u00e0 Giudiziaria per guida in stato di ebrezza alcolica (reato previsto dall\u2019art. 186 del Codice della Strada); gli agenti hanno provveduto, inoltre, al ritiro della sua patente per la trasmissione in Prefettura per le successive incombenze e al sequestro amministrativo dell\u2019autovettura.<\/p>\n<div><\/div>\n<div><\/div>\n<blockquote>\n<div><\/div>\n<div><em><span style=\"font-family: Calibri;\">&#8220;La Societ\u00e0 Alleghe Hockey con piacere comunica che, dopo chiusura forzata dell&#8217;impianto &#8220;Alvise De Toni&#8221; per i\u00a0 noti danni post alluvione, <strong><u>da OGGI\u00a0<\/u><\/strong>\u00a0sar\u00e0 nuovamente\u00a0ripristinato l&#8217;impianto e si\u00a0potr\u00e0\u00a0riprendere la regolare attivit\u00e0 agonistica nel proprio ghiaccio di casa.\u00a0<\/span><span style=\"font-family: Calibri;\">Ci teniamo a ringraziare\u00a0 &#8211; dice Patrik De Silvestro &#8211;\u00a0 tutte le Societ\u00e0, la Federazione\u00a0ed il nostro Comitato per la collaborazione e la comprensione avuta in questo periodo di emergenza&#8221;.\u00a0<\/span><\/em><\/div>\n<\/blockquote>\n<div><span style=\"color: #ff0000;\"><strong>OGGI DALLE 14 ALLE 18 INTERRUZIONI ENERGIA ELETTRICA PER LAVORI IN ZONA BELLUNO<\/strong><\/span><\/div>\n<div><\/div>\n<div>\n<p align=\"JUSTIFY\"><strong>SITUAZIONE ACQUA<\/strong>\u00a0Gestione Servizi Pubblici informa che \u00e8 di nuovo potabile, ed utilizzabile per scopi alimentari, l\u2019acqua erogata a\u00a0Auronzo di Cadore, tutto il comune;\u00a0Calalzo di Cadore, tutto il comune;\u00a0Domegge di Cadore, localit\u00e0 Grea;\u00a0Lamon in localit\u00e0 Pian del Vescovo;\u00a0Longarone, tutto il comune;\u00a0Ospitale di Cadore, tutto il comune;\u00a0Sovramonte nelle localit\u00e0 Aune, Servo, Salzen e Croce d\u2019Aune\u00a0Valle di Cadore, tutto il comune<\/p>\n<p><strong>ORARI DI ACCESSO ALLA VALLE DI SAN LUCANO\u00a0<\/strong>I proprietari e i conduttori DI EDIFICI ubicati in Valle di San Lucano e le imprese impegnate nei lavori su fabbricati privati, previa registrazione dei nominativi presso il municipio di Taibon Agordino, potranno accedere alla valle, con la scorta delle autorit\u00e0 preposte, nei seguenti orari, OGGI E DOMANI:\u00a0\u00a0<strong>ENTRATA<\/strong>\u00a0(ritrovo presso il presidio) 06.40 13.00 17.00 22.30\u00a0<strong>USCITA<\/strong>\u00a0(ritrovo presso locanda Col di Pr\u00e0) 07.00 13.20 17.20 22.45<\/p>\n<\/div>\n<p>&nbsp;<\/p>\n<blockquote><p><strong>Ad Agordo si continua a rubare, altre due abitazioni visitate dai ladri, scarso il bottino anche perch\u00e8 impariamo a farci furbi, a non tenere oro, preziosi e contante in casa, almeno non in camera da letto che viene presa di mira e rovistata in ogni angolo. Nemmeno l&#8217;Esercito ferma i delinquenti in azione anche a Mas e Vignole nella serata come riportano i social media. Continua la ricostruzione nell&#8217;Agordino, giorno dopo giorno. Martedi incontro di sindaci e operatori del turismo ad Alleghe, mercoledi forse la riapertura della Valle di San Lucano ormai da un mese martoriata tra incendio e alluvione. Ancora la cronaca registra il fermo del marocchino che ha rubato la collana all&#8217;anziana, ma la collana non si trova. Per il bellunese questi sono giorni di dolore, oggi l&#8217;addio al veterinario gentile Paolo Casarin, domani al boscaiolo Vitali Mardari, il 28enne moldavo morto a Sagron Mis, sar\u00e0 sepolto a Santa Giustina. La Marchiol di Villorba ha consegnato a Zaia 10 mila euro. Di soldi ne serviranno molti, 6 milioni i danni stimati per la citt\u00e0 capoluogo, 19 nel feltrino. (mm)<\/strong><\/p><\/blockquote>\n<p>&nbsp;<\/p>\n<p>&nbsp;<\/p>\n<p>&nbsp;<\/p>\n<h1>QUARTO FURTO AD AGORDO NELLA STESSA ZONA<\/h1>\n<p><strong>AGORDO<\/strong> Sono tornati, hanno messo a soqquadro altre due abitazioni e se ne sono andati a mani vuote, comunque con un po&#8217; di biogiotteria e oggetti di scarso valore. E&#8217; successo ieri pomeriggio sempre in zona Pragrande, nel mirino dei malviventi due villette, in pieno giorno e senza l&#8217;aiuto del buio e ancora una volta l&#8217;hanno fatta franca nonostante l&#8217;attenzione delle Forze dell&#8217;Ordine e la presenza degli uomini dell&#8217;Esercito. Misero come detto il bottino, ma restano i danni. Le famiglie agordine, forse, hanno capito la lezione e non lasciano pi\u00f9 oggetti di valore nelle camere da letto. Forse i malviventi sono stati disturbati da qualcosa o qualcuno e se la sono dovuta dare a gambe levate prima di aver setacciato ogni angolo delle due case.<\/p>\n<p>&nbsp;<\/p>\n<p>&nbsp;<\/p>\n<p>&nbsp;<\/p>\n<h1>ARRESTATO L&#8217;AUTORE DELLA RAPINA ALL&#8217;ANZIANA MA LA COLLANINA RUBATA NON SI TROVA<\/h1>\n<p><strong><a class=\"dt-pswp-item\" href=\"http:\/\/www.radiopiu.net\/wordpress\/wp-content\/uploads\/2018\/11\/eaaaa861-8818-4d8d-b7e1-1b0925b2087e.jpg\" data-dt-img-description=\"\" data-large_image_width=\"1599\" data-large_image_height=\"1200\"><img loading=\"lazy\" decoding=\"async\" class=\"size-medium wp-image-67196 alignleft\" src=\"http:\/\/www.radiopiu.net\/wordpress\/wp-content\/uploads\/2018\/11\/eaaaa861-8818-4d8d-b7e1-1b0925b2087e-300x225.jpg\" alt=\"\" width=\"300\" height=\"225\" srcset=\"https:\/\/www.radiopiu.net\/wordpress\/wp-content\/uploads\/2018\/11\/eaaaa861-8818-4d8d-b7e1-1b0925b2087e-300x225.jpg 300w, https:\/\/www.radiopiu.net\/wordpress\/wp-content\/uploads\/2018\/11\/eaaaa861-8818-4d8d-b7e1-1b0925b2087e-768x576.jpg 768w, https:\/\/www.radiopiu.net\/wordpress\/wp-content\/uploads\/2018\/11\/eaaaa861-8818-4d8d-b7e1-1b0925b2087e-1024x768.jpg 1024w, https:\/\/www.radiopiu.net\/wordpress\/wp-content\/uploads\/2018\/11\/eaaaa861-8818-4d8d-b7e1-1b0925b2087e.jpg 1599w\" sizes=\"auto, (max-width: 300px) 100vw, 300px\" \/><\/a>LIMANA<\/strong> L&#8217;autore della rapina di Limana \u00e8 stato identificato ed arrestato, F.K. marocchino di 28 anni senza fissa dimora. I Carabinieri di Trichiana marted\u00ec sera hanno fatto scattare le manette nel corso di un accurato controllo del territorio con la\u00a0 collaborazione dell&#8217;anziana derubata, una donna di 73 anni che si \u00e8 vista strappare la collana dal collo per poi essere rinchiusa in cantina, che ha descritto il rapinatore, un venditore ambulante, volto noto in zona spesso in paese a raccogliere qualche spicciolo.<\/p>\n<p>&nbsp;<\/p>\n<p>&nbsp;<\/p>\n<p><strong>IERI ALLA RADIO<\/strong><\/p>\n<blockquote class=\"wp-embedded-content\" data-secret=\"oHSJbo9gGT\"><p><a href=\"http:\/\/www.radiopiu.net\/wordpress\/arrestato-il-marocchino-autore-della-rapina-allanziana\/\">ARRESTATO IL MAROCCHINO AUTORE DELLA RAPINA ALL&#8217;ANZIANA<\/a><\/p><\/blockquote>\n<p><iframe loading=\"lazy\" class=\"wp-embedded-content\" sandbox=\"allow-scripts\" security=\"restricted\" style=\"position: absolute; clip: rect(1px, 1px, 1px, 1px);\" src=\"http:\/\/www.radiopiu.net\/wordpress\/arrestato-il-marocchino-autore-della-rapina-allanziana\/embed\/#?secret=oHSJbo9gGT\" data-secret=\"oHSJbo9gGT\" width=\"600\" height=\"338\" title=\"&#8220;ARRESTATO IL MAROCCHINO AUTORE DELLA RAPINA ALL&#8217;ANZIANA&#8221; &#8212; Radio Pi\u00f9\" frameborder=\"0\" marginwidth=\"0\" marginheight=\"0\" scrolling=\"no\"><\/iframe><\/p>\n<p>&nbsp;<\/p>\n<p>&nbsp;<\/p>\n<p>&nbsp;<\/p>\n<h1>INVESTITA IN VIA FELTRE<\/h1>\n<p><strong>BELLUNO.<\/strong>\u00a0 Versa in serie condizioni\u00a0una 75enne di Belluno, A.M.V. che ieri \u00e8 stata sottoposta a intervento chirurgico per le fratture riportate nell\u2019incidente: la donna stava attraversando,l\u2019autovettura che transitava \u00a0non \u00e8 riuscita a evitare l\u2019impatto. L\u2019anziana \u00e8 finita per terra e ha riportato alcune fratture: \u00e8 sempre rimasta cosciente. \u00c8 stata soccorsa con l\u2019amulanzadel San Martino e\u00a0 trasferita all\u2019ospedale per gli accertamenti clinici. La diagnosi ha evidenziato la necessit\u00e0 di ricomporre alcune fratture e per questo nel pomeriggio la donna \u00e8 stata sottoposta<br \/>\na intervento chirurgico. Non \u00e8 in pericolo di vita. \u2014<\/p>\n<p>&nbsp;<\/p>\n<p>&nbsp;<\/p>\n<p>&nbsp;<\/p>\n<h1>RIMORCHIO SENZA FRENI CONTRO L&#8217;AUTO<\/h1>\n<p><strong>VALLADA<\/strong> Un autocarro privo di controllo, probabilmente per la rottura del freno di stazionamento, si \u00e8 messo in movimento impattando con una vettura Seat che stava transitando scaraventata nel prato. All\u2019ospedale il conducente della vettura per le ferite comuqnue non gravi. Sul posto vigili del fuoco e Carabinieri di Agordo.<\/p>\n<p>&nbsp;<\/p>\n<p>&nbsp;<\/p>\n<p>&nbsp;<\/p>\n<h1>RECUPERATI DUE ESCURSIONISTI IN DIFFICOLT\u00c0<\/h1>\n<p><strong>BELLUNO<\/strong> Attorno alle 17.30 di ieri\u00a0 il 118 ha allertato il Soccorso alpino di Belluno per due escursionisti in difficolt\u00e0 in Valle dell&#8217;Ardo. I due amici erano diretti a Casera Palazza quando hanno perso l&#8217;orientamento per il sentiero modificato dalle piante cadute. Una squadra di sei soccorritori ha individuato e raggiunto i due verso le 19.30 e li ha aiutati a tornare sul percorso corretto.<\/p>\n<p>&nbsp;<\/p>\n<p>&nbsp;<\/p>\n<p>&nbsp;<\/p>\n<h1>L&#8217;ULTIMO SALUTO AL VETERINARIO GENTILE<\/h1>\n<p><strong>BELLUNO<\/strong> Saranno sicuramente moltissimi\u00a0 oggi alle 15, nella chiesa parrocchiale di Polpet per l&#8217;ultimo saluto al veterinario dei bellunesi. \u00abPaolo Casarin un grande medico degli animali\u00bb, \u00abIl dottor Casarin \u00e8 stato di una gentilezza squisita nel ricevermi nella tarda serata di domenica e nel visitare il mio gatto. Grazie\u00bb. Sono solo alcuni dei messaggi lasciati sulla rete dai tanti che gli hanno voluto bene e lo hanno apprezzato per l&#8217;eccellente lavoro svolto<\/p>\n<p>&nbsp;<\/p>\n<p>&nbsp;<\/p>\n<p>&nbsp;<\/p>\n<h1>DOMANI I FUNERALI DI VIDALI<\/h1>\n<p><strong>SANTA GIUSTINA\u00a0<\/strong> Vitali Mardari, il 28enne moldavo morto luned\u00ec a mezzogiorno mentre lavorava nei boschi di Sagron Mis (Trento) sar\u00e0 sepolto a Santa Giustina, la famiglia\u00a0 ha deciso di non riportare la salma in patria. Il giovane era arrivato 4 anni fa nel Bellunese, qui avrebbe voluto restare. I funerali si svolgeranno con rito ortodosso domani nella chiesa di via Travazzoi, 134, a Belluno. Seguir\u00e0 la sepoltura nel cimitero di Santa Giustina dove il giovane risiedeva con la sorella. Ma sono tanti i misteri di quanto accaduto. A cominciare dal corpo del giovane che sarebbe stato spostato. Nel mirino degli inquirenti l&#8217;imprenditore agordino, con cui il ragazzo era partito per il lavoro, e il collega che era con lui.<\/p>\n<p>&nbsp;<\/p>\n<p>&nbsp;<\/p>\n<p>&nbsp;<\/p>\n<div class=\"page-title-head hgroup\">\n<h1 class=\"entry-title\">UN NUOVO MEZZO DISTRUTTO DAL MALTEMPO PER L\u2019AUSER DI AGORDO<\/h1>\n<\/div>\n<div class=\"page-title-breadcrumbs\">\n<h4 align=\"CENTER\"><em><span style=\"color: #000000;\"><span style=\"font-family: Candara, sans-serif;\"><b>Il Comitato d&#8217;Intesa in aiuto dell&#8217;associazione che fa parte della rete Stacco<\/b><\/span><\/span><\/em><\/h4>\n<h4 align=\"CENTER\"><em><span style=\"color: #000000;\"><span style=\"font-family: Candara, sans-serif;\"><b>Parzialmente sospeso il servizio di trasporto per l&#8217;Agordino<\/b><\/span><\/span><\/em><\/h4>\n<p align=\"JUSTIFY\"><span style=\"font-family: Corbel, sans-serif;\"><b><a class=\"dt-pswp-item\" href=\"http:\/\/www.radiopiu.net\/wordpress\/wp-content\/uploads\/2018\/11\/alleghe.jpg\" data-dt-img-description=\"\" data-large_image_width=\"960\" data-large_image_height=\"720\"><img loading=\"lazy\" decoding=\"async\" class=\" wp-image-67191 alignleft\" src=\"http:\/\/www.radiopiu.net\/wordpress\/wp-content\/uploads\/2018\/11\/alleghe-300x225.jpg\" alt=\"\" width=\"216\" height=\"162\" srcset=\"https:\/\/www.radiopiu.net\/wordpress\/wp-content\/uploads\/2018\/11\/alleghe-300x225.jpg 300w, https:\/\/www.radiopiu.net\/wordpress\/wp-content\/uploads\/2018\/11\/alleghe-768x576.jpg 768w, https:\/\/www.radiopiu.net\/wordpress\/wp-content\/uploads\/2018\/11\/alleghe.jpg 960w\" sizes=\"auto, (max-width: 216px) 100vw, 216px\" \/><\/a>L&#8217;Auser \u201cEl Broi\u201d di Agordo<\/b><\/span><span style=\"font-family: Corbel, sans-serif;\">, una delle 23 associazioni facenti parte della rete Stacco (trasporto e accompagnamento solidale) provinciale, <\/span><span style=\"font-family: Corbel, sans-serif;\"><b>ha perso un pulmino durante l&#8217;alluvione<\/b><\/span><span style=\"font-family: Corbel, sans-serif;\"> di fine ottobre che ha colpito tutta la provincia di Belluno. Il Suzuki Ignis era posteggiato ad Alleghe all&#8217;interno del parcheggio comunale coperto, che \u00e8 stato invaso da quasi due metri di acqua esondata dal lago. La vettura era riservata al trasporto solidale nei territori dell&#8217;Alto Agordino.\u00a0<\/span><span style=\"font-family: Corbel, sans-serif;\"><b>Il Comitato d&#8217;Intesa<\/b><\/span><span style=\"font-family: Corbel, sans-serif;\">, interessato dall&#8217;Auser El Broi, <\/span><span style=\"font-family: Corbel, sans-serif;\"><b>ha voluto agevolare il pronto acquisto di un nuovo mezzo attrezzato e si \u00e8 gi\u00e0 impegnato con un anticipo di liquidit\u00e0<\/b><\/span><span style=\"font-family: Corbel, sans-serif;\">. Questo consentir\u00e0 di ridurre quasi a zero il ritardo nella ripresa di un servizio tanto importante in quelle comunit\u00e0, soprattutto ora che sono state duramente colpite dalle recenti devastazioni.\u00a0<\/span><span style=\"font-family: Corbel, sans-serif;\">Inoltre, come confermato in pi\u00f9 occasioni, il nuovo contributo deliberato dalla Regione Veneto a favore di Stacco della provincia di Belluno (110 mila euro) consentir\u00e0 di beneficiare di un&#8217;ulteriore cifra a favore delle associazioni della rete che necessitano di rinnovare il parco auto. Altra possibilit\u00e0 per chi, come Auser El Broi, vive un momento di difficolt\u00e0 contingente.<\/span><\/p>\n<\/div>\n<blockquote>\n<p align=\"JUSTIFY\">\n<\/blockquote>\n<blockquote>\n<p align=\"JUSTIFY\">\n<\/blockquote>\n<h1 align=\"JUSTIFY\">ELICOTTERO IN VOLO A TAIBON AGORDINO PER DARE SICUREZZA ALLA BESAUSEGA<\/h1>\n<p><strong><a class=\"dt-pswp-item\" href=\"http:\/\/www.radiopiu.net\/wordpress\/wp-content\/uploads\/2017\/01\/palesanlucano1.jpg\" data-dt-img-description=\"\" data-large_image_width=\"593\" data-large_image_height=\"367\"><img loading=\"lazy\" decoding=\"async\" class=\"size-medium wp-image-27204 alignleft\" src=\"http:\/\/www.radiopiu.net\/wordpress\/wp-content\/uploads\/2017\/01\/palesanlucano1-300x186.jpg\" alt=\"\" width=\"300\" height=\"186\" \/><\/a><\/strong><\/p>\n<p>&nbsp;<\/p>\n<p>&nbsp;<\/p>\n<p><strong>TAIBON<\/strong> Impresa boschiva al lavoro in Valle di San Lucano, poi il via ai disgaggi. Entro mercoledi i sopraluoghi dei geologi e forse l&#8217;apertura della strada per Col di Pra. Il punto con il sindaco di Taibon, Silvia Tormen<\/p>\n<audio class=\"wp-audio-shortcode\" id=\"audio-67183-1\" preload=\"none\" style=\"width: 100%;\" controls=\"controls\"><source type=\"audio\/mpeg\" src=\"http:\/\/www.radiopiu.net\/wordpress\/wp-content\/uploads\/2018\/11\/SILVIA-1.mp3?_=1\" \/><a href=\"http:\/\/www.radiopiu.net\/wordpress\/wp-content\/uploads\/2018\/11\/SILVIA-1.mp3\">http:\/\/www.radiopiu.net\/wordpress\/wp-content\/uploads\/2018\/11\/SILVIA-1.mp3<\/a><\/audio>\n<p>&nbsp;<\/p>\n<p>&nbsp;<\/p>\n<p>&nbsp;<\/p>\n<p>&nbsp;<\/p>\n<h1><\/h1>\n<h1>GEMELLAGGIO NORD-SUD, IL LEGNAME DEI DISASTRATI BOSCHI BELLUNESI PER LA RICOSTRUZIONE NELLE ZONE TERREMOTATE<\/h1>\n<p><strong><a class=\"dt-pswp-item\" href=\"http:\/\/www.radiopiu.net\/wordpress\/wp-content\/uploads\/2018\/11\/45367024_224661101791285_1147973294259961856_n.jpg\" data-dt-img-description=\"\" data-large_image_width=\"960\" data-large_image_height=\"720\"><img loading=\"lazy\" decoding=\"async\" class=\"alignnone size-medium wp-image-66929\" src=\"http:\/\/www.radiopiu.net\/wordpress\/wp-content\/uploads\/2018\/11\/45367024_224661101791285_1147973294259961856_n-300x225.jpg\" alt=\"\" width=\"300\" height=\"225\" srcset=\"https:\/\/www.radiopiu.net\/wordpress\/wp-content\/uploads\/2018\/11\/45367024_224661101791285_1147973294259961856_n-300x225.jpg 300w, https:\/\/www.radiopiu.net\/wordpress\/wp-content\/uploads\/2018\/11\/45367024_224661101791285_1147973294259961856_n-768x576.jpg 768w, https:\/\/www.radiopiu.net\/wordpress\/wp-content\/uploads\/2018\/11\/45367024_224661101791285_1147973294259961856_n.jpg 960w\" sizes=\"auto, (max-width: 300px) 100vw, 300px\" \/><\/a>DI DAMIANO TORMEN<\/strong><\/p>\n<audio class=\"wp-audio-shortcode\" id=\"audio-67183-2\" preload=\"none\" style=\"width: 100%;\" controls=\"controls\"><source type=\"audio\/ogg\" src=\"http:\/\/www.radiopiu.net\/wordpress\/wp-content\/uploads\/2018\/11\/DAMIANO-2.ogg?_=2\" \/><a href=\"http:\/\/www.radiopiu.net\/wordpress\/wp-content\/uploads\/2018\/11\/DAMIANO-2.ogg\">http:\/\/www.radiopiu.net\/wordpress\/wp-content\/uploads\/2018\/11\/DAMIANO-2.ogg<\/a><\/audio>\n<p>&nbsp;<\/p>\n<p>&nbsp;<\/p>\n<p>&nbsp;<\/p>\n<p>&nbsp;<\/p>\n<blockquote><p>&nbsp;<\/p><\/blockquote>\n<h1 align=\"JUSTIFY\">ZAIA RICEVE 10 MILA EURO DALLA MARCHIOL DI VILLORBA<\/h1>\n<p align=\"JUSTIFY\"><strong>VENEZIA\u00a0<\/strong> Si allunga la lista delle Aziende venete che partecipano, con loro donazioni, alla gara di solidariet\u00e0 per le popolazioni e i territori colpiti dal maltempo di fine ottobre. Nell\u2019elenco virtuoso, si \u00e8 iscritta l\u2019azienda Marchiol di Villorba (Treviso), presente da oltre 60 anni nel Nordest come fornitore di materiale elettrico nel settore civile e industriale, che ha consegnato al Presidente della Regione Veneto, Luca Zaia, un assegno di 10.000 euro che verr\u00e0 versato nel conto bancario regionale. <em>\u201cAltra acqua preziosa nel grande mare della solidariet\u00e0, che mi rende orgoglioso \u2013 ha detto Zaia ringraziando i titolari della Marchiol. Quando dico che il Veneto in ginocchio si rialzer\u00e0, e torner\u00e0 tutto come prima e meglio di prima \u2013 ha aggiunto il Governatore &#8211; \u00e8 perch\u00e9 da settimane sto assistendo ad una gara di solidariet\u00e0, impegno, passione e generosit\u00e0 da parte di tutti. Nessun veneto \u00e8 rimasto indifferente di fronte all\u2019emergenza maltempo; ciascuno di noi, nella misura del possibile, ha dato una mano a spalare il fango, tagliare gli alberi, liberare le strade e le case, rimuovere i rifiuti, ed anche partecipando ad eventi benefici o versando un contributo economico nel conto corrente istituito dalla Regione per le zone colpite dal maltempo\u201d.<\/em><\/p>\n<blockquote>\n<p align=\"JUSTIFY\">\n<\/blockquote>\n<blockquote>\n<p align=\"JUSTIFY\">\n<\/blockquote>\n<h1 align=\"JUSTIFY\">VALORIZZAZIONE MEDIO-ALTO AGORDINO, IL CONVEGNO<\/h1>\n<blockquote>\n<div><strong>ALLEGHE<\/strong> Pi\u00f9 forti e determinati, ripartiamo tutti insieme, \u00e8 il motto di Dolomites Madness che accompagna l&#8217;invito al convegno che si\u00a0 terr\u00e0 martedi alle 17.30 al centro congressi Antonio Franceschini al primo piano del palaghiaccio Alvise De Toni. Interverranno i Sindaci dei Comuni del\u00a0Medio Alto Agordino, il Project Manager Denis Dal\u00a0Soler e la Marketing Manager Emma Taveri.<\/div>\n<div>L&#8217;incontro \u00e8 aperto agli Operatori Turistici, alle altre piccole e\u00a0grandi realt\u00e0, che proprio in questo periodo hanno sentito pi\u00f9 forte\u00a0l&#8217;urgenza di spendersi per la valorizzazione turistica del territorio, e\u00a0naturalmente alla cittadinanza tutta.<\/div>\n<\/blockquote>\n<div class=\"pre\"><a class=\"dt-pswp-item\" href=\"http:\/\/www.radiopiu.net\/wordpress\/wp-content\/uploads\/2018\/11\/Orsetto_MAADNESS.png\" data-dt-img-description=\"\" data-large_image_width=\"1201\" data-large_image_height=\"1201\"><img loading=\"lazy\" decoding=\"async\" class=\"size-medium wp-image-67219 alignleft\" src=\"http:\/\/www.radiopiu.net\/wordpress\/wp-content\/uploads\/2018\/11\/Orsetto_MAADNESS-300x300.png\" alt=\"\" width=\"300\" height=\"300\" srcset=\"https:\/\/www.radiopiu.net\/wordpress\/wp-content\/uploads\/2018\/11\/Orsetto_MAADNESS-300x300.png 300w, https:\/\/www.radiopiu.net\/wordpress\/wp-content\/uploads\/2018\/11\/Orsetto_MAADNESS-150x150.png 150w, https:\/\/www.radiopiu.net\/wordpress\/wp-content\/uploads\/2018\/11\/Orsetto_MAADNESS-768x768.png 768w, https:\/\/www.radiopiu.net\/wordpress\/wp-content\/uploads\/2018\/11\/Orsetto_MAADNESS-1024x1024.png 1024w, https:\/\/www.radiopiu.net\/wordpress\/wp-content\/uploads\/2018\/11\/Orsetto_MAADNESS.png 1201w\" sizes=\"auto, (max-width: 300px) 100vw, 300px\" \/><\/a>Dopo avere superato l&#8217;emergenza dei primi 15 giorni, gli amministratori\u00a0del Medio Alto Agordino, primi testimonial di un&#8217;immagine territoriale\u00a0pi\u00f9 forte e concreta che mai, grazie all&#8217;impegno personale e al\u00a0coordinamento dei tantissimi volontari ed enti coinvolti, ripongono pale\u00a0e ruspe e tornano a pensare in maniera altrettanto concreta alla\u00a0crescita e allo sviluppo delle loro comunit\u00e0 e del Medio Alto Agordino.\u00a0Perch\u00e9 la stagione \u00e8 al via, perch\u00e9 la prima neve \u00e8 gi\u00e0 caduta,\u00a0perch\u00e9 gli albergatori sono tornati a sorridere e gli impiantisti da giorni stanno scaldando i motori.<br \/>\nE perch\u00e9 dopo quella invernale, ci sar\u00e0 la stagione estiva, e poi\u00a0ancora mille altre occasioni per aprire le porte al turismo, storico o\u00a0nuovo che sia, e che mai come in queste settimane ha dimostrato il\u00a0proprio affettuoso attaccamento per le meraviglie ambientali di questa\u00a0terra.\u00a0 \u00a0Ultimo importante gesto in ordine di tempo, quello del Touring Club\u00a0Italiano che assegna a Rocca Pietore il riconoscimento della Bandiera\u00a0Arancione &#8220;per i piccoli borghi italiani eccellenti&#8221;, seconda localit\u00e0\u00a0certificata nella provincia di Belluno e ora tra i 9 Comuni &#8220;arancioni&#8221;\u00a0in Veneto.<br \/>\nA ringraziare, per tutto il territorio, il sindaco di Rocca Pietore,\u00a0Andrea De Bernardin<\/div>\n<div class=\"pre\"><em>&#8220;\u00c8 stato un grande gioco di squadra. Passati i\u00a0primi giorni di isolamento e forte preoccupazione per le grandi\u00a0difficolt\u00e0 e la quantit\u00e0 di danni, abbiamo raccolto tantissima\u00a0solidariet\u00e0 da parte di tutti, soprattutto del Veneto. Il lavoro della\u00a0nostra gente a titolo di volontariato \u00e8 stato decisivo. Come\u00a0indispensabile, e al di sopra di ogni aspettativa, la gara cui tutta<\/em><em>Italia e i nostri turisti pi\u00f9 fedeli hanno risposto all&#8217;appello e con\u00a0cui hanno seguito e sostenuto il\u00a0nostro impegno per un ripristino del territorio come era o, anzi, con\u00a0ancora pi\u00f9 appeal turistico di prima. Su questo voglio esprimere un\u00a0messaggio di fiducia e ottimismo che sar\u00e0 anche quello degli altri\u00a0Comuni promotori del Progetto&#8221;.<\/em><br \/>\nMarted\u00ec al Palaghiaccio di Alleghe, tornano dunque in campo con un incontro\u00a0pubblico gli amministratori di Rocca Pietore, Alleghe, Cencenighe, Colle\u00a0Santa Lucia, Livinallongo del Col di Lana, San Tomaso Agordino e Taibon\u00a0Agordino, ovvero i 7 Comuni promotori del progetto finanziato con il\u00a0Fondo dei Comuni Confinanti. A fare gli onori di casa sar\u00e0 il sindaco di Alleghe, Siro De Biasio.<\/div>\n<div class=\"pre\"><em>\u00a0&#8220;Siamo assolutamente pronti ad accogliere i turisti &#8211; ci anticipa &#8211; e ne\u00a0approfitto per dare loro gi\u00e0 oggi il nostro migliore benvenuto. Abbiamo\u00a0lavorato davvero sodo per tornare in fretta alla normalit\u00e0 e per noi la mnormalit\u00e0 \u00e8 il turismo&#8221;. <\/em><br \/>\n<strong>EMMA TAVERI, RESPONSABILE PROGETTO DI SVILUPPO TURISTICO DOLOMITES MMADNESS\u00a0<\/strong><\/div>\n<audio class=\"wp-audio-shortcode\" id=\"audio-67183-3\" preload=\"none\" style=\"width: 100%;\" controls=\"controls\"><source type=\"audio\/mpeg\" src=\"http:\/\/www.radiopiu.net\/wordpress\/wp-content\/uploads\/2018\/11\/EMMA-TAVERI.mp3?_=3\" \/><a href=\"http:\/\/www.radiopiu.net\/wordpress\/wp-content\/uploads\/2018\/11\/EMMA-TAVERI.mp3\">http:\/\/www.radiopiu.net\/wordpress\/wp-content\/uploads\/2018\/11\/EMMA-TAVERI.mp3<\/a><\/audio>\n<p>&nbsp;<\/p>\n<p>&nbsp;<\/p>\n<p>&nbsp;<\/p>\n<p>&nbsp;<\/p>\n<blockquote><p>&nbsp;<\/p><\/blockquote>\n<h1><a class=\"dt-pswp-item\" href=\"http:\/\/www.radiopiu.net\/wordpress\/wp-content\/uploads\/2018\/04\/impianti-alleghe-funivie.jpg\" data-dt-img-description=\"\" data-large_image_width=\"550\" data-large_image_height=\"309\"><img loading=\"lazy\" decoding=\"async\" class=\"size-medium wp-image-46376 alignleft\" src=\"http:\/\/www.radiopiu.net\/wordpress\/wp-content\/uploads\/2018\/04\/impianti-alleghe-funivie-300x169.jpg\" alt=\"\" width=\"300\" height=\"169\" srcset=\"https:\/\/www.radiopiu.net\/wordpress\/wp-content\/uploads\/2018\/04\/impianti-alleghe-funivie-300x169.jpg 300w, https:\/\/www.radiopiu.net\/wordpress\/wp-content\/uploads\/2018\/04\/impianti-alleghe-funivie.jpg 550w\" sizes=\"auto, (max-width: 300px) 100vw, 300px\" \/><\/a>ALLEGHE, SI RIPARTE. IL VIA ALLA STAGIONE INVERNALE NOSTRA INTERVISTA AD ANDREA DAL FARRA E CRISTIAN MORETTI<\/h1>\n<audio class=\"wp-audio-shortcode\" id=\"audio-67183-4\" preload=\"none\" style=\"width: 100%;\" controls=\"controls\"><source type=\"audio\/mpeg\" src=\"http:\/\/www.radiopiu.net\/wordpress\/wp-content\/uploads\/2018\/11\/cristian-moretti-andrea-dal-farra-scade-zabato.mp3?_=4\" \/><a href=\"http:\/\/www.radiopiu.net\/wordpress\/wp-content\/uploads\/2018\/11\/cristian-moretti-andrea-dal-farra-scade-zabato.mp3\">http:\/\/www.radiopiu.net\/wordpress\/wp-content\/uploads\/2018\/11\/cristian-moretti-andrea-dal-farra-scade-zabato.mp3<\/a><\/audio>\n<p>&nbsp;<\/p>\n<p>&nbsp;<\/p>\n<p>&nbsp;<\/p>\n<p>&nbsp;<\/p>\n<blockquote><p>&nbsp;<\/p><\/blockquote>\n<h1>DANNI ALLUVIONALI PER 6 MILIONI DI EURO, LA RICOGNIZIONE<\/h1>\n<blockquote>\n<h3><em>Bilancio provvisorio tra privati e il solo patrimonio comunale<\/em><\/h3>\n<\/blockquote>\n<p><a class=\"dt-pswp-item\" href=\"http:\/\/www.radiopiu.net\/wordpress\/wp-content\/uploads\/2018\/11\/Massaro-Soprallugo-Nevegal-4.jpg\" data-dt-img-description=\"\" data-large_image_width=\"5184\" data-large_image_height=\"3456\"><img loading=\"lazy\" decoding=\"async\" class=\"size-medium wp-image-66160 alignleft\" src=\"http:\/\/www.radiopiu.net\/wordpress\/wp-content\/uploads\/2018\/11\/Massaro-Soprallugo-Nevegal-4-300x200.jpg\" alt=\"\" width=\"300\" height=\"200\" srcset=\"https:\/\/www.radiopiu.net\/wordpress\/wp-content\/uploads\/2018\/11\/Massaro-Soprallugo-Nevegal-4-300x200.jpg 300w, https:\/\/www.radiopiu.net\/wordpress\/wp-content\/uploads\/2018\/11\/Massaro-Soprallugo-Nevegal-4-768x512.jpg 768w, https:\/\/www.radiopiu.net\/wordpress\/wp-content\/uploads\/2018\/11\/Massaro-Soprallugo-Nevegal-4-1024x683.jpg 1024w\" sizes=\"auto, (max-width: 300px) 100vw, 300px\" \/><\/a>Ammonta a poco meno di 6 milioni di euro il bilancio provvisorio della ricognizione speditiva realizzata dal Comune di Belluno ed inviata alla Regione Veneto per l&#8217;attivazione del Fondo di Solidariet\u00e0 Europea: scade infatti oggi il termine per l&#8217;invio a Venezia dei dati raccolti da parte di tutti gli enti pubblici. Il conto si divide tra 4,1 milioni di euro al solo patrimonio pubblico comunale e 1,6 milioni di euro per le propriet\u00e0 private. Questo primo bilancio, insieme a quello delle altre realt\u00e0 venete ed italiane colpite dal maltempo, servir\u00e0 a chiedere l&#8217;attivazione del Fondo di Solidariet\u00e0 Europeo, e per ottenerla servono segnalazioni per poco pi\u00f9 di 3 miliardi di euro. In questi giorni, \u00e8 anche arrivata la risposta da parte della Regione Veneto alla richiesta di proroga del termine di presentazione delle domande per l&#8217;accesso al &#8220;bando per la concessione di contributi per la riduzione dei consumi della fornitura di energia elettrica per finalit\u00e0 sociali&#8221;, proroga richiesta lo scorso 13 novembre a seguito degli eventi metereologici. La richiesta \u00e8 stata respinta &#8220;in quanto \u2013 si legge nella lettera di risposta &#8211; entro il termine perentorio di fine anno si dovr\u00e0 procedere all&#8217;impegno contabile&#8221;<\/p>\n<p><strong>IL SINDACO JACOPO MASSARO<\/strong><\/p>\n<audio class=\"wp-audio-shortcode\" id=\"audio-67183-5\" preload=\"none\" style=\"width: 100%;\" controls=\"controls\"><source type=\"audio\/mpeg\" src=\"http:\/\/www.radiopiu.net\/wordpress\/wp-content\/uploads\/2018\/11\/MASSARO-2.mp3?_=5\" \/><a href=\"http:\/\/www.radiopiu.net\/wordpress\/wp-content\/uploads\/2018\/11\/MASSARO-2.mp3\">http:\/\/www.radiopiu.net\/wordpress\/wp-content\/uploads\/2018\/11\/MASSARO-2.mp3<\/a><\/audio>\n<p>&nbsp;<\/p>\n<p>&nbsp;<\/p>\n<p>&nbsp;<\/p>\n<p>&nbsp;<\/p>\n<blockquote><p>&nbsp;<\/p><\/blockquote>\n<h1>Ricognizione dei danni da maltempo: la prima \u201cconta\u201d sfiora i 19 milioni euro!<\/h1>\n<p><strong><a class=\"dt-pswp-item\" href=\"http:\/\/www.radiopiu.net\/wordpress\/wp-content\/uploads\/2018\/11\/IMG_20181112_084215.jpg\" data-dt-img-description=\"\" data-large_image_width=\"5312\" data-large_image_height=\"2988\"><img loading=\"lazy\" decoding=\"async\" class=\"size-medium wp-image-66325 alignleft\" src=\"http:\/\/www.radiopiu.net\/wordpress\/wp-content\/uploads\/2018\/11\/IMG_20181112_084215-300x169.jpg\" alt=\"\" width=\"300\" height=\"169\" srcset=\"https:\/\/www.radiopiu.net\/wordpress\/wp-content\/uploads\/2018\/11\/IMG_20181112_084215-300x169.jpg 300w, https:\/\/www.radiopiu.net\/wordpress\/wp-content\/uploads\/2018\/11\/IMG_20181112_084215-768x432.jpg 768w, https:\/\/www.radiopiu.net\/wordpress\/wp-content\/uploads\/2018\/11\/IMG_20181112_084215-1024x576.jpg 1024w\" sizes=\"auto, (max-width: 300px) 100vw, 300px\" \/><\/a>FELTRE<\/strong> E\u2019 salato, anzi salatissimo il conto che si prospetta al Comune di Feltre per i danni causati dalla violentissima ondata di maltempo che ha messo in ginocchio il territorio comunale da fine ottobre. Sono ben 638 le segnalazioni arrivate in questi giorni (termine ultimo oggi alle 12) dai privati cittadini, per un totale di danni dichiarati che si aggira attorno ai 10 milioni di euro. Di questi, la maggior parte (circa 8 milioni) riguarda i beni immobili residenziali e quindi destinati ad abitazione.<br \/>\nA questa cifra vanno aggiunti altri due milioni di danni registrati dalle attivit\u00e0 economiche, ma senza tenere conto delle aziende agricole, che erano invitate ad effettuare le proprie segnalazioni direttamente ad Avepa. Lievita anche il conto ai danni dei beni di propriet\u00e0 del Comune: dalla prima stima di una decina di giorni fa (che si aggirava poco sotto i 5 milioni) si \u00e8 arrivati infatti quest\u2019oggi ad un computo totale di 6,8 milioni.\u00a0 Il totale dei danni segnalati nella ricognizione conclusasi in queste ore \u00e8 dunque pari a quasi 19 milioni di euro e si tratta, con tutta evidenza, di una cifra ancora non definitiva.<\/p>\n<p><strong>AI MICROFONI DI RADIO PIU, L&#8217;ASSESSORE AI LAVORI PUBBLICI ADIS ZATTA<\/strong><\/p>\n<audio class=\"wp-audio-shortcode\" id=\"audio-67183-6\" preload=\"none\" style=\"width: 100%;\" controls=\"controls\"><source type=\"audio\/mpeg\" src=\"http:\/\/www.radiopiu.net\/wordpress\/wp-content\/uploads\/2018\/11\/ZATTA-1.mp3?_=6\" \/><a href=\"http:\/\/www.radiopiu.net\/wordpress\/wp-content\/uploads\/2018\/11\/ZATTA-1.mp3\">http:\/\/www.radiopiu.net\/wordpress\/wp-content\/uploads\/2018\/11\/ZATTA-1.mp3<\/a><\/audio>\n<p>&nbsp;<\/p>\n<p>&nbsp;<\/p>\n<p>&nbsp;<\/p>\n<p>&nbsp;<\/p>\n<h1 class=\"moz-quote-pre\">MANOVRA &#8211; DARIO BOND \u00abBENE L\u2019EMENDAMENTO PER LE ZONE COLPITE DAL MALTEMPO. ASPETTIAMO DI VEDERE LA DISTRIBUZIONE\u00bb<\/h1>\n<p>\u00abLa volont\u00e0 c\u2019\u00e8: le risorse per le zone colpite dal maltempo sono un primo segnale positivo\u00bb. Il deputato di Forza Italia, Dario Bond, commenta cos\u00ec la notizia dell\u2019inserimento in manovra finanziaria di un fondo dedicato alle aree del Paese colpite da alluvioni, uragani e forti piogge di fine ottobre e inizio novembre. \u00abIl sottosegretario all\u2019economia Bitonci ha confermato la presentazione di un emendamento ad hoc per le aree alluvionate. Si parla di un fondo da 525 milioni di euro, suddiviso in due annualit\u00e0\u00bb. Ma sentiamo il deputato bellunese<\/p>\n<audio class=\"wp-audio-shortcode\" id=\"audio-67183-7\" preload=\"none\" style=\"width: 100%;\" controls=\"controls\"><source type=\"audio\/mpeg\" src=\"http:\/\/www.radiopiu.net\/wordpress\/wp-content\/uploads\/2018\/11\/BOND-2.mp3?_=7\" \/><a href=\"http:\/\/www.radiopiu.net\/wordpress\/wp-content\/uploads\/2018\/11\/BOND-2.mp3\">http:\/\/www.radiopiu.net\/wordpress\/wp-content\/uploads\/2018\/11\/BOND-2.mp3<\/a><\/audio>\n<p>&nbsp;<\/p>\n<p>&nbsp;<\/p>\n<p>&nbsp;<\/p>\n<p>&nbsp;<\/p>\n<blockquote><p>&nbsp;<\/p><\/blockquote>\n<h1 align=\"JUSTIFY\"><strong>DDL SPAZZA CORROTTI CONTRO I MERCATI ILLEGALI<\/strong><\/h1>\n<p><a class=\"dt-pswp-item\" href=\"http:\/\/www.radiopiu.net\/wordpress\/wp-content\/uploads\/2016\/03\/Federico-DInc\u00e0-e1466659213762.jpg\" data-dt-img-description=\"\" data-large_image_width=\"480\" data-large_image_height=\"360\"><img loading=\"lazy\" decoding=\"async\" class=\" wp-image-18062 alignleft\" src=\"http:\/\/www.radiopiu.net\/wordpress\/wp-content\/uploads\/2016\/03\/Federico-DInc\u00e0-e1466659213762-300x225.jpg\" alt=\"\" width=\"256\" height=\"192\" \/><\/a>Federico D\u2019Inc\u00e0, deputato Questore della Camera dei deputati, commenta il Ddl Spazza corrotti. &#8220;La corruzione \u00e8 un cancro per il nostro Paese che dobbiamo combattere con tutte le nostre forze \u2013 conclude D\u2019Inc\u00e0 \u2013 Il Ddl Spazza corrotti serve proprio a rafforzare la lotta alla corruzione perch\u00e9 in Veneto non si verifichino mai pi\u00f9 casi vergognosi come il Mose o i fatti di corruzione legati all\u2019ex Presidente Galan\u201d. Ma sentiamo il Questore<\/p>\n<audio class=\"wp-audio-shortcode\" id=\"audio-67183-8\" preload=\"none\" style=\"width: 100%;\" controls=\"controls\"><source type=\"audio\/ogg\" src=\"http:\/\/www.radiopiu.net\/wordpress\/wp-content\/uploads\/2018\/11\/FEDERICO-1.ogg?_=8\" \/><a href=\"http:\/\/www.radiopiu.net\/wordpress\/wp-content\/uploads\/2018\/11\/FEDERICO-1.ogg\">http:\/\/www.radiopiu.net\/wordpress\/wp-content\/uploads\/2018\/11\/FEDERICO-1.ogg<\/a><\/audio>\n<p>&nbsp;<\/p>\n<p>&nbsp;<\/p>\n<p>&nbsp;<\/p>\n<p>&nbsp;<\/p>\n<h1>DARIO BOND \u00abDI MAIO RICEVA E RASSICURI I LAVORATORI TIM\u00bb.<\/h1>\n<p><strong><a class=\"dt-pswp-item\" href=\"http:\/\/www.radiopiu.net\/wordpress\/wp-content\/uploads\/2018\/11\/download.png\" data-dt-img-description=\"\" data-large_image_width=\"225\" data-large_image_height=\"225\"><img loading=\"lazy\" decoding=\"async\" class=\" wp-image-67211 alignleft\" src=\"http:\/\/www.radiopiu.net\/wordpress\/wp-content\/uploads\/2018\/11\/download.png\" alt=\"\" width=\"133\" height=\"133\" srcset=\"https:\/\/www.radiopiu.net\/wordpress\/wp-content\/uploads\/2018\/11\/download.png 225w, https:\/\/www.radiopiu.net\/wordpress\/wp-content\/uploads\/2018\/11\/download-150x150.png 150w\" sizes=\"auto, (max-width: 133px) 100vw, 133px\" \/><\/a>ROMA<\/strong> \u00abIl governo risolva presto la questione Tim. Ne va anche della celerit\u00e0 del ripristino delle telecomunicazioni nelle zone colpite dal maltempo\u00bb. Il deputato di Forza Italia, Dario Bond, commenta cos\u00ec i malumori sollevati dai dipendenti del gruppo Telecom, sull\u2019attenti rispetto ad un possibile spacchettamento dell\u2019azienda, con un eventuale separazione della rete di telefonia. \u00abLe categorie sindacali e i dipendenti sono preoccupati per le possibili ricadute a livello occupazionale. Una preoccupazione che condivido. Da cittadino, poi, mi spaventa che la questione possa rallentare i cantieri di Tim, sia quelli per il ripristino della rete nelle zone colpite dal maltempo di fine ottobre, sia quelli per l\u2019ampliamento del servizio. Serve una soluzione rapida, che salvaguardi il servizio per cittadini e imprese e che punti al mantenimento dell\u2019integrit\u00e0 del Gruppo. Mi auguro che l\u2019Esecutivo sia attento alla questione, che riguarda il presente e il futuro delle telecomunicazioni nel nostro Paese\u00bb.<\/p>\n<p>&nbsp;<\/p>\n<p>&nbsp;<\/p>\n<h1><\/h1>\n<p>&nbsp;<\/p>\n<h1><span class=\"Apple-style-span\">KARPOS PER IL SOCCORSO ALPINO E SPELEOLOGICO VENETO<\/span><\/h1>\n<div><span class=\"Apple-style-span\"><strong><a class=\"dt-pswp-item\" href=\"http:\/\/www.radiopiu.net\/wordpress\/wp-content\/uploads\/2018\/11\/download-6.jpg\" data-dt-img-description=\"\" data-large_image_width=\"204\" data-large_image_height=\"244\"><img loading=\"lazy\" decoding=\"async\" class=\" wp-image-67216 alignleft\" src=\"http:\/\/www.radiopiu.net\/wordpress\/wp-content\/uploads\/2018\/11\/download-6.jpg\" alt=\"\" width=\"92\" height=\"110\" \/><\/a>FELTRE\u00a0\u00a0<\/strong>Dopo una prima esperienza di collaborazione tra Karpos\u00a0e\u00a0il Soccorso alpino Dolomiti Bellunesi per la realizzazione e fornitura di materiale tecnico destinato ai soccorritori\u00a0 dell&#8217;elisoccorso di Pieve di Cadore, nel corso dell&#8217;assemblea regionale del Soccorso Alpino e Speleologico Veneto che si terr\u00e0 sabato prossimo, 24 novembre, verr\u00e0 siglato un nuovo accordo triennale\u00a0tra l&#8217;azienda bellunese\u00a0e il\u00a0 servizio regionale.\u00a0<\/span><\/div>\n<div><\/div>\n<div><\/div>\n<div><\/div>\n<div><\/div>\n<div id=\"DAB4FAD8-2DD7-40BB-A1B8-4E2AA1F9FDF2\"><\/div>\n<h1><\/h1>\n<h1>INFERMIERI CERCASI<\/h1>\n<p><strong><a class=\"dt-pswp-item\" href=\"http:\/\/www.radiopiu.net\/wordpress\/wp-content\/uploads\/2018\/06\/oss-infermiere-rapporto-funzionale.jpg\" data-dt-img-description=\"\" data-large_image_width=\"1200\" data-large_image_height=\"630\"><img loading=\"lazy\" decoding=\"async\" class=\" wp-image-51574 alignleft\" src=\"http:\/\/www.radiopiu.net\/wordpress\/wp-content\/uploads\/2018\/06\/oss-infermiere-rapporto-funzionale-300x158.jpg\" alt=\"\" width=\"146\" height=\"77\" srcset=\"https:\/\/www.radiopiu.net\/wordpress\/wp-content\/uploads\/2018\/06\/oss-infermiere-rapporto-funzionale-300x158.jpg 300w, https:\/\/www.radiopiu.net\/wordpress\/wp-content\/uploads\/2018\/06\/oss-infermiere-rapporto-funzionale-768x403.jpg 768w, https:\/\/www.radiopiu.net\/wordpress\/wp-content\/uploads\/2018\/06\/oss-infermiere-rapporto-funzionale-1024x538.jpg 1024w, https:\/\/www.radiopiu.net\/wordpress\/wp-content\/uploads\/2018\/06\/oss-infermiere-rapporto-funzionale.jpg 1200w\" sizes=\"auto, (max-width: 146px) 100vw, 146px\" \/><\/a>AGORDO <\/strong>L&#8217;Azienda Speciale Consortile Agordina (Asca) ha indetto una selezione pubblica con obiettivo la formulazione di una graduatoria per l&#8217;assunzione a tempo determinato e indeterminato di infermieri. Modalit\u00e0 di presentazione delle domande: entro e non oltre mercoledi 5 dicembre alle 12. La selezione verr\u00e0 effettuata l&#8217;11 dicembre<\/p>\n<p>&nbsp;<\/p>\n<p>&nbsp;<\/p>\n<p>&nbsp;<\/p>\n<p>&nbsp;<\/p>\n<h1>SICUREZZA E IMMIGRAZIONE, INCONTRO CON LA LEGA NORD<\/h1>\n<p><strong>LONGARONE<\/strong>:\u00a0 Questa sera\u00a0 alle 20.00, a Longarone\u00a0 nella sala Popoli d\u2019Europa, si terr\u00e0 l\u2019incontro pubblico sul tema:\u00a0SICUREZZA E IMMIGRAZIONE.\u00a0\u00a0Presenzieranno in veste di relatori: <em>Senatore Presidente Federale Dipartimento Immigrazione Toni Iwobi; Assessore Regionale al Territorio, Cultura e Sicurezza Cristiano Corazzari.\u00a0<\/em>Presenti all\u2019incontro coordinato da<em> Piera Del Vesco: Assessore Regionale all\u2019Ambiente e Protezione Civile Giampaolo Bottacin, Senatore Paolo Saviane e il Sindaco di Longarone Presidente della Provincia Roberto Padrin<\/em><\/p>\n<p><em>\u00a0<\/em><\/p>\n<p>&nbsp;<\/p>\n<p>&nbsp;<\/p>\n<p>&nbsp;<\/p>\n<h1>PREVENZIONE DELLE VIOLENZE CONTRO LE DONNE, FORMATI I MEDICI<\/h1>\n<p><strong>BELLUNO\u00a0\u00a0<\/strong>L\u2019Ulss Dolomiti, in collaborazione con i Carabinieri del Nucleo Investigativo di Belluno, ha formato, in queste settimane, anche i Medici di Medicina Generale sul tema della prevenzione della violenza contro le donne.<br \/>\nLe donne che hanno subito violenza solitamente si rivolgono ai centri sociali (centri antiviolenza, consultori familiari, ecc\u2026..) mentre nelle Unit\u00e0 operative di pronto Soccorso arrivano donne diverse, non meno sofferenti, ma che non riescono a pronunciare la parola \u201cviolenza\u201d per descrivere quanto \u00e8 accaduto. Spesso nel lavoro svolto nelle varie realt\u00e0 sanitarie ci si imbatte in donne vittime di maltrattamenti, ma frequentemente non si \u00e8 in grado di riconoscerli come tali, d\u2019altro canto la formazione degli operatori sanitari ci ha insegnato a dare risposte terapeutiche ad una persona malata, mentre \u00e8 scarsa l\u2019attitudine al riconoscimento dei segnali inespressi e alla comunicazione non verbale. E\u2019 importante pertanto ascoltare queste donne in modo diverso e si deve porre attenzione anche alle parole non dette. \u00abLo scopo della formazione svolta con i Medici di Medicina Generale \u00e8 stato quello di sensibilizzare tutti gli operatori coinvolti sul riconoscimento del fenomeno \u201cviolenza di genere\u201d, molto elevato nella nostra Provincia\u00bb spiega Giovanni Gouigoux, coordinatore del Dipartimento funzionale di emergenza e urgenza e responsabile scientifico dell\u2019evento, \u00abdopo la formazione dei medici e operatori di Pronto Soccorso, abbiamo ritenuto fondamentale coinvolgere la medicina di famiglia, preziose sentinelle nel territorio per cogliere tempestivamente i segnali di disagio\u00bb.\u00a0 Hanno partecipato come docenti anche Maria Laura Bisogno, dirigente medico dell&#8217;UOC di Accettazione e Pronto Soccorso dell&#8217;Ospedale di Belluno, Erica Leone, medico in convenzione dell&#8217;UO Risk Management, Francesca De Biasi, psicologo in convenzione dell&#8217;UO Psicologia ospedaliera e il Nucleo Investigativo Carabinieri di Belluno. Gli incontri si sono svolti sia Belluno che a Feltre e sono stati molto apprezzati da parte dei medici partecipanti.<\/p>\n<p>&nbsp;<\/p>\n<p>&nbsp;<\/p>\n<p>&nbsp;<\/p>\n<p>&nbsp;<\/p>\n<p>&nbsp;<\/p>\n<h1>VIVAIO DOLOMITI IN EUSALP<\/h1>\n<p><strong><a class=\"dt-pswp-item\" href=\"http:\/\/www.radiopiu.net\/wordpress\/wp-content\/uploads\/2018\/11\/Matteo-Zovi-e-Alessandro-Zanchetta_Vivaio-Dolomiti.jpeg\" data-dt-img-description=\"\" data-large_image_width=\"1200\" data-large_image_height=\"1599\"><img loading=\"lazy\" decoding=\"async\" class=\"size-medium wp-image-67209 alignleft\" src=\"http:\/\/www.radiopiu.net\/wordpress\/wp-content\/uploads\/2018\/11\/Matteo-Zovi-e-Alessandro-Zanchetta_Vivaio-Dolomiti-225x300.jpeg\" alt=\"\" width=\"225\" height=\"300\" srcset=\"https:\/\/www.radiopiu.net\/wordpress\/wp-content\/uploads\/2018\/11\/Matteo-Zovi-e-Alessandro-Zanchetta_Vivaio-Dolomiti-225x300.jpeg 225w, https:\/\/www.radiopiu.net\/wordpress\/wp-content\/uploads\/2018\/11\/Matteo-Zovi-e-Alessandro-Zanchetta_Vivaio-Dolomiti-768x1024.jpeg 768w, https:\/\/www.radiopiu.net\/wordpress\/wp-content\/uploads\/2018\/11\/Matteo-Zovi-e-Alessandro-Zanchetta_Vivaio-Dolomiti.jpeg 1200w\" sizes=\"auto, (max-width: 225px) 100vw, 225px\" \/><\/a>BELLUNO\u00a0\u00a0<\/strong>Due giovani rappresentanti dell&#8217;associazione Vivaio Dolomiti hanno partecipato ad Innsbruk all&#8217;incontro della macroregione alpina dedicato alla mobilit\u00e0. Alessandro Zanchetta e Matteo Zovi, due ventenni bellunesi, hanno partecipato ai convegni e si sono confrontati sui temi con gli altri partecipanti al meeting. Eusalp \u00e8 la pi\u00f9 grande macroregione europea: parte dalla Francia e arriva alla Slovenia comprendendo anche la Svizzera e il Liechtenstein. Sette i paese coinvolti, 48 le regioni, per un totale di oltre 75 6milioni di abitanti e un PIL considerevole.<\/p>\n<blockquote><p><em>&#8220;\u00c8 motivo di orgoglio per Vivaio Dolomiti, associazione bellunese nata con l\u2019obiettivo di stimolare dibattiti sul futuro del nostro territorio e di valorizzare le eccellenze che abbiamo, aver partecipato con i nostri giovani alla discussione sulla mobilit\u00e0 alpina. Siamo convinti che con l&#8217;impegno di tutti si possa trasformare la provincia di Belluno da luogo isolato a perno strategico nel contesto europeo. Anche se feriti dagli ultimi eventi vogliamo risorgere, da protagonisti. Le Dolomiti siamo noi&#8221;.<\/em><\/p><\/blockquote>\n<p>&nbsp;<\/p>\n<p>&nbsp;<\/p>\n<p>&nbsp;<\/p>\n<p>&nbsp;<\/p>\n<blockquote><p>&nbsp;<\/p><\/blockquote>\n<h1>L&#8217;ARTE AL SANTUARIO DEI SANTI VITTORE E CORONA<\/h1>\n<p><strong><a class=\"dt-pswp-item\" href=\"http:\/\/www.radiopiu.net\/wordpress\/wp-content\/uploads\/2018\/11\/WhatsApp-Image-2018-11-22-at-08.39.01.jpeg\" data-dt-img-description=\"\" data-large_image_width=\"724\" data-large_image_height=\"1024\"><img loading=\"lazy\" decoding=\"async\" class=\"size-medium wp-image-67229 alignleft\" src=\"http:\/\/www.radiopiu.net\/wordpress\/wp-content\/uploads\/2018\/11\/WhatsApp-Image-2018-11-22-at-08.39.01-212x300.jpeg\" alt=\"\" width=\"212\" height=\"300\" srcset=\"https:\/\/www.radiopiu.net\/wordpress\/wp-content\/uploads\/2018\/11\/WhatsApp-Image-2018-11-22-at-08.39.01-212x300.jpeg 212w, https:\/\/www.radiopiu.net\/wordpress\/wp-content\/uploads\/2018\/11\/WhatsApp-Image-2018-11-22-at-08.39.01.jpeg 724w\" sizes=\"auto, (max-width: 212px) 100vw, 212px\" \/><\/a><\/strong><\/p>\n<p>&nbsp;<\/p>\n<p>&nbsp;<\/p>\n<p>&nbsp;<\/p>\n<p>&nbsp;<\/p>\n<p><strong>FELTRE<\/strong> L&#8217;Associazione Culturale per l&#8217;Affresco APS festeggia i 20 anni di attivit\u00e0 artistica di Laura Ballis e Giovanni Sogne. Domenica alle 10.30 nella Basilica del Santuario Vittore e Corona ad Anz\u00f9 di Feltre saranno inaugurate e scoperte quattro opere che l&#8217;associazione doner\u00e0 al Santuario.\u00a0 Alle 12.30 pranzo nel &#8220;refettorio&#8221;, prenotazione obbligatoria al 329 6205959<\/p>\n<p>&nbsp;<\/p>\n<p><strong>AI MICROFONI DI RADIO PIU&#8217;, LAURA BALLIS<\/strong><\/p>\n<p>&nbsp;<\/p>\n<audio class=\"wp-audio-shortcode\" id=\"audio-67183-9\" preload=\"none\" style=\"width: 100%;\" controls=\"controls\"><source type=\"audio\/mpeg\" src=\"http:\/\/www.radiopiu.net\/wordpress\/wp-content\/uploads\/2018\/11\/LAURA.mp3?_=9\" \/><a href=\"http:\/\/www.radiopiu.net\/wordpress\/wp-content\/uploads\/2018\/11\/LAURA.mp3\">http:\/\/www.radiopiu.net\/wordpress\/wp-content\/uploads\/2018\/11\/LAURA.mp3<\/a><\/audio>\n<p>&nbsp;<\/p>\n<p>&nbsp;<\/p>\n<p>&nbsp;<\/p>\n<p>&nbsp;<\/p>\n<p>&nbsp;<\/p>\n<p>&nbsp;<\/p>\n<p>&nbsp;<\/p>\n<p>&nbsp;<\/p>\n<p>&nbsp;<\/p>\n<h1 class=\"entry-title\">\u201cRIPUCICLIAMO\u201d. ALLA SCUOLA ELEMENTARE BOSCARIZ DI FARRA<\/h1>\n<p><a class=\"dt-pswp-item\" href=\"http:\/\/www.radiopiu.net\/wordpress\/wp-content\/uploads\/2018\/11\/IC-FELTRE-Ripucicli-a-Boscariz.jpg\" data-dt-img-description=\"\" data-large_image_width=\"1600\" data-large_image_height=\"1200\"><img loading=\"lazy\" decoding=\"async\" class=\"alignnone wp-image-67181 size-large\" src=\"http:\/\/www.radiopiu.net\/wordpress\/wp-content\/uploads\/2018\/11\/IC-FELTRE-Ripucicli-a-Boscariz-1024x768.jpg\" alt=\"\" width=\"1024\" height=\"768\" srcset=\"https:\/\/www.radiopiu.net\/wordpress\/wp-content\/uploads\/2018\/11\/IC-FELTRE-Ripucicli-a-Boscariz-1024x768.jpg 1024w, https:\/\/www.radiopiu.net\/wordpress\/wp-content\/uploads\/2018\/11\/IC-FELTRE-Ripucicli-a-Boscariz-300x225.jpg 300w, https:\/\/www.radiopiu.net\/wordpress\/wp-content\/uploads\/2018\/11\/IC-FELTRE-Ripucicli-a-Boscariz-768x576.jpg 768w, https:\/\/www.radiopiu.net\/wordpress\/wp-content\/uploads\/2018\/11\/IC-FELTRE-Ripucicli-a-Boscariz.jpg 1600w\" sizes=\"auto, (max-width: 1024px) 100vw, 1024px\" \/><\/a><\/p>\n<p><strong>FELTRE<\/strong> Guanti e palette, per raccogliere e differenziare. I bambini di prima elementare della scuola Boscariz di Farra dell\u2019IC di Feltre hanno ripulito il cortile della scuola che portava ancora i segni del maltempo delle scorse settimane. \u201cE\u2019 stata una loro iniziativa \u2013 spiega la maestra Patrizia Tonet \u2013 e noi ne abbiamo fatto allora una modalit\u00e0 didattica. Perch\u00e9 oltre al fatto di solidariet\u00e0 in s\u00e9, i bambini dovevano anche identificare i raccoglitori in cui gettare il materiale raccolto. Un tentativo di lettura che, per i ragazzi di prima elementare, \u00e8 certamente importante: un modo concreto per far capire loro il valore dello studio\u201d.<\/p>\n<p>&nbsp;<\/p>\n<p>&nbsp;<\/p>\n<p>&nbsp;<\/p>\n<p>&nbsp;<\/p>\n<h1>SCUOLA APERTA AL COMPRENSIVO<\/h1>\n<p><strong>FELTRE\u00a0\u00a0<\/strong>Si chiama Scuola Aperta ed \u00e8 l\u2019iniziativa rivolta a genitori e alunni in vista delle iscrizioni per l\u2019anno scolastico 2019-2020. Un fitto programma di incontri, dal primo dicembre, nelle varie sedi dell\u2019istituto, dall\u2019Infanzia, alla Primaria alla Secondaria di primo grado, per far conoscere l\u2019offerta formativa del Comprensivo di Feltre a chi fosse interessato a scegliere l\u2019IC FELTRE come scuola di frequenza per l\u2019anno prossimo. Questi gli appuntamenti:<br \/>\n<strong>Infanzia<\/strong>, orario unico alle 17.30, nei giorni: 10 dicembre, Vellai; 11 dicembre, Pasquer; 13 dicembre, Anz\u00f9; 14 dicembre Mugnai; 17 dicembre Vignui; 18 dicembre, Tomo. Durante la presentazione i bambini potranno partecipare a laboratori con gli insegnanti.<strong>Primaria:<\/strong> 1 dicembre ore 9-12 Farra; 4 dicembre ore 8-12.40 Vittorino; 7 dicembre ore 9-12 Mugnai; 15 dicembre ore 9-12 Foen. Riunioni informative (nelle quali gli insegnanti illustreranno le modalit\u00e0 di funzionamento della scuola e i progetti didattici) previste nei giorni: 11 dicembre ore 17 a Mugnai; 17 dicembre ore 18 alla Vittorino; 18 dicembre ore 18 a Foen; 19 dicembre ore 17 a Farra.\u00a0<strong>Secondaria di Primo Grado<\/strong>: 4 e 19 dicembre dalle 16 alle 18. La riunione informativa (durante la quale sar\u00e0 illustrata la modalit\u00e0 di funzionamento della scuola e i progetti didattici) \u00e8 prevista per il giorno 1 dicembre alle ore 9 sempre alla scuola media Rocca, in viale A. Fusinato. La segreteria scolastica ricorda che le iscrizioni all\u2019anno scolastico 2019-2020 saranno possibili dalle ore 8 del 7 gennaio 2019 alle ore 20 del 31 gennaio, attraverso il sistema \u201cIscrizioni on line\u201d registrandosi al sito www.iscrizioni.istruzione.it.\u00a0Si iscrivono alla classe prima della scuola Primaria i bambini che compiono sei anni entro il 31 dicembre 2019. Si possono iscrivere inoltre i bambini che compiono sei anni entro il 30 aprile 2020 in base alle indicazioni e agli orientamenti forniti ai genitori da parte dei docenti dell\u2019Infanzia. La domanda di iscrizione, rientrando nella responsabilit\u00e0 genitoriale, deve essere sempre condivisa dai genitori. L\u2019ufficio alunni offre un servizio di supporto alle famiglie prive di strumentazione informatica.<\/p>\n<p>&nbsp;<\/p>\n<p>&nbsp;<\/p>\n<p>&nbsp;<\/p>\n<p>&nbsp;<\/p>\n<blockquote>\n<h1>GIORNATA CONTRO LA VIOLENZA DI GENERE<\/h1>\n<p>Il Soroptimist Club di Belluno Feltre da parecchi anni lavora per contrastare la violenza contro le donne ed ha realizzato progetti importanti nel territorio : \u201cAula di ascolto\u201d protetto per i diritti presso il Tribunale\u00a0 \u201cCodice Rosa\u201d all\u2019Ospedale San Martino \u201cUna stanza tutta per se\u2019\u201d presso la Caserma dei Carabinieri Quest\u2019anno il Soroptimist Club di Belluno \u2013 Feltre celebra la giornata mondiale contro la violenza sulle donne aderendo alla campagna nazionale \u201c Orange the World \u201cilluminando Palazzo dei Rettori il 25 e il 26 novembre di arancione. Domenica sera invitiamo la cittadinanza in Piazza Duomo alle 18.00 per dire tutti insieme \u201c Noi ci siamo\u201d.<\/p><\/blockquote>\n<p>&nbsp;<\/p>\n<p>&nbsp;<\/p>\n<p>&nbsp;<\/p>\n<p>&nbsp;<\/p>\n<p style=\"text-align: left;\" align=\"CENTER\"><span style=\"color: #000000;\"><span style=\"font-family: Candara, sans-serif;\"><span style=\"font-size: large;\"><b>UN BANDO PER LANCIARE UNO \u201cSGUARDO SUL VOLONTARIATO\u201d<\/b><\/span><\/span><span style=\"font-family: Candara, sans-serif;\"><span style=\"font-size: large;\"><b>NEL RICORDO DI ANNA BARLOCHER<\/b><\/span><\/span><\/span><\/p>\n<p style=\"text-align: left;\" align=\"CENTER\"><span style=\"color: #000000;\"><span style=\"font-family: Candara, sans-serif;\"><span style=\"font-size: medium;\"><b>In palio una borsa di studio da 3 mila euro per una tesi magistrale<\/b><\/span><\/span><span style=\"font-family: Candara, sans-serif;\"><span style=\"font-size: medium;\"><b>Scadenza del bando il 30 novembre<\/b><\/span><\/span><\/span><\/p>\n<p><strong>BELLUNO<\/strong> \u201c<span style=\"font-family: Corbel, sans-serif;\">Uno sguardo sul volontariato<\/span><span style=\"font-family: Corbel, sans-serif;\">\u201d \u00e8 il titolo della borsa di studio bandita dal Csv di Belluno per un<\/span><span style=\"font-family: Corbel, sans-serif;\"> valore di 3 mila euro per premiare<\/span> <span style=\"font-family: Corbel, sans-serif;\">una tesi di laurea magistrale incentrata sull\u2019evoluzione delle dinamiche del volontariato in provincia di Belluno dal 1977<\/span><span style=\"font-family: Corbel, sans-serif;\">, anno<\/span><span style=\"font-family: Corbel, sans-serif;\"> dalla costituzione del Comitato d&#8217;Intesa di Belluno che \u00e8 anche il primo coordinamento delle associazioni provinciali, ada oggi. La borsa \u00e8 intitolata alla memoria di <\/span><span style=\"color: #0000ff;\"><u><a href=\"http:\/\/www.csvbelluno.it\/2843-anna-ci-ha-lasciati,-troppo-presto.html\"><span style=\"font-family: Corbel, sans-serif;\">Anna B\u00e4rlocher<\/span><\/a><\/u><\/span><span style=\"font-family: Corbel, sans-serif;\">, responsabile del suo <\/span><span style=\"color: #0000ff;\"><u><a href=\"http:\/\/www.csvbelluno.it\/servizi\/ricerca-e-documentazione.html\"><span style=\"font-family: Corbel, sans-serif;\">Centro documentazione<\/span><\/a><\/u><\/span><span style=\"font-family: Corbel, sans-serif;\"> fino alla fine del 2016, anno della sua scomparsa prematura.\u00a0<\/span><span style=\"font-family: Corbel, sans-serif;\">Il Csv mette a disposizione gli spazi studio allestiti dal Centro documentazione, oltre che un orientamento archivistico e bibliografico specifico, assieme al supporto nella ricerca e nella stesura dell\u2019elaborato. Il prodotto finale sar\u00e0 poi valorizzato con una presentazione divulgativa aperta alla cittadinanza. Il Csv si riserva anche il diritto di pubblicarlo integralmente. Per concorrere \u00e8 necessario inviare <\/span><span style=\"font-family: Corbel, sans-serif;\">entro il 30 novembre<\/span><span style=\"font-family: Corbel, sans-serif;\"> la domanda di partecipazione, un resoconto dell&#8217;idea progettuale, una breve descrizione del piano di laurea con documentazione comprovante gli esami sostenuti assieme a un curriculum vitae aggiornato, il tutto a <\/span><span style=\"color: #0000ff;\"><u><a href=\"mailto:cendoc@csvbelluno.it\"><span style=\"font-family: Corbel, sans-serif;\">cendoc@csvbelluno.it<\/span><\/a><\/u><\/span><span style=\"font-family: Corbel, sans-serif;\"> (oggetto: \u201cBorsa di studio Anna B\u00e4rlocher per tesi di laurea\u201d).<\/span><\/p>\n<blockquote>\n<p align=\"JUSTIFY\"><em><span style=\"font-family: Corbel, sans-serif;\">Per maggiori informazioni visitare il sito alla sezione \u201cBandi CSV\u201d o contattare il Cendoc via mail o chiamando lo 0437 950374 (Nicola De Toffol).<\/span><\/em><\/p>\n<\/blockquote>\n<p>&nbsp;<\/p>\n<p>&nbsp;<\/p>\n<p>&nbsp;<\/p>\n<blockquote>\n<h1 align=\"CENTER\"><span style=\"color: #000000;\"><span style=\"font-family: Candara, sans-serif;\"><span style=\"font-size: large;\"><b>CURE PALLIATIVE, LIMITI E PROSPETTIVE DELLA LEGGE 38, IL CONVEGNO<\/b><\/span><\/span><\/span><\/h1>\n<\/blockquote>\n<p align=\"JUSTIFY\"><span style=\"font-family: Corbel, sans-serif;\"><b>FELTRE <\/b>Sabato 24 novembre dalle 9 alle 12 si tiene il Forum di Mano Amica onlus Feltre \u201cCosa manca alla legge 38\u201d <\/span><span style=\"font-family: Corbel, sans-serif;\">che regola l&#8217;ambito delle cure palliative, ospitato nella nuova sala convegni dell&#8217;ospedale di Feltre. Aprono gli interventi Piero Morino (direttore unit\u00e0 funzionale complessa coordinamento cure palliative USL Toscana Centro) su \u201cLa complessit\u00e0 assistenziale\u201d, Roberta Perin e Katia Pagotto (progetto di ricerca unit\u00e0 cure palliative di Feltre) su \u201cFeltre indaga la complessit\u00e0\u201d.\u00a0<\/span><span style=\"font-family: Corbel, sans-serif;\">Dopo la consegna del <\/span><span style=\"font-family: Corbel, sans-serif;\">premio Mano Amica<\/span><span style=\"font-family: Corbel, sans-serif;\"> a 4 tesi di laurea in scienze infermieristiche su argomenti afferenti le cure palliative, il convegno prosegue con gli interventi sul tema de \u201cL&#8217;importanza delle figure professionalI\u201d, a cura di Paolo Bortolotti (operatore socio-sanitario all&#8217;hospice Seragnoli di Bologna), Luigi Treccani (fisioterapista dell&#8217;hospice Domus Salutis di Brescia) e Tiziana Mondin (assistente sociale e referente per il Triveneto della Rete nazionale Assistenti sociali Cure palliative di Verona).\u00a0<\/span><span style=\"font-family: Corbel, sans-serif;\">A seguire la parte pi\u00f9 istituzionale con \u201cLa voce della Regione Veneto\u201d per bocca di Maria Cristina Ghiotto (area sanit\u00e0 e sociale, direttore unit\u00e0 organizzativa cure primarie e strutture socio-sanitarie territoriali). Conclude \u201cLa voce della ULSS 1 Dolomiti\u201d rappresentata dal direttore generale Adriano Rasi Caldogno. Conduce Giovanni Paolo Poles (direttore Uocp ULSS 3 Serenissima di Venezia). L&#8217;ingresso \u00e8 libero e gratuito.<\/span><\/p>\n<p>&nbsp;<\/p>\n<p>&nbsp;<\/p>\n<p>&nbsp;<\/p>\n<p>&nbsp;<\/p>\n<p>&nbsp;<\/p>\n<h1>DA SOSPIROLO (BL) AL NEPAL IN BICICLETTA<\/h1>\n<p><strong>VICENZA\u00a0<\/strong>Impresa doveva essere e impresa \u00e8 stata. Fausto De Poi, trentanovenne imbianchino di Sospirolo \u00e8 partito lo scorso 15 luglio in bicicletta dal suo paese per raggiungere il Nepal. Oltre 10.000 Km, attraversando 13 Stati diversi (Italia, Slovenia, Croazia, Serbia, Bulgaria, Turchia, Georgia, Russia, Kazakistan, Kirghizistan, Cina, Tibet e Nepal) insieme alla sua &#8220;Verdolina&#8221;, il nome dato per questa avventura alla sua bicicletta, equipaggiata con il modello Mantra Supercomfort di Selle San Marco. Un&#8217;impresa nata dalla volont\u00e0 di portare il proprio contributo in un luogo colpito profondamente dal terremoto del 2011.<\/p>\n<p>Qui \u00e8 possibile leggere la storia e l&#8217;intero viaggio di Fausto De Poi, arrivato finalmente in Nepal pochi giorni fa:<\/p>\n<p><a href=\"https:\/\/sellesanmarco.it\/stories\/fausto-de-poi\/\">CLICCA QUI<\/a><\/p>\n<p>&nbsp;<\/p>\n<p>&nbsp;<\/p>\n<p>&nbsp;<\/p>\n<h1>ELSA FORNERO PRESENTA IL SUO LIBRO<\/h1>\n<p><strong>SANTA GIUSTINA\u00a0<\/strong>\u00a0La rassegna culturale Illustrissimi, ideata 23 anni fa dal giornalista bellunese Michelangelo De Don\u00e0, ripartir\u00e0 ospitando la professoressa Elsa Fornero. Che per tutti, o quasi, \u00e8 una riforma pensionistica. Questa sera alle 20.30 al Centro Luciani di Santa Giustina Elsa Fornero, Univerisit\u00e0 degli studi di Torino, Ministro del lavoro e delle politiche sociali nel Governo Monti, presenta il suo libro &#8220;Elsa Fornero, chi ha paura della riforme.<\/p>\n<p>&nbsp;<\/p>\n<p>&nbsp;<\/p>\n<p>&nbsp;<\/p>\n<p>&nbsp;<\/p>\n<p>&nbsp;<\/p>\n<p><a class=\"dt-pswp-item\" href=\"http:\/\/www.radiopiu.net\/wordpress\/wp-content\/uploads\/2018\/09\/sport.jpg\" data-dt-img-description=\"\" data-large_image_width=\"800\" data-large_image_height=\"100\"><img loading=\"lazy\" decoding=\"async\" class=\"alignnone wp-image-60761 size-full\" src=\"http:\/\/www.radiopiu.net\/wordpress\/wp-content\/uploads\/2018\/09\/sport.jpg\" alt=\"\" width=\"800\" height=\"100\" srcset=\"https:\/\/www.radiopiu.net\/wordpress\/wp-content\/uploads\/2018\/09\/sport.jpg 800w, https:\/\/www.radiopiu.net\/wordpress\/wp-content\/uploads\/2018\/09\/sport-300x38.jpg 300w, https:\/\/www.radiopiu.net\/wordpress\/wp-content\/uploads\/2018\/09\/sport-768x96.jpg 768w\" sizes=\"auto, (max-width: 800px) 100vw, 800px\" \/><\/a><\/p>\n<div><\/div>\n<div><\/div>\n<div><\/div>\n<div><span style=\"font-family: verdana, sans-serif;\"><b><span style=\"font-size: large;\">\u00a0La 12. edizione della Transpelmo si disputer\u00e0 domenica 1 settembre 2019<\/span><\/b><br \/>\n<\/span><\/div>\n<div><\/div>\n<div><span style=\"font-family: verdana, sans-serif;\"><strong><a class=\"dt-pswp-item\" href=\"http:\/\/www.radiopiu.net\/wordpress\/wp-content\/uploads\/2018\/11\/Transpelmo-2016-1.jpg\" data-dt-img-description=\"\" data-large_image_width=\"1900\" data-large_image_height=\"1267\"><img loading=\"lazy\" decoding=\"async\" class=\"size-medium wp-image-67189 alignleft\" src=\"http:\/\/www.radiopiu.net\/wordpress\/wp-content\/uploads\/2018\/11\/Transpelmo-2016-1-300x200.jpg\" alt=\"\" width=\"300\" height=\"200\" srcset=\"https:\/\/www.radiopiu.net\/wordpress\/wp-content\/uploads\/2018\/11\/Transpelmo-2016-1-300x200.jpg 300w, https:\/\/www.radiopiu.net\/wordpress\/wp-content\/uploads\/2018\/11\/Transpelmo-2016-1-768x512.jpg 768w, https:\/\/www.radiopiu.net\/wordpress\/wp-content\/uploads\/2018\/11\/Transpelmo-2016-1-1024x683.jpg 1024w, https:\/\/www.radiopiu.net\/wordpress\/wp-content\/uploads\/2018\/11\/Transpelmo-2016-1.jpg 1900w\" sizes=\"auto, (max-width: 300px) 100vw, 300px\" \/><\/a>VAL DI ZOLDO<\/strong>Dopo l&#8217;edizione &#8220;bagnata&#8221; del 2018, nella quale si \u00e8 dovuto adottare il percorso di riserva a causa delle condizioni climatiche proibitive (eliminato il passaggio ai 2.476 metri di Forcella Val d&#8217;Arcia), il comitato organizzatore della Traspelmo si \u00e8\u00a0 rimesso al lavoro per allestire l&#8217;edizione 2019.\u00a0 \u00a0<\/span><span style=\"font-family: verdana, sans-serif;\">A Palafavera (Val di Zoldo, Belluno), luogo di partenza e arrivo della gara attorno a une delle vette di maggior suggestione delle <b>Dolomiti<\/b>, il monte Pelmo, si garegger\u00e0, come consuetudine, il primo fine settimana di settembre. Rispetto a quest&#8217;anno, che ha visto per la prima volta la gara disputarsi di sabato, nel 2019 si ritorner\u00e0 per\u00f2 alla tradizione: l&#8217;appuntamento \u00e8 dunque fissato per <b>domenica 1 settembre<\/b>.\u00a0\u00a0<\/span><span style=\"font-family: verdana, sans-serif;\">\u00abCi siamo rimessi all&#8217;opera per la programmazione della dodicesima edizione, un&#8217;edizione che auspichiamo possa tornare a proporre i tradizionali 18 chilometri, con 1300 metri di dislivello, salendo a Val d&#8217;Arcia\u00bb spiegano gli organizzatori Andrea Cero ed Eris Costa. \u00abManterremo l&#8217;impianto tradizionale, cos\u00ec come proporremo ancora la gara dei piccoli, ma potrebbe esserci qualche gustosa novit\u00e0\u00bb.<\/span><\/div>\n<blockquote>\n<div><\/div>\n<\/blockquote>\n<div><\/div>\n<blockquote>\n<div><\/div>\n<\/blockquote>\n<div><\/div>\n<div><\/div>\n<blockquote>\n<div><\/div>\n<\/blockquote>\n<div style=\"text-align: center;\"><\/div>\n<blockquote>\n<div><\/div>\n<\/blockquote>\n<div><a class=\"dt-pswp-item\" href=\"http:\/\/www.radiopiu.net\/wordpress\/wp-content\/uploads\/2018\/09\/WhatsApp-Image-2018-09-20-at-16.04.06.jpeg\" data-dt-img-description=\"\" data-large_image_width=\"800\" data-large_image_height=\"100\"><img loading=\"lazy\" decoding=\"async\" class=\"alignnone wp-image-61378 size-full\" src=\"http:\/\/www.radiopiu.net\/wordpress\/wp-content\/uploads\/2018\/09\/WhatsApp-Image-2018-09-20-at-16.04.06.jpeg\" alt=\"\" width=\"800\" height=\"100\" srcset=\"https:\/\/www.radiopiu.net\/wordpress\/wp-content\/uploads\/2018\/09\/WhatsApp-Image-2018-09-20-at-16.04.06.jpeg 800w, https:\/\/www.radiopiu.net\/wordpress\/wp-content\/uploads\/2018\/09\/WhatsApp-Image-2018-09-20-at-16.04.06-300x38.jpeg 300w, https:\/\/www.radiopiu.net\/wordpress\/wp-content\/uploads\/2018\/09\/WhatsApp-Image-2018-09-20-at-16.04.06-768x96.jpeg 768w\" sizes=\"auto, (max-width: 800px) 100vw, 800px\" \/><\/a><\/div>\n<h1>DA OGGI A LUNEDI<\/h1>\n<div><center><b>Venerdi 23<\/b><\/center><b>Tempo atteso: <\/b>Residui tratti di sereno all&#8217;alba, maggiormente presenti sulle Dolomiti settentrionali, mentre le nubi alte e medio-alte stratiformi saranno sempre pi\u00f9 estese a partire dalle Prealpi. Al pomeriggio ulteriore intensificazione della nuvolosit\u00e0 con primi deboli fenomeni in estensione dalle Prealpi verso le Dolomiti. Clima diurno un po&#8217; pi\u00f9 fresco per deficit di sole.<br \/>\n<b>Precipitazioni: <\/b>Al mattino assenti (0%), nel corso del pomeriggio prime deboli precipitazioni sulle Prealpi, in estensione alle Dolomiti in serata (60\/80%). Il limite delle nevicate sar\u00e0 attorno ai 1100\/1300 m. Entro la mezzanotte, previsti 5\/10 mm sulle Prealpi e 2\/4 mm sulle Dolomiti, con altrettanti cm di neve oltre i 1500 m.<br \/>\n<b>Temperature: <\/b>Minime in calo in quota e senza notevoli variazioni nelle valli; massime in leggera diminuzione con debole escursione termica diurna. Sono previste punte di 5\/6\u00b0C nei fondovalle prealpini e 2\/3\u00b0C a 1000\/1200 m. Su Prealpi a 1500 m min -1\u00b0C max 1\u00b0C, a 2000 m min -3\u00b0C max -1\u00b0C. Su Dolomiti a 2000 m min -3\u00b0C max -2\u00b0C, a 3000 m min -7\u00b0C max -6\u00b0C.<br \/>\n<b>Venti: <\/b>Nelle valli deboli di direzione variabile, con rinforzi notturno per brezze in alcune valli prealpine; in quota perlopi\u00f9 moderati da Sud-Ovest, tendenti a divenire tesi nel tardo pomeriggio\/sera oltre i 2500\/2700 m, a 5-20 km\/h a 2000 m, a 20-45 km\/h a 3000 m.<\/div>\n<hr \/>\n<p><center><b>Sabato 24<\/b><\/center><b>Tempo atteso: <\/b>Tempo perturbato con fenomeni diffusi tra la notte ed il mattino, poi tendenza alla variabilit\u00e0, ma il cielo rimarr\u00e0 assai nuvoloso con prime schiarite solo a fine giornata. Clima meno fresco, ma uggioso.<br \/>\n<b>Precipitazioni: <\/b>Probabilit\u00e0 alta (90\/100%) di precipitazioni di moderata intensit\u00e0 sulle Prealpi e Dolomiti meridionali, deboli sui settori centro-settentrionali. Al pomeriggio esaurimento dei fenomeni. Il limite delle nevicate sar\u00e0 sui 1100\/1300 m nella notte, localmente pi\u00f9 basso nelle valli dolomitiche pi\u00f9 basse (900\/1000 m medio Agordino e Val Zoldana nonch\u00e9 alcuni settori del Cadore). In rialzo fino sui 1600\/1800 m a fine dell&#8217;episodio. Sono previsti 25\/50 mm sulle Prealpi, 15\/20 mm sulle Dolomiti meridionali e attorno ai 10 mm su quelle settentrionali, con altrettanti cm di neve oltre i 1800\/2000 m. Sotto tali quote i cumuli di neve fresca saranno assai irregolari in relazione alle variazioni degli apporti tra neve e pioggia.<br \/>\n<b>Temperature: <\/b>In generale lieve aumento con debole escursione termica diurna con punte di 6\/7\u00b0C nei fondovalle prealpini e 3\/4\u00b0C a 1000\/1200 m. Su Prealpi a 1500 m min 0\u00b0C max 2\u00b0C, a 2000 m min -2\u00b0C max 0\u00b0C. Su Dolomiti a 2000 m min -2\u00b0C max 0\u00b0C, a 3000 m min -6\u00b0C max -5\u00b0C.<br \/>\n<b>Venti: <\/b>Nelle valli deboli di direzione variabile; in quota tesi\/forti da Sud-Ovest nella notte e al primo mattino oltre i 2500\/2700 m, attenuazione al pomeriggio; perlopi\u00f9 moderati alle quote medie, a 10-25 km\/h a 2000 m, a 25-55 km\/h a 3000 m.<\/p>\n<hr \/>\n<p><center><b>Domenica 25<\/b><\/center>Parziale miglioramento sulle Dolomiti ed in quota con annuvolamenti stratiformi irregolari e tratti soleggiati. Sulle Prealpi e in molte valli dolomitiche nubi basse, in alcuni casi anche insistenti con clima uggioso. Temperature in lieve calo. Venti deboli da Ovest Sud-Ovest in quota, deboli di direzione variabile nelle valli.<\/p>\n<hr \/>\n<p><center><b>Lunedi 26<\/b><\/center>Tratti soleggiati e nubi medie stratiformi al mattino, poi il cielo si coprir\u00e0 con deboli precipitazioni in estensione da Est verso Ovest al pomeriggio, nevose oltre i 1000\/1200 m. Le Prealpi occidentali potrebbero rimanere ai margini del peggioramento. Temperature in lieve diminuzione. Venti moderati dai quadranti orientali in quota Previsore: R.L.Th.<\/p>\n<p><center><b>Venerdi 23<\/b><\/center><b>Tempo atteso: <\/b>Residui tratti di sereno all&#8217;alba, maggiormente presenti sulle Dolomiti settentrionali, mentre le nubi alte e medio-alte stratiformi saranno sempre pi\u00f9 estese a partire dalle Prealpi. Al pomeriggio ulteriore intensificazione della nuvolosit\u00e0 con primi deboli fenomeni in estensione dalle Prealpi verso le Dolomiti. Clima diurno un po&#8217; pi\u00f9 fresco per deficit di sole.<br \/>\n<b>Precipitazioni: <\/b>Al mattino assenti (0%), nel corso del pomeriggio prime deboli precipitazioni sulle Prealpi, in estensione alle Dolomiti in serata (60\/80%). Il limite delle nevicate sar\u00e0 attorno ai 1100\/1300 m. Entro la mezzanotte, previsti 5\/10 mm sulle Prealpi e 2\/4 mm sulle Dolomiti, con altrettanti cm di neve oltre i 1500 m.<br \/>\n<b>Temperature: <\/b>Minime in calo in quota e senza notevoli variazioni nelle valli; massime in leggera diminuzione con debole escursione termica diurna. Sono previste punte di 5\/6\u00b0C nei fondovalle prealpini e 2\/3\u00b0C a 1000\/1200 m. Su Prealpi a 1500 m min -1\u00b0C max 1\u00b0C, a 2000 m min -3\u00b0C max -1\u00b0C. Su Dolomiti a 2000 m min -3\u00b0C max -2\u00b0C, a 3000 m min -7\u00b0C max -6\u00b0C.<br \/>\n<b>Venti: <\/b>Nelle valli deboli di direzione variabile, con rinforzi notturno per brezze in alcune valli prealpine; in quota perlopi\u00f9 moderati da Sud-Ovest, tendenti a divenire tesi nel tardo pomeriggio\/sera oltre i 2500\/2700 m, a 5-20 km\/h a 2000 m, a 20-45 km\/h a 3000 m.<\/p>\n<hr \/>\n<p><center><b>Sabato 24<\/b><\/center><b>Tempo atteso: <\/b>Tempo perturbato con fenomeni diffusi tra la notte ed il mattino, poi tendenza alla variabilit\u00e0, ma il cielo rimarr\u00e0 assai nuvoloso con prime schiarite solo a fine giornata. Clima meno fresco, ma uggioso.<br \/>\n<b>Precipitazioni: <\/b>Probabilit\u00e0 alta (90\/100%) di precipitazioni di moderata intensit\u00e0 sulle Prealpi e Dolomiti meridionali, deboli sui settori centro-settentrionali. Al pomeriggio esaurimento dei fenomeni. Il limite delle nevicate sar\u00e0 sui 1100\/1300 m nella notte, localmente pi\u00f9 basso nelle valli dolomitiche pi\u00f9 basse (900\/1000 m medio Agordino e Val Zoldana nonch\u00e9 alcuni settori del Cadore). In rialzo fino sui 1600\/1800 m a fine dell&#8217;episodio. Sono previsti 25\/50 mm sulle Prealpi, 15\/20 mm sulle Dolomiti meridionali e attorno ai 10 mm su quelle settentrionali, con altrettanti cm di neve oltre i 1800\/2000 m. Sotto tali quote i cumuli di neve fresca saranno assai irregolari in relazione alle variazioni degli apporti tra neve e pioggia.<br \/>\n<b>Temperature: <\/b>In generale lieve aumento con debole escursione termica diurna con punte di 6\/7\u00b0C nei fondovalle prealpini e 3\/4\u00b0C a 1000\/1200 m. Su Prealpi a 1500 m min 0\u00b0C max 2\u00b0C, a 2000 m min -2\u00b0C max 0\u00b0C. Su Dolomiti a 2000 m min -2\u00b0C max 0\u00b0C, a 3000 m min -6\u00b0C max -5\u00b0C.<br \/>\n<b>Venti: <\/b>Nelle valli deboli di direzione variabile; in quota tesi\/forti da Sud-Ovest nella notte e al primo mattino oltre i 2500\/2700 m, attenuazione al pomeriggio; perlopi\u00f9 moderati alle quote medie, a 10-25 km\/h a 2000 m, a 25-55 km\/h a 3000 m.<\/p>\n<hr \/>\n<p><center><b>Domenica 25<\/b><\/center>Parziale miglioramento sulle Dolomiti ed in quota con annuvolamenti stratiformi irregolari e tratti soleggiati. Sulle Prealpi e in molte valli dolomitiche nubi basse, in alcuni casi anche insistenti con clima uggioso. Temperature in lieve calo. Venti deboli da Ovest Sud-Ovest in quota, deboli di direzione variabile nelle valli.<\/p>\n<hr \/>\n<p><center><b>Lunedi 26<\/b><\/center>Tratti soleggiati e nubi medie stratiformi al mattino, poi il cielo si coprir\u00e0 con deboli precipitazioni in estensione da Est verso Ovest al pomeriggio, nevose oltre i 1000\/1200 m. Le Prealpi occidentali potrebbero rimanere ai margini del peggioramento. Temperature in lieve diminuzione. Venti moderati dai quadranti orientali in quota Previsore: R.L.Th.<\/p>\n<div><\/div>\n","protected":false},"excerpt":{"rendered":"<p>INCIDENTE MORTALE IN GALLERIA COMELICO Un furgone e due auto, un&#8217;unico schianto costato la vita ad un uomo di Sappada. L&#8217;incidente stamane all&#8217;interno della galleria del Comelico tra il Cadore e Sappada. SAPPADA E&#8217; Donato Taddio, 60 anni di Sappada, la vittima del mortale incidente di questa mattina alle 7.50 lungo la 52 Carnica all&#8217;interno&hellip;<\/p>\n","protected":false},"author":1,"featured_media":67268,"comment_status":"closed","ping_status":"closed","sticky":false,"template":"","format":"standard","meta":{"_monsterinsights_skip_tracking":false,"_monsterinsights_sitenote_active":false,"_monsterinsights_sitenote_note":"","_monsterinsights_sitenote_category":0,"footnotes":""},"categories":[1,86],"tags":[],"class_list":["post-67183","post","type-post","status-publish","format-standard","has-post-thumbnail","hentry","category-senza-categoria","category-gr","category-1","category-86","description-off"],"img_url":"https:\/\/www.radiopiu.net\/wordpress\/wp-content\/uploads\/2018\/11\/e3c902f4-8cc7-4813-977c-11be8608fbfe.jpg","_links":{"self":[{"href":"https:\/\/www.radiopiu.net\/wordpress\/wp-json\/wp\/v2\/posts\/67183","targetHints":{"allow":["GET"]}}],"collection":[{"href":"https:\/\/www.radiopiu.net\/wordpress\/wp-json\/wp\/v2\/posts"}],"about":[{"href":"https:\/\/www.radiopiu.net\/wordpress\/wp-json\/wp\/v2\/types\/post"}],"author":[{"embeddable":true,"href":"https:\/\/www.radiopiu.net\/wordpress\/wp-json\/wp\/v2\/users\/1"}],"replies":[{"embeddable":true,"href":"https:\/\/www.radiopiu.net\/wordpress\/wp-json\/wp\/v2\/comments?post=67183"}],"version-history":[{"count":0,"href":"https:\/\/www.radiopiu.net\/wordpress\/wp-json\/wp\/v2\/posts\/67183\/revisions"}],"wp:featuredmedia":[{"embeddable":true,"href":"https:\/\/www.radiopiu.net\/wordpress\/wp-json\/wp\/v2\/media\/67268"}],"wp:attachment":[{"href":"https:\/\/www.radiopiu.net\/wordpress\/wp-json\/wp\/v2\/media?parent=67183"}],"wp:term":[{"taxonomy":"category","embeddable":true,"href":"https:\/\/www.radiopiu.net\/wordpress\/wp-json\/wp\/v2\/categories?post=67183"},{"taxonomy":"post_tag","embeddable":true,"href":"https:\/\/www.radiopiu.net\/wordpress\/wp-json\/wp\/v2\/tags?post=67183"}],"curies":[{"name":"wp","href":"https:\/\/api.w.org\/{rel}","templated":true}]}}