{"id":67190,"date":"2018-11-23T08:00:18","date_gmt":"2018-11-23T07:00:18","guid":{"rendered":"http:\/\/www.radiopiu.net\/wordpress\/?p=67190"},"modified":"2018-11-23T15:16:38","modified_gmt":"2018-11-23T14:16:38","slug":"un-nuovo-mezzo-distrutto-dal-maltempo-per-lauser-di-agordo","status":"publish","type":"post","link":"https:\/\/www.radiopiu.net\/wordpress\/un-nuovo-mezzo-distrutto-dal-maltempo-per-lauser-di-agordo\/","title":{"rendered":"UN NUOVO MEZZO DISTRUTTO DAL MALTEMPO PER L&#8217;AUSER DI AGORDO"},"content":{"rendered":"<h4 align=\"CENTER\"><em><span style=\"color: #000000;\"><span style=\"font-family: Candara, sans-serif;\"><b>Il Comitato d&#8217;Intesa in aiuto dell&#8217;associazione che fa parte della rete Stacco<\/b><\/span><\/span><\/em><\/h4>\n<h4 align=\"CENTER\"><em><span style=\"color: #000000;\"><span style=\"font-family: Candara, sans-serif;\"><b>Parzialmente sospeso il servizio di trasporto per l&#8217;Agordino<\/b><\/span><\/span><\/em><\/h4>\n<p align=\"JUSTIFY\"><span style=\"font-family: Corbel, sans-serif;\"><b><a class=\"dt-pswp-item\" href=\"http:\/\/www.radiopiu.net\/wordpress\/wp-content\/uploads\/2018\/11\/alleghe.jpg\" data-dt-img-description=\"\" data-large_image_width=\"960\" data-large_image_height=\"720\"><img loading=\"lazy\" decoding=\"async\" class=\"size-medium wp-image-67191 alignleft\" src=\"http:\/\/www.radiopiu.net\/wordpress\/wp-content\/uploads\/2018\/11\/alleghe-300x225.jpg\" alt=\"\" width=\"300\" height=\"225\" srcset=\"https:\/\/www.radiopiu.net\/wordpress\/wp-content\/uploads\/2018\/11\/alleghe-300x225.jpg 300w, https:\/\/www.radiopiu.net\/wordpress\/wp-content\/uploads\/2018\/11\/alleghe-768x576.jpg 768w, https:\/\/www.radiopiu.net\/wordpress\/wp-content\/uploads\/2018\/11\/alleghe.jpg 960w\" sizes=\"auto, (max-width: 300px) 100vw, 300px\" \/><\/a>L&#8217;Auser \u201cEl Broi\u201d di Agordo<\/b><\/span><span style=\"font-family: Corbel, sans-serif;\">, una delle 23 associazioni facenti parte della rete Stacco (trasporto e accompagnamento solidale) provinciale, <\/span><span style=\"font-family: Corbel, sans-serif;\"><b>ha perso un pulmino durante l&#8217;alluvione<\/b><\/span><span style=\"font-family: Corbel, sans-serif;\"> di fine ottobre che ha colpito tutta la provincia di Belluno. Il Suzuki Ignis era posteggiato ad Alleghe all&#8217;interno del parcheggio comunale coperto, che \u00e8 stato invaso da quasi due metri di acqua esondata dal lago. La vettura era riservata al trasporto solidale nei territori dell&#8217;Alto Agordino.<\/span><\/p>\n<p align=\"JUSTIFY\"><span style=\"font-family: Corbel, sans-serif;\"><b>Il Comitato d&#8217;Intesa<\/b><\/span><span style=\"font-family: Corbel, sans-serif;\">, interessato dall&#8217;Auser El Broi, <\/span><span style=\"font-family: Corbel, sans-serif;\"><b>ha voluto agevolare il pronto acquisto di un nuovo mezzo attrezzato e si \u00e8 gi\u00e0 impegnato con un anticipo di liquidit\u00e0<\/b><\/span><span style=\"font-family: Corbel, sans-serif;\">. Questo consentir\u00e0 di ridurre quasi a zero il ritardo nella ripresa di un servizio tanto importante in quelle comunit\u00e0, soprattutto ora che sono state duramente colpite dalle recenti devastazioni.<\/span><\/p>\n<p align=\"JUSTIFY\"><span style=\"font-family: Corbel, sans-serif;\">Inoltre, come confermato in pi\u00f9 occasioni, il nuovo contributo deliberato dalla Regione Veneto a favore di Stacco della provincia di Belluno (110 mila euro) consentir\u00e0 di beneficiare di un&#8217;ulteriore cifra a favore delle associazioni della rete che necessitano di rinnovare il parco auto. Altra possibilit\u00e0 per chi, come Auser El Broi, vive un momento di difficolt\u00e0 contingente.<\/span><\/p>\n","protected":false},"excerpt":{"rendered":"<p>Il Comitato d&#8217;Intesa in aiuto dell&#8217;associazione che fa parte della rete Stacco Parzialmente sospeso il servizio di trasporto per l&#8217;Agordino L&#8217;Auser \u201cEl Broi\u201d di Agordo, una delle 23 associazioni facenti parte della rete Stacco (trasporto e accompagnamento solidale) provinciale, ha perso un pulmino durante l&#8217;alluvione di fine ottobre che ha colpito tutta la provincia di&hellip;<\/p>\n","protected":false},"author":1,"featured_media":67191,"comment_status":"closed","ping_status":"closed","sticky":false,"template":"","format":"standard","meta":{"_monsterinsights_skip_tracking":false,"_monsterinsights_sitenote_active":false,"_monsterinsights_sitenote_note":"","_monsterinsights_sitenote_category":0,"footnotes":""},"categories":[49],"tags":[],"class_list":["post-67190","post","type-post","status-publish","format-standard","has-post-thumbnail","hentry","category-news-18","category-49","description-off"],"img_url":"https:\/\/www.radiopiu.net\/wordpress\/wp-content\/uploads\/2018\/11\/alleghe.jpg","_links":{"self":[{"href":"https:\/\/www.radiopiu.net\/wordpress\/wp-json\/wp\/v2\/posts\/67190","targetHints":{"allow":["GET"]}}],"collection":[{"href":"https:\/\/www.radiopiu.net\/wordpress\/wp-json\/wp\/v2\/posts"}],"about":[{"href":"https:\/\/www.radiopiu.net\/wordpress\/wp-json\/wp\/v2\/types\/post"}],"author":[{"embeddable":true,"href":"https:\/\/www.radiopiu.net\/wordpress\/wp-json\/wp\/v2\/users\/1"}],"replies":[{"embeddable":true,"href":"https:\/\/www.radiopiu.net\/wordpress\/wp-json\/wp\/v2\/comments?post=67190"}],"version-history":[{"count":0,"href":"https:\/\/www.radiopiu.net\/wordpress\/wp-json\/wp\/v2\/posts\/67190\/revisions"}],"wp:featuredmedia":[{"embeddable":true,"href":"https:\/\/www.radiopiu.net\/wordpress\/wp-json\/wp\/v2\/media\/67191"}],"wp:attachment":[{"href":"https:\/\/www.radiopiu.net\/wordpress\/wp-json\/wp\/v2\/media?parent=67190"}],"wp:term":[{"taxonomy":"category","embeddable":true,"href":"https:\/\/www.radiopiu.net\/wordpress\/wp-json\/wp\/v2\/categories?post=67190"},{"taxonomy":"post_tag","embeddable":true,"href":"https:\/\/www.radiopiu.net\/wordpress\/wp-json\/wp\/v2\/tags?post=67190"}],"curies":[{"name":"wp","href":"https:\/\/api.w.org\/{rel}","templated":true}]}}