{"id":67218,"date":"2018-11-22T14:21:23","date_gmt":"2018-11-22T13:21:23","guid":{"rendered":"http:\/\/www.radiopiu.net\/wordpress\/?p=67218"},"modified":"2018-11-22T14:22:06","modified_gmt":"2018-11-22T13:22:06","slug":"valorizzazione-medio-alto-agordino-il-convegno","status":"publish","type":"post","link":"https:\/\/www.radiopiu.net\/wordpress\/valorizzazione-medio-alto-agordino-il-convegno\/","title":{"rendered":"VALORIZZAZIONE MEDIO-ALTO AGORDINO, IL CONVEGNO"},"content":{"rendered":"<div><\/div>\n<blockquote>\n<div><strong>ALLEGHE<\/strong> Pi\u00f9 forti e determinati, ripartiamo tutti insieme, \u00e8 il motto di Dolomites Madness che accompagna l&#8217;invito al convegno che si\u00a0 terr\u00e0 martedi alle 17.30 al centro congressi Antonio Franceschini al primo piano del palaghiaccio Alvise De Toni. Interverranno i Sindaci dei Comuni del\u00a0Medio Alto Agordino, il Project Manager Denis Dal\u00a0Soler e la Marketing Manager Emma Taveri.<\/div>\n<\/blockquote>\n<div class=\"pre\"><a class=\"dt-pswp-item\" href=\"http:\/\/www.radiopiu.net\/wordpress\/wp-content\/uploads\/2018\/11\/Orsetto_MAADNESS.png\" data-dt-img-description=\"\" data-large_image_width=\"1201\" data-large_image_height=\"1201\"><img loading=\"lazy\" decoding=\"async\" class=\"size-medium wp-image-67219 alignleft\" src=\"http:\/\/www.radiopiu.net\/wordpress\/wp-content\/uploads\/2018\/11\/Orsetto_MAADNESS-300x300.png\" alt=\"\" width=\"300\" height=\"300\" srcset=\"https:\/\/www.radiopiu.net\/wordpress\/wp-content\/uploads\/2018\/11\/Orsetto_MAADNESS-300x300.png 300w, https:\/\/www.radiopiu.net\/wordpress\/wp-content\/uploads\/2018\/11\/Orsetto_MAADNESS-150x150.png 150w, https:\/\/www.radiopiu.net\/wordpress\/wp-content\/uploads\/2018\/11\/Orsetto_MAADNESS-768x768.png 768w, https:\/\/www.radiopiu.net\/wordpress\/wp-content\/uploads\/2018\/11\/Orsetto_MAADNESS-1024x1024.png 1024w, https:\/\/www.radiopiu.net\/wordpress\/wp-content\/uploads\/2018\/11\/Orsetto_MAADNESS.png 1201w\" sizes=\"auto, (max-width: 300px) 100vw, 300px\" \/><\/a>Dopo avere superato l&#8217;emergenza dei primi 15 giorni, gli amministratori\u00a0del Medio Alto Agordino, primi testimonial di un&#8217;immagine territoriale\u00a0pi\u00f9 forte e concreta che mai, grazie all&#8217;impegno personale e al\u00a0coordinamento dei tantissimi volontari ed enti coinvolti, ripongono pale\u00a0e ruspe e tornano a pensare in maniera altrettanto concreta alla\u00a0crescita e allo sviluppo delle loro comunit\u00e0 e del Medio Alto Agordino.\u00a0Perch\u00e9 la stagione \u00e8 al via, perch\u00e9 la prima neve \u00e8 gi\u00e0 caduta,\u00a0perch\u00e9 gli albergatori sono tornati a sorridere e gli impiantisti da giorni stanno scaldando i motori.<br \/>\nE perch\u00e9 dopo quella invernale, ci sar\u00e0 la stagione estiva, e poi\u00a0ancora mille altre occasioni per aprire le porte al turismo, storico o\u00a0nuovo che sia, e che mai come in queste settimane ha dimostrato il\u00a0proprio affettuoso attaccamento per le meraviglie ambientali di questa\u00a0terra.\u00a0 \u00a0Ultimo importante gesto in ordine di tempo, quello del Touring Club\u00a0Italiano che assegna a Rocca Pietore il riconoscimento della Bandiera\u00a0Arancione &#8220;per i piccoli borghi italiani eccellenti&#8221;, seconda localit\u00e0\u00a0certificata nella provincia di Belluno e ora tra i 9 Comuni &#8220;arancioni&#8221;\u00a0in Veneto.<br \/>\nA ringraziare, per tutto il territorio, il sindaco di Rocca Pietore,\u00a0Andrea De Bernardin<\/div>\n<div class=\"pre\"><em>&#8220;\u00c8 stato un grande gioco di squadra. Passati i\u00a0primi giorni di isolamento e forte preoccupazione per le grandi\u00a0difficolt\u00e0 e la quantit\u00e0 di danni, abbiamo raccolto tantissima\u00a0solidariet\u00e0 da parte di tutti, soprattutto del Veneto. Il lavoro della\u00a0nostra gente a titolo di volontariato \u00e8 stato decisivo. Come\u00a0indispensabile, e al di sopra di ogni aspettativa, la gara cui tutta<\/em><em>Italia e i nostri turisti pi\u00f9 fedeli hanno risposto all&#8217;appello e con\u00a0cui hanno seguito e sostenuto il\u00a0nostro impegno per un ripristino del territorio come era o, anzi, con\u00a0ancora pi\u00f9 appeal turistico di prima. Su questo voglio esprimere un\u00a0messaggio di fiducia e ottimismo che sar\u00e0 anche quello degli altri\u00a0Comuni promotori del Progetto&#8221;.<\/em><br \/>\nMarted\u00ec al Palaghiaccio di Alleghe, tornano dunque in campo con un incontro\u00a0pubblico gli amministratori di Rocca Pietore, Alleghe, Cencenighe, Colle\u00a0Santa Lucia, Livinallongo del Col di Lana, San Tomaso Agordino e Taibon\u00a0Agordino, ovvero i 7 Comuni promotori del progetto finanziato con il\u00a0Fondo dei Comuni Confinanti. A fare gli onori di casa sar\u00e0 il sindaco di Alleghe, Siro De Biasio.<\/div>\n<div class=\"pre\"><em>\u00a0&#8220;Siamo assolutamente pronti ad accogliere i turisti &#8211; ci anticipa &#8211; e ne\u00a0approfitto per dare loro gi\u00e0 oggi il nostro migliore benvenuto. Abbiamo\u00a0lavorato davvero sodo per tornare in fretta alla normalit\u00e0 e per noi la mnormalit\u00e0 \u00e8 il turismo&#8221;. <\/em><br \/>\nL&#8217;incontro \u00e8 aperto agli Operatori Turistici, alle altre piccole e\u00a0grandi realt\u00e0, che proprio in questo periodo hanno sentito pi\u00f9 forte\u00a0l&#8217;urgenza di spendersi per la valorizzazione turistica del territorio, e\u00a0naturalmente alla cittadinanza tutta<br \/>\n<em>&#8220;A 8 mesi dall&#8217;inizio dell&#8217;attivit\u00e0 di valorizzazione turistica del\u00a0territorio, la squadra non si \u00e8 mai fermata, nemmeno nei difficili\u00a0giorni dell&#8217;emergenza &#8211; dice Emma Taveri, responsabile del progetto di\u00a0sviluppo turistico &#8220;Dolomites Maadness&#8221;- E anzi, il nostro supporto oggi\u00a0diventa ancora pi\u00f9 importante di ieri. Diverse le iniziative in\u00a0cantiere da condividere e su cui fare squadra al pi\u00f9 presto con quanti\u00a0vorranno unirsi&#8221;.<\/em><br \/>\nGrazie alla parte di lavoro avviato, ci sono gi\u00e0 i primi risultati: neln2019 il Medio Alto Agordino sar\u00e0 infatti sui pi\u00f9 importanti portali din\u00a0promozione turistica al mondo, tra cui TripAdvisor, Google, Expedia,\u00a0Culture Trip e altri.<br \/>\nDopo la prima tranche di corsi di formazione -Experience Lab- (sospesi\u00a0causa maltempo ma che riprenderanno alle prime date utili) &#8211; la\u00a0destinazione \u00e8 ancora pi\u00f9 motivata e pronta ad accogliere il turista,\u00a0e lo sar\u00e0 ancor pi\u00f9 grazie al lavoro in corso per la creazione di\u00a0pacchetti ed esperienze in linea con la domanda del mercato nel 2018. \u00a0Nel corso dell&#8217;incontro saranno inoltre presentate nuove opportunit\u00e0\u00a0per il territorio ed agevolazioni per gli operatori della destinazione a\u00a0cui il team sta lavorando.<\/div>\n<div><\/div>\n","protected":false},"excerpt":{"rendered":"<p>ALLEGHE Pi\u00f9 forti e determinati, ripartiamo tutti insieme, \u00e8 il motto di Dolomites Madness che accompagna l&#8217;invito al convegno che si\u00a0 terr\u00e0 martedi alle 17.30 al centro congressi Antonio Franceschini al primo piano del palaghiaccio Alvise De Toni. Interverranno i Sindaci dei Comuni del\u00a0Medio Alto Agordino, il Project Manager Denis Dal\u00a0Soler e la Marketing Manager&hellip;<\/p>\n","protected":false},"author":1,"featured_media":67219,"comment_status":"closed","ping_status":"closed","sticky":false,"template":"","format":"standard","meta":{"_monsterinsights_skip_tracking":false,"_monsterinsights_sitenote_active":false,"_monsterinsights_sitenote_note":"","_monsterinsights_sitenote_category":0,"footnotes":""},"categories":[49],"tags":[],"class_list":["post-67218","post","type-post","status-publish","format-standard","has-post-thumbnail","hentry","category-news-18","category-49","description-off"],"img_url":"https:\/\/www.radiopiu.net\/wordpress\/wp-content\/uploads\/2018\/11\/Orsetto_MAADNESS.png","_links":{"self":[{"href":"https:\/\/www.radiopiu.net\/wordpress\/wp-json\/wp\/v2\/posts\/67218","targetHints":{"allow":["GET"]}}],"collection":[{"href":"https:\/\/www.radiopiu.net\/wordpress\/wp-json\/wp\/v2\/posts"}],"about":[{"href":"https:\/\/www.radiopiu.net\/wordpress\/wp-json\/wp\/v2\/types\/post"}],"author":[{"embeddable":true,"href":"https:\/\/www.radiopiu.net\/wordpress\/wp-json\/wp\/v2\/users\/1"}],"replies":[{"embeddable":true,"href":"https:\/\/www.radiopiu.net\/wordpress\/wp-json\/wp\/v2\/comments?post=67218"}],"version-history":[{"count":0,"href":"https:\/\/www.radiopiu.net\/wordpress\/wp-json\/wp\/v2\/posts\/67218\/revisions"}],"wp:featuredmedia":[{"embeddable":true,"href":"https:\/\/www.radiopiu.net\/wordpress\/wp-json\/wp\/v2\/media\/67219"}],"wp:attachment":[{"href":"https:\/\/www.radiopiu.net\/wordpress\/wp-json\/wp\/v2\/media?parent=67218"}],"wp:term":[{"taxonomy":"category","embeddable":true,"href":"https:\/\/www.radiopiu.net\/wordpress\/wp-json\/wp\/v2\/categories?post=67218"},{"taxonomy":"post_tag","embeddable":true,"href":"https:\/\/www.radiopiu.net\/wordpress\/wp-json\/wp\/v2\/tags?post=67218"}],"curies":[{"name":"wp","href":"https:\/\/api.w.org\/{rel}","templated":true}]}}