{"id":67287,"date":"2018-11-23T13:50:13","date_gmt":"2018-11-23T12:50:13","guid":{"rendered":"http:\/\/www.radiopiu.net\/wordpress\/?p=67287"},"modified":"2018-11-24T06:12:09","modified_gmt":"2018-11-24T05:12:09","slug":"di-nuovo-nella-rete-il-ladro-di-tonno-ragazza-26enne-ubriaca-centra-il-palo","status":"publish","type":"post","link":"https:\/\/www.radiopiu.net\/wordpress\/di-nuovo-nella-rete-il-ladro-di-tonno-ragazza-26enne-ubriaca-centra-il-palo\/","title":{"rendered":"DI NUOVO NELLA RETE IL LADRO DI TONNO, RAGAZZA 26ENNE UBRIACA CENTRA IL PALO"},"content":{"rendered":"<p>&nbsp;<\/p>\n<p><strong>BELLUNO<\/strong> Ieri pomeriggio una pattuglia della Squadra Volanti, durante il servizio di pattugliamento del territorio finalizzato alla prevenzione e repressione dei furti, in via V. Veneto, ha notato un uomo, noto alle forze dell\u2019ordine, apparso subito sospetto, avendo tentato alla vista dei poliziotti di cambiare strada.<br \/>\nGli agenti si sono insospettiti e conoscendo il profilo criminale dell\u2019uomo, indagato per furto gi\u00e0 sette volte, e tenuto conto che aveva un grosso zaino da montagna in spalla hanno deciso di controllarlo.<br \/>\nTuttavia, il noto D.F., un bellunese del \u201978 di fatto senza fissa dimora che ha come detto numerosi precedenti specifici, ribattezzato il \u201cladro di tonno\u201d, una volta capito che i poliziotti lo avrebbero fermato ha tentato la fuga a piedi scavalcando una recinzione; purtroppo per lui, dopo un breve inseguimento \u00e8 stato raggiunto. Nello zaino aveva svariate derrate alimentari ancora imbustate, il cui acquisto non \u00e8 stato in grado di giustificare e quindi, per ulteriori accertamenti \u00e8 stato accompagnato in Questura dove \u00e8 stato perquisito; nello zaino sono state rinvenute svariate derrate alimentari tra cui appunto numerose confezioni di tonno in scatola, confezioni di caff\u00e8, oltre a quattro bottiglie di super alcolici per un valore di circa 150 euro.\u00a0 La Squadra Volanti, ha proceduto a questo punto a ricostruire la loro giornata scoprendo che la merce era stata rubata nello store \u201cSuper W\u201d di via V. Veneto. L\u2019uomo\u00a0 \u00e8 stato indagato per furto aggravato.<\/p>\n<p><strong>PONTE NELLE ALPI<\/strong> Su altro fronte invece, gli uomini delle Volanti sono intervenuti a Ponte nelle Alpi, in via Lastreghe in seguito ad un segnalazione; una persona ha chiamato la Polizia perch\u00e9 aveva sentito un forte rumore probabilmente riconducibile ad un incidente stradale.\u00a0Gli agenti giunti sul posto hanno potuto effettivamente constatare che una autovettura era uscita fuori strada abbattendo un lampione; alla guida, una giovane bellunese del \u201993, evidentemente in preda ai fumi dell\u2019alcool. In seguito agli accertamenti eseguiti, mediante alcool test, il tasso alcoolemico della donna \u00e8 risultato essere di 1.86 g\/l, ben oltre il limite consentito che, ricordiamo, \u00e8 di 0.50 g\/l. A questo punto i poliziotti non hanno potuto far altro che denunciare la ragazza all\u2019Autorit\u00e0 Giudiziaria per guida in stato di ebrezza alcolica ; gli agenti hanno provveduto, inoltre, al ritiro della sua patente per la trasmissione in Prefettura per le successive incombenze e al sequestro amministrativo dell\u2019autovettura.<\/p>\n","protected":false},"excerpt":{"rendered":"<p>&nbsp; BELLUNO Ieri pomeriggio una pattuglia della Squadra Volanti, durante il servizio di pattugliamento del territorio finalizzato alla prevenzione e repressione dei furti, in via V. Veneto, ha notato un uomo, noto alle forze dell\u2019ordine, apparso subito sospetto, avendo tentato alla vista dei poliziotti di cambiare strada. Gli agenti si sono insospettiti e conoscendo il&hellip;<\/p>\n","protected":false},"author":1,"featured_media":63842,"comment_status":"closed","ping_status":"closed","sticky":false,"template":"","format":"standard","meta":{"_monsterinsights_skip_tracking":false,"_monsterinsights_sitenote_active":false,"_monsterinsights_sitenote_note":"","_monsterinsights_sitenote_category":0,"footnotes":""},"categories":[49],"tags":[],"class_list":["post-67287","post","type-post","status-publish","format-standard","has-post-thumbnail","hentry","category-news-18","category-49","description-off"],"img_url":"https:\/\/www.radiopiu.net\/wordpress\/wp-content\/uploads\/2018\/10\/Volante-Questura-e1762174526775.jpg","_links":{"self":[{"href":"https:\/\/www.radiopiu.net\/wordpress\/wp-json\/wp\/v2\/posts\/67287","targetHints":{"allow":["GET"]}}],"collection":[{"href":"https:\/\/www.radiopiu.net\/wordpress\/wp-json\/wp\/v2\/posts"}],"about":[{"href":"https:\/\/www.radiopiu.net\/wordpress\/wp-json\/wp\/v2\/types\/post"}],"author":[{"embeddable":true,"href":"https:\/\/www.radiopiu.net\/wordpress\/wp-json\/wp\/v2\/users\/1"}],"replies":[{"embeddable":true,"href":"https:\/\/www.radiopiu.net\/wordpress\/wp-json\/wp\/v2\/comments?post=67287"}],"version-history":[{"count":0,"href":"https:\/\/www.radiopiu.net\/wordpress\/wp-json\/wp\/v2\/posts\/67287\/revisions"}],"wp:featuredmedia":[{"embeddable":true,"href":"https:\/\/www.radiopiu.net\/wordpress\/wp-json\/wp\/v2\/media\/63842"}],"wp:attachment":[{"href":"https:\/\/www.radiopiu.net\/wordpress\/wp-json\/wp\/v2\/media?parent=67287"}],"wp:term":[{"taxonomy":"category","embeddable":true,"href":"https:\/\/www.radiopiu.net\/wordpress\/wp-json\/wp\/v2\/categories?post=67287"},{"taxonomy":"post_tag","embeddable":true,"href":"https:\/\/www.radiopiu.net\/wordpress\/wp-json\/wp\/v2\/tags?post=67287"}],"curies":[{"name":"wp","href":"https:\/\/api.w.org\/{rel}","templated":true}]}}